{"id":11022,"date":"2024-10-02T06:41:01","date_gmt":"2024-10-02T04:41:01","guid":{"rendered":"https:\/\/www.jokeme.fr\/actus\/lauryn-hill-et-wyclef-jean-ont-ils-deja-ete-maries\/"},"modified":"2024-10-02T06:41:02","modified_gmt":"2024-10-02T04:41:02","slug":"lauryn-hill-et-wyclef-jean-ont-ils-deja-ete-maries","status":"publish","type":"post","link":"https:\/\/www.jokeme.fr\/actus\/lauryn-hill-et-wyclef-jean-ont-ils-deja-ete-maries\/","title":{"rendered":"Lauryn Hill et Wyclef Jean ont-ils d\u00e9j\u00e0 \u00e9t\u00e9 mari\u00e9s ?"},"content":{"rendered":"<div class=\"entry-content\">\n<div id=\"upx-mm-player-wrap\"><\/div>\n<div class=\"post-page\" data-page=\"1\">\n<p>Le l\u00e9gendaire trio hip-hop Fugees n&#39;est pas \u00e9tranger aux conflits internes. Cependant, derni\u00e8rement, les membres Lauryn Hill, Wyclef Jean et Pras Michel sont apparus en bons termes.<\/p>\n<p>Eh bien, c&#39;\u00e9tait jusqu&#39;\u00e0 ce que Lauryn Hill <em>La tourn\u00e9e anniversaire de la miseducation<\/em> avec Fugees a \u00e9t\u00e9 brusquement annul\u00e9. Maintenant, Pras Michel a intent\u00e9 une action en justice contre Miss Hill et contient plusieurs accusations int\u00e9ressantes.<\/p>\n<p>Continuez ci-dessous pour plus de d\u00e9tails.<\/p>\n<\/p><\/div>\n<div class=\"htlad-footer_article upx-ad-lazy footer_article\" data-ad-unit=\"footer_article\" data-ad-provider=\"htlbid\" data-unit=\"\/23101112908\/uproxx\/music\/article\/footer\"><\/div>\n<div class=\"post-page\" data-page=\"2\">\n<h2>Lauryn Hill et Wyclef Jean ont-ils d\u00e9j\u00e0 \u00e9t\u00e9 mari\u00e9s ?<\/h2>\n<p>Selon des documents suppos\u00e9s (visibles <a rel=\"nofollow noopener\" href=\"https:\/\/twitter.com\/SameOldShawn\/status\/1841166305598017854?s=31\" target=\"_blank\">ici<\/a>) li\u00e9 \u00e0 Pras Michel, la r\u00e9ponse est oui. Mais rien n\u2019a \u00e9t\u00e9 trouv\u00e9 pour \u00e9tayer cette affirmation. Dans les documents de poursuite pr\u00e9sum\u00e9s contre Hill, He Pras a identifi\u00e9 Wyclef comme \u00ab l&#39;ancien mari \u00bb de Hill. <\/p>\n<p>Lisez le passage du pr\u00e9tendu d\u00e9p\u00f4t ci-dessous. <\/p>\n<blockquote>\n<p>Alors que les murs se refermaient sur Michel \u00e0 la mi-2023, Hill a vu une opportunit\u00e9 et s&#39;est pr\u00e9cipit\u00e9e pour soi-disant \u00ab sauver la situation \u00bb de Michel, en faisant appel \u00e0 l&#39;aide involontaire de son ancien mari, Wyclef, pour organiser une tourn\u00e9e des Fugees pour la seconde moiti\u00e9. de 2023 en utilisant le promoteur ind\u00e9pendant de concerts de musique live Mammoth, Inc.<\/p>\n<\/blockquote>\n<p>Bien que Wyclef Jean ait affirm\u00e9 qu&#39;il sortait avec Miss Hill dans son autobiographie de 2012, <em>But<\/em>il n&#39;a jamais mentionn\u00e9 qu&#39;il \u00e9tait l\u00e9galement mari\u00e9 \u00e0 elle. <\/p>\n<p>Pendant 13 ans, Lauryn Hill \u00e9tait en couple avec Rohan Marley, avec qui elle partage cinq enfants, Zion David, Selah, Joshua Omaru (mieux connu sous le nom de YG Marley), John Nesta et Sara. Les deux hommes auraient mis fin \u00e0 leur relation en 2009. <\/p>\n<p>Wyclef, quant \u00e0 lui, est mari\u00e9 \u00e0 la cr\u00e9atrice Marie Claudinette depuis 1994. Ils partagent une fille adoptive, Angelina Claudinelle Jean. Lors de l&#39;apparition du couple sur OWN&#39;s <em>Derri\u00e8re chaque homme<\/em>Marie a r\u00e9v\u00e9l\u00e9 qu&#39;elle n&#39;avait jamais \u00e9pous\u00e9 une autre personne. Mais Wyclef n\u2019a jamais rien mentionn\u00e9 de similaire.<\/p>\n<\/p><\/div>\n<\/p><\/div>\n<p><script async src=\"https:\/\/platform.twitter.com\/widgets.js\" charset=\"utf-8\"><\/script><\/p>\n","protected":false},"excerpt":{"rendered":"<p>Le l\u00e9gendaire trio hip-hop Fugees n&#39;est pas \u00e9tranger aux conflits internes. Cependant, derni\u00e8rement, les membres Lauryn Hill, Wyclef Jean et Pras Michel sont apparus en bons termes. Eh bien, c&#39;\u00e9tait jusqu&#39;\u00e0 ce que Lauryn Hill La tourn\u00e9e anniversaire de la miseducation avec Fugees a \u00e9t\u00e9 brusquement annul\u00e9. Maintenant, Pras Michel a intent\u00e9 une action en &#8230; <a title=\"Lauryn Hill et Wyclef Jean ont-ils d\u00e9j\u00e0 \u00e9t\u00e9 mari\u00e9s ?\" class=\"read-more\" href=\"https:\/\/www.jokeme.fr\/actus\/lauryn-hill-et-wyclef-jean-ont-ils-deja-ete-maries\/\" aria-label=\"Plus sur Lauryn Hill et Wyclef Jean ont-ils d\u00e9j\u00e0 \u00e9t\u00e9 mari\u00e9s ?\">Lire plus<\/a><\/p>\n","protected":false},"author":1,"featured_media":11023,"comment_status":"closed","ping_status":"open","sticky":false,"template":"","format":"standard","meta":{"footnotes":""},"categories":[1],"tags":[934,352,4511,6553,6874,7159,1257,10646],"yoast_head":"<!-- This site is optimized with the Yoast SEO plugin v20.8 - https:\/\/yoast.com\/wordpress\/plugins\/seo\/ -->\n<title>Lauryn Hill et Wyclef Jean ont-ils d\u00e9j\u00e0 \u00e9t\u00e9 mari\u00e9s ? - Actualit\u00e9s - Joke Me<\/title>\n<meta name=\"robots\" content=\"index, follow, max-snippet:-1, max-image-preview:large, max-video-preview:-1\" \/>\n<link rel=\"canonical\" href=\"https:\/\/www.jokeme.fr\/actus\/lauryn-hill-et-wyclef-jean-ont-ils-deja-ete-maries\/\" \/>\n<meta property=\"og:locale\" content=\"fr_FR\" \/>\n<meta property=\"og:type\" content=\"article\" \/>\n<meta property=\"og:title\" content=\"Lauryn Hill et Wyclef Jean ont-ils d\u00e9j\u00e0 \u00e9t\u00e9 mari\u00e9s ? - Actualit\u00e9s - Joke Me\" \/>\n<meta property=\"og:description\" content=\"Le l\u00e9gendaire trio hip-hop Fugees n&#039;est pas \u00e9tranger aux conflits internes. Cependant, derni\u00e8rement, les membres Lauryn Hill, Wyclef Jean et Pras Michel sont apparus en bons termes. Eh bien, c&#039;\u00e9tait jusqu&#039;\u00e0 ce que Lauryn Hill La tourn\u00e9e anniversaire de la miseducation avec Fugees a \u00e9t\u00e9 brusquement annul\u00e9. Maintenant, Pras Michel a intent\u00e9 une action en ... Lire plus\" \/>\n<meta property=\"og:url\" content=\"https:\/\/www.jokeme.fr\/actus\/lauryn-hill-et-wyclef-jean-ont-ils-deja-ete-maries\/\" \/>\n<meta property=\"og:site_name\" content=\"Actualit\u00e9s - Joke Me\" \/>\n<meta property=\"article:published_time\" content=\"2024-10-02T04:41:01+00:00\" \/>\n<meta property=\"article:modified_time\" content=\"2024-10-02T04:41:02+00:00\" \/>\n<meta property=\"og:image\" content=\"https:\/\/www.jokeme.fr\/actus\/wp-content\/uploads\/2024\/10\/Lauryn-Hill-et-Wyclef-Jean-ont-ils-deja-ete-maries.jpg\" \/>\n\t<meta property=\"og:image:width\" content=\"710\" \/>\n\t<meta property=\"og:image:height\" content=\"400\" \/>\n\t<meta property=\"og:image:type\" content=\"image\/jpeg\" \/>\n<meta name=\"author\" content=\"Didier\" \/>\n<meta name=\"twitter:card\" content=\"summary_large_image\" \/>\n<meta name=\"twitter:label1\" content=\"\u00c9crit par\" \/>\n\t<meta name=\"twitter:data1\" content=\"Didier\" \/>\n\t<meta name=\"twitter:label2\" content=\"Dur\u00e9e de lecture estim\u00e9e\" \/>\n\t<meta name=\"twitter:data2\" content=\"2 minutes\" \/>\n<script type=\"application\/ld+json\" class=\"yoast-schema-graph\">{\"@context\":\"https:\/\/schema.org\",\"@graph\":[{\"@type\":\"Article\",\"@id\":\"https:\/\/www.jokeme.fr\/actus\/lauryn-hill-et-wyclef-jean-ont-ils-deja-ete-maries\/#article\",\"isPartOf\":{\"@id\":\"https:\/\/www.jokeme.fr\/actus\/lauryn-hill-et-wyclef-jean-ont-ils-deja-ete-maries\/\"},\"author\":{\"name\":\"Didier\",\"@id\":\"https:\/\/www.jokeme.fr\/actus\/#\/schema\/person\/f0c6ad0d33ca144389e81e45a212928f\"},\"headline\":\"Lauryn Hill et Wyclef Jean ont-ils d\u00e9j\u00e0 \u00e9t\u00e9 mari\u00e9s ?\",\"datePublished\":\"2024-10-02T04:41:01+00:00\",\"dateModified\":\"2024-10-02T04:41:02+00:00\",\"mainEntityOfPage\":{\"@id\":\"https:\/\/www.jokeme.fr\/actus\/lauryn-hill-et-wyclef-jean-ont-ils-deja-ete-maries\/\"},\"wordCount\":343,\"publisher\":{\"@id\":\"https:\/\/www.jokeme.fr\/actus\/#organization\"},\"keywords\":[\"d\u00e9j\u00e0\",\"\u00e9t\u00e9\",\"Hill\",\"Jean\",\"Lauryn\",\"mari\u00e9s\",\"ontils\",\"Wyclef\"],\"inLanguage\":\"fr-FR\"},{\"@type\":\"WebPage\",\"@id\":\"https:\/\/www.jokeme.fr\/actus\/lauryn-hill-et-wyclef-jean-ont-ils-deja-ete-maries\/\",\"url\":\"https:\/\/www.jokeme.fr\/actus\/lauryn-hill-et-wyclef-jean-ont-ils-deja-ete-maries\/\",\"name\":\"Lauryn Hill et Wyclef Jean ont-ils d\u00e9j\u00e0 \u00e9t\u00e9 mari\u00e9s ? - Actualit\u00e9s - Joke Me\",\"isPartOf\":{\"@id\":\"https:\/\/www.jokeme.fr\/actus\/#website\"},\"datePublished\":\"2024-10-02T04:41:01+00:00\",\"dateModified\":\"2024-10-02T04:41:02+00:00\",\"breadcrumb\":{\"@id\":\"https:\/\/www.jokeme.fr\/actus\/lauryn-hill-et-wyclef-jean-ont-ils-deja-ete-maries\/#breadcrumb\"},\"inLanguage\":\"fr-FR\",\"potentialAction\":[{\"@type\":\"ReadAction\",\"target\":[\"https:\/\/www.jokeme.fr\/actus\/lauryn-hill-et-wyclef-jean-ont-ils-deja-ete-maries\/\"]}]},{\"@type\":\"BreadcrumbList\",\"@id\":\"https:\/\/www.jokeme.fr\/actus\/lauryn-hill-et-wyclef-jean-ont-ils-deja-ete-maries\/#breadcrumb\",\"itemListElement\":[{\"@type\":\"ListItem\",\"position\":1,\"name\":\"Accueil\",\"item\":\"https:\/\/www.jokeme.fr\/actus\/\"},{\"@type\":\"ListItem\",\"position\":2,\"name\":\"Lauryn Hill et Wyclef Jean ont-ils d\u00e9j\u00e0 \u00e9t\u00e9 mari\u00e9s ?\"}]},{\"@type\":\"WebSite\",\"@id\":\"https:\/\/www.jokeme.fr\/actus\/#website\",\"url\":\"https:\/\/www.jokeme.fr\/actus\/\",\"name\":\"Actualit\u00e9s - Joke Me\",\"description\":\"L&#039;actualit\u00e9 du rire\",\"publisher\":{\"@id\":\"https:\/\/www.jokeme.fr\/actus\/#organization\"},\"potentialAction\":[{\"@type\":\"SearchAction\",\"target\":{\"@type\":\"EntryPoint\",\"urlTemplate\":\"https:\/\/www.jokeme.fr\/actus\/?s={search_term_string}\"},\"query-input\":\"required name=search_term_string\"}],\"inLanguage\":\"fr-FR\"},{\"@type\":\"Organization\",\"@id\":\"https:\/\/www.jokeme.fr\/actus\/#organization\",\"name\":\"Actualit\u00e9s - Joke Me\",\"url\":\"https:\/\/www.jokeme.fr\/actus\/\",\"logo\":{\"@type\":\"ImageObject\",\"inLanguage\":\"fr-FR\",\"@id\":\"https:\/\/www.jokeme.fr\/actus\/#\/schema\/logo\/image\/\",\"url\":\"https:\/\/www.jokeme.fr\/actus\/wp-content\/uploads\/2023\/06\/cropped-Logo-Joke-Me.png\",\"contentUrl\":\"https:\/\/www.jokeme.fr\/actus\/wp-content\/uploads\/2023\/06\/cropped-Logo-Joke-Me.png\",\"width\":499,\"height\":363,\"caption\":\"Actualit\u00e9s - Joke Me\"},\"image\":{\"@id\":\"https:\/\/www.jokeme.fr\/actus\/#\/schema\/logo\/image\/\"}},{\"@type\":\"Person\",\"@id\":\"https:\/\/www.jokeme.fr\/actus\/#\/schema\/person\/f0c6ad0d33ca144389e81e45a212928f\",\"name\":\"Didier\",\"image\":{\"@type\":\"ImageObject\",\"inLanguage\":\"fr-FR\",\"@id\":\"https:\/\/www.jokeme.fr\/actus\/#\/schema\/person\/image\/\",\"url\":\"https:\/\/www.jokeme.fr\/actus\/wp-content\/uploads\/2024\/03\/jokeme-didier.jpg\",\"contentUrl\":\"https:\/\/www.jokeme.fr\/actus\/wp-content\/uploads\/2024\/03\/jokeme-didier.jpg\",\"caption\":\"Didier\"},\"description\":\"Didier, passionn\u00e9 de cin\u00e9ma, est un r\u00e9dacteur pour le m\u00e9dia Jokeme, o\u00f9 il partage sa passion \u00e0 travers des articles divertissants et informatifs. Ayant \u00e9tudi\u00e9 le journalisme, il allie sa formation \u00e0 sa passion pour offrir un contenu de qualit\u00e9 sur le monde du cin\u00e9ma.\",\"sameAs\":[\"https:\/\/www.jokeme.fr\/actus\"]}]}<\/script>\n<!-- \/ Yoast SEO plugin. -->","yoast_head_json":{"title":"Lauryn Hill et Wyclef Jean ont-ils d\u00e9j\u00e0 \u00e9t\u00e9 mari\u00e9s ? - Actualit\u00e9s - Joke Me","robots":{"index":"index","follow":"follow","max-snippet":"max-snippet:-1","max-image-preview":"max-image-preview:large","max-video-preview":"max-video-preview:-1"},"canonical":"https:\/\/www.jokeme.fr\/actus\/lauryn-hill-et-wyclef-jean-ont-ils-deja-ete-maries\/","og_locale":"fr_FR","og_type":"article","og_title":"Lauryn Hill et Wyclef Jean ont-ils d\u00e9j\u00e0 \u00e9t\u00e9 mari\u00e9s ? - Actualit\u00e9s - Joke Me","og_description":"Le l\u00e9gendaire trio hip-hop Fugees n&#39;est pas \u00e9tranger aux conflits internes. Cependant, derni\u00e8rement, les membres Lauryn Hill, Wyclef Jean et Pras Michel sont apparus en bons termes. Eh bien, c&#39;\u00e9tait jusqu&#39;\u00e0 ce que Lauryn Hill La tourn\u00e9e anniversaire de la miseducation avec Fugees a \u00e9t\u00e9 brusquement annul\u00e9. Maintenant, Pras Michel a intent\u00e9 une action en ... Lire plus","og_url":"https:\/\/www.jokeme.fr\/actus\/lauryn-hill-et-wyclef-jean-ont-ils-deja-ete-maries\/","og_site_name":"Actualit\u00e9s - Joke Me","article_published_time":"2024-10-02T04:41:01+00:00","article_modified_time":"2024-10-02T04:41:02+00:00","og_image":[{"width":710,"height":400,"url":"https:\/\/www.jokeme.fr\/actus\/wp-content\/uploads\/2024\/10\/Lauryn-Hill-et-Wyclef-Jean-ont-ils-deja-ete-maries.jpg","type":"image\/jpeg"}],"author":"Didier","twitter_card":"summary_large_image","twitter_misc":{"\u00c9crit par":"Didier","Dur\u00e9e de lecture estim\u00e9e":"2 minutes"},"schema":{"@context":"https:\/\/schema.org","@graph":[{"@type":"Article","@id":"https:\/\/www.jokeme.fr\/actus\/lauryn-hill-et-wyclef-jean-ont-ils-deja-ete-maries\/#article","isPartOf":{"@id":"https:\/\/www.jokeme.fr\/actus\/lauryn-hill-et-wyclef-jean-ont-ils-deja-ete-maries\/"},"author":{"name":"Didier","@id":"https:\/\/www.jokeme.fr\/actus\/#\/schema\/person\/f0c6ad0d33ca144389e81e45a212928f"},"headline":"Lauryn Hill et Wyclef Jean ont-ils d\u00e9j\u00e0 \u00e9t\u00e9 mari\u00e9s ?","datePublished":"2024-10-02T04:41:01+00:00","dateModified":"2024-10-02T04:41:02+00:00","mainEntityOfPage":{"@id":"https:\/\/www.jokeme.fr\/actus\/lauryn-hill-et-wyclef-jean-ont-ils-deja-ete-maries\/"},"wordCount":343,"publisher":{"@id":"https:\/\/www.jokeme.fr\/actus\/#organization"},"keywords":["d\u00e9j\u00e0","\u00e9t\u00e9","Hill","Jean","Lauryn","mari\u00e9s","ontils","Wyclef"],"inLanguage":"fr-FR"},{"@type":"WebPage","@id":"https:\/\/www.jokeme.fr\/actus\/lauryn-hill-et-wyclef-jean-ont-ils-deja-ete-maries\/","url":"https:\/\/www.jokeme.fr\/actus\/lauryn-hill-et-wyclef-jean-ont-ils-deja-ete-maries\/","name":"Lauryn Hill et Wyclef Jean ont-ils d\u00e9j\u00e0 \u00e9t\u00e9 mari\u00e9s ? - Actualit\u00e9s - Joke Me","isPartOf":{"@id":"https:\/\/www.jokeme.fr\/actus\/#website"},"datePublished":"2024-10-02T04:41:01+00:00","dateModified":"2024-10-02T04:41:02+00:00","breadcrumb":{"@id":"https:\/\/www.jokeme.fr\/actus\/lauryn-hill-et-wyclef-jean-ont-ils-deja-ete-maries\/#breadcrumb"},"inLanguage":"fr-FR","potentialAction":[{"@type":"ReadAction","target":["https:\/\/www.jokeme.fr\/actus\/lauryn-hill-et-wyclef-jean-ont-ils-deja-ete-maries\/"]}]},{"@type":"BreadcrumbList","@id":"https:\/\/www.jokeme.fr\/actus\/lauryn-hill-et-wyclef-jean-ont-ils-deja-ete-maries\/#breadcrumb","itemListElement":[{"@type":"ListItem","position":1,"name":"Accueil","item":"https:\/\/www.jokeme.fr\/actus\/"},{"@type":"ListItem","position":2,"name":"Lauryn Hill et Wyclef Jean ont-ils d\u00e9j\u00e0 \u00e9t\u00e9 mari\u00e9s ?"}]},{"@type":"WebSite","@id":"https:\/\/www.jokeme.fr\/actus\/#website","url":"https:\/\/www.jokeme.fr\/actus\/","name":"Actualit\u00e9s - Joke Me","description":"L&#039;actualit\u00e9 du rire","publisher":{"@id":"https:\/\/www.jokeme.fr\/actus\/#organization"},"potentialAction":[{"@type":"SearchAction","target":{"@type":"EntryPoint","urlTemplate":"https:\/\/www.jokeme.fr\/actus\/?s={search_term_string}"},"query-input":"required name=search_term_string"}],"inLanguage":"fr-FR"},{"@type":"Organization","@id":"https:\/\/www.jokeme.fr\/actus\/#organization","name":"Actualit\u00e9s - Joke Me","url":"https:\/\/www.jokeme.fr\/actus\/","logo":{"@type":"ImageObject","inLanguage":"fr-FR","@id":"https:\/\/www.jokeme.fr\/actus\/#\/schema\/logo\/image\/","url":"https:\/\/www.jokeme.fr\/actus\/wp-content\/uploads\/2023\/06\/cropped-Logo-Joke-Me.png","contentUrl":"https:\/\/www.jokeme.fr\/actus\/wp-content\/uploads\/2023\/06\/cropped-Logo-Joke-Me.png","width":499,"height":363,"caption":"Actualit\u00e9s - Joke Me"},"image":{"@id":"https:\/\/www.jokeme.fr\/actus\/#\/schema\/logo\/image\/"}},{"@type":"Person","@id":"https:\/\/www.jokeme.fr\/actus\/#\/schema\/person\/f0c6ad0d33ca144389e81e45a212928f","name":"Didier","image":{"@type":"ImageObject","inLanguage":"fr-FR","@id":"https:\/\/www.jokeme.fr\/actus\/#\/schema\/person\/image\/","url":"https:\/\/www.jokeme.fr\/actus\/wp-content\/uploads\/2024\/03\/jokeme-didier.jpg","contentUrl":"https:\/\/www.jokeme.fr\/actus\/wp-content\/uploads\/2024\/03\/jokeme-didier.jpg","caption":"Didier"},"description":"Didier, passionn\u00e9 de cin\u00e9ma, est un r\u00e9dacteur pour le m\u00e9dia Jokeme, o\u00f9 il partage sa passion \u00e0 travers des articles divertissants et informatifs. Ayant \u00e9tudi\u00e9 le journalisme, il allie sa formation \u00e0 sa passion pour offrir un contenu de qualit\u00e9 sur le monde du cin\u00e9ma.","sameAs":["https:\/\/www.jokeme.fr\/actus"]}]}},"_links":{"self":[{"href":"https:\/\/www.jokeme.fr\/actus\/wp-json\/wp\/v2\/posts\/11022"}],"collection":[{"href":"https:\/\/www.jokeme.fr\/actus\/wp-json\/wp\/v2\/posts"}],"about":[{"href":"https:\/\/www.jokeme.fr\/actus\/wp-json\/wp\/v2\/types\/post"}],"author":[{"embeddable":true,"href":"https:\/\/www.jokeme.fr\/actus\/wp-json\/wp\/v2\/users\/1"}],"replies":[{"embeddable":true,"href":"https:\/\/www.jokeme.fr\/actus\/wp-json\/wp\/v2\/comments?post=11022"}],"version-history":[{"count":1,"href":"https:\/\/www.jokeme.fr\/actus\/wp-json\/wp\/v2\/posts\/11022\/revisions"}],"predecessor-version":[{"id":11024,"href":"https:\/\/www.jokeme.fr\/actus\/wp-json\/wp\/v2\/posts\/11022\/revisions\/11024"}],"wp:featuredmedia":[{"embeddable":true,"href":"https:\/\/www.jokeme.fr\/actus\/wp-json\/wp\/v2\/media\/11023"}],"wp:attachment":[{"href":"https:\/\/www.jokeme.fr\/actus\/wp-json\/wp\/v2\/media?parent=11022"}],"wp:term":[{"taxonomy":"category","embeddable":true,"href":"https:\/\/www.jokeme.fr\/actus\/wp-json\/wp\/v2\/categories?post=11022"},{"taxonomy":"post_tag","embeddable":true,"href":"https:\/\/www.jokeme.fr\/actus\/wp-json\/wp\/v2\/tags?post=11022"}],"curies":[{"name":"wp","href":"https:\/\/api.w.org\/{rel}","templated":true}]}}