{"id":1220,"date":"2023-10-10T21:10:11","date_gmt":"2023-10-10T19:10:11","guid":{"rendered":"https:\/\/www.jokeme.fr\/actus\/une-femme-avoue-quelle-ne-se-lave-pas-les-mains-apres-etre-allee-aux-toilettes-ce-qui-suscite-un-debat-sur-le-decorum-de-la-salle-de-bain\/"},"modified":"2023-10-10T21:10:13","modified_gmt":"2023-10-10T19:10:13","slug":"une-femme-avoue-quelle-ne-se-lave-pas-les-mains-apres-etre-allee-aux-toilettes-ce-qui-suscite-un-debat-sur-le-decorum-de-la-salle-de-bain","status":"publish","type":"post","link":"https:\/\/www.jokeme.fr\/actus\/une-femme-avoue-quelle-ne-se-lave-pas-les-mains-apres-etre-allee-aux-toilettes-ce-qui-suscite-un-debat-sur-le-decorum-de-la-salle-de-bain\/","title":{"rendered":"Une femme avoue qu&rsquo;elle ne se lave pas les mains apr\u00e8s \u00eatre all\u00e9e aux toilettes, ce qui suscite un d\u00e9bat sur le d\u00e9corum de la salle de bain."},"content":{"rendered":"<div>\n<div class=\"css-12zje5r\">\n<p>Une femme a fait sensation sur Internet apr\u00e8s avoir avou\u00e9 avec audace qu&rsquo;elle ne se lavait pas les mains apr\u00e8s \u00eatre all\u00e9e aux toilettes.<\/p>\n<\/div>\n<div class=\"css-c2lb2p\">\n<p>La TikTokeuse Valera Djordjevic a admis que parfois elle \u00ab\u00a0n&rsquo;a tout simplement pas envie\u00a0\u00bb de se laver apr\u00e8s \u00eatre all\u00e9e aux toilettes &#8211; alors esp\u00e9rons que son travail n&rsquo;implique pas de manipuler de la nourriture !<\/p>\n<\/div>\n<div class=\"css-c2lb2p\">\n<p>Bizarrement, la jeune femme de 21 ans coule toujours le robinet apr\u00e8s avoir r\u00e9pondu \u00e0 l&rsquo;appel de la nature pour maintenir la ruse selon laquelle elle fait mousser du savon comme nous tous.<\/p>\n<\/div>\n<div class=\"css-12zje5r\">\n<p>Si vous posez une oreille contre la porte de la salle de bain, vous aurez certainement l&rsquo;impression qu&rsquo;elle se nettoie soigneusement les mains.<\/p>\n<\/div>\n<div class=\"css-12zje5r\">\n<p>Mais si vous le d\u00e9montez, vous constaterez que Valera \u00e9clabousse simplement l&rsquo;eau courante &#8211; sans un pain de savon en vue.<\/p>\n<\/div>\n<div class=\"css-12zje5r\">\n<p>Le cr\u00e9ateur de contenu a expliqu\u00e9 : \u00ab\u00a0Parfois, je n&rsquo;ai tout simplement pas envie de me laver les mains, alors j&rsquo;ouvre l&rsquo;\u00e9vier et je fais des bruits d&rsquo;\u00e9claboussures pour que personne ne me juge.\u00a0\u00bb<\/p>\n<\/div>\n<div class=\"css-12zje5r\">\n<p>On peut voir Valera regarder autour d&rsquo;elle avec impatience tout en pla\u00e7ant sans enthousiasme seulement son index sous le robinet.<\/p>\n<\/div>\n<figure class=\"css-1ey54xo\"><picture class=\"css-1x72e95\"><source  media=\"(min-width: 0px) and (max-width: 380px) and (max-resolution: 1dppx)\" type=\"image\/webp\"\/><source  media=\"(min-width: 0px) and (max-width: 380px) and (max-resolution: 1dppx)\" type=\"image\/jpeg\"\/><source  media=\"(min-width: 0px) and (max-width: 380px) and (-webkit-max-device-pixel-ratio: 1)\" type=\"image\/webp\"\/><source  media=\"(min-width: 0px) and (max-width: 380px) and (-webkit-max-device-pixel-ratio: 1)\" type=\"image\/jpeg\"\/><source  media=\"(min-width: 0px) and (max-width: 380px) and (max-resolution: 3dppx)\" type=\"image\/webp\"\/><source  media=\"(min-width: 0px) and (max-width: 380px) and (max-resolution: 3dppx)\" type=\"image\/jpeg\"\/><source  media=\"(min-width: 0px) and (max-width: 380px) and (-webkit-max-device-pixel-ratio: 3)\" type=\"image\/webp\"\/><source  media=\"(min-width: 0px) and (max-width: 380px) and (-webkit-max-device-pixel-ratio: 3)\" type=\"image\/jpeg\"\/><source  media=\"(min-width: 380px) and (min-resolution: 2dppx)\" type=\"image\/webp\"\/><source  media=\"(min-width: 380px) and (min-resolution: 2dppx)\" type=\"image\/jpeg\"\/><source  media=\"(min-width: 380px) and (-webkit-min-device-pixel-ratio: 2)\" type=\"image\/webp\"\/><source  media=\"(min-width: 380px) and (-webkit-min-device-pixel-ratio: 2)\" type=\"image\/jpeg\"\/><source  type=\"image\/webp\"\/><source  type=\"image\/jpeg\"\/><\/picture><figcaption class=\"css-1hkjxsv\">Valera Djordjevic a avou\u00e9 qu&rsquo;elle faisait seulement semblant de se laver les mains.  Cr\u00e9dit : TikTok\/@realvaleradj<\/figcaption><\/figure>\n<div class=\"css-12zje5r\">\n<p>Elle reconstitue ensuite l&rsquo;expression faciale d\u00e9go\u00fbt\u00e9e que, selon elle, \u00abla plupart des gens\u00bb qui d\u00e9couvrent qu&rsquo;elle d\u00e9teste se laver les mains.<\/p>\n<\/div>\n<div class=\"css-12zje5r\">\n<p>Valera a apparemment d\u00e9fendu son choix de ne pas se laver les mains avec les paroles : \u00ab\u00a0B***h, j&rsquo;ai dit ce que j&rsquo;ai dit.\u00a0\u00bb<\/p>\n<\/div>\n<div class=\"css-12zje5r\">\n<p>Elle a ensuite dissip\u00e9 toute sp\u00e9culation dans la l\u00e9gende en d\u00e9clarant : \u00ab\u00a0Seulement quand je passe num\u00e9ro un, je me lave toujours les mains apr\u00e8s [a] num\u00e9ro deux.\u00a0\u00bb<\/p>\n<\/div>\n<div class=\"css-12zje5r\">\n<p>Le clip controvers\u00e9, qui a \u00e9t\u00e9 visionn\u00e9 plus de 3 millions de fois, a d\u00e9clench\u00e9 un d\u00e9bat enflamm\u00e9 dans la section commentaires.<\/p>\n<\/div>\n<div class=\"css-12zje5r\">\n<p>Certains \u00e9taient favorables au boycott du lavage des mains de Valera, tandis que d&rsquo;autres l&rsquo;ont d\u00e9crit comme \u00ab d\u00e9go\u00fbtant \u00bb et \u00ab d\u00e9go\u00fbtant \u00bb.<\/p>\n<\/div>\n<div class=\"css-12zje5r\">\n<p>L&rsquo;un d&rsquo;eux a d\u00e9clar\u00e9 : \u00ab En tant que germaphobe, je suis terrifi\u00e9 \u00bb, tandis qu&rsquo;un autre a \u00e9crit : \u00ab Je ne peux pas quitter la salle de bain sans me laver les mains. M\u00eame si j&rsquo;y allais juste pour me regarder dans le miroir ou quelque chose du genre.<\/p>\n<\/div>\n<div class=\"css-12zje5r\">\n<p>Un troisi\u00e8me a ajout\u00e9 : \u00ab\u00a0\u00c7a n&rsquo;a rien \u00e0 voir avec le num\u00e9ro un ou deux, vous avez touch\u00e9 aux toilettes !\u00a0\u00bb<\/p>\n<\/div>\n<div class=\"css-12zje5r\">\n<p>Mais d\u2019autres ont avou\u00e9 suivre une routine similaire aux toilettes, \u00e0 la grande surprise des utilisateurs des r\u00e9seaux sociaux.<\/p>\n<\/div>\n<div class=\"css-12zje5r\">\n<p>L&rsquo;un d&rsquo;eux a r\u00e9v\u00e9l\u00e9 : \u00ab\u00a0Je me lave toujours les mains en public mais \u00e0 la maison, c&rsquo;est comme \u00e7a.\u00a0\u00bb<\/p>\n<\/div>\n<figure class=\"css-1ey54xo\"><picture class=\"css-1x72e95\"><source  media=\"(min-width: 0px) and (max-width: 380px) and (max-resolution: 1dppx)\" type=\"image\/webp\"\/><source  media=\"(min-width: 0px) and (max-width: 380px) and (max-resolution: 1dppx)\" type=\"image\/jpeg\"\/><source  media=\"(min-width: 0px) and (max-width: 380px) and (-webkit-max-device-pixel-ratio: 1)\" type=\"image\/webp\"\/><source  media=\"(min-width: 0px) and (max-width: 380px) and (-webkit-max-device-pixel-ratio: 1)\" type=\"image\/jpeg\"\/><source  media=\"(min-width: 0px) and (max-width: 380px) and (max-resolution: 3dppx)\" type=\"image\/webp\"\/><source  media=\"(min-width: 0px) and (max-width: 380px) and (max-resolution: 3dppx)\" type=\"image\/jpeg\"\/><source  media=\"(min-width: 0px) and (max-width: 380px) and (-webkit-max-device-pixel-ratio: 3)\" type=\"image\/webp\"\/><source  media=\"(min-width: 0px) and (max-width: 380px) and (-webkit-max-device-pixel-ratio: 3)\" type=\"image\/jpeg\"\/><source  media=\"(min-width: 380px) and (min-resolution: 2dppx)\" type=\"image\/webp\"\/><source  media=\"(min-width: 380px) and (min-resolution: 2dppx)\" type=\"image\/jpeg\"\/><source  media=\"(min-width: 380px) and (-webkit-min-device-pixel-ratio: 2)\" type=\"image\/webp\"\/><source  media=\"(min-width: 380px) and (-webkit-min-device-pixel-ratio: 2)\" type=\"image\/jpeg\"\/><source  type=\"image\/webp\"\/><source  type=\"image\/jpeg\"\/><img decoding=\"async\" src=\"https:\/\/www.jokeme.fr\/actus\/wp-content\/uploads\/2023\/10\/1696965011_255_Une-femme-avoue-quelle-ne-se-lave-pas-les-mains.jpeg\" alt=\"La jeune femme de 21 ans a d\u00e9clar\u00e9 qu'elle \u00e9tait habitu\u00e9e \u00e0 ce que les gens soient choqu\u00e9s par ses habitudes aux toilettes.  Cr\u00e9dit : TikTok\/@realvaleradj\" loading=\"lazy\"\/><\/picture><figcaption class=\"css-1hkjxsv\">La jeune femme de 21 ans a d\u00e9clar\u00e9 qu&rsquo;elle \u00e9tait habitu\u00e9e \u00e0 ce que les gens soient choqu\u00e9s par ses habitudes aux toilettes.  Cr\u00e9dit : TikTok\/@realvaleradj<\/figcaption><\/figure>\n<div class=\"css-12zje5r\">\n<p>Et un deuxi\u00e8me a comment\u00e9 : \u00ab\u00a0C&rsquo;est comme \u00e7a qu&rsquo;on obtient un meilleur syst\u00e8me immunitaire ! Je dis juste.\u00a0\u00bb<\/p>\n<\/div>\n<div class=\"css-12zje5r\">\n<p>Tandis qu&rsquo;un autre intervenait : \u00ab\u00a0Je me lave rarement les mains. Je d\u00e9teste la sensation d&rsquo;avoir les mains mouill\u00e9es.\u00a0\u00bb<\/p>\n<\/div>\n<div class=\"css-12zje5r\">\n<p>Valera a d\u00e9clar\u00e9 aux utilisateurs que ses mains devenaient \u00ab s\u00e8ches et tendues \u00bb lorsqu&rsquo;elle les lavait, ce qui lui permettait d&rsquo;\u00e9viter compl\u00e8tement le processus.<\/p>\n<\/div>\n<div class=\"css-12zje5r\">\n<p>Elle a d\u00e9clar\u00e9 aux commentateurs: \u00ab\u00a0Parfois, je ne veux tout simplement pas que ma main soit mouill\u00e9e, puis s\u00e8che et serr\u00e9e apr\u00e8s l&rsquo;avoir s\u00e9ch\u00e9e, ou que j&rsquo;applique de la lotion.<\/p>\n<\/div>\n<div class=\"css-12zje5r\">\n<p>\u00ab\u00a0Mes mains deviennent toutes s\u00e8ches et tendues \u00e0 chaque fois que je les lave, donc je n&rsquo;ai pas envie d&rsquo;appliquer de lotion apr\u00e8s chaque fois que je vais faire pipi.<\/p>\n<\/div>\n<div class=\"css-12zje5r\">\n<p>\u00ab\u00a0Ne vous inqui\u00e9tez pas, je suis une personne propre mdr, mais parfois l&rsquo;id\u00e9e de me mouiller la main n&rsquo;est pas \u00e7a, alors je ne le fais pas.\u00a0\u00bb<\/p>\n<\/div>\n<div class=\"css-12zje5r\">\n<p>Un sondage LADbible r\u00e9alis\u00e9 en 2020 aupr\u00e8s de plus de 20 000 personnes a r\u00e9v\u00e9l\u00e9 qu&rsquo;un tiers ne se lavait pas toujours les mains apr\u00e8s \u00eatre all\u00e9 aux toilettes.<\/p>\n<\/div>\n<div class=\"css-12zje5r\">\n<p>Une bonne hygi\u00e8ne des mains est essentielle pour lutter contre la propagation des germes, un sujet qui est devenu particuli\u00e8rement important au d\u00e9but de la pand\u00e9mie.<\/p>\n<\/div>\n<\/div>\n","protected":false},"excerpt":{"rendered":"<p>Une femme a fait sensation sur Internet apr\u00e8s avoir avou\u00e9 avec audace qu&rsquo;elle ne se lavait pas les mains apr\u00e8s \u00eatre all\u00e9e aux toilettes. La TikTokeuse Valera Djordjevic a admis que parfois elle \u00ab\u00a0n&rsquo;a tout simplement pas envie\u00a0\u00bb de se laver apr\u00e8s \u00eatre all\u00e9e aux toilettes &#8211; alors esp\u00e9rons que son travail n&rsquo;implique pas de &#8230; <a title=\"Une femme avoue qu&rsquo;elle ne se lave pas les mains apr\u00e8s \u00eatre all\u00e9e aux toilettes, ce qui suscite un d\u00e9bat sur le d\u00e9corum de la salle de bain.\" class=\"read-more\" href=\"https:\/\/www.jokeme.fr\/actus\/une-femme-avoue-quelle-ne-se-lave-pas-les-mains-apres-etre-allee-aux-toilettes-ce-qui-suscite-un-debat-sur-le-decorum-de-la-salle-de-bain\/\" aria-label=\"Plus sur Une femme avoue qu&rsquo;elle ne se lave pas les mains apr\u00e8s \u00eatre all\u00e9e aux toilettes, ce qui suscite un d\u00e9bat sur le d\u00e9corum de la salle de bain.\">Lire plus<\/a><\/p>\n","protected":false},"author":1,"featured_media":1221,"comment_status":"closed","ping_status":"open","sticky":false,"template":"","format":"standard","meta":{"footnotes":""},"categories":[1],"tags":[2252,152,406,2251,584,579,2253,346,154,192,66,1287,340,695,293,2254,7,578,1505,33],"yoast_head":"<!-- This site is optimized with the Yoast SEO plugin v20.8 - https:\/\/yoast.com\/wordpress\/plugins\/seo\/ -->\n<title>Une femme avoue qu&#039;elle ne se lave pas les mains apr\u00e8s \u00eatre all\u00e9e aux toilettes, ce qui suscite un d\u00e9bat sur le d\u00e9corum de la salle de bain. - Actualit\u00e9s - Joke Me<\/title>\n<meta name=\"robots\" content=\"index, follow, max-snippet:-1, max-image-preview:large, max-video-preview:-1\" \/>\n<link rel=\"canonical\" href=\"https:\/\/www.jokeme.fr\/actus\/une-femme-avoue-quelle-ne-se-lave-pas-les-mains-apres-etre-allee-aux-toilettes-ce-qui-suscite-un-debat-sur-le-decorum-de-la-salle-de-bain\/\" \/>\n<meta property=\"og:locale\" content=\"fr_FR\" \/>\n<meta property=\"og:type\" content=\"article\" \/>\n<meta property=\"og:title\" content=\"Une femme avoue qu&#039;elle ne se lave pas les mains apr\u00e8s \u00eatre all\u00e9e aux toilettes, ce qui suscite un d\u00e9bat sur le d\u00e9corum de la salle de bain. - Actualit\u00e9s - Joke Me\" \/>\n<meta property=\"og:description\" content=\"Une femme a fait sensation sur Internet apr\u00e8s avoir avou\u00e9 avec audace qu&rsquo;elle ne se lavait pas les mains apr\u00e8s \u00eatre all\u00e9e aux toilettes. La TikTokeuse Valera Djordjevic a admis que parfois elle \u00ab\u00a0n&rsquo;a tout simplement pas envie\u00a0\u00bb de se laver apr\u00e8s \u00eatre all\u00e9e aux toilettes &#8211; alors esp\u00e9rons que son travail n&rsquo;implique pas de ... Lire plus\" \/>\n<meta property=\"og:url\" content=\"https:\/\/www.jokeme.fr\/actus\/une-femme-avoue-quelle-ne-se-lave-pas-les-mains-apres-etre-allee-aux-toilettes-ce-qui-suscite-un-debat-sur-le-decorum-de-la-salle-de-bain\/\" \/>\n<meta property=\"og:site_name\" content=\"Actualit\u00e9s - Joke Me\" \/>\n<meta property=\"article:published_time\" content=\"2023-10-10T19:10:11+00:00\" \/>\n<meta property=\"article:modified_time\" content=\"2023-10-10T19:10:13+00:00\" \/>\n<meta property=\"og:image\" content=\"https:\/\/www.jokeme.fr\/actus\/wp-content\/uploads\/2023\/10\/Une-femme-avoue-quelle-ne-se-lave-pas-les-mains.png\" \/>\n\t<meta property=\"og:image:width\" content=\"1200\" \/>\n\t<meta property=\"og:image:height\" content=\"675\" \/>\n\t<meta property=\"og:image:type\" content=\"image\/png\" \/>\n<meta name=\"author\" content=\"Didier\" \/>\n<meta name=\"twitter:card\" content=\"summary_large_image\" \/>\n<meta name=\"twitter:label1\" content=\"\u00c9crit par\" \/>\n\t<meta name=\"twitter:data1\" content=\"Didier\" \/>\n\t<meta name=\"twitter:label2\" content=\"Dur\u00e9e de lecture estim\u00e9e\" \/>\n\t<meta name=\"twitter:data2\" content=\"4 minutes\" \/>\n<script type=\"application\/ld+json\" class=\"yoast-schema-graph\">{\"@context\":\"https:\/\/schema.org\",\"@graph\":[{\"@type\":\"Article\",\"@id\":\"https:\/\/www.jokeme.fr\/actus\/une-femme-avoue-quelle-ne-se-lave-pas-les-mains-apres-etre-allee-aux-toilettes-ce-qui-suscite-un-debat-sur-le-decorum-de-la-salle-de-bain\/#article\",\"isPartOf\":{\"@id\":\"https:\/\/www.jokeme.fr\/actus\/une-femme-avoue-quelle-ne-se-lave-pas-les-mains-apres-etre-allee-aux-toilettes-ce-qui-suscite-un-debat-sur-le-decorum-de-la-salle-de-bain\/\"},\"author\":{\"name\":\"Didier\",\"@id\":\"https:\/\/www.jokeme.fr\/actus\/#\/schema\/person\/f0c6ad0d33ca144389e81e45a212928f\"},\"headline\":\"Une femme avoue qu&rsquo;elle ne se lave pas les mains apr\u00e8s \u00eatre all\u00e9e aux toilettes, ce qui suscite un d\u00e9bat sur le d\u00e9corum de la salle de bain.\",\"datePublished\":\"2023-10-10T19:10:11+00:00\",\"dateModified\":\"2023-10-10T19:10:13+00:00\",\"mainEntityOfPage\":{\"@id\":\"https:\/\/www.jokeme.fr\/actus\/une-femme-avoue-quelle-ne-se-lave-pas-les-mains-apres-etre-allee-aux-toilettes-ce-qui-suscite-un-debat-sur-le-decorum-de-la-salle-de-bain\/\"},\"wordCount\":742,\"publisher\":{\"@id\":\"https:\/\/www.jokeme.fr\/actus\/#organization\"},\"keywords\":[\"all\u00e9e\",\"apr\u00e8s\",\"aux\",\"avoue\",\"bain\",\"d\u00e9bat\",\"d\u00e9corum\",\"\u00eatre\",\"femme\",\"lave\",\"les\",\"mains\",\"pas\",\"quelle\",\"qui\",\"salle\",\"sur\",\"suscite\",\"toilettes\",\"une\"],\"inLanguage\":\"fr-FR\"},{\"@type\":\"WebPage\",\"@id\":\"https:\/\/www.jokeme.fr\/actus\/une-femme-avoue-quelle-ne-se-lave-pas-les-mains-apres-etre-allee-aux-toilettes-ce-qui-suscite-un-debat-sur-le-decorum-de-la-salle-de-bain\/\",\"url\":\"https:\/\/www.jokeme.fr\/actus\/une-femme-avoue-quelle-ne-se-lave-pas-les-mains-apres-etre-allee-aux-toilettes-ce-qui-suscite-un-debat-sur-le-decorum-de-la-salle-de-bain\/\",\"name\":\"Une femme avoue qu'elle ne se lave pas les mains apr\u00e8s \u00eatre all\u00e9e aux toilettes, ce qui suscite un d\u00e9bat sur le d\u00e9corum de la salle de bain. - Actualit\u00e9s - Joke Me\",\"isPartOf\":{\"@id\":\"https:\/\/www.jokeme.fr\/actus\/#website\"},\"datePublished\":\"2023-10-10T19:10:11+00:00\",\"dateModified\":\"2023-10-10T19:10:13+00:00\",\"breadcrumb\":{\"@id\":\"https:\/\/www.jokeme.fr\/actus\/une-femme-avoue-quelle-ne-se-lave-pas-les-mains-apres-etre-allee-aux-toilettes-ce-qui-suscite-un-debat-sur-le-decorum-de-la-salle-de-bain\/#breadcrumb\"},\"inLanguage\":\"fr-FR\",\"potentialAction\":[{\"@type\":\"ReadAction\",\"target\":[\"https:\/\/www.jokeme.fr\/actus\/une-femme-avoue-quelle-ne-se-lave-pas-les-mains-apres-etre-allee-aux-toilettes-ce-qui-suscite-un-debat-sur-le-decorum-de-la-salle-de-bain\/\"]}]},{\"@type\":\"BreadcrumbList\",\"@id\":\"https:\/\/www.jokeme.fr\/actus\/une-femme-avoue-quelle-ne-se-lave-pas-les-mains-apres-etre-allee-aux-toilettes-ce-qui-suscite-un-debat-sur-le-decorum-de-la-salle-de-bain\/#breadcrumb\",\"itemListElement\":[{\"@type\":\"ListItem\",\"position\":1,\"name\":\"Accueil\",\"item\":\"https:\/\/www.jokeme.fr\/actus\/\"},{\"@type\":\"ListItem\",\"position\":2,\"name\":\"Une femme avoue qu&rsquo;elle ne se lave pas les mains apr\u00e8s \u00eatre all\u00e9e aux toilettes, ce qui suscite un d\u00e9bat sur le d\u00e9corum de la salle de bain.\"}]},{\"@type\":\"WebSite\",\"@id\":\"https:\/\/www.jokeme.fr\/actus\/#website\",\"url\":\"https:\/\/www.jokeme.fr\/actus\/\",\"name\":\"Actualit\u00e9s - Joke Me\",\"description\":\"L&#039;actualit\u00e9 du rire\",\"publisher\":{\"@id\":\"https:\/\/www.jokeme.fr\/actus\/#organization\"},\"potentialAction\":[{\"@type\":\"SearchAction\",\"target\":{\"@type\":\"EntryPoint\",\"urlTemplate\":\"https:\/\/www.jokeme.fr\/actus\/?s={search_term_string}\"},\"query-input\":\"required name=search_term_string\"}],\"inLanguage\":\"fr-FR\"},{\"@type\":\"Organization\",\"@id\":\"https:\/\/www.jokeme.fr\/actus\/#organization\",\"name\":\"Actualit\u00e9s - Joke Me\",\"url\":\"https:\/\/www.jokeme.fr\/actus\/\",\"logo\":{\"@type\":\"ImageObject\",\"inLanguage\":\"fr-FR\",\"@id\":\"https:\/\/www.jokeme.fr\/actus\/#\/schema\/logo\/image\/\",\"url\":\"https:\/\/www.jokeme.fr\/actus\/wp-content\/uploads\/2023\/06\/cropped-Logo-Joke-Me.png\",\"contentUrl\":\"https:\/\/www.jokeme.fr\/actus\/wp-content\/uploads\/2023\/06\/cropped-Logo-Joke-Me.png\",\"width\":499,\"height\":363,\"caption\":\"Actualit\u00e9s - Joke Me\"},\"image\":{\"@id\":\"https:\/\/www.jokeme.fr\/actus\/#\/schema\/logo\/image\/\"}},{\"@type\":\"Person\",\"@id\":\"https:\/\/www.jokeme.fr\/actus\/#\/schema\/person\/f0c6ad0d33ca144389e81e45a212928f\",\"name\":\"Didier\",\"image\":{\"@type\":\"ImageObject\",\"inLanguage\":\"fr-FR\",\"@id\":\"https:\/\/www.jokeme.fr\/actus\/#\/schema\/person\/image\/\",\"url\":\"https:\/\/www.jokeme.fr\/actus\/wp-content\/uploads\/2024\/03\/jokeme-didier.jpg\",\"contentUrl\":\"https:\/\/www.jokeme.fr\/actus\/wp-content\/uploads\/2024\/03\/jokeme-didier.jpg\",\"caption\":\"Didier\"},\"description\":\"Didier, passionn\u00e9 de cin\u00e9ma, est un r\u00e9dacteur pour le m\u00e9dia Jokeme, o\u00f9 il partage sa passion \u00e0 travers des articles divertissants et informatifs. Ayant \u00e9tudi\u00e9 le journalisme, il allie sa formation \u00e0 sa passion pour offrir un contenu de qualit\u00e9 sur le monde du cin\u00e9ma.\",\"sameAs\":[\"https:\/\/www.jokeme.fr\/actus\"]}]}<\/script>\n<!-- \/ Yoast SEO plugin. -->","yoast_head_json":{"title":"Une femme avoue qu'elle ne se lave pas les mains apr\u00e8s \u00eatre all\u00e9e aux toilettes, ce qui suscite un d\u00e9bat sur le d\u00e9corum de la salle de bain. - Actualit\u00e9s - Joke Me","robots":{"index":"index","follow":"follow","max-snippet":"max-snippet:-1","max-image-preview":"max-image-preview:large","max-video-preview":"max-video-preview:-1"},"canonical":"https:\/\/www.jokeme.fr\/actus\/une-femme-avoue-quelle-ne-se-lave-pas-les-mains-apres-etre-allee-aux-toilettes-ce-qui-suscite-un-debat-sur-le-decorum-de-la-salle-de-bain\/","og_locale":"fr_FR","og_type":"article","og_title":"Une femme avoue qu'elle ne se lave pas les mains apr\u00e8s \u00eatre all\u00e9e aux toilettes, ce qui suscite un d\u00e9bat sur le d\u00e9corum de la salle de bain. - Actualit\u00e9s - Joke Me","og_description":"Une femme a fait sensation sur Internet apr\u00e8s avoir avou\u00e9 avec audace qu&rsquo;elle ne se lavait pas les mains apr\u00e8s \u00eatre all\u00e9e aux toilettes. La TikTokeuse Valera Djordjevic a admis que parfois elle \u00ab\u00a0n&rsquo;a tout simplement pas envie\u00a0\u00bb de se laver apr\u00e8s \u00eatre all\u00e9e aux toilettes &#8211; alors esp\u00e9rons que son travail n&rsquo;implique pas de ... Lire plus","og_url":"https:\/\/www.jokeme.fr\/actus\/une-femme-avoue-quelle-ne-se-lave-pas-les-mains-apres-etre-allee-aux-toilettes-ce-qui-suscite-un-debat-sur-le-decorum-de-la-salle-de-bain\/","og_site_name":"Actualit\u00e9s - Joke Me","article_published_time":"2023-10-10T19:10:11+00:00","article_modified_time":"2023-10-10T19:10:13+00:00","og_image":[{"width":1200,"height":675,"url":"https:\/\/www.jokeme.fr\/actus\/wp-content\/uploads\/2023\/10\/Une-femme-avoue-quelle-ne-se-lave-pas-les-mains.png","type":"image\/png"}],"author":"Didier","twitter_card":"summary_large_image","twitter_misc":{"\u00c9crit par":"Didier","Dur\u00e9e de lecture estim\u00e9e":"4 minutes"},"schema":{"@context":"https:\/\/schema.org","@graph":[{"@type":"Article","@id":"https:\/\/www.jokeme.fr\/actus\/une-femme-avoue-quelle-ne-se-lave-pas-les-mains-apres-etre-allee-aux-toilettes-ce-qui-suscite-un-debat-sur-le-decorum-de-la-salle-de-bain\/#article","isPartOf":{"@id":"https:\/\/www.jokeme.fr\/actus\/une-femme-avoue-quelle-ne-se-lave-pas-les-mains-apres-etre-allee-aux-toilettes-ce-qui-suscite-un-debat-sur-le-decorum-de-la-salle-de-bain\/"},"author":{"name":"Didier","@id":"https:\/\/www.jokeme.fr\/actus\/#\/schema\/person\/f0c6ad0d33ca144389e81e45a212928f"},"headline":"Une femme avoue qu&rsquo;elle ne se lave pas les mains apr\u00e8s \u00eatre all\u00e9e aux toilettes, ce qui suscite un d\u00e9bat sur le d\u00e9corum de la salle de bain.","datePublished":"2023-10-10T19:10:11+00:00","dateModified":"2023-10-10T19:10:13+00:00","mainEntityOfPage":{"@id":"https:\/\/www.jokeme.fr\/actus\/une-femme-avoue-quelle-ne-se-lave-pas-les-mains-apres-etre-allee-aux-toilettes-ce-qui-suscite-un-debat-sur-le-decorum-de-la-salle-de-bain\/"},"wordCount":742,"publisher":{"@id":"https:\/\/www.jokeme.fr\/actus\/#organization"},"keywords":["all\u00e9e","apr\u00e8s","aux","avoue","bain","d\u00e9bat","d\u00e9corum","\u00eatre","femme","lave","les","mains","pas","quelle","qui","salle","sur","suscite","toilettes","une"],"inLanguage":"fr-FR"},{"@type":"WebPage","@id":"https:\/\/www.jokeme.fr\/actus\/une-femme-avoue-quelle-ne-se-lave-pas-les-mains-apres-etre-allee-aux-toilettes-ce-qui-suscite-un-debat-sur-le-decorum-de-la-salle-de-bain\/","url":"https:\/\/www.jokeme.fr\/actus\/une-femme-avoue-quelle-ne-se-lave-pas-les-mains-apres-etre-allee-aux-toilettes-ce-qui-suscite-un-debat-sur-le-decorum-de-la-salle-de-bain\/","name":"Une femme avoue qu'elle ne se lave pas les mains apr\u00e8s \u00eatre all\u00e9e aux toilettes, ce qui suscite un d\u00e9bat sur le d\u00e9corum de la salle de bain. - Actualit\u00e9s - Joke Me","isPartOf":{"@id":"https:\/\/www.jokeme.fr\/actus\/#website"},"datePublished":"2023-10-10T19:10:11+00:00","dateModified":"2023-10-10T19:10:13+00:00","breadcrumb":{"@id":"https:\/\/www.jokeme.fr\/actus\/une-femme-avoue-quelle-ne-se-lave-pas-les-mains-apres-etre-allee-aux-toilettes-ce-qui-suscite-un-debat-sur-le-decorum-de-la-salle-de-bain\/#breadcrumb"},"inLanguage":"fr-FR","potentialAction":[{"@type":"ReadAction","target":["https:\/\/www.jokeme.fr\/actus\/une-femme-avoue-quelle-ne-se-lave-pas-les-mains-apres-etre-allee-aux-toilettes-ce-qui-suscite-un-debat-sur-le-decorum-de-la-salle-de-bain\/"]}]},{"@type":"BreadcrumbList","@id":"https:\/\/www.jokeme.fr\/actus\/une-femme-avoue-quelle-ne-se-lave-pas-les-mains-apres-etre-allee-aux-toilettes-ce-qui-suscite-un-debat-sur-le-decorum-de-la-salle-de-bain\/#breadcrumb","itemListElement":[{"@type":"ListItem","position":1,"name":"Accueil","item":"https:\/\/www.jokeme.fr\/actus\/"},{"@type":"ListItem","position":2,"name":"Une femme avoue qu&rsquo;elle ne se lave pas les mains apr\u00e8s \u00eatre all\u00e9e aux toilettes, ce qui suscite un d\u00e9bat sur le d\u00e9corum de la salle de bain."}]},{"@type":"WebSite","@id":"https:\/\/www.jokeme.fr\/actus\/#website","url":"https:\/\/www.jokeme.fr\/actus\/","name":"Actualit\u00e9s - Joke Me","description":"L&#039;actualit\u00e9 du rire","publisher":{"@id":"https:\/\/www.jokeme.fr\/actus\/#organization"},"potentialAction":[{"@type":"SearchAction","target":{"@type":"EntryPoint","urlTemplate":"https:\/\/www.jokeme.fr\/actus\/?s={search_term_string}"},"query-input":"required name=search_term_string"}],"inLanguage":"fr-FR"},{"@type":"Organization","@id":"https:\/\/www.jokeme.fr\/actus\/#organization","name":"Actualit\u00e9s - Joke Me","url":"https:\/\/www.jokeme.fr\/actus\/","logo":{"@type":"ImageObject","inLanguage":"fr-FR","@id":"https:\/\/www.jokeme.fr\/actus\/#\/schema\/logo\/image\/","url":"https:\/\/www.jokeme.fr\/actus\/wp-content\/uploads\/2023\/06\/cropped-Logo-Joke-Me.png","contentUrl":"https:\/\/www.jokeme.fr\/actus\/wp-content\/uploads\/2023\/06\/cropped-Logo-Joke-Me.png","width":499,"height":363,"caption":"Actualit\u00e9s - Joke Me"},"image":{"@id":"https:\/\/www.jokeme.fr\/actus\/#\/schema\/logo\/image\/"}},{"@type":"Person","@id":"https:\/\/www.jokeme.fr\/actus\/#\/schema\/person\/f0c6ad0d33ca144389e81e45a212928f","name":"Didier","image":{"@type":"ImageObject","inLanguage":"fr-FR","@id":"https:\/\/www.jokeme.fr\/actus\/#\/schema\/person\/image\/","url":"https:\/\/www.jokeme.fr\/actus\/wp-content\/uploads\/2024\/03\/jokeme-didier.jpg","contentUrl":"https:\/\/www.jokeme.fr\/actus\/wp-content\/uploads\/2024\/03\/jokeme-didier.jpg","caption":"Didier"},"description":"Didier, passionn\u00e9 de cin\u00e9ma, est un r\u00e9dacteur pour le m\u00e9dia Jokeme, o\u00f9 il partage sa passion \u00e0 travers des articles divertissants et informatifs. Ayant \u00e9tudi\u00e9 le journalisme, il allie sa formation \u00e0 sa passion pour offrir un contenu de qualit\u00e9 sur le monde du cin\u00e9ma.","sameAs":["https:\/\/www.jokeme.fr\/actus"]}]}},"_links":{"self":[{"href":"https:\/\/www.jokeme.fr\/actus\/wp-json\/wp\/v2\/posts\/1220"}],"collection":[{"href":"https:\/\/www.jokeme.fr\/actus\/wp-json\/wp\/v2\/posts"}],"about":[{"href":"https:\/\/www.jokeme.fr\/actus\/wp-json\/wp\/v2\/types\/post"}],"author":[{"embeddable":true,"href":"https:\/\/www.jokeme.fr\/actus\/wp-json\/wp\/v2\/users\/1"}],"replies":[{"embeddable":true,"href":"https:\/\/www.jokeme.fr\/actus\/wp-json\/wp\/v2\/comments?post=1220"}],"version-history":[{"count":1,"href":"https:\/\/www.jokeme.fr\/actus\/wp-json\/wp\/v2\/posts\/1220\/revisions"}],"predecessor-version":[{"id":1222,"href":"https:\/\/www.jokeme.fr\/actus\/wp-json\/wp\/v2\/posts\/1220\/revisions\/1222"}],"wp:featuredmedia":[{"embeddable":true,"href":"https:\/\/www.jokeme.fr\/actus\/wp-json\/wp\/v2\/media\/1221"}],"wp:attachment":[{"href":"https:\/\/www.jokeme.fr\/actus\/wp-json\/wp\/v2\/media?parent=1220"}],"wp:term":[{"taxonomy":"category","embeddable":true,"href":"https:\/\/www.jokeme.fr\/actus\/wp-json\/wp\/v2\/categories?post=1220"},{"taxonomy":"post_tag","embeddable":true,"href":"https:\/\/www.jokeme.fr\/actus\/wp-json\/wp\/v2\/tags?post=1220"}],"curies":[{"name":"wp","href":"https:\/\/api.w.org\/{rel}","templated":true}]}}