{"id":1232,"date":"2023-10-12T17:31:43","date_gmt":"2023-10-12T15:31:43","guid":{"rendered":"https:\/\/www.jokeme.fr\/actus\/les-utilisateurs-diphone-se-plaignent-du-nouveau-probleme-dios-17-qui-les-rend-en-retard-au-travail\/"},"modified":"2023-10-12T17:31:44","modified_gmt":"2023-10-12T15:31:44","slug":"les-utilisateurs-diphone-se-plaignent-du-nouveau-probleme-dios-17-qui-les-rend-en-retard-au-travail","status":"publish","type":"post","link":"https:\/\/www.jokeme.fr\/actus\/les-utilisateurs-diphone-se-plaignent-du-nouveau-probleme-dios-17-qui-les-rend-en-retard-au-travail\/","title":{"rendered":"Les utilisateurs d\u2019iPhone se plaignent du nouveau probl\u00e8me d\u2019iOS 17 qui les rend en retard au travail"},"content":{"rendered":"<div>\n<div class=\"css-12zje5r\">\n<p>Les utilisateurs d&rsquo;iPhone affirment avoir rencontr\u00e9 un probl\u00e8me inhabituel avec leurs appareils, les obligeant \u00e0 \u00eatre en retard au travail.<\/p>\n<\/div>\n<div class=\"css-c2lb2p\">\n<p>Fondamentalement, il semble que certaines personnes remarquent que leur t\u00e9l\u00e9phone continue de s&rsquo;\u00e9teindre pendant la nuit, ce qui signifie que leur alarme ne se d\u00e9clenche pas.<\/p>\n<\/div>\n<div class=\"css-c2lb2p\">\n<p>Les utilisateurs se sont tourn\u00e9s vers Reddit pour tenter de d\u00e9couvrir quel \u00e9tait le probl\u00e8me, mais jusqu&rsquo;\u00e0 pr\u00e9sent, il n&rsquo;y a pas eu de v\u00e9ritables r\u00e9ponses.<\/p>\n<\/div>\n<div class=\"css-c2lb2p\">\n<p>Les utilisateurs d&rsquo;iPhone se sont r\u00e9veill\u00e9s et ont d\u00e9couvert que leur t\u00e9l\u00e9phone souhaitait qu&rsquo;ils utilisent leur code PIN pour d\u00e9verrouiller le t\u00e9l\u00e9phone au lieu de la reconnaissance faciale, ce qui indique que le t\u00e9l\u00e9phone a \u00e9t\u00e9 \u00e9teint et rallum\u00e9.<\/p>\n<\/div>\n<div class=\"css-12zje5r\">\n<p>Mais s\u2019ils ne red\u00e9marrent pas leurs appareils, pourquoi cela se produit-il\u00a0?<\/p>\n<\/div>\n<figure class=\"css-1ey54xo\"><picture class=\"css-1x72e95\"><source  media=\"(min-width: 0px) and (max-width: 380px) and (max-resolution: 1dppx)\" type=\"image\/webp\"\/><source  media=\"(min-width: 0px) and (max-width: 380px) and (max-resolution: 1dppx)\" type=\"image\/jpeg\"\/><source  media=\"(min-width: 0px) and (max-width: 380px) and (-webkit-max-device-pixel-ratio: 1)\" type=\"image\/webp\"\/><source  media=\"(min-width: 0px) and (max-width: 380px) and (-webkit-max-device-pixel-ratio: 1)\" type=\"image\/jpeg\"\/><source  media=\"(min-width: 0px) and (max-width: 380px) and (max-resolution: 3dppx)\" type=\"image\/webp\"\/><source  media=\"(min-width: 0px) and (max-width: 380px) and (max-resolution: 3dppx)\" type=\"image\/jpeg\"\/><source  media=\"(min-width: 0px) and (max-width: 380px) and (-webkit-max-device-pixel-ratio: 3)\" type=\"image\/webp\"\/><source  media=\"(min-width: 0px) and (max-width: 380px) and (-webkit-max-device-pixel-ratio: 3)\" type=\"image\/jpeg\"\/><source  media=\"(min-width: 380px) and (min-resolution: 2dppx)\" type=\"image\/webp\"\/><source  media=\"(min-width: 380px) and (min-resolution: 2dppx)\" type=\"image\/jpeg\"\/><source  media=\"(min-width: 380px) and (-webkit-min-device-pixel-ratio: 2)\" type=\"image\/webp\"\/><source  media=\"(min-width: 380px) and (-webkit-min-device-pixel-ratio: 2)\" type=\"image\/jpeg\"\/><source  type=\"image\/webp\"\/><source  type=\"image\/jpeg\"\/><\/picture><figcaption class=\"css-1hkjxsv\">Apparemment, le probl\u00e8me de l&rsquo;iPhone rend les gens en retard.  Cr\u00e9dit : Getty Photo<\/figcaption><\/figure>\n<div class=\"css-12zje5r\">\n<p>D&rsquo;autres personnes ont remarqu\u00e9 que l&rsquo;affichage de l&rsquo;\u00e9tat de la batterie de leur t\u00e9l\u00e9phone pr\u00e9sente un \u00e9cart, une autre suggestion selon laquelle le t\u00e9l\u00e9phone aurait pu \u00eatre \u00e9teint pendant un certain temps de mani\u00e8re inattendue.<\/p>\n<\/div>\n<div class=\"css-12zje5r\">\n<p>\u00c0 au moins une occasion, quelqu&rsquo;un \u00e9tait en retard, car son alarme ne s&rsquo;\u00e9tait pas d\u00e9clench\u00e9e et il avait donc dormi.<\/p>\n<\/div>\n<div class=\"css-12zje5r\">\n<p>Le probl\u00e8me a \u00e9t\u00e9 soulev\u00e9 en ligne par l&rsquo;utilisateur de Reddit 9to5Mac, qui a r\u00e9pondu apr\u00e8s qu&rsquo;un journaliste ait remarqu\u00e9 que Face ID ne fonctionnerait pas sans saisir au pr\u00e9alable le mot de passe.<\/p>\n<\/div>\n<div class=\"css-12zje5r\">\n<p>L&rsquo;utilisateur a d\u00e9clar\u00e9 : \u00ab Ce matin, je me suis r\u00e9veill\u00e9 seul vers 5 heures du matin, en retard pour le travail, et j&rsquo;ai remarqu\u00e9 que l&rsquo;\u00e9cran d&rsquo;alarme \u00e9tait affich\u00e9 avec l&rsquo;option de r\u00e9p\u00e9tition, mais mon t\u00e9l\u00e9phone ne m&rsquo;a pas r\u00e9veill\u00e9.<\/p>\n<\/div>\n<div class=\"css-12zje5r\">\n<p>\u00ab J&rsquo;ai suppos\u00e9 que j&rsquo;avais peut-\u00eatre dormi gr\u00e2ce \u00e0 mon alarme, ce qui est quand m\u00eame \u00e9trange, car cela ne s&rsquo;est jamais produit.<\/p>\n<\/div>\n<div class=\"css-12zje5r\">\n<p>\u00ab\u00a0Je suis all\u00e9 travailler (depuis la maison) et mon fils se l\u00e8ve normalement \u00e0 7h30 pour le travail, et vers 7h50, j&rsquo;ai remarqu\u00e9 que je ne l&rsquo;avais pas vu se promener dans la maison, alors j&rsquo;ai frapp\u00e9 \u00e0 sa porte, et l\u00e0, il dormait, et il a dit : \u00ab Je n&rsquo;ai m\u00eame pas entendu mon alarme \u00bb.<\/p>\n<\/div>\n<div class=\"css-12zje5r\">\n<p>\u00ab\u00a0Je lui ai racont\u00e9 ce qui m&rsquo;\u00e9tait arriv\u00e9 et il a lev\u00e9 son t\u00e9l\u00e9phone et il y avait l&rsquo;\u00e9cran d&rsquo;alarme dessus, comme le mien.\u00a0\u00bb<\/p>\n<\/div>\n<div class=\"css-12zje5r\">\n<p>Cet utilisateur n\u2019est pas seul non plus.<\/p>\n<\/div>\n<div class=\"css-12zje5r\">\n<p>Une personne a \u00e9crit un commentaire qui disait : \u00ab Je suis venue directement dans ce sous-marin pour voir si c\u2019\u00e9tait juste moi.  Mes alarmes ne se sont pas non plus d\u00e9clench\u00e9es ce matin.<\/p>\n<\/div>\n<div class=\"css-12zje5r\">\n<p>Une troisi\u00e8me personne a \u00e9crit : \u00ab Mec, le mien non plus, WTF ?<\/p>\n<\/div>\n<div class=\"css-12zje5r\">\n<p>Si vous souhaitez v\u00e9rifier si votre iPhone a \u00e9t\u00e9 \u00e9teint pendant la nuit, vous pouvez acc\u00e9der \u00e0 la section Batterie dans Param\u00e8tres et consulter le graphique de l&rsquo;\u00e9tat de votre batterie.<\/p>\n<\/div>\n<div class=\"css-12zje5r\">\n<p>S&rsquo;il manque du temps, le t\u00e9l\u00e9phone est probablement \u00e9teint.<\/p>\n<\/div>\n<figure class=\"css-1ey54xo\"><picture class=\"css-1x72e95\"><source  media=\"(min-width: 0px) and (max-width: 380px) and (max-resolution: 1dppx)\" type=\"image\/webp\"\/><source  media=\"(min-width: 0px) and (max-width: 380px) and (max-resolution: 1dppx)\" type=\"image\/jpeg\"\/><source  media=\"(min-width: 0px) and (max-width: 380px) and (-webkit-max-device-pixel-ratio: 1)\" type=\"image\/webp\"\/><source  media=\"(min-width: 0px) and (max-width: 380px) and (-webkit-max-device-pixel-ratio: 1)\" type=\"image\/jpeg\"\/><source  media=\"(min-width: 0px) and (max-width: 380px) and (max-resolution: 3dppx)\" type=\"image\/webp\"\/><source  media=\"(min-width: 0px) and (max-width: 380px) and (max-resolution: 3dppx)\" type=\"image\/jpeg\"\/><source  media=\"(min-width: 0px) and (max-width: 380px) and (-webkit-max-device-pixel-ratio: 3)\" type=\"image\/webp\"\/><source  media=\"(min-width: 0px) and (max-width: 380px) and (-webkit-max-device-pixel-ratio: 3)\" type=\"image\/jpeg\"\/><source  media=\"(min-width: 380px) and (min-resolution: 2dppx)\" type=\"image\/webp\"\/><source  media=\"(min-width: 380px) and (min-resolution: 2dppx)\" type=\"image\/jpeg\"\/><source  media=\"(min-width: 380px) and (-webkit-min-device-pixel-ratio: 2)\" type=\"image\/webp\"\/><source  media=\"(min-width: 380px) and (-webkit-min-device-pixel-ratio: 2)\" type=\"image\/jpeg\"\/><source  type=\"image\/webp\"\/><source  type=\"image\/jpeg\"\/><img decoding=\"async\" src=\"https:\/\/www.jokeme.fr\/actus\/wp-content\/uploads\/2023\/10\/Les-utilisateurs-diPhone-se-plaignent-du-nouveau-probleme-diOS-17.jpeg\" alt=\"Certains se sont plaints d'avoir \u00e9t\u00e9 retard\u00e9s par leur t\u00e9l\u00e9phone.  Cr\u00e9dit : Getty Photo \" loading=\"lazy\"\/><\/picture><figcaption class=\"css-1hkjxsv\">Certains se sont plaints d&rsquo;avoir \u00e9t\u00e9 retard\u00e9s par leur t\u00e9l\u00e9phone.  Cr\u00e9dit : Getty Photo <\/figcaption><\/figure>\n<div class=\"css-12zje5r\">\n<p>Sur Reddit, quelqu\u2019un a dit : \u00ab V\u00e9rifiez la section batterie.  Est-ce que cela indique que le t\u00e9l\u00e9phone est \u00e9teint pendant quelques heures\u00a0?  Mon alarme s&rsquo;est d\u00e9clench\u00e9e ce matin, mais elle a n\u00e9cessit\u00e9 le d\u00e9verrouillage de mon code et indique qu&rsquo;elle s&rsquo;est \u00e9teinte vers 1 heure du matin.  Beaucoup de gens ont rencontr\u00e9 \u00e7a hier.<\/p>\n<\/div>\n<div class=\"css-12zje5r\">\n<p>Cela semble avoir affect\u00e9 les propri\u00e9taires d\u2019une vari\u00e9t\u00e9 d\u2019appareils iPhone, pas seulement ceux dot\u00e9s d\u2019un nouveau mod\u00e8le 15.<\/p>\n<\/div>\n<div class=\"css-12zje5r\">\n<p>Il se peut que le probl\u00e8me provienne du logiciel iOS 17, plut\u00f4t que de mod\u00e8les sp\u00e9cifiques.<\/p>\n<\/div>\n<div class=\"css-12zje5r\">\n<p>LADbible a contact\u00e9 Apple pour un commentaire.<\/p>\n<\/div>\n<\/div>\n","protected":false},"excerpt":{"rendered":"<p>Les utilisateurs d&rsquo;iPhone affirment avoir rencontr\u00e9 un probl\u00e8me inhabituel avec leurs appareils, les obligeant \u00e0 \u00eatre en retard au travail. Fondamentalement, il semble que certaines personnes remarquent que leur t\u00e9l\u00e9phone continue de s&rsquo;\u00e9teindre pendant la nuit, ce qui signifie que leur alarme ne se d\u00e9clenche pas. Les utilisateurs se sont tourn\u00e9s vers Reddit pour tenter &#8230; <a title=\"Les utilisateurs d\u2019iPhone se plaignent du nouveau probl\u00e8me d\u2019iOS 17 qui les rend en retard au travail\" class=\"read-more\" href=\"https:\/\/www.jokeme.fr\/actus\/les-utilisateurs-diphone-se-plaignent-du-nouveau-probleme-dios-17-qui-les-rend-en-retard-au-travail\/\" aria-label=\"Plus sur Les utilisateurs d\u2019iPhone se plaignent du nouveau probl\u00e8me d\u2019iOS 17 qui les rend en retard au travail\">Lire plus<\/a><\/p>\n","protected":false},"author":1,"featured_media":1233,"comment_status":"closed","ping_status":"open","sticky":false,"template":"","format":"standard","meta":{"footnotes":""},"categories":[1],"tags":[2268,2265,66,273,2266,2267,293,2018,2269,938,2026],"yoast_head":"<!-- This site is optimized with the Yoast SEO plugin v20.8 - https:\/\/yoast.com\/wordpress\/plugins\/seo\/ -->\n<title>Les utilisateurs d\u2019iPhone se plaignent du nouveau probl\u00e8me d\u2019iOS 17 qui les rend en retard au travail - Actualit\u00e9s - Joke Me<\/title>\n<meta name=\"robots\" content=\"index, follow, max-snippet:-1, max-image-preview:large, max-video-preview:-1\" \/>\n<link rel=\"canonical\" href=\"https:\/\/www.jokeme.fr\/actus\/les-utilisateurs-diphone-se-plaignent-du-nouveau-probleme-dios-17-qui-les-rend-en-retard-au-travail\/\" \/>\n<meta property=\"og:locale\" content=\"fr_FR\" \/>\n<meta property=\"og:type\" content=\"article\" \/>\n<meta property=\"og:title\" content=\"Les utilisateurs d\u2019iPhone se plaignent du nouveau probl\u00e8me d\u2019iOS 17 qui les rend en retard au travail - Actualit\u00e9s - Joke Me\" \/>\n<meta property=\"og:description\" content=\"Les utilisateurs d&rsquo;iPhone affirment avoir rencontr\u00e9 un probl\u00e8me inhabituel avec leurs appareils, les obligeant \u00e0 \u00eatre en retard au travail. Fondamentalement, il semble que certaines personnes remarquent que leur t\u00e9l\u00e9phone continue de s&rsquo;\u00e9teindre pendant la nuit, ce qui signifie que leur alarme ne se d\u00e9clenche pas. Les utilisateurs se sont tourn\u00e9s vers Reddit pour tenter ... Lire plus\" \/>\n<meta property=\"og:url\" content=\"https:\/\/www.jokeme.fr\/actus\/les-utilisateurs-diphone-se-plaignent-du-nouveau-probleme-dios-17-qui-les-rend-en-retard-au-travail\/\" \/>\n<meta property=\"og:site_name\" content=\"Actualit\u00e9s - Joke Me\" \/>\n<meta property=\"article:published_time\" content=\"2023-10-12T15:31:43+00:00\" \/>\n<meta property=\"article:modified_time\" content=\"2023-10-12T15:31:44+00:00\" \/>\n<meta property=\"og:image\" content=\"https:\/\/www.jokeme.fr\/actus\/wp-content\/uploads\/2023\/10\/Les-utilisateurs-diPhone-se-plaignent-du-nouveau-probleme-diOS-17.png\" \/>\n\t<meta property=\"og:image:width\" content=\"1200\" \/>\n\t<meta property=\"og:image:height\" content=\"674\" \/>\n\t<meta property=\"og:image:type\" content=\"image\/png\" \/>\n<meta name=\"author\" content=\"Didier\" \/>\n<meta name=\"twitter:card\" content=\"summary_large_image\" \/>\n<meta name=\"twitter:label1\" content=\"\u00c9crit par\" \/>\n\t<meta name=\"twitter:data1\" content=\"Didier\" \/>\n\t<meta name=\"twitter:label2\" content=\"Dur\u00e9e de lecture estim\u00e9e\" \/>\n\t<meta name=\"twitter:data2\" content=\"3 minutes\" \/>\n<script type=\"application\/ld+json\" class=\"yoast-schema-graph\">{\"@context\":\"https:\/\/schema.org\",\"@graph\":[{\"@type\":\"Article\",\"@id\":\"https:\/\/www.jokeme.fr\/actus\/les-utilisateurs-diphone-se-plaignent-du-nouveau-probleme-dios-17-qui-les-rend-en-retard-au-travail\/#article\",\"isPartOf\":{\"@id\":\"https:\/\/www.jokeme.fr\/actus\/les-utilisateurs-diphone-se-plaignent-du-nouveau-probleme-dios-17-qui-les-rend-en-retard-au-travail\/\"},\"author\":{\"name\":\"Didier\",\"@id\":\"https:\/\/www.jokeme.fr\/actus\/#\/schema\/person\/f0c6ad0d33ca144389e81e45a212928f\"},\"headline\":\"Les utilisateurs d\u2019iPhone se plaignent du nouveau probl\u00e8me d\u2019iOS 17 qui les rend en retard au travail\",\"datePublished\":\"2023-10-12T15:31:43+00:00\",\"dateModified\":\"2023-10-12T15:31:44+00:00\",\"mainEntityOfPage\":{\"@id\":\"https:\/\/www.jokeme.fr\/actus\/les-utilisateurs-diphone-se-plaignent-du-nouveau-probleme-dios-17-qui-les-rend-en-retard-au-travail\/\"},\"wordCount\":662,\"publisher\":{\"@id\":\"https:\/\/www.jokeme.fr\/actus\/#organization\"},\"keywords\":[\"diOS\",\"diPhone\",\"les\",\"nouveau\",\"plaignent\",\"probl\u00e8me\",\"qui\",\"rend\",\"retard\",\"travail\",\"utilisateurs\"],\"inLanguage\":\"fr-FR\"},{\"@type\":\"WebPage\",\"@id\":\"https:\/\/www.jokeme.fr\/actus\/les-utilisateurs-diphone-se-plaignent-du-nouveau-probleme-dios-17-qui-les-rend-en-retard-au-travail\/\",\"url\":\"https:\/\/www.jokeme.fr\/actus\/les-utilisateurs-diphone-se-plaignent-du-nouveau-probleme-dios-17-qui-les-rend-en-retard-au-travail\/\",\"name\":\"Les utilisateurs d\u2019iPhone se plaignent du nouveau probl\u00e8me d\u2019iOS 17 qui les rend en retard au travail - Actualit\u00e9s - Joke Me\",\"isPartOf\":{\"@id\":\"https:\/\/www.jokeme.fr\/actus\/#website\"},\"datePublished\":\"2023-10-12T15:31:43+00:00\",\"dateModified\":\"2023-10-12T15:31:44+00:00\",\"breadcrumb\":{\"@id\":\"https:\/\/www.jokeme.fr\/actus\/les-utilisateurs-diphone-se-plaignent-du-nouveau-probleme-dios-17-qui-les-rend-en-retard-au-travail\/#breadcrumb\"},\"inLanguage\":\"fr-FR\",\"potentialAction\":[{\"@type\":\"ReadAction\",\"target\":[\"https:\/\/www.jokeme.fr\/actus\/les-utilisateurs-diphone-se-plaignent-du-nouveau-probleme-dios-17-qui-les-rend-en-retard-au-travail\/\"]}]},{\"@type\":\"BreadcrumbList\",\"@id\":\"https:\/\/www.jokeme.fr\/actus\/les-utilisateurs-diphone-se-plaignent-du-nouveau-probleme-dios-17-qui-les-rend-en-retard-au-travail\/#breadcrumb\",\"itemListElement\":[{\"@type\":\"ListItem\",\"position\":1,\"name\":\"Accueil\",\"item\":\"https:\/\/www.jokeme.fr\/actus\/\"},{\"@type\":\"ListItem\",\"position\":2,\"name\":\"Les utilisateurs d\u2019iPhone se plaignent du nouveau probl\u00e8me d\u2019iOS 17 qui les rend en retard au travail\"}]},{\"@type\":\"WebSite\",\"@id\":\"https:\/\/www.jokeme.fr\/actus\/#website\",\"url\":\"https:\/\/www.jokeme.fr\/actus\/\",\"name\":\"Actualit\u00e9s - Joke Me\",\"description\":\"L&#039;actualit\u00e9 du rire\",\"publisher\":{\"@id\":\"https:\/\/www.jokeme.fr\/actus\/#organization\"},\"potentialAction\":[{\"@type\":\"SearchAction\",\"target\":{\"@type\":\"EntryPoint\",\"urlTemplate\":\"https:\/\/www.jokeme.fr\/actus\/?s={search_term_string}\"},\"query-input\":\"required name=search_term_string\"}],\"inLanguage\":\"fr-FR\"},{\"@type\":\"Organization\",\"@id\":\"https:\/\/www.jokeme.fr\/actus\/#organization\",\"name\":\"Actualit\u00e9s - Joke Me\",\"url\":\"https:\/\/www.jokeme.fr\/actus\/\",\"logo\":{\"@type\":\"ImageObject\",\"inLanguage\":\"fr-FR\",\"@id\":\"https:\/\/www.jokeme.fr\/actus\/#\/schema\/logo\/image\/\",\"url\":\"https:\/\/www.jokeme.fr\/actus\/wp-content\/uploads\/2023\/06\/cropped-Logo-Joke-Me.png\",\"contentUrl\":\"https:\/\/www.jokeme.fr\/actus\/wp-content\/uploads\/2023\/06\/cropped-Logo-Joke-Me.png\",\"width\":499,\"height\":363,\"caption\":\"Actualit\u00e9s - Joke Me\"},\"image\":{\"@id\":\"https:\/\/www.jokeme.fr\/actus\/#\/schema\/logo\/image\/\"}},{\"@type\":\"Person\",\"@id\":\"https:\/\/www.jokeme.fr\/actus\/#\/schema\/person\/f0c6ad0d33ca144389e81e45a212928f\",\"name\":\"Didier\",\"image\":{\"@type\":\"ImageObject\",\"inLanguage\":\"fr-FR\",\"@id\":\"https:\/\/www.jokeme.fr\/actus\/#\/schema\/person\/image\/\",\"url\":\"https:\/\/www.jokeme.fr\/actus\/wp-content\/uploads\/2024\/03\/jokeme-didier.jpg\",\"contentUrl\":\"https:\/\/www.jokeme.fr\/actus\/wp-content\/uploads\/2024\/03\/jokeme-didier.jpg\",\"caption\":\"Didier\"},\"description\":\"Didier, passionn\u00e9 de cin\u00e9ma, est un r\u00e9dacteur pour le m\u00e9dia Jokeme, o\u00f9 il partage sa passion \u00e0 travers des articles divertissants et informatifs. Ayant \u00e9tudi\u00e9 le journalisme, il allie sa formation \u00e0 sa passion pour offrir un contenu de qualit\u00e9 sur le monde du cin\u00e9ma.\",\"sameAs\":[\"https:\/\/www.jokeme.fr\/actus\"]}]}<\/script>\n<!-- \/ Yoast SEO plugin. -->","yoast_head_json":{"title":"Les utilisateurs d\u2019iPhone se plaignent du nouveau probl\u00e8me d\u2019iOS 17 qui les rend en retard au travail - Actualit\u00e9s - Joke Me","robots":{"index":"index","follow":"follow","max-snippet":"max-snippet:-1","max-image-preview":"max-image-preview:large","max-video-preview":"max-video-preview:-1"},"canonical":"https:\/\/www.jokeme.fr\/actus\/les-utilisateurs-diphone-se-plaignent-du-nouveau-probleme-dios-17-qui-les-rend-en-retard-au-travail\/","og_locale":"fr_FR","og_type":"article","og_title":"Les utilisateurs d\u2019iPhone se plaignent du nouveau probl\u00e8me d\u2019iOS 17 qui les rend en retard au travail - Actualit\u00e9s - Joke Me","og_description":"Les utilisateurs d&rsquo;iPhone affirment avoir rencontr\u00e9 un probl\u00e8me inhabituel avec leurs appareils, les obligeant \u00e0 \u00eatre en retard au travail. Fondamentalement, il semble que certaines personnes remarquent que leur t\u00e9l\u00e9phone continue de s&rsquo;\u00e9teindre pendant la nuit, ce qui signifie que leur alarme ne se d\u00e9clenche pas. Les utilisateurs se sont tourn\u00e9s vers Reddit pour tenter ... Lire plus","og_url":"https:\/\/www.jokeme.fr\/actus\/les-utilisateurs-diphone-se-plaignent-du-nouveau-probleme-dios-17-qui-les-rend-en-retard-au-travail\/","og_site_name":"Actualit\u00e9s - Joke Me","article_published_time":"2023-10-12T15:31:43+00:00","article_modified_time":"2023-10-12T15:31:44+00:00","og_image":[{"width":1200,"height":674,"url":"https:\/\/www.jokeme.fr\/actus\/wp-content\/uploads\/2023\/10\/Les-utilisateurs-diPhone-se-plaignent-du-nouveau-probleme-diOS-17.png","type":"image\/png"}],"author":"Didier","twitter_card":"summary_large_image","twitter_misc":{"\u00c9crit par":"Didier","Dur\u00e9e de lecture estim\u00e9e":"3 minutes"},"schema":{"@context":"https:\/\/schema.org","@graph":[{"@type":"Article","@id":"https:\/\/www.jokeme.fr\/actus\/les-utilisateurs-diphone-se-plaignent-du-nouveau-probleme-dios-17-qui-les-rend-en-retard-au-travail\/#article","isPartOf":{"@id":"https:\/\/www.jokeme.fr\/actus\/les-utilisateurs-diphone-se-plaignent-du-nouveau-probleme-dios-17-qui-les-rend-en-retard-au-travail\/"},"author":{"name":"Didier","@id":"https:\/\/www.jokeme.fr\/actus\/#\/schema\/person\/f0c6ad0d33ca144389e81e45a212928f"},"headline":"Les utilisateurs d\u2019iPhone se plaignent du nouveau probl\u00e8me d\u2019iOS 17 qui les rend en retard au travail","datePublished":"2023-10-12T15:31:43+00:00","dateModified":"2023-10-12T15:31:44+00:00","mainEntityOfPage":{"@id":"https:\/\/www.jokeme.fr\/actus\/les-utilisateurs-diphone-se-plaignent-du-nouveau-probleme-dios-17-qui-les-rend-en-retard-au-travail\/"},"wordCount":662,"publisher":{"@id":"https:\/\/www.jokeme.fr\/actus\/#organization"},"keywords":["diOS","diPhone","les","nouveau","plaignent","probl\u00e8me","qui","rend","retard","travail","utilisateurs"],"inLanguage":"fr-FR"},{"@type":"WebPage","@id":"https:\/\/www.jokeme.fr\/actus\/les-utilisateurs-diphone-se-plaignent-du-nouveau-probleme-dios-17-qui-les-rend-en-retard-au-travail\/","url":"https:\/\/www.jokeme.fr\/actus\/les-utilisateurs-diphone-se-plaignent-du-nouveau-probleme-dios-17-qui-les-rend-en-retard-au-travail\/","name":"Les utilisateurs d\u2019iPhone se plaignent du nouveau probl\u00e8me d\u2019iOS 17 qui les rend en retard au travail - Actualit\u00e9s - Joke Me","isPartOf":{"@id":"https:\/\/www.jokeme.fr\/actus\/#website"},"datePublished":"2023-10-12T15:31:43+00:00","dateModified":"2023-10-12T15:31:44+00:00","breadcrumb":{"@id":"https:\/\/www.jokeme.fr\/actus\/les-utilisateurs-diphone-se-plaignent-du-nouveau-probleme-dios-17-qui-les-rend-en-retard-au-travail\/#breadcrumb"},"inLanguage":"fr-FR","potentialAction":[{"@type":"ReadAction","target":["https:\/\/www.jokeme.fr\/actus\/les-utilisateurs-diphone-se-plaignent-du-nouveau-probleme-dios-17-qui-les-rend-en-retard-au-travail\/"]}]},{"@type":"BreadcrumbList","@id":"https:\/\/www.jokeme.fr\/actus\/les-utilisateurs-diphone-se-plaignent-du-nouveau-probleme-dios-17-qui-les-rend-en-retard-au-travail\/#breadcrumb","itemListElement":[{"@type":"ListItem","position":1,"name":"Accueil","item":"https:\/\/www.jokeme.fr\/actus\/"},{"@type":"ListItem","position":2,"name":"Les utilisateurs d\u2019iPhone se plaignent du nouveau probl\u00e8me d\u2019iOS 17 qui les rend en retard au travail"}]},{"@type":"WebSite","@id":"https:\/\/www.jokeme.fr\/actus\/#website","url":"https:\/\/www.jokeme.fr\/actus\/","name":"Actualit\u00e9s - Joke Me","description":"L&#039;actualit\u00e9 du rire","publisher":{"@id":"https:\/\/www.jokeme.fr\/actus\/#organization"},"potentialAction":[{"@type":"SearchAction","target":{"@type":"EntryPoint","urlTemplate":"https:\/\/www.jokeme.fr\/actus\/?s={search_term_string}"},"query-input":"required name=search_term_string"}],"inLanguage":"fr-FR"},{"@type":"Organization","@id":"https:\/\/www.jokeme.fr\/actus\/#organization","name":"Actualit\u00e9s - Joke Me","url":"https:\/\/www.jokeme.fr\/actus\/","logo":{"@type":"ImageObject","inLanguage":"fr-FR","@id":"https:\/\/www.jokeme.fr\/actus\/#\/schema\/logo\/image\/","url":"https:\/\/www.jokeme.fr\/actus\/wp-content\/uploads\/2023\/06\/cropped-Logo-Joke-Me.png","contentUrl":"https:\/\/www.jokeme.fr\/actus\/wp-content\/uploads\/2023\/06\/cropped-Logo-Joke-Me.png","width":499,"height":363,"caption":"Actualit\u00e9s - Joke Me"},"image":{"@id":"https:\/\/www.jokeme.fr\/actus\/#\/schema\/logo\/image\/"}},{"@type":"Person","@id":"https:\/\/www.jokeme.fr\/actus\/#\/schema\/person\/f0c6ad0d33ca144389e81e45a212928f","name":"Didier","image":{"@type":"ImageObject","inLanguage":"fr-FR","@id":"https:\/\/www.jokeme.fr\/actus\/#\/schema\/person\/image\/","url":"https:\/\/www.jokeme.fr\/actus\/wp-content\/uploads\/2024\/03\/jokeme-didier.jpg","contentUrl":"https:\/\/www.jokeme.fr\/actus\/wp-content\/uploads\/2024\/03\/jokeme-didier.jpg","caption":"Didier"},"description":"Didier, passionn\u00e9 de cin\u00e9ma, est un r\u00e9dacteur pour le m\u00e9dia Jokeme, o\u00f9 il partage sa passion \u00e0 travers des articles divertissants et informatifs. Ayant \u00e9tudi\u00e9 le journalisme, il allie sa formation \u00e0 sa passion pour offrir un contenu de qualit\u00e9 sur le monde du cin\u00e9ma.","sameAs":["https:\/\/www.jokeme.fr\/actus"]}]}},"_links":{"self":[{"href":"https:\/\/www.jokeme.fr\/actus\/wp-json\/wp\/v2\/posts\/1232"}],"collection":[{"href":"https:\/\/www.jokeme.fr\/actus\/wp-json\/wp\/v2\/posts"}],"about":[{"href":"https:\/\/www.jokeme.fr\/actus\/wp-json\/wp\/v2\/types\/post"}],"author":[{"embeddable":true,"href":"https:\/\/www.jokeme.fr\/actus\/wp-json\/wp\/v2\/users\/1"}],"replies":[{"embeddable":true,"href":"https:\/\/www.jokeme.fr\/actus\/wp-json\/wp\/v2\/comments?post=1232"}],"version-history":[{"count":1,"href":"https:\/\/www.jokeme.fr\/actus\/wp-json\/wp\/v2\/posts\/1232\/revisions"}],"predecessor-version":[{"id":1234,"href":"https:\/\/www.jokeme.fr\/actus\/wp-json\/wp\/v2\/posts\/1232\/revisions\/1234"}],"wp:featuredmedia":[{"embeddable":true,"href":"https:\/\/www.jokeme.fr\/actus\/wp-json\/wp\/v2\/media\/1233"}],"wp:attachment":[{"href":"https:\/\/www.jokeme.fr\/actus\/wp-json\/wp\/v2\/media?parent=1232"}],"wp:term":[{"taxonomy":"category","embeddable":true,"href":"https:\/\/www.jokeme.fr\/actus\/wp-json\/wp\/v2\/categories?post=1232"},{"taxonomy":"post_tag","embeddable":true,"href":"https:\/\/www.jokeme.fr\/actus\/wp-json\/wp\/v2\/tags?post=1232"}],"curies":[{"name":"wp","href":"https:\/\/api.w.org\/{rel}","templated":true}]}}