{"id":1238,"date":"2023-10-13T13:09:47","date_gmt":"2023-10-13T11:09:47","guid":{"rendered":"https:\/\/www.jokeme.fr\/actus\/pourquoi-le-vendredi-13-porte-malheur\/"},"modified":"2023-10-13T13:09:49","modified_gmt":"2023-10-13T11:09:49","slug":"pourquoi-le-vendredi-13-porte-malheur","status":"publish","type":"post","link":"https:\/\/www.jokeme.fr\/actus\/pourquoi-le-vendredi-13-porte-malheur\/","title":{"rendered":"Pourquoi le vendredi 13 porte malheur"},"content":{"rendered":"<div>\n<div class=\"css-12zje5r\">\n<p>Il est associ\u00e9 \u00e0 la malchance, \u00e0 la trahison et \u00e0 un nombre \u00e0 deux chiffres qui fait craindre Dieu \u00e0 certaines personnes.<\/p>\n<\/div>\n<div class=\"css-12zje5r\">\n<p>C&rsquo;est la deuxi\u00e8me fois cette ann\u00e9e que cette date redoutable appara\u00eet sur nos calendriers.<\/p>\n<\/div>\n<div class=\"css-12zje5r\">\n<p>Ceux qui ont un penchant pour la superstition feront preuve de prudence dans leurs activit\u00e9s quotidiennes aujourd&rsquo;hui et \u00e9viteront probablement les chats noirs comme si leur vie en d\u00e9pendait.<\/p>\n<\/div>\n<div class=\"css-12zje5r\">\n<p>Mais pourquoi cette date tant redout\u00e9e est-elle consid\u00e9r\u00e9e comme si malheureuse ?  Eh bien, il y a plusieurs raisons.<\/p>\n<\/div>\n<figure class=\"css-1ey54xo\"><picture class=\"css-1x72e95\"><source  media=\"(min-width: 0px) and (max-width: 380px) and (max-resolution: 1dppx)\" type=\"image\/webp\"\/><source  media=\"(min-width: 0px) and (max-width: 380px) and (max-resolution: 1dppx)\" type=\"image\/jpeg\"\/><source  media=\"(min-width: 0px) and (max-width: 380px) and (-webkit-max-device-pixel-ratio: 1)\" type=\"image\/webp\"\/><source  media=\"(min-width: 0px) and (max-width: 380px) and (-webkit-max-device-pixel-ratio: 1)\" type=\"image\/jpeg\"\/><source  media=\"(min-width: 0px) and (max-width: 380px) and (max-resolution: 3dppx)\" type=\"image\/webp\"\/><source  media=\"(min-width: 0px) and (max-width: 380px) and (max-resolution: 3dppx)\" type=\"image\/jpeg\"\/><source  media=\"(min-width: 0px) and (max-width: 380px) and (-webkit-max-device-pixel-ratio: 3)\" type=\"image\/webp\"\/><source  media=\"(min-width: 0px) and (max-width: 380px) and (-webkit-max-device-pixel-ratio: 3)\" type=\"image\/jpeg\"\/><source  media=\"(min-width: 380px) and (min-resolution: 2dppx)\" type=\"image\/webp\"\/><source  media=\"(min-width: 380px) and (min-resolution: 2dppx)\" type=\"image\/jpeg\"\/><source  media=\"(min-width: 380px) and (-webkit-min-device-pixel-ratio: 2)\" type=\"image\/webp\"\/><source  media=\"(min-width: 380px) and (-webkit-min-device-pixel-ratio: 2)\" type=\"image\/jpeg\"\/><source  type=\"image\/webp\"\/><source  type=\"image\/jpeg\"\/><\/picture><figcaption class=\"css-1hkjxsv\">Il existe toute une s\u00e9rie de th\u00e9ories expliquant pourquoi cette date est consid\u00e9r\u00e9e comme si malchanceuse.  Cr\u00e9dit\u00a0: images d\u2019archives Getty<\/figcaption><\/figure>\n<div class=\"css-c2lb2p\">\n<p>De nombreuses personnes ont \u00e9t\u00e9 frapp\u00e9es par le malheur le vendredi 13 tout au long de l&rsquo;histoire, mais revenons au tout d\u00e9but.<\/p>\n<\/div>\n<div class=\"css-12zje5r\">\n<p>Cela commence par un mythe nordique selon lequel 12 dieux se r\u00e9unissent pour un d\u00eener, qui a \u00e9t\u00e9 interrompu par un invit\u00e9 non invit\u00e9.<\/p>\n<\/div>\n<div class=\"css-c2lb2p\">\n<p>Le dieu du mal, de la tromperie et de la tromperie &#8211; Loki &#8211; est arriv\u00e9 et a fait assassiner l&rsquo;un des h\u00f4tes.<\/p>\n<\/div>\n<div class=\"css-c2lb2p\">\n<p>Pensez \u00e0 un <em>Viens diner avec moi<\/em> \u00e9pisode, mais avec un arc et des fl\u00e8ches plut\u00f4t qu&rsquo;une guerre verbale.<\/p>\n<\/div>\n<div class=\"css-12zje5r\">\n<p>Alors que le 13\u00e8me invit\u00e9 importun faisait des ravages lors de la f\u00eate, c&rsquo;est l\u00e0 que le num\u00e9ro aurait commenc\u00e9 \u00e0 avoir une mauvaise r\u00e9putation.<\/p>\n<\/div>\n<div class=\"css-12zje5r\">\n<p>Je veux dire, 13 semble m\u00eame suspect, n&rsquo;est-ce pas ?<\/p>\n<\/div>\n<div class=\"css-12zje5r\">\n<p>Un incident similaire s&rsquo;est produit lors de la derni\u00e8re C\u00e8ne de J\u00e9sus lorsqu&rsquo;il s&rsquo;est assis avec ses 12 disciples, seulement pour que Judas le poignarde dans le dos.<\/p>\n<\/div>\n<div class=\"css-12zje5r\">\n<p>Ces d\u00eeners d\u00e9sastreux ont suscit\u00e9 la superstition selon laquelle avoir 13 convives \u00e0 une table est de mauvais augure.<\/p>\n<\/div>\n<div class=\"css-12zje5r\">\n<p>Mais les mythes entourant le vendredi 13 n&rsquo;impliquent pas tous de la nourriture, du vin et un banc suffisamment grand pour accueillir plus d&rsquo;une douzaine d&rsquo;invit\u00e9s.<\/p>\n<\/div>\n<figure class=\"css-1ey54xo\"><picture class=\"css-1x72e95\"><source  media=\"(min-width: 0px) and (max-width: 380px) and (max-resolution: 1dppx)\" type=\"image\/webp\"\/><source  media=\"(min-width: 0px) and (max-width: 380px) and (max-resolution: 1dppx)\" type=\"image\/jpeg\"\/><source  media=\"(min-width: 0px) and (max-width: 380px) and (-webkit-max-device-pixel-ratio: 1)\" type=\"image\/webp\"\/><source  media=\"(min-width: 0px) and (max-width: 380px) and (-webkit-max-device-pixel-ratio: 1)\" type=\"image\/jpeg\"\/><source  media=\"(min-width: 0px) and (max-width: 380px) and (max-resolution: 3dppx)\" type=\"image\/webp\"\/><source  media=\"(min-width: 0px) and (max-width: 380px) and (max-resolution: 3dppx)\" type=\"image\/jpeg\"\/><source  media=\"(min-width: 0px) and (max-width: 380px) and (-webkit-max-device-pixel-ratio: 3)\" type=\"image\/webp\"\/><source  media=\"(min-width: 0px) and (max-width: 380px) and (-webkit-max-device-pixel-ratio: 3)\" type=\"image\/jpeg\"\/><source  media=\"(min-width: 380px) and (min-resolution: 2dppx)\" type=\"image\/webp\"\/><source  media=\"(min-width: 380px) and (min-resolution: 2dppx)\" type=\"image\/jpeg\"\/><source  media=\"(min-width: 380px) and (-webkit-min-device-pixel-ratio: 2)\" type=\"image\/webp\"\/><source  media=\"(min-width: 380px) and (-webkit-min-device-pixel-ratio: 2)\" type=\"image\/jpeg\"\/><source  type=\"image\/webp\"\/><source  type=\"image\/jpeg\"\/><img decoding=\"async\" src=\"https:\/\/www.jokeme.fr\/actus\/wp-content\/uploads\/2023\/10\/1697195387_889_Pourquoi-le-vendredi-13-porte-malheur.jpeg\" alt=\"Certaines personnes ont tellement peur du chiffre 13 qu\u2019il a sa propre phobie.  Cr\u00e9dit\u00a0: images d\u2019archives Getty\" loading=\"lazy\"\/><\/picture><figcaption class=\"css-1hkjxsv\">Certaines personnes ont tellement peur du chiffre 13 qu\u2019il a sa propre phobie.  Cr\u00e9dit\u00a0: images d\u2019archives Getty<\/figcaption><\/figure>\n<div class=\"css-c2lb2p\">\n<p>En octobre 1307, le roi Philippe IV de France ordonna l&rsquo;arrestation d&rsquo;un ordre militaire catholique, connu sous le nom de Templiers.<\/p>\n<\/div>\n<div class=\"css-12zje5r\">\n<p>Des centaines de membres ont \u00e9t\u00e9 arr\u00eat\u00e9s et tortur\u00e9s pour obtenir de faux aveux avant d&rsquo;\u00eatre br\u00fbl\u00e9s vifs.<\/p>\n<\/div>\n<div class=\"css-12zje5r\">\n<p>Une s\u00e9rie d&rsquo;autres \u00e9v\u00e9nements malheureux ont suivi le vendredi 13, il n&rsquo;est donc pas \u00e9tonnant que les gens se m\u00e9fient.<\/p>\n<\/div>\n<div class=\"css-c2lb2p\">\n<p>C&rsquo;est la date \u00e0 laquelle la l\u00e9gende du rap Tupac Shakur a succomb\u00e9 \u00e0 ses blessures en 1996, six jours apr\u00e8s avoir \u00e9t\u00e9 abattu de plusieurs balles lors d&rsquo;une fusillade en voiture \u00e0 Las Vegas.<\/p>\n<\/div>\n<div class=\"css-12zje5r\">\n<p>Un avion de l&rsquo;arm\u00e9e de l&rsquo;air uruguayenne a \u00e9galement \u00ab disparu \u00bb au-dessus des Andes le vendredi 13 octobre 1972.<\/p>\n<\/div>\n<figure class=\"css-1ey54xo\"><picture class=\"css-1x72e95\"><source  media=\"(min-width: 0px) and (max-width: 380px) and (max-resolution: 1dppx)\" type=\"image\/webp\"\/><source  media=\"(min-width: 0px) and (max-width: 380px) and (max-resolution: 1dppx)\" type=\"image\/jpeg\"\/><source  media=\"(min-width: 0px) and (max-width: 380px) and (-webkit-max-device-pixel-ratio: 1)\" type=\"image\/webp\"\/><source  media=\"(min-width: 0px) and (max-width: 380px) and (-webkit-max-device-pixel-ratio: 1)\" type=\"image\/jpeg\"\/><source  media=\"(min-width: 0px) and (max-width: 380px) and (max-resolution: 3dppx)\" type=\"image\/webp\"\/><source  media=\"(min-width: 0px) and (max-width: 380px) and (max-resolution: 3dppx)\" type=\"image\/jpeg\"\/><source  media=\"(min-width: 0px) and (max-width: 380px) and (-webkit-max-device-pixel-ratio: 3)\" type=\"image\/webp\"\/><source  media=\"(min-width: 0px) and (max-width: 380px) and (-webkit-max-device-pixel-ratio: 3)\" type=\"image\/jpeg\"\/><source  media=\"(min-width: 380px) and (min-resolution: 2dppx)\" type=\"image\/webp\"\/><source  media=\"(min-width: 380px) and (min-resolution: 2dppx)\" type=\"image\/jpeg\"\/><source  media=\"(min-width: 380px) and (-webkit-min-device-pixel-ratio: 2)\" type=\"image\/webp\"\/><source  media=\"(min-width: 380px) and (-webkit-min-device-pixel-ratio: 2)\" type=\"image\/jpeg\"\/><source  type=\"image\/webp\"\/><source  type=\"image\/jpeg\"\/><img decoding=\"async\" src=\"https:\/\/www.jokeme.fr\/actus\/wp-content\/uploads\/2023\/10\/1697195387_947_Pourquoi-le-vendredi-13-porte-malheur.jpeg\" alt=\"Une s\u00e9rie d'\u00e9v\u00e9nements malheureux ont eu lieu le vendredi 13 au fil des ans.  Cr\u00e9dit\u00a0: images d\u2019archives Getty\" loading=\"lazy\"\/><\/picture><figcaption class=\"css-1hkjxsv\">Une s\u00e9rie d&rsquo;\u00e9v\u00e9nements malheureux ont eu lieu le vendredi 13 au fil des ans.  Cr\u00e9dit\u00a0: images d\u2019archives Getty<\/figcaption><\/figure>\n<div class=\"css-12zje5r\">\n<p>Et, en 2010, la foudre a frapp\u00e9 un gar\u00e7on de 13 ans du Suffolk le vendredi 13, \u00e0 13h13.<\/p>\n<\/div>\n<div class=\"css-12zje5r\">\n<p>Pour \u00eatre honn\u00eate, avec le bilan du vendredi 13, pouvez-vous reprocher aux gens d&rsquo;\u00eatre nerveux ?<\/p>\n<\/div>\n<div class=\"css-12zje5r\">\n<p>Certaines personnes sont tellement terrifi\u00e9es par le chiffre 13 qu\u2019il a sa propre phobie, connue sous le nom de triskaidekaphobie.<\/p>\n<\/div>\n<div class=\"css-c2lb2p\">\n<p>De nombreuses compagnies a\u00e9riennes, dont Ryanair, Air France et Lufthansa, semblent \u00e9galement superstitieuses, car elles ont \u00e9vit\u00e9 d&rsquo;ajouter une rang\u00e9e 13 \u00e0 leurs avions.<\/p>\n<\/div>\n<div class=\"css-12zje5r\">\n<p>Il est \u00e9galement connu que les paquebots de croisi\u00e8re, les h\u00f4tels et les fabricants d&rsquo;ascenseurs omettent le 13\u00e8me \u00e9tage.<\/p>\n<\/div>\n<div class=\"css-c2lb2p\">\n<p>Mais tout le monde n\u2019est pas terrifi\u00e9 par les chiffres \u00e0 deux chiffres \u2013 car Taylor Swift les pr\u00e9sente comme son chiffre porte-bonheur.<\/p>\n<\/div>\n<div class=\"css-12zje5r\">\n<p>Elle est n\u00e9e le 13, a eu 13 ans le vendredi 13, son premier album est devenu disque d&rsquo;or en 13 semaines et sa premi\u00e8re chanson num\u00e9ro un avait une intro de 13 secondes.<\/p>\n<\/div>\n<div class=\"css-12zje5r\">\n<p>Pourquoi ne partages-tu pas une partie de cette chance, hein Taylor\u00a0?<\/p>\n<\/div>\n<\/div>\n","protected":false},"excerpt":{"rendered":"<p>Il est associ\u00e9 \u00e0 la malchance, \u00e0 la trahison et \u00e0 un nombre \u00e0 deux chiffres qui fait craindre Dieu \u00e0 certaines personnes. C&rsquo;est la deuxi\u00e8me fois cette ann\u00e9e que cette date redoutable appara\u00eet sur nos calendriers. Ceux qui ont un penchant pour la superstition feront preuve de prudence dans leurs activit\u00e9s quotidiennes aujourd&rsquo;hui et &#8230; <a title=\"Pourquoi le vendredi 13 porte malheur\" class=\"read-more\" href=\"https:\/\/www.jokeme.fr\/actus\/pourquoi-le-vendredi-13-porte-malheur\/\" aria-label=\"Plus sur Pourquoi le vendredi 13 porte malheur\">Lire plus<\/a><\/p>\n","protected":false},"author":1,"featured_media":1239,"comment_status":"closed","ping_status":"open","sticky":false,"template":"","format":"standard","meta":{"footnotes":""},"categories":[1],"tags":[2274,1010,384,2273],"yoast_head":"<!-- This site is optimized with the Yoast SEO plugin v20.8 - https:\/\/yoast.com\/wordpress\/plugins\/seo\/ -->\n<title>Pourquoi le vendredi 13 porte malheur - Actualit\u00e9s - Joke Me<\/title>\n<meta name=\"robots\" content=\"index, follow, max-snippet:-1, max-image-preview:large, max-video-preview:-1\" \/>\n<link rel=\"canonical\" href=\"https:\/\/www.jokeme.fr\/actus\/pourquoi-le-vendredi-13-porte-malheur\/\" \/>\n<meta property=\"og:locale\" content=\"fr_FR\" \/>\n<meta property=\"og:type\" content=\"article\" \/>\n<meta property=\"og:title\" content=\"Pourquoi le vendredi 13 porte malheur - Actualit\u00e9s - Joke Me\" \/>\n<meta property=\"og:description\" content=\"Il est associ\u00e9 \u00e0 la malchance, \u00e0 la trahison et \u00e0 un nombre \u00e0 deux chiffres qui fait craindre Dieu \u00e0 certaines personnes. C&rsquo;est la deuxi\u00e8me fois cette ann\u00e9e que cette date redoutable appara\u00eet sur nos calendriers. Ceux qui ont un penchant pour la superstition feront preuve de prudence dans leurs activit\u00e9s quotidiennes aujourd&rsquo;hui et ... Lire plus\" \/>\n<meta property=\"og:url\" content=\"https:\/\/www.jokeme.fr\/actus\/pourquoi-le-vendredi-13-porte-malheur\/\" \/>\n<meta property=\"og:site_name\" content=\"Actualit\u00e9s - Joke Me\" \/>\n<meta property=\"article:published_time\" content=\"2023-10-13T11:09:47+00:00\" \/>\n<meta property=\"article:modified_time\" content=\"2023-10-13T11:09:49+00:00\" \/>\n<meta property=\"og:image\" content=\"https:\/\/www.jokeme.fr\/actus\/wp-content\/uploads\/2023\/10\/Pourquoi-le-vendredi-13-porte-malheur.png\" \/>\n\t<meta property=\"og:image:width\" content=\"1200\" \/>\n\t<meta property=\"og:image:height\" content=\"674\" \/>\n\t<meta property=\"og:image:type\" content=\"image\/png\" \/>\n<meta name=\"author\" content=\"Didier\" \/>\n<meta name=\"twitter:card\" content=\"summary_large_image\" \/>\n<meta name=\"twitter:label1\" content=\"\u00c9crit par\" \/>\n\t<meta name=\"twitter:data1\" content=\"Didier\" \/>\n\t<meta name=\"twitter:label2\" content=\"Dur\u00e9e de lecture estim\u00e9e\" \/>\n\t<meta name=\"twitter:data2\" content=\"3 minutes\" \/>\n<script type=\"application\/ld+json\" class=\"yoast-schema-graph\">{\"@context\":\"https:\/\/schema.org\",\"@graph\":[{\"@type\":\"Article\",\"@id\":\"https:\/\/www.jokeme.fr\/actus\/pourquoi-le-vendredi-13-porte-malheur\/#article\",\"isPartOf\":{\"@id\":\"https:\/\/www.jokeme.fr\/actus\/pourquoi-le-vendredi-13-porte-malheur\/\"},\"author\":{\"name\":\"Didier\",\"@id\":\"https:\/\/www.jokeme.fr\/actus\/#\/schema\/person\/f0c6ad0d33ca144389e81e45a212928f\"},\"headline\":\"Pourquoi le vendredi 13 porte malheur\",\"datePublished\":\"2023-10-13T11:09:47+00:00\",\"dateModified\":\"2023-10-13T11:09:49+00:00\",\"mainEntityOfPage\":{\"@id\":\"https:\/\/www.jokeme.fr\/actus\/pourquoi-le-vendredi-13-porte-malheur\/\"},\"wordCount\":642,\"publisher\":{\"@id\":\"https:\/\/www.jokeme.fr\/actus\/#organization\"},\"keywords\":[\"malheur\",\"porte\",\"pourquoi\",\"vendredi\"],\"inLanguage\":\"fr-FR\"},{\"@type\":\"WebPage\",\"@id\":\"https:\/\/www.jokeme.fr\/actus\/pourquoi-le-vendredi-13-porte-malheur\/\",\"url\":\"https:\/\/www.jokeme.fr\/actus\/pourquoi-le-vendredi-13-porte-malheur\/\",\"name\":\"Pourquoi le vendredi 13 porte malheur - Actualit\u00e9s - Joke Me\",\"isPartOf\":{\"@id\":\"https:\/\/www.jokeme.fr\/actus\/#website\"},\"datePublished\":\"2023-10-13T11:09:47+00:00\",\"dateModified\":\"2023-10-13T11:09:49+00:00\",\"breadcrumb\":{\"@id\":\"https:\/\/www.jokeme.fr\/actus\/pourquoi-le-vendredi-13-porte-malheur\/#breadcrumb\"},\"inLanguage\":\"fr-FR\",\"potentialAction\":[{\"@type\":\"ReadAction\",\"target\":[\"https:\/\/www.jokeme.fr\/actus\/pourquoi-le-vendredi-13-porte-malheur\/\"]}]},{\"@type\":\"BreadcrumbList\",\"@id\":\"https:\/\/www.jokeme.fr\/actus\/pourquoi-le-vendredi-13-porte-malheur\/#breadcrumb\",\"itemListElement\":[{\"@type\":\"ListItem\",\"position\":1,\"name\":\"Accueil\",\"item\":\"https:\/\/www.jokeme.fr\/actus\/\"},{\"@type\":\"ListItem\",\"position\":2,\"name\":\"Pourquoi le vendredi 13 porte malheur\"}]},{\"@type\":\"WebSite\",\"@id\":\"https:\/\/www.jokeme.fr\/actus\/#website\",\"url\":\"https:\/\/www.jokeme.fr\/actus\/\",\"name\":\"Actualit\u00e9s - Joke Me\",\"description\":\"L&#039;actualit\u00e9 du rire\",\"publisher\":{\"@id\":\"https:\/\/www.jokeme.fr\/actus\/#organization\"},\"potentialAction\":[{\"@type\":\"SearchAction\",\"target\":{\"@type\":\"EntryPoint\",\"urlTemplate\":\"https:\/\/www.jokeme.fr\/actus\/?s={search_term_string}\"},\"query-input\":\"required name=search_term_string\"}],\"inLanguage\":\"fr-FR\"},{\"@type\":\"Organization\",\"@id\":\"https:\/\/www.jokeme.fr\/actus\/#organization\",\"name\":\"Actualit\u00e9s - Joke Me\",\"url\":\"https:\/\/www.jokeme.fr\/actus\/\",\"logo\":{\"@type\":\"ImageObject\",\"inLanguage\":\"fr-FR\",\"@id\":\"https:\/\/www.jokeme.fr\/actus\/#\/schema\/logo\/image\/\",\"url\":\"https:\/\/www.jokeme.fr\/actus\/wp-content\/uploads\/2023\/06\/cropped-Logo-Joke-Me.png\",\"contentUrl\":\"https:\/\/www.jokeme.fr\/actus\/wp-content\/uploads\/2023\/06\/cropped-Logo-Joke-Me.png\",\"width\":499,\"height\":363,\"caption\":\"Actualit\u00e9s - Joke Me\"},\"image\":{\"@id\":\"https:\/\/www.jokeme.fr\/actus\/#\/schema\/logo\/image\/\"}},{\"@type\":\"Person\",\"@id\":\"https:\/\/www.jokeme.fr\/actus\/#\/schema\/person\/f0c6ad0d33ca144389e81e45a212928f\",\"name\":\"Didier\",\"image\":{\"@type\":\"ImageObject\",\"inLanguage\":\"fr-FR\",\"@id\":\"https:\/\/www.jokeme.fr\/actus\/#\/schema\/person\/image\/\",\"url\":\"https:\/\/www.jokeme.fr\/actus\/wp-content\/uploads\/2024\/03\/jokeme-didier.jpg\",\"contentUrl\":\"https:\/\/www.jokeme.fr\/actus\/wp-content\/uploads\/2024\/03\/jokeme-didier.jpg\",\"caption\":\"Didier\"},\"description\":\"Didier, passionn\u00e9 de cin\u00e9ma, est un r\u00e9dacteur pour le m\u00e9dia Jokeme, o\u00f9 il partage sa passion \u00e0 travers des articles divertissants et informatifs. Ayant \u00e9tudi\u00e9 le journalisme, il allie sa formation \u00e0 sa passion pour offrir un contenu de qualit\u00e9 sur le monde du cin\u00e9ma.\",\"sameAs\":[\"https:\/\/www.jokeme.fr\/actus\"]}]}<\/script>\n<!-- \/ Yoast SEO plugin. -->","yoast_head_json":{"title":"Pourquoi le vendredi 13 porte malheur - Actualit\u00e9s - Joke Me","robots":{"index":"index","follow":"follow","max-snippet":"max-snippet:-1","max-image-preview":"max-image-preview:large","max-video-preview":"max-video-preview:-1"},"canonical":"https:\/\/www.jokeme.fr\/actus\/pourquoi-le-vendredi-13-porte-malheur\/","og_locale":"fr_FR","og_type":"article","og_title":"Pourquoi le vendredi 13 porte malheur - Actualit\u00e9s - Joke Me","og_description":"Il est associ\u00e9 \u00e0 la malchance, \u00e0 la trahison et \u00e0 un nombre \u00e0 deux chiffres qui fait craindre Dieu \u00e0 certaines personnes. C&rsquo;est la deuxi\u00e8me fois cette ann\u00e9e que cette date redoutable appara\u00eet sur nos calendriers. Ceux qui ont un penchant pour la superstition feront preuve de prudence dans leurs activit\u00e9s quotidiennes aujourd&rsquo;hui et ... Lire plus","og_url":"https:\/\/www.jokeme.fr\/actus\/pourquoi-le-vendredi-13-porte-malheur\/","og_site_name":"Actualit\u00e9s - Joke Me","article_published_time":"2023-10-13T11:09:47+00:00","article_modified_time":"2023-10-13T11:09:49+00:00","og_image":[{"width":1200,"height":674,"url":"https:\/\/www.jokeme.fr\/actus\/wp-content\/uploads\/2023\/10\/Pourquoi-le-vendredi-13-porte-malheur.png","type":"image\/png"}],"author":"Didier","twitter_card":"summary_large_image","twitter_misc":{"\u00c9crit par":"Didier","Dur\u00e9e de lecture estim\u00e9e":"3 minutes"},"schema":{"@context":"https:\/\/schema.org","@graph":[{"@type":"Article","@id":"https:\/\/www.jokeme.fr\/actus\/pourquoi-le-vendredi-13-porte-malheur\/#article","isPartOf":{"@id":"https:\/\/www.jokeme.fr\/actus\/pourquoi-le-vendredi-13-porte-malheur\/"},"author":{"name":"Didier","@id":"https:\/\/www.jokeme.fr\/actus\/#\/schema\/person\/f0c6ad0d33ca144389e81e45a212928f"},"headline":"Pourquoi le vendredi 13 porte malheur","datePublished":"2023-10-13T11:09:47+00:00","dateModified":"2023-10-13T11:09:49+00:00","mainEntityOfPage":{"@id":"https:\/\/www.jokeme.fr\/actus\/pourquoi-le-vendredi-13-porte-malheur\/"},"wordCount":642,"publisher":{"@id":"https:\/\/www.jokeme.fr\/actus\/#organization"},"keywords":["malheur","porte","pourquoi","vendredi"],"inLanguage":"fr-FR"},{"@type":"WebPage","@id":"https:\/\/www.jokeme.fr\/actus\/pourquoi-le-vendredi-13-porte-malheur\/","url":"https:\/\/www.jokeme.fr\/actus\/pourquoi-le-vendredi-13-porte-malheur\/","name":"Pourquoi le vendredi 13 porte malheur - Actualit\u00e9s - Joke Me","isPartOf":{"@id":"https:\/\/www.jokeme.fr\/actus\/#website"},"datePublished":"2023-10-13T11:09:47+00:00","dateModified":"2023-10-13T11:09:49+00:00","breadcrumb":{"@id":"https:\/\/www.jokeme.fr\/actus\/pourquoi-le-vendredi-13-porte-malheur\/#breadcrumb"},"inLanguage":"fr-FR","potentialAction":[{"@type":"ReadAction","target":["https:\/\/www.jokeme.fr\/actus\/pourquoi-le-vendredi-13-porte-malheur\/"]}]},{"@type":"BreadcrumbList","@id":"https:\/\/www.jokeme.fr\/actus\/pourquoi-le-vendredi-13-porte-malheur\/#breadcrumb","itemListElement":[{"@type":"ListItem","position":1,"name":"Accueil","item":"https:\/\/www.jokeme.fr\/actus\/"},{"@type":"ListItem","position":2,"name":"Pourquoi le vendredi 13 porte malheur"}]},{"@type":"WebSite","@id":"https:\/\/www.jokeme.fr\/actus\/#website","url":"https:\/\/www.jokeme.fr\/actus\/","name":"Actualit\u00e9s - Joke Me","description":"L&#039;actualit\u00e9 du rire","publisher":{"@id":"https:\/\/www.jokeme.fr\/actus\/#organization"},"potentialAction":[{"@type":"SearchAction","target":{"@type":"EntryPoint","urlTemplate":"https:\/\/www.jokeme.fr\/actus\/?s={search_term_string}"},"query-input":"required name=search_term_string"}],"inLanguage":"fr-FR"},{"@type":"Organization","@id":"https:\/\/www.jokeme.fr\/actus\/#organization","name":"Actualit\u00e9s - Joke Me","url":"https:\/\/www.jokeme.fr\/actus\/","logo":{"@type":"ImageObject","inLanguage":"fr-FR","@id":"https:\/\/www.jokeme.fr\/actus\/#\/schema\/logo\/image\/","url":"https:\/\/www.jokeme.fr\/actus\/wp-content\/uploads\/2023\/06\/cropped-Logo-Joke-Me.png","contentUrl":"https:\/\/www.jokeme.fr\/actus\/wp-content\/uploads\/2023\/06\/cropped-Logo-Joke-Me.png","width":499,"height":363,"caption":"Actualit\u00e9s - Joke Me"},"image":{"@id":"https:\/\/www.jokeme.fr\/actus\/#\/schema\/logo\/image\/"}},{"@type":"Person","@id":"https:\/\/www.jokeme.fr\/actus\/#\/schema\/person\/f0c6ad0d33ca144389e81e45a212928f","name":"Didier","image":{"@type":"ImageObject","inLanguage":"fr-FR","@id":"https:\/\/www.jokeme.fr\/actus\/#\/schema\/person\/image\/","url":"https:\/\/www.jokeme.fr\/actus\/wp-content\/uploads\/2024\/03\/jokeme-didier.jpg","contentUrl":"https:\/\/www.jokeme.fr\/actus\/wp-content\/uploads\/2024\/03\/jokeme-didier.jpg","caption":"Didier"},"description":"Didier, passionn\u00e9 de cin\u00e9ma, est un r\u00e9dacteur pour le m\u00e9dia Jokeme, o\u00f9 il partage sa passion \u00e0 travers des articles divertissants et informatifs. Ayant \u00e9tudi\u00e9 le journalisme, il allie sa formation \u00e0 sa passion pour offrir un contenu de qualit\u00e9 sur le monde du cin\u00e9ma.","sameAs":["https:\/\/www.jokeme.fr\/actus"]}]}},"_links":{"self":[{"href":"https:\/\/www.jokeme.fr\/actus\/wp-json\/wp\/v2\/posts\/1238"}],"collection":[{"href":"https:\/\/www.jokeme.fr\/actus\/wp-json\/wp\/v2\/posts"}],"about":[{"href":"https:\/\/www.jokeme.fr\/actus\/wp-json\/wp\/v2\/types\/post"}],"author":[{"embeddable":true,"href":"https:\/\/www.jokeme.fr\/actus\/wp-json\/wp\/v2\/users\/1"}],"replies":[{"embeddable":true,"href":"https:\/\/www.jokeme.fr\/actus\/wp-json\/wp\/v2\/comments?post=1238"}],"version-history":[{"count":1,"href":"https:\/\/www.jokeme.fr\/actus\/wp-json\/wp\/v2\/posts\/1238\/revisions"}],"predecessor-version":[{"id":1240,"href":"https:\/\/www.jokeme.fr\/actus\/wp-json\/wp\/v2\/posts\/1238\/revisions\/1240"}],"wp:featuredmedia":[{"embeddable":true,"href":"https:\/\/www.jokeme.fr\/actus\/wp-json\/wp\/v2\/media\/1239"}],"wp:attachment":[{"href":"https:\/\/www.jokeme.fr\/actus\/wp-json\/wp\/v2\/media?parent=1238"}],"wp:term":[{"taxonomy":"category","embeddable":true,"href":"https:\/\/www.jokeme.fr\/actus\/wp-json\/wp\/v2\/categories?post=1238"},{"taxonomy":"post_tag","embeddable":true,"href":"https:\/\/www.jokeme.fr\/actus\/wp-json\/wp\/v2\/tags?post=1238"}],"curies":[{"name":"wp","href":"https:\/\/api.w.org\/{rel}","templated":true}]}}