{"id":1286,"date":"2023-10-18T21:10:14","date_gmt":"2023-10-18T19:10:14","guid":{"rendered":"https:\/\/www.jokeme.fr\/actus\/kanye-west-affirme-quil-est-autiste-suite-a-un-accident-de-voiture-dans-un-message-texte-divulgue\/"},"modified":"2023-10-18T21:10:15","modified_gmt":"2023-10-18T19:10:15","slug":"kanye-west-affirme-quil-est-autiste-suite-a-un-accident-de-voiture-dans-un-message-texte-divulgue","status":"publish","type":"post","link":"https:\/\/www.jokeme.fr\/actus\/kanye-west-affirme-quil-est-autiste-suite-a-un-accident-de-voiture-dans-un-message-texte-divulgue\/","title":{"rendered":"Kanye West affirme qu&rsquo;il est \u00ab autiste suite \u00e0 un accident de voiture \u00bb dans un message texte divulgu\u00e9"},"content":{"rendered":"<div>\n<div class=\"css-12zje5r\">\n<p>Kanye West a sugg\u00e9r\u00e9 qu&rsquo;il \u00e9tait autiste dans un texte qui aurait \u00e9t\u00e9 envoy\u00e9 \u00e0 Elon Musk.<\/p>\n<\/div>\n<div class=\"css-c2lb2p\">\n<p>Le rappeur en disgr\u00e2ce a r\u00e9cemment fait la une des journaux pour toutes les mauvaises raisons, \u00e0 la suite d&rsquo;une s\u00e9rie de diatribes antis\u00e9mites, comme admettre qu&rsquo;il \u00ab\u00a0aime Adolf Hitler\u00a0\u00bb et qu&rsquo;il admire les nazis.<\/p>\n<\/div>\n<div class=\"css-c2lb2p\">\n<p>X (Twitter) a temporairement banni le compte de Ye apr\u00e8s avoir tweet\u00e9 une image d&rsquo;une croix gamm\u00e9e \u00e0 l&rsquo;int\u00e9rieur de l&rsquo;\u00e9toile de David.<\/p>\n<\/div>\n<div class=\"css-c2lb2p\">\n<p>\u00c0 la suite de ses controverses, la soci\u00e9t\u00e9 m\u00e8re de Balenciaga, Kerring \u2013 qui travaillait auparavant avec West \u2013 a d\u00e9clar\u00e9 : \u00ab Balenciaga n&rsquo;a plus aucune relation ni aucun projet pour de futurs projets li\u00e9s \u00e0 cet artiste \u00bb.<\/p>\n<\/div>\n<div class=\"css-c2lb2p\">\n<p>Mais sans aucun doute, la plus grande rupture a \u00e9t\u00e9 son partenariat extr\u00eamement r\u00e9ussi avec Adidas.<\/p>\n<\/div>\n<div class=\"css-c2lb2p\">\n<p>Le 25 octobre, Adidas a annonc\u00e9 avoir rompu ses liens avec Ye apr\u00e8s un partenariat de pr\u00e8s de dix ans, une d\u00e9cision qui co\u00fbterait \u00e0 l&rsquo;entreprise 250 millions d&rsquo;euros (246 millions de dollars) cette ann\u00e9e-l\u00e0.<\/p>\n<\/div>\n<div class=\"css-12zje5r\">\n<p>Le partenariat aurait repr\u00e9sent\u00e9 1,5 milliard de dollars de la valeur nette de Kanye, ce qui signifierait qu&rsquo;il perdrait son statut de milliardaire, selon Forbes.<\/p>\n<\/div>\n<div class=\"css-c2lb2p\">\n<p>\u00ab\u00a0Je peux dire des choses antis\u00e9mites et Adidas ne peut pas me laisser tomber\u00a0\u00bb, se vantait le musicien en octobre.<\/p>\n<\/div>\n<figure class=\"css-1ey54xo\"><picture class=\"css-1x72e95\"><source  media=\"(min-width: 0px) and (max-width: 380px) and (max-resolution: 1dppx)\" type=\"image\/webp\"\/><source  media=\"(min-width: 0px) and (max-width: 380px) and (max-resolution: 1dppx)\" type=\"image\/jpeg\"\/><source  media=\"(min-width: 0px) and (max-width: 380px) and (-webkit-max-device-pixel-ratio: 1)\" type=\"image\/webp\"\/><source  media=\"(min-width: 0px) and (max-width: 380px) and (-webkit-max-device-pixel-ratio: 1)\" type=\"image\/jpeg\"\/><source  media=\"(min-width: 0px) and (max-width: 380px) and (max-resolution: 3dppx)\" type=\"image\/webp\"\/><source  media=\"(min-width: 0px) and (max-width: 380px) and (max-resolution: 3dppx)\" type=\"image\/jpeg\"\/><source  media=\"(min-width: 0px) and (max-width: 380px) and (-webkit-max-device-pixel-ratio: 3)\" type=\"image\/webp\"\/><source  media=\"(min-width: 0px) and (max-width: 380px) and (-webkit-max-device-pixel-ratio: 3)\" type=\"image\/jpeg\"\/><source  media=\"(min-width: 380px) and (min-resolution: 2dppx)\" type=\"image\/webp\"\/><source  media=\"(min-width: 380px) and (min-resolution: 2dppx)\" type=\"image\/jpeg\"\/><source  media=\"(min-width: 380px) and (-webkit-min-device-pixel-ratio: 2)\" type=\"image\/webp\"\/><source  media=\"(min-width: 380px) and (-webkit-min-device-pixel-ratio: 2)\" type=\"image\/jpeg\"\/><source  type=\"image\/webp\"\/><source  type=\"image\/jpeg\"\/><\/picture><figcaption class=\"css-1hkjxsv\">Kanye West a sugg\u00e9r\u00e9 qu&rsquo;il \u00e9tait autiste dans un texte qui aurait \u00e9t\u00e9 envoy\u00e9 \u00e0 Elon Musk.  Cr\u00e9dit : X\/@kanyewest<\/figcaption><\/figure>\n<div class=\"css-c2lb2p\">\n<p>Au cours des dix derni\u00e8res ann\u00e9es, l&rsquo;\u00e9tat de sant\u00e9 mentale de Kanye a \u00e9t\u00e9 sous le feu des projecteurs puisqu&rsquo;il a re\u00e7u un diagnostic de trouble bipolaire en 2018 \u2013 bien qu&rsquo;il ait affirm\u00e9 plus tard qu&rsquo;il avait \u00e9t\u00e9 \u00ab mentalement mal diagnostiqu\u00e9 \u00bb.<\/p>\n<\/div>\n<div class=\"css-c2lb2p\">\n<p>Maintenant, sur Instagram, le rappeur a sugg\u00e9r\u00e9 qu&rsquo;il \u00e9tait autiste, alors qu&rsquo;il semblait demander \u00e0 son ami de la mode, Ian Connor, de partager des captures d&rsquo;\u00e9cran des messages texte qu&rsquo;il aurait envoy\u00e9s au patron de Tesla.<\/p>\n<\/div>\n<div class=\"css-12zje5r\">\n<p>\u00ab Quand allons-nous parler ? Vous ne me devez rien \u00bb, lisent les textes publi\u00e9s mercredi 18 octobre.<\/p>\n<\/div>\n<div class=\"css-12zje5r\">\n<p>\u00ab\u00a0Tu n&rsquo;auras plus jamais besoin de me parler. Mais si nous parlons, la nature de la relation doit changer. Je ne suis pas bipolaire. J&rsquo;ai des signes d&rsquo;autisme de mon c\u00f4t\u00e9. [2002] accident de voiture.<\/p>\n<\/div>\n<div class=\"css-c2lb2p\">\n<p>\u00ab Vous ne pouvez pas regarder Kim garder mes enfants loin de moi.  Et ne dites rien publiquement, puis appelez-vous mon ami pour que je puisse amener mon public sur votre plateforme en difficult\u00e9.<\/p>\n<\/div>\n<div class=\"css-12zje5r\">\n<p>\u00ab\u00a0Dites moins,\u00a0\u00bb r\u00e9pondit Connor.  \u00ab\u00a02h22 du matin\u00a0\u00bb<\/p>\n<\/div>\n<figure class=\"css-1ey54xo\"><picture class=\"css-1x72e95\"><source  media=\"(min-width: 0px) and (max-width: 380px) and (max-resolution: 1dppx)\" type=\"image\/webp\"\/><source  media=\"(min-width: 0px) and (max-width: 380px) and (max-resolution: 1dppx)\" type=\"image\/jpeg\"\/><source  media=\"(min-width: 0px) and (max-width: 380px) and (-webkit-max-device-pixel-ratio: 1)\" type=\"image\/webp\"\/><source  media=\"(min-width: 0px) and (max-width: 380px) and (-webkit-max-device-pixel-ratio: 1)\" type=\"image\/jpeg\"\/><source  media=\"(min-width: 0px) and (max-width: 380px) and (max-resolution: 3dppx)\" type=\"image\/webp\"\/><source  media=\"(min-width: 0px) and (max-width: 380px) and (max-resolution: 3dppx)\" type=\"image\/jpeg\"\/><source  media=\"(min-width: 0px) and (max-width: 380px) and (-webkit-max-device-pixel-ratio: 3)\" type=\"image\/webp\"\/><source  media=\"(min-width: 0px) and (max-width: 380px) and (-webkit-max-device-pixel-ratio: 3)\" type=\"image\/jpeg\"\/><source  media=\"(min-width: 380px) and (min-resolution: 2dppx)\" type=\"image\/webp\"\/><source  media=\"(min-width: 380px) and (min-resolution: 2dppx)\" type=\"image\/jpeg\"\/><source  media=\"(min-width: 380px) and (-webkit-min-device-pixel-ratio: 2)\" type=\"image\/webp\"\/><source  media=\"(min-width: 380px) and (-webkit-min-device-pixel-ratio: 2)\" type=\"image\/jpeg\"\/><source  type=\"image\/webp\"\/><source  type=\"image\/jpeg\"\/><img decoding=\"async\" src=\"https:\/\/www.jokeme.fr\/actus\/wp-content\/uploads\/2023\/10\/1697656214_471_Kanye-West-affirme-quil-est-autiste-suite-a-un.webp.jpeg\" alt=\"Kanye a sembl\u00e9 demander \u00e0 son ami de la mode Ian Connor de partager des captures d'\u00e9cran des messages texte qu'il aurait envoy\u00e9s au patron de Tesla.  Cr\u00e9dit\u00a0: Instagram\/@ianconnorsrevenge\" loading=\"lazy\"\/><\/picture><figcaption class=\"css-1hkjxsv\">Kanye a sembl\u00e9 demander \u00e0 son ami de la mode Ian Connor de partager des captures d&rsquo;\u00e9cran des messages texte qu&rsquo;il aurait envoy\u00e9s au patron de Tesla.  Cr\u00e9dit\u00a0: Instagram\/@ianconnorsrevenge<\/figcaption><\/figure>\n<div class=\"css-12zje5r\">\n<p>Apr\u00e8s que Musk ait temporairement banni Kanye de X, le rappeur s\u2019en est pris \u00e0 lui sur Instagram en 2022, \u00e9crivant : \u00ab Suis-je le seul \u00e0 penser qu\u2019Elon pourrait \u00eatre \u00e0 moiti\u00e9 chinois ?  Avez-vous d\u00e9j\u00e0 vu ses photos quand vous \u00e9tiez enfant ?<\/p>\n<\/div>\n<div class=\"css-12zje5r\">\n<p>\u00ab\u00a0Prenez un g\u00e9nie chinois et associez-le \u00e0 un super mannequin sud-africain, et nous avons un Elon.<\/p>\n<\/div>\n<div class=\"css-12zje5r\">\n<p>\u00abJe dis un Elon parce qu&rsquo;ils ont probablement fabriqu\u00e9 10 \u00e0 30 Elon et c&rsquo;est le premier hybride g\u00e9n\u00e9tique qui est rest\u00e9\u2026.  eh bien, n&rsquo;oublions pas Obama.  Je suis d\u00e9sol\u00e9 d&rsquo;avoir utilis\u00e9 des injures \u00e0 l&rsquo;\u00e9glise, mais je n&rsquo;ai pas encore d&rsquo;autre mot pour Obama.  YE24, unifions-nous et d\u00e9couvrons LUAFO.<\/p>\n<\/div>\n<div class=\"css-12zje5r\">\n<p>\u00ab\u00a0Je prends \u00e7a comme un compliment!\u00a0\u00bb  Elon a r\u00e9pondu.<\/p>\n<\/div>\n<div class=\"css-12zje5r\">\n<p>LADbible a contact\u00e9 les repr\u00e9sentants de Kanye West et Elon Musk pour commentaires.<\/p>\n<\/div>\n<\/div>\n","protected":false},"excerpt":{"rendered":"<p>Kanye West a sugg\u00e9r\u00e9 qu&rsquo;il \u00e9tait autiste dans un texte qui aurait \u00e9t\u00e9 envoy\u00e9 \u00e0 Elon Musk. Le rappeur en disgr\u00e2ce a r\u00e9cemment fait la une des journaux pour toutes les mauvaises raisons, \u00e0 la suite d&rsquo;une s\u00e9rie de diatribes antis\u00e9mites, comme admettre qu&rsquo;il \u00ab\u00a0aime Adolf Hitler\u00a0\u00bb et qu&rsquo;il admire les nazis. X (Twitter) a &#8230; <a title=\"Kanye West affirme qu&rsquo;il est \u00ab autiste suite \u00e0 un accident de voiture \u00bb dans un message texte divulgu\u00e9\" class=\"read-more\" href=\"https:\/\/www.jokeme.fr\/actus\/kanye-west-affirme-quil-est-autiste-suite-a-un-accident-de-voiture-dans-un-message-texte-divulgue\/\" aria-label=\"Plus sur Kanye West affirme qu&rsquo;il est \u00ab autiste suite \u00e0 un accident de voiture \u00bb dans un message texte divulgu\u00e9\">Lire plus<\/a><\/p>\n","protected":false},"author":1,"featured_media":1287,"comment_status":"closed","ping_status":"open","sticky":false,"template":"","format":"standard","meta":{"footnotes":""},"categories":[1],"tags":[1135,1637,2339,52,2341,32,2337,1627,111,1750,2340,191,2338],"yoast_head":"<!-- This site is optimized with the Yoast SEO plugin v20.8 - https:\/\/yoast.com\/wordpress\/plugins\/seo\/ -->\n<title>Kanye West affirme qu&#039;il est \u00ab autiste suite \u00e0 un accident de voiture \u00bb dans un message texte divulgu\u00e9 - Actualit\u00e9s - Joke Me<\/title>\n<meta name=\"robots\" content=\"index, follow, max-snippet:-1, max-image-preview:large, max-video-preview:-1\" \/>\n<link rel=\"canonical\" href=\"https:\/\/www.jokeme.fr\/actus\/kanye-west-affirme-quil-est-autiste-suite-a-un-accident-de-voiture-dans-un-message-texte-divulgue\/\" \/>\n<meta property=\"og:locale\" content=\"fr_FR\" \/>\n<meta property=\"og:type\" content=\"article\" \/>\n<meta property=\"og:title\" content=\"Kanye West affirme qu&#039;il est \u00ab autiste suite \u00e0 un accident de voiture \u00bb dans un message texte divulgu\u00e9 - Actualit\u00e9s - Joke Me\" \/>\n<meta property=\"og:description\" content=\"Kanye West a sugg\u00e9r\u00e9 qu&rsquo;il \u00e9tait autiste dans un texte qui aurait \u00e9t\u00e9 envoy\u00e9 \u00e0 Elon Musk. Le rappeur en disgr\u00e2ce a r\u00e9cemment fait la une des journaux pour toutes les mauvaises raisons, \u00e0 la suite d&rsquo;une s\u00e9rie de diatribes antis\u00e9mites, comme admettre qu&rsquo;il \u00ab\u00a0aime Adolf Hitler\u00a0\u00bb et qu&rsquo;il admire les nazis. X (Twitter) a ... Lire plus\" \/>\n<meta property=\"og:url\" content=\"https:\/\/www.jokeme.fr\/actus\/kanye-west-affirme-quil-est-autiste-suite-a-un-accident-de-voiture-dans-un-message-texte-divulgue\/\" \/>\n<meta property=\"og:site_name\" content=\"Actualit\u00e9s - Joke Me\" \/>\n<meta property=\"article:published_time\" content=\"2023-10-18T19:10:14+00:00\" \/>\n<meta property=\"article:modified_time\" content=\"2023-10-18T19:10:15+00:00\" \/>\n<meta property=\"og:image\" content=\"https:\/\/www.jokeme.fr\/actus\/wp-content\/uploads\/2023\/10\/Kanye-West-affirme-quil-est-autiste-suite-a-un.png\" \/>\n\t<meta property=\"og:image:width\" content=\"1200\" \/>\n\t<meta property=\"og:image:height\" content=\"675\" \/>\n\t<meta property=\"og:image:type\" content=\"image\/png\" \/>\n<meta name=\"author\" content=\"Didier\" \/>\n<meta name=\"twitter:card\" content=\"summary_large_image\" \/>\n<meta name=\"twitter:label1\" content=\"\u00c9crit par\" \/>\n\t<meta name=\"twitter:data1\" content=\"Didier\" \/>\n\t<meta name=\"twitter:label2\" content=\"Dur\u00e9e de lecture estim\u00e9e\" \/>\n\t<meta name=\"twitter:data2\" content=\"3 minutes\" \/>\n<script type=\"application\/ld+json\" class=\"yoast-schema-graph\">{\"@context\":\"https:\/\/schema.org\",\"@graph\":[{\"@type\":\"Article\",\"@id\":\"https:\/\/www.jokeme.fr\/actus\/kanye-west-affirme-quil-est-autiste-suite-a-un-accident-de-voiture-dans-un-message-texte-divulgue\/#article\",\"isPartOf\":{\"@id\":\"https:\/\/www.jokeme.fr\/actus\/kanye-west-affirme-quil-est-autiste-suite-a-un-accident-de-voiture-dans-un-message-texte-divulgue\/\"},\"author\":{\"name\":\"Didier\",\"@id\":\"https:\/\/www.jokeme.fr\/actus\/#\/schema\/person\/f0c6ad0d33ca144389e81e45a212928f\"},\"headline\":\"Kanye West affirme qu&rsquo;il est \u00ab autiste suite \u00e0 un accident de voiture \u00bb dans un message texte divulgu\u00e9\",\"datePublished\":\"2023-10-18T19:10:14+00:00\",\"dateModified\":\"2023-10-18T19:10:15+00:00\",\"mainEntityOfPage\":{\"@id\":\"https:\/\/www.jokeme.fr\/actus\/kanye-west-affirme-quil-est-autiste-suite-a-un-accident-de-voiture-dans-un-message-texte-divulgue\/\"},\"wordCount\":593,\"publisher\":{\"@id\":\"https:\/\/www.jokeme.fr\/actus\/#organization\"},\"keywords\":[\"accident\",\"affirme\",\"autiste\",\"dans\",\"divulgu\u00e9\",\"est\",\"Kanye\",\"message\",\"quil\",\"suite\",\"texte\",\"voiture\",\"West\"],\"inLanguage\":\"fr-FR\"},{\"@type\":\"WebPage\",\"@id\":\"https:\/\/www.jokeme.fr\/actus\/kanye-west-affirme-quil-est-autiste-suite-a-un-accident-de-voiture-dans-un-message-texte-divulgue\/\",\"url\":\"https:\/\/www.jokeme.fr\/actus\/kanye-west-affirme-quil-est-autiste-suite-a-un-accident-de-voiture-dans-un-message-texte-divulgue\/\",\"name\":\"Kanye West affirme qu'il est \u00ab autiste suite \u00e0 un accident de voiture \u00bb dans un message texte divulgu\u00e9 - Actualit\u00e9s - Joke Me\",\"isPartOf\":{\"@id\":\"https:\/\/www.jokeme.fr\/actus\/#website\"},\"datePublished\":\"2023-10-18T19:10:14+00:00\",\"dateModified\":\"2023-10-18T19:10:15+00:00\",\"breadcrumb\":{\"@id\":\"https:\/\/www.jokeme.fr\/actus\/kanye-west-affirme-quil-est-autiste-suite-a-un-accident-de-voiture-dans-un-message-texte-divulgue\/#breadcrumb\"},\"inLanguage\":\"fr-FR\",\"potentialAction\":[{\"@type\":\"ReadAction\",\"target\":[\"https:\/\/www.jokeme.fr\/actus\/kanye-west-affirme-quil-est-autiste-suite-a-un-accident-de-voiture-dans-un-message-texte-divulgue\/\"]}]},{\"@type\":\"BreadcrumbList\",\"@id\":\"https:\/\/www.jokeme.fr\/actus\/kanye-west-affirme-quil-est-autiste-suite-a-un-accident-de-voiture-dans-un-message-texte-divulgue\/#breadcrumb\",\"itemListElement\":[{\"@type\":\"ListItem\",\"position\":1,\"name\":\"Accueil\",\"item\":\"https:\/\/www.jokeme.fr\/actus\/\"},{\"@type\":\"ListItem\",\"position\":2,\"name\":\"Kanye West affirme qu&rsquo;il est \u00ab autiste suite \u00e0 un accident de voiture \u00bb dans un message texte divulgu\u00e9\"}]},{\"@type\":\"WebSite\",\"@id\":\"https:\/\/www.jokeme.fr\/actus\/#website\",\"url\":\"https:\/\/www.jokeme.fr\/actus\/\",\"name\":\"Actualit\u00e9s - Joke Me\",\"description\":\"L&#039;actualit\u00e9 du rire\",\"publisher\":{\"@id\":\"https:\/\/www.jokeme.fr\/actus\/#organization\"},\"potentialAction\":[{\"@type\":\"SearchAction\",\"target\":{\"@type\":\"EntryPoint\",\"urlTemplate\":\"https:\/\/www.jokeme.fr\/actus\/?s={search_term_string}\"},\"query-input\":\"required name=search_term_string\"}],\"inLanguage\":\"fr-FR\"},{\"@type\":\"Organization\",\"@id\":\"https:\/\/www.jokeme.fr\/actus\/#organization\",\"name\":\"Actualit\u00e9s - Joke Me\",\"url\":\"https:\/\/www.jokeme.fr\/actus\/\",\"logo\":{\"@type\":\"ImageObject\",\"inLanguage\":\"fr-FR\",\"@id\":\"https:\/\/www.jokeme.fr\/actus\/#\/schema\/logo\/image\/\",\"url\":\"https:\/\/www.jokeme.fr\/actus\/wp-content\/uploads\/2023\/06\/cropped-Logo-Joke-Me.png\",\"contentUrl\":\"https:\/\/www.jokeme.fr\/actus\/wp-content\/uploads\/2023\/06\/cropped-Logo-Joke-Me.png\",\"width\":499,\"height\":363,\"caption\":\"Actualit\u00e9s - Joke Me\"},\"image\":{\"@id\":\"https:\/\/www.jokeme.fr\/actus\/#\/schema\/logo\/image\/\"}},{\"@type\":\"Person\",\"@id\":\"https:\/\/www.jokeme.fr\/actus\/#\/schema\/person\/f0c6ad0d33ca144389e81e45a212928f\",\"name\":\"Didier\",\"image\":{\"@type\":\"ImageObject\",\"inLanguage\":\"fr-FR\",\"@id\":\"https:\/\/www.jokeme.fr\/actus\/#\/schema\/person\/image\/\",\"url\":\"https:\/\/www.jokeme.fr\/actus\/wp-content\/uploads\/2024\/03\/jokeme-didier.jpg\",\"contentUrl\":\"https:\/\/www.jokeme.fr\/actus\/wp-content\/uploads\/2024\/03\/jokeme-didier.jpg\",\"caption\":\"Didier\"},\"description\":\"Didier, passionn\u00e9 de cin\u00e9ma, est un r\u00e9dacteur pour le m\u00e9dia Jokeme, o\u00f9 il partage sa passion \u00e0 travers des articles divertissants et informatifs. Ayant \u00e9tudi\u00e9 le journalisme, il allie sa formation \u00e0 sa passion pour offrir un contenu de qualit\u00e9 sur le monde du cin\u00e9ma.\",\"sameAs\":[\"https:\/\/www.jokeme.fr\/actus\"]}]}<\/script>\n<!-- \/ Yoast SEO plugin. -->","yoast_head_json":{"title":"Kanye West affirme qu'il est \u00ab autiste suite \u00e0 un accident de voiture \u00bb dans un message texte divulgu\u00e9 - Actualit\u00e9s - Joke Me","robots":{"index":"index","follow":"follow","max-snippet":"max-snippet:-1","max-image-preview":"max-image-preview:large","max-video-preview":"max-video-preview:-1"},"canonical":"https:\/\/www.jokeme.fr\/actus\/kanye-west-affirme-quil-est-autiste-suite-a-un-accident-de-voiture-dans-un-message-texte-divulgue\/","og_locale":"fr_FR","og_type":"article","og_title":"Kanye West affirme qu'il est \u00ab autiste suite \u00e0 un accident de voiture \u00bb dans un message texte divulgu\u00e9 - Actualit\u00e9s - Joke Me","og_description":"Kanye West a sugg\u00e9r\u00e9 qu&rsquo;il \u00e9tait autiste dans un texte qui aurait \u00e9t\u00e9 envoy\u00e9 \u00e0 Elon Musk. Le rappeur en disgr\u00e2ce a r\u00e9cemment fait la une des journaux pour toutes les mauvaises raisons, \u00e0 la suite d&rsquo;une s\u00e9rie de diatribes antis\u00e9mites, comme admettre qu&rsquo;il \u00ab\u00a0aime Adolf Hitler\u00a0\u00bb et qu&rsquo;il admire les nazis. X (Twitter) a ... Lire plus","og_url":"https:\/\/www.jokeme.fr\/actus\/kanye-west-affirme-quil-est-autiste-suite-a-un-accident-de-voiture-dans-un-message-texte-divulgue\/","og_site_name":"Actualit\u00e9s - Joke Me","article_published_time":"2023-10-18T19:10:14+00:00","article_modified_time":"2023-10-18T19:10:15+00:00","og_image":[{"width":1200,"height":675,"url":"https:\/\/www.jokeme.fr\/actus\/wp-content\/uploads\/2023\/10\/Kanye-West-affirme-quil-est-autiste-suite-a-un.png","type":"image\/png"}],"author":"Didier","twitter_card":"summary_large_image","twitter_misc":{"\u00c9crit par":"Didier","Dur\u00e9e de lecture estim\u00e9e":"3 minutes"},"schema":{"@context":"https:\/\/schema.org","@graph":[{"@type":"Article","@id":"https:\/\/www.jokeme.fr\/actus\/kanye-west-affirme-quil-est-autiste-suite-a-un-accident-de-voiture-dans-un-message-texte-divulgue\/#article","isPartOf":{"@id":"https:\/\/www.jokeme.fr\/actus\/kanye-west-affirme-quil-est-autiste-suite-a-un-accident-de-voiture-dans-un-message-texte-divulgue\/"},"author":{"name":"Didier","@id":"https:\/\/www.jokeme.fr\/actus\/#\/schema\/person\/f0c6ad0d33ca144389e81e45a212928f"},"headline":"Kanye West affirme qu&rsquo;il est \u00ab autiste suite \u00e0 un accident de voiture \u00bb dans un message texte divulgu\u00e9","datePublished":"2023-10-18T19:10:14+00:00","dateModified":"2023-10-18T19:10:15+00:00","mainEntityOfPage":{"@id":"https:\/\/www.jokeme.fr\/actus\/kanye-west-affirme-quil-est-autiste-suite-a-un-accident-de-voiture-dans-un-message-texte-divulgue\/"},"wordCount":593,"publisher":{"@id":"https:\/\/www.jokeme.fr\/actus\/#organization"},"keywords":["accident","affirme","autiste","dans","divulgu\u00e9","est","Kanye","message","quil","suite","texte","voiture","West"],"inLanguage":"fr-FR"},{"@type":"WebPage","@id":"https:\/\/www.jokeme.fr\/actus\/kanye-west-affirme-quil-est-autiste-suite-a-un-accident-de-voiture-dans-un-message-texte-divulgue\/","url":"https:\/\/www.jokeme.fr\/actus\/kanye-west-affirme-quil-est-autiste-suite-a-un-accident-de-voiture-dans-un-message-texte-divulgue\/","name":"Kanye West affirme qu'il est \u00ab autiste suite \u00e0 un accident de voiture \u00bb dans un message texte divulgu\u00e9 - Actualit\u00e9s - Joke Me","isPartOf":{"@id":"https:\/\/www.jokeme.fr\/actus\/#website"},"datePublished":"2023-10-18T19:10:14+00:00","dateModified":"2023-10-18T19:10:15+00:00","breadcrumb":{"@id":"https:\/\/www.jokeme.fr\/actus\/kanye-west-affirme-quil-est-autiste-suite-a-un-accident-de-voiture-dans-un-message-texte-divulgue\/#breadcrumb"},"inLanguage":"fr-FR","potentialAction":[{"@type":"ReadAction","target":["https:\/\/www.jokeme.fr\/actus\/kanye-west-affirme-quil-est-autiste-suite-a-un-accident-de-voiture-dans-un-message-texte-divulgue\/"]}]},{"@type":"BreadcrumbList","@id":"https:\/\/www.jokeme.fr\/actus\/kanye-west-affirme-quil-est-autiste-suite-a-un-accident-de-voiture-dans-un-message-texte-divulgue\/#breadcrumb","itemListElement":[{"@type":"ListItem","position":1,"name":"Accueil","item":"https:\/\/www.jokeme.fr\/actus\/"},{"@type":"ListItem","position":2,"name":"Kanye West affirme qu&rsquo;il est \u00ab autiste suite \u00e0 un accident de voiture \u00bb dans un message texte divulgu\u00e9"}]},{"@type":"WebSite","@id":"https:\/\/www.jokeme.fr\/actus\/#website","url":"https:\/\/www.jokeme.fr\/actus\/","name":"Actualit\u00e9s - Joke Me","description":"L&#039;actualit\u00e9 du rire","publisher":{"@id":"https:\/\/www.jokeme.fr\/actus\/#organization"},"potentialAction":[{"@type":"SearchAction","target":{"@type":"EntryPoint","urlTemplate":"https:\/\/www.jokeme.fr\/actus\/?s={search_term_string}"},"query-input":"required name=search_term_string"}],"inLanguage":"fr-FR"},{"@type":"Organization","@id":"https:\/\/www.jokeme.fr\/actus\/#organization","name":"Actualit\u00e9s - Joke Me","url":"https:\/\/www.jokeme.fr\/actus\/","logo":{"@type":"ImageObject","inLanguage":"fr-FR","@id":"https:\/\/www.jokeme.fr\/actus\/#\/schema\/logo\/image\/","url":"https:\/\/www.jokeme.fr\/actus\/wp-content\/uploads\/2023\/06\/cropped-Logo-Joke-Me.png","contentUrl":"https:\/\/www.jokeme.fr\/actus\/wp-content\/uploads\/2023\/06\/cropped-Logo-Joke-Me.png","width":499,"height":363,"caption":"Actualit\u00e9s - Joke Me"},"image":{"@id":"https:\/\/www.jokeme.fr\/actus\/#\/schema\/logo\/image\/"}},{"@type":"Person","@id":"https:\/\/www.jokeme.fr\/actus\/#\/schema\/person\/f0c6ad0d33ca144389e81e45a212928f","name":"Didier","image":{"@type":"ImageObject","inLanguage":"fr-FR","@id":"https:\/\/www.jokeme.fr\/actus\/#\/schema\/person\/image\/","url":"https:\/\/www.jokeme.fr\/actus\/wp-content\/uploads\/2024\/03\/jokeme-didier.jpg","contentUrl":"https:\/\/www.jokeme.fr\/actus\/wp-content\/uploads\/2024\/03\/jokeme-didier.jpg","caption":"Didier"},"description":"Didier, passionn\u00e9 de cin\u00e9ma, est un r\u00e9dacteur pour le m\u00e9dia Jokeme, o\u00f9 il partage sa passion \u00e0 travers des articles divertissants et informatifs. Ayant \u00e9tudi\u00e9 le journalisme, il allie sa formation \u00e0 sa passion pour offrir un contenu de qualit\u00e9 sur le monde du cin\u00e9ma.","sameAs":["https:\/\/www.jokeme.fr\/actus"]}]}},"_links":{"self":[{"href":"https:\/\/www.jokeme.fr\/actus\/wp-json\/wp\/v2\/posts\/1286"}],"collection":[{"href":"https:\/\/www.jokeme.fr\/actus\/wp-json\/wp\/v2\/posts"}],"about":[{"href":"https:\/\/www.jokeme.fr\/actus\/wp-json\/wp\/v2\/types\/post"}],"author":[{"embeddable":true,"href":"https:\/\/www.jokeme.fr\/actus\/wp-json\/wp\/v2\/users\/1"}],"replies":[{"embeddable":true,"href":"https:\/\/www.jokeme.fr\/actus\/wp-json\/wp\/v2\/comments?post=1286"}],"version-history":[{"count":1,"href":"https:\/\/www.jokeme.fr\/actus\/wp-json\/wp\/v2\/posts\/1286\/revisions"}],"predecessor-version":[{"id":1288,"href":"https:\/\/www.jokeme.fr\/actus\/wp-json\/wp\/v2\/posts\/1286\/revisions\/1288"}],"wp:featuredmedia":[{"embeddable":true,"href":"https:\/\/www.jokeme.fr\/actus\/wp-json\/wp\/v2\/media\/1287"}],"wp:attachment":[{"href":"https:\/\/www.jokeme.fr\/actus\/wp-json\/wp\/v2\/media?parent=1286"}],"wp:term":[{"taxonomy":"category","embeddable":true,"href":"https:\/\/www.jokeme.fr\/actus\/wp-json\/wp\/v2\/categories?post=1286"},{"taxonomy":"post_tag","embeddable":true,"href":"https:\/\/www.jokeme.fr\/actus\/wp-json\/wp\/v2\/tags?post=1286"}],"curies":[{"name":"wp","href":"https:\/\/api.w.org\/{rel}","templated":true}]}}