{"id":1313,"date":"2023-10-19T22:09:53","date_gmt":"2023-10-19T20:09:53","guid":{"rendered":"https:\/\/www.jokeme.fr\/actus\/mcdonalds-a-progressivement-elimine-le-clown-emblematique-ronald-pour-une-raison-tres-troublante\/"},"modified":"2023-10-19T22:09:55","modified_gmt":"2023-10-19T20:09:55","slug":"mcdonalds-a-progressivement-elimine-le-clown-emblematique-ronald-pour-une-raison-tres-troublante","status":"publish","type":"post","link":"https:\/\/www.jokeme.fr\/actus\/mcdonalds-a-progressivement-elimine-le-clown-emblematique-ronald-pour-une-raison-tres-troublante\/","title":{"rendered":"McDonald&rsquo;s a progressivement \u00e9limin\u00e9 le clown embl\u00e9matique Ronald pour une raison tr\u00e8s troublante"},"content":{"rendered":"<div>\n<div class=\"css-12zje5r\">\n<p>Ronald McDonald \u00e9tait l&rsquo;ic\u00f4ne rouge et jaune du monde de la restauration rapide jusqu&rsquo;\u00e0 sa disgr\u00e2ce \u00e9pique.<\/p>\n<\/div>\n<div class=\"css-c2lb2p\">\n<p>Oui, nous savons que c&rsquo;\u00e9tait juste un type avec du maquillage blanc et une combinaison jaune canari mal ajust\u00e9e, mais c&rsquo;\u00e9tait quand m\u00eame une l\u00e9gende.<\/p>\n<\/div>\n<div class=\"css-c2lb2p\">\n<p>La c\u00e9l\u00e8bre mascotte de McDonald&rsquo;s vous a effray\u00e9 ou vous a fait hurler de joie.  Il n\u2019y avait pas d\u2019interm\u00e9diaire.<\/p>\n<\/div>\n<div class=\"css-c2lb2p\">\n<p>En tant que visage de l&rsquo;une des plus grandes cha\u00eenes de restauration rapide au monde, Ronald est devenu une c\u00e9l\u00e9brit\u00e9 \u00e0 part enti\u00e8re.<\/p>\n<\/div>\n<div class=\"css-12zje5r\">\n<p>Mais comme toute superstar internationale, il ne pouvait \u00e9chapper \u00e0 la controverse.<\/p>\n<\/div>\n<div class=\"css-c2lb2p\">\n<p>C&rsquo;est pourquoi McDonald&rsquo;s a d\u00e9cid\u00e9 d&rsquo;\u00e9liminer progressivement le clown portant une perruque rouge en 2016.<\/p>\n<\/div>\n<div class=\"css-c2lb2p\">\n<p>Bien qu&rsquo;il soit fermement ancr\u00e9 dans l&rsquo;ADN de l&rsquo;entreprise, les patrons ont \u00e9t\u00e9 contraints de s&rsquo;\u00e9loigner progressivement de Ronald pour une raison inqui\u00e9tante.<\/p>\n<\/div>\n<figure class=\"css-1ey54xo\"><picture class=\"css-1x72e95\"><source  media=\"(min-width: 0px) and (max-width: 380px) and (max-resolution: 1dppx)\" type=\"image\/webp\"\/><source  media=\"(min-width: 0px) and (max-width: 380px) and (max-resolution: 1dppx)\" type=\"image\/jpeg\"\/><source  media=\"(min-width: 0px) and (max-width: 380px) and (-webkit-max-device-pixel-ratio: 1)\" type=\"image\/webp\"\/><source  media=\"(min-width: 0px) and (max-width: 380px) and (-webkit-max-device-pixel-ratio: 1)\" type=\"image\/jpeg\"\/><source  media=\"(min-width: 0px) and (max-width: 380px) and (max-resolution: 3dppx)\" type=\"image\/webp\"\/><source  media=\"(min-width: 0px) and (max-width: 380px) and (max-resolution: 3dppx)\" type=\"image\/jpeg\"\/><source  media=\"(min-width: 0px) and (max-width: 380px) and (-webkit-max-device-pixel-ratio: 3)\" type=\"image\/webp\"\/><source  media=\"(min-width: 0px) and (max-width: 380px) and (-webkit-max-device-pixel-ratio: 3)\" type=\"image\/jpeg\"\/><source  media=\"(min-width: 380px) and (min-resolution: 2dppx)\" type=\"image\/webp\"\/><source  media=\"(min-width: 380px) and (min-resolution: 2dppx)\" type=\"image\/jpeg\"\/><source  media=\"(min-width: 380px) and (-webkit-min-device-pixel-ratio: 2)\" type=\"image\/webp\"\/><source  media=\"(min-width: 380px) and (-webkit-min-device-pixel-ratio: 2)\" type=\"image\/jpeg\"\/><source  type=\"image\/webp\"\/><source  type=\"image\/jpeg\"\/><\/picture><figcaption class=\"css-1hkjxsv\">Ronald McDonald s&rsquo;est progressivement vu abandonner par le g\u00e9ant de la restauration rapide.  Cr\u00e9dit : Mike Fuentes\/Getty Images<\/figcaption><\/figure>\n<div class=\"css-c2lb2p\">\n<p>Si vous repensez \u00e0 il y a sept ans, vous vous souviendrez peut-\u00eatre d\u2019une tendance bizarre qui balayait le monde.<\/p>\n<\/div>\n<div class=\"css-c2lb2p\">\n<p>Vous vous souvenez peut-\u00eatre du moment o\u00f9 le monde est devenu bri\u00e8vement fou et o\u00f9 les clowns tueurs ont commenc\u00e9 \u00e0 se d\u00e9cha\u00eener vers la p\u00e9riode d&rsquo;ao\u00fbt 2016.<\/p>\n<\/div>\n<div class=\"css-c2lb2p\">\n<p>Les gens ont commenc\u00e9 \u00e0 porter des costumes de clown terrifiants et \u00e0 partager leurs clich\u00e9s effrayants en ligne pour promouvoir un film d&rsquo;horreur qui devait sortir deux ans plus tard.<\/p>\n<\/div>\n<div class=\"css-12zje5r\">\n<p>Mais cet engouement a cr\u00e9\u00e9 une hyst\u00e9rie collective plut\u00f4t qu\u2019un battage m\u00e9diatique autour du film, car certains sont \u00e9videmment all\u00e9s trop loin.<\/p>\n<\/div>\n<div class=\"css-c2lb2p\">\n<p>Cela a commenc\u00e9 dans l\u2019\u00c9tat am\u00e9ricain du Wisconsin et bient\u00f4t des imitateurs de clowns du monde entier ont commenc\u00e9 \u00e0 appara\u00eetre.<\/p>\n<\/div>\n<div class=\"css-12zje5r\">\n<p>Ce qui avait commenc\u00e9 comme un divertissement inoffensif s&rsquo;est transform\u00e9 en une v\u00e9ritable histoire d&rsquo;horreur, lorsque l&rsquo;engouement pour les clowns a pris une tournure dangereuse.<\/p>\n<\/div>\n<div class=\"css-12zje5r\">\n<p>En Floride, une famille a \u00e9t\u00e9 attaqu\u00e9e par un groupe de 20 personnes portant des masques de clown.<\/p>\n<\/div>\n<div class=\"css-c2lb2p\">\n<p>Le Sun a \u00e9galement rapport\u00e9 qu&rsquo;une personne portant un masque de clown aurait sorti un couteau et aurait commenc\u00e9 \u00e0 courir apr\u00e8s un gar\u00e7on alors qu&rsquo;il se rendait \u00e0 l&rsquo;\u00e9cole.<\/p>\n<\/div>\n<div class=\"css-12zje5r\">\n<p>La police a \u00e9t\u00e9 inond\u00e9e d&rsquo;appels signalant que des gens \u00e9taient tourment\u00e9s par des artistes de cirque effrayants.<\/p>\n<\/div>\n<div class=\"css-c2lb2p\">\n<p>L&rsquo;association caritative pour enfants Childline a enregistr\u00e9 un total de 120 appels d&rsquo;enfants terrifi\u00e9s en 2016.<\/p>\n<\/div>\n<figure class=\"css-1ey54xo\"><picture class=\"css-1x72e95\"><source  media=\"(min-width: 0px) and (max-width: 380px) and (max-resolution: 1dppx)\" type=\"image\/webp\"\/><source  media=\"(min-width: 0px) and (max-width: 380px) and (max-resolution: 1dppx)\" type=\"image\/jpeg\"\/><source  media=\"(min-width: 0px) and (max-width: 380px) and (-webkit-max-device-pixel-ratio: 1)\" type=\"image\/webp\"\/><source  media=\"(min-width: 0px) and (max-width: 380px) and (-webkit-max-device-pixel-ratio: 1)\" type=\"image\/jpeg\"\/><source  media=\"(min-width: 0px) and (max-width: 380px) and (max-resolution: 3dppx)\" type=\"image\/webp\"\/><source  media=\"(min-width: 0px) and (max-width: 380px) and (max-resolution: 3dppx)\" type=\"image\/jpeg\"\/><source  media=\"(min-width: 0px) and (max-width: 380px) and (-webkit-max-device-pixel-ratio: 3)\" type=\"image\/webp\"\/><source  media=\"(min-width: 0px) and (max-width: 380px) and (-webkit-max-device-pixel-ratio: 3)\" type=\"image\/jpeg\"\/><source  media=\"(min-width: 380px) and (min-resolution: 2dppx)\" type=\"image\/webp\"\/><source  media=\"(min-width: 380px) and (min-resolution: 2dppx)\" type=\"image\/jpeg\"\/><source  media=\"(min-width: 380px) and (-webkit-min-device-pixel-ratio: 2)\" type=\"image\/webp\"\/><source  media=\"(min-width: 380px) and (-webkit-min-device-pixel-ratio: 2)\" type=\"image\/jpeg\"\/><source  type=\"image\/webp\"\/><source  type=\"image\/jpeg\"\/><img decoding=\"async\" src=\"https:\/\/www.jokeme.fr\/actus\/wp-content\/uploads\/2023\/10\/1697746193_776_McDonalds-a-progressivement-elimine-le-clown-emblematique-Ronald-pour-une.jpeg\" alt=\"La c\u00e9l\u00e8bre mascotte de McDonald's a d\u00fb prendre du recul en raison de l'engouement pour les clowns tueurs.  Cr\u00e9dit : Mike Fuentes\/Getty Images\" loading=\"lazy\"\/><\/picture><figcaption class=\"css-1hkjxsv\">La c\u00e9l\u00e8bre mascotte de McDonald&rsquo;s a d\u00fb prendre du recul en raison de l&rsquo;engouement pour les clowns tueurs.  Cr\u00e9dit : Mike Fuentes\/Getty Images<\/figcaption><\/figure>\n<div class=\"css-12zje5r\">\n<p>M\u00eame si les idiots qui parcouraient les rues en costumes bon march\u00e9 ne se d\u00e9guisaient pas en Ronald, ils ont fini par donner <em>tous<\/em> les clowns ont une mauvaise r\u00e9putation.<\/p>\n<\/div>\n<div class=\"css-12zje5r\">\n<p>McDonald&rsquo;s avait alors publi\u00e9 une d\u00e9claration qui disait : \u00ab\u00a0McDonald&rsquo;s et ses franchis\u00e9s sur les march\u00e9s locaux sont conscients du climat actuel autour des observations de clowns dans les communaut\u00e9s et, en tant que tels, r\u00e9fl\u00e9chissent \u00e0 la participation de Ronald McDonald&rsquo;s aux \u00e9v\u00e9nements communautaires pour le moment. \u00ab\u00a0<\/p>\n<\/div>\n<div class=\"css-c2lb2p\">\n<p>Un communiqu\u00e9 publi\u00e9 sur le site Internet de McDonald&rsquo;s au Royaume-Uni indique \u00e9galement : \u00ab\u00a0Nous craignons que Ronald McDonald n&rsquo;apparaisse plus dans la publicit\u00e9 de McDonald&rsquo;s au Royaume-Uni, mais il est toujours tr\u00e8s occup\u00e9 \u00e0 travailler pour nous.<\/p>\n<\/div>\n<div class=\"css-12zje5r\">\n<p>\u00ab\u00a0Il voyage souvent \u00e0 travers le pays pour aider \u00e0 promouvoir certaines de nos nouvelles activit\u00e9s passionnantes et visite nos restaurants pour s&rsquo;assurer que tout le monde appr\u00e9cie son repas.\u00a0\u00bb<\/p>\n<\/div>\n<div class=\"css-12zje5r\">\n<p>Le clown Maccies est encore pr\u00e9sent dans certains restaurants du monde entier, mais reste pour la plupart dans l\u2019ombre.<\/p>\n<\/div>\n<div class=\"css-12zje5r\">\n<p>En tant que Ronald, il est apparu dans des publicit\u00e9s et dans des images marketing depuis la premi\u00e8re apparition du personnage en 1963 jusqu&rsquo;au d\u00e9but des ann\u00e9es 1970.<\/p>\n<\/div>\n<\/div>\n","protected":false},"excerpt":{"rendered":"<p>Ronald McDonald \u00e9tait l&rsquo;ic\u00f4ne rouge et jaune du monde de la restauration rapide jusqu&rsquo;\u00e0 sa disgr\u00e2ce \u00e9pique. Oui, nous savons que c&rsquo;\u00e9tait juste un type avec du maquillage blanc et une combinaison jaune canari mal ajust\u00e9e, mais c&rsquo;\u00e9tait quand m\u00eame une l\u00e9gende. La c\u00e9l\u00e8bre mascotte de McDonald&rsquo;s vous a effray\u00e9 ou vous a fait hurler &#8230; <a title=\"McDonald&rsquo;s a progressivement \u00e9limin\u00e9 le clown embl\u00e9matique Ronald pour une raison tr\u00e8s troublante\" class=\"read-more\" href=\"https:\/\/www.jokeme.fr\/actus\/mcdonalds-a-progressivement-elimine-le-clown-emblematique-ronald-pour-une-raison-tres-troublante\/\" aria-label=\"Plus sur McDonald&rsquo;s a progressivement \u00e9limin\u00e9 le clown embl\u00e9matique Ronald pour une raison tr\u00e8s troublante\">Lire plus<\/a><\/p>\n","protected":false},"author":1,"featured_media":1314,"comment_status":"closed","ping_status":"open","sticky":false,"template":"","format":"standard","meta":{"footnotes":""},"categories":[1],"tags":[2303,2366,2367,1145,221,2365,424,2368,1492,2369,33],"yoast_head":"<!-- This site is optimized with the Yoast SEO plugin v20.8 - https:\/\/yoast.com\/wordpress\/plugins\/seo\/ -->\n<title>McDonald&#039;s a progressivement \u00e9limin\u00e9 le clown embl\u00e9matique Ronald pour une raison tr\u00e8s troublante - Actualit\u00e9s - Joke Me<\/title>\n<meta name=\"robots\" content=\"index, follow, max-snippet:-1, max-image-preview:large, max-video-preview:-1\" \/>\n<link rel=\"canonical\" href=\"https:\/\/www.jokeme.fr\/actus\/mcdonalds-a-progressivement-elimine-le-clown-emblematique-ronald-pour-une-raison-tres-troublante\/\" \/>\n<meta property=\"og:locale\" content=\"fr_FR\" \/>\n<meta property=\"og:type\" content=\"article\" \/>\n<meta property=\"og:title\" content=\"McDonald&#039;s a progressivement \u00e9limin\u00e9 le clown embl\u00e9matique Ronald pour une raison tr\u00e8s troublante - Actualit\u00e9s - Joke Me\" \/>\n<meta property=\"og:description\" content=\"Ronald McDonald \u00e9tait l&rsquo;ic\u00f4ne rouge et jaune du monde de la restauration rapide jusqu&rsquo;\u00e0 sa disgr\u00e2ce \u00e9pique. Oui, nous savons que c&rsquo;\u00e9tait juste un type avec du maquillage blanc et une combinaison jaune canari mal ajust\u00e9e, mais c&rsquo;\u00e9tait quand m\u00eame une l\u00e9gende. La c\u00e9l\u00e8bre mascotte de McDonald&rsquo;s vous a effray\u00e9 ou vous a fait hurler ... Lire plus\" \/>\n<meta property=\"og:url\" content=\"https:\/\/www.jokeme.fr\/actus\/mcdonalds-a-progressivement-elimine-le-clown-emblematique-ronald-pour-une-raison-tres-troublante\/\" \/>\n<meta property=\"og:site_name\" content=\"Actualit\u00e9s - Joke Me\" \/>\n<meta property=\"article:published_time\" content=\"2023-10-19T20:09:53+00:00\" \/>\n<meta property=\"article:modified_time\" content=\"2023-10-19T20:09:55+00:00\" \/>\n<meta property=\"og:image\" content=\"https:\/\/www.jokeme.fr\/actus\/wp-content\/uploads\/2023\/10\/McDonalds-a-progressivement-elimine-le-clown-emblematique-Ronald-pour-une.png\" \/>\n\t<meta property=\"og:image:width\" content=\"1200\" \/>\n\t<meta property=\"og:image:height\" content=\"675\" \/>\n\t<meta property=\"og:image:type\" content=\"image\/png\" \/>\n<meta name=\"author\" content=\"Didier\" \/>\n<meta name=\"twitter:card\" content=\"summary_large_image\" \/>\n<meta name=\"twitter:label1\" content=\"\u00c9crit par\" \/>\n\t<meta name=\"twitter:data1\" content=\"Didier\" \/>\n\t<meta name=\"twitter:label2\" content=\"Dur\u00e9e de lecture estim\u00e9e\" \/>\n\t<meta name=\"twitter:data2\" content=\"3 minutes\" \/>\n<script type=\"application\/ld+json\" class=\"yoast-schema-graph\">{\"@context\":\"https:\/\/schema.org\",\"@graph\":[{\"@type\":\"Article\",\"@id\":\"https:\/\/www.jokeme.fr\/actus\/mcdonalds-a-progressivement-elimine-le-clown-emblematique-ronald-pour-une-raison-tres-troublante\/#article\",\"isPartOf\":{\"@id\":\"https:\/\/www.jokeme.fr\/actus\/mcdonalds-a-progressivement-elimine-le-clown-emblematique-ronald-pour-une-raison-tres-troublante\/\"},\"author\":{\"name\":\"Didier\",\"@id\":\"https:\/\/www.jokeme.fr\/actus\/#\/schema\/person\/f0c6ad0d33ca144389e81e45a212928f\"},\"headline\":\"McDonald&rsquo;s a progressivement \u00e9limin\u00e9 le clown embl\u00e9matique Ronald pour une raison tr\u00e8s troublante\",\"datePublished\":\"2023-10-19T20:09:53+00:00\",\"dateModified\":\"2023-10-19T20:09:55+00:00\",\"mainEntityOfPage\":{\"@id\":\"https:\/\/www.jokeme.fr\/actus\/mcdonalds-a-progressivement-elimine-le-clown-emblematique-ronald-pour-une-raison-tres-troublante\/\"},\"wordCount\":661,\"publisher\":{\"@id\":\"https:\/\/www.jokeme.fr\/actus\/#organization\"},\"keywords\":[\"clown\",\"\u00e9limin\u00e9\",\"embl\u00e9matique\",\"McDonalds\",\"pour\",\"progressivement\",\"raison\",\"Ronald\",\"tr\u00e8s\",\"troublante\",\"une\"],\"inLanguage\":\"fr-FR\"},{\"@type\":\"WebPage\",\"@id\":\"https:\/\/www.jokeme.fr\/actus\/mcdonalds-a-progressivement-elimine-le-clown-emblematique-ronald-pour-une-raison-tres-troublante\/\",\"url\":\"https:\/\/www.jokeme.fr\/actus\/mcdonalds-a-progressivement-elimine-le-clown-emblematique-ronald-pour-une-raison-tres-troublante\/\",\"name\":\"McDonald's a progressivement \u00e9limin\u00e9 le clown embl\u00e9matique Ronald pour une raison tr\u00e8s troublante - Actualit\u00e9s - Joke Me\",\"isPartOf\":{\"@id\":\"https:\/\/www.jokeme.fr\/actus\/#website\"},\"datePublished\":\"2023-10-19T20:09:53+00:00\",\"dateModified\":\"2023-10-19T20:09:55+00:00\",\"breadcrumb\":{\"@id\":\"https:\/\/www.jokeme.fr\/actus\/mcdonalds-a-progressivement-elimine-le-clown-emblematique-ronald-pour-une-raison-tres-troublante\/#breadcrumb\"},\"inLanguage\":\"fr-FR\",\"potentialAction\":[{\"@type\":\"ReadAction\",\"target\":[\"https:\/\/www.jokeme.fr\/actus\/mcdonalds-a-progressivement-elimine-le-clown-emblematique-ronald-pour-une-raison-tres-troublante\/\"]}]},{\"@type\":\"BreadcrumbList\",\"@id\":\"https:\/\/www.jokeme.fr\/actus\/mcdonalds-a-progressivement-elimine-le-clown-emblematique-ronald-pour-une-raison-tres-troublante\/#breadcrumb\",\"itemListElement\":[{\"@type\":\"ListItem\",\"position\":1,\"name\":\"Accueil\",\"item\":\"https:\/\/www.jokeme.fr\/actus\/\"},{\"@type\":\"ListItem\",\"position\":2,\"name\":\"McDonald&rsquo;s a progressivement \u00e9limin\u00e9 le clown embl\u00e9matique Ronald pour une raison tr\u00e8s troublante\"}]},{\"@type\":\"WebSite\",\"@id\":\"https:\/\/www.jokeme.fr\/actus\/#website\",\"url\":\"https:\/\/www.jokeme.fr\/actus\/\",\"name\":\"Actualit\u00e9s - Joke Me\",\"description\":\"L&#039;actualit\u00e9 du rire\",\"publisher\":{\"@id\":\"https:\/\/www.jokeme.fr\/actus\/#organization\"},\"potentialAction\":[{\"@type\":\"SearchAction\",\"target\":{\"@type\":\"EntryPoint\",\"urlTemplate\":\"https:\/\/www.jokeme.fr\/actus\/?s={search_term_string}\"},\"query-input\":\"required name=search_term_string\"}],\"inLanguage\":\"fr-FR\"},{\"@type\":\"Organization\",\"@id\":\"https:\/\/www.jokeme.fr\/actus\/#organization\",\"name\":\"Actualit\u00e9s - Joke Me\",\"url\":\"https:\/\/www.jokeme.fr\/actus\/\",\"logo\":{\"@type\":\"ImageObject\",\"inLanguage\":\"fr-FR\",\"@id\":\"https:\/\/www.jokeme.fr\/actus\/#\/schema\/logo\/image\/\",\"url\":\"https:\/\/www.jokeme.fr\/actus\/wp-content\/uploads\/2023\/06\/cropped-Logo-Joke-Me.png\",\"contentUrl\":\"https:\/\/www.jokeme.fr\/actus\/wp-content\/uploads\/2023\/06\/cropped-Logo-Joke-Me.png\",\"width\":499,\"height\":363,\"caption\":\"Actualit\u00e9s - Joke Me\"},\"image\":{\"@id\":\"https:\/\/www.jokeme.fr\/actus\/#\/schema\/logo\/image\/\"}},{\"@type\":\"Person\",\"@id\":\"https:\/\/www.jokeme.fr\/actus\/#\/schema\/person\/f0c6ad0d33ca144389e81e45a212928f\",\"name\":\"Didier\",\"image\":{\"@type\":\"ImageObject\",\"inLanguage\":\"fr-FR\",\"@id\":\"https:\/\/www.jokeme.fr\/actus\/#\/schema\/person\/image\/\",\"url\":\"https:\/\/www.jokeme.fr\/actus\/wp-content\/uploads\/2024\/03\/jokeme-didier.jpg\",\"contentUrl\":\"https:\/\/www.jokeme.fr\/actus\/wp-content\/uploads\/2024\/03\/jokeme-didier.jpg\",\"caption\":\"Didier\"},\"description\":\"Didier, passionn\u00e9 de cin\u00e9ma, est un r\u00e9dacteur pour le m\u00e9dia Jokeme, o\u00f9 il partage sa passion \u00e0 travers des articles divertissants et informatifs. Ayant \u00e9tudi\u00e9 le journalisme, il allie sa formation \u00e0 sa passion pour offrir un contenu de qualit\u00e9 sur le monde du cin\u00e9ma.\",\"sameAs\":[\"https:\/\/www.jokeme.fr\/actus\"]}]}<\/script>\n<!-- \/ Yoast SEO plugin. -->","yoast_head_json":{"title":"McDonald's a progressivement \u00e9limin\u00e9 le clown embl\u00e9matique Ronald pour une raison tr\u00e8s troublante - Actualit\u00e9s - Joke Me","robots":{"index":"index","follow":"follow","max-snippet":"max-snippet:-1","max-image-preview":"max-image-preview:large","max-video-preview":"max-video-preview:-1"},"canonical":"https:\/\/www.jokeme.fr\/actus\/mcdonalds-a-progressivement-elimine-le-clown-emblematique-ronald-pour-une-raison-tres-troublante\/","og_locale":"fr_FR","og_type":"article","og_title":"McDonald's a progressivement \u00e9limin\u00e9 le clown embl\u00e9matique Ronald pour une raison tr\u00e8s troublante - Actualit\u00e9s - Joke Me","og_description":"Ronald McDonald \u00e9tait l&rsquo;ic\u00f4ne rouge et jaune du monde de la restauration rapide jusqu&rsquo;\u00e0 sa disgr\u00e2ce \u00e9pique. Oui, nous savons que c&rsquo;\u00e9tait juste un type avec du maquillage blanc et une combinaison jaune canari mal ajust\u00e9e, mais c&rsquo;\u00e9tait quand m\u00eame une l\u00e9gende. La c\u00e9l\u00e8bre mascotte de McDonald&rsquo;s vous a effray\u00e9 ou vous a fait hurler ... Lire plus","og_url":"https:\/\/www.jokeme.fr\/actus\/mcdonalds-a-progressivement-elimine-le-clown-emblematique-ronald-pour-une-raison-tres-troublante\/","og_site_name":"Actualit\u00e9s - Joke Me","article_published_time":"2023-10-19T20:09:53+00:00","article_modified_time":"2023-10-19T20:09:55+00:00","og_image":[{"width":1200,"height":675,"url":"https:\/\/www.jokeme.fr\/actus\/wp-content\/uploads\/2023\/10\/McDonalds-a-progressivement-elimine-le-clown-emblematique-Ronald-pour-une.png","type":"image\/png"}],"author":"Didier","twitter_card":"summary_large_image","twitter_misc":{"\u00c9crit par":"Didier","Dur\u00e9e de lecture estim\u00e9e":"3 minutes"},"schema":{"@context":"https:\/\/schema.org","@graph":[{"@type":"Article","@id":"https:\/\/www.jokeme.fr\/actus\/mcdonalds-a-progressivement-elimine-le-clown-emblematique-ronald-pour-une-raison-tres-troublante\/#article","isPartOf":{"@id":"https:\/\/www.jokeme.fr\/actus\/mcdonalds-a-progressivement-elimine-le-clown-emblematique-ronald-pour-une-raison-tres-troublante\/"},"author":{"name":"Didier","@id":"https:\/\/www.jokeme.fr\/actus\/#\/schema\/person\/f0c6ad0d33ca144389e81e45a212928f"},"headline":"McDonald&rsquo;s a progressivement \u00e9limin\u00e9 le clown embl\u00e9matique Ronald pour une raison tr\u00e8s troublante","datePublished":"2023-10-19T20:09:53+00:00","dateModified":"2023-10-19T20:09:55+00:00","mainEntityOfPage":{"@id":"https:\/\/www.jokeme.fr\/actus\/mcdonalds-a-progressivement-elimine-le-clown-emblematique-ronald-pour-une-raison-tres-troublante\/"},"wordCount":661,"publisher":{"@id":"https:\/\/www.jokeme.fr\/actus\/#organization"},"keywords":["clown","\u00e9limin\u00e9","embl\u00e9matique","McDonalds","pour","progressivement","raison","Ronald","tr\u00e8s","troublante","une"],"inLanguage":"fr-FR"},{"@type":"WebPage","@id":"https:\/\/www.jokeme.fr\/actus\/mcdonalds-a-progressivement-elimine-le-clown-emblematique-ronald-pour-une-raison-tres-troublante\/","url":"https:\/\/www.jokeme.fr\/actus\/mcdonalds-a-progressivement-elimine-le-clown-emblematique-ronald-pour-une-raison-tres-troublante\/","name":"McDonald's a progressivement \u00e9limin\u00e9 le clown embl\u00e9matique Ronald pour une raison tr\u00e8s troublante - Actualit\u00e9s - Joke Me","isPartOf":{"@id":"https:\/\/www.jokeme.fr\/actus\/#website"},"datePublished":"2023-10-19T20:09:53+00:00","dateModified":"2023-10-19T20:09:55+00:00","breadcrumb":{"@id":"https:\/\/www.jokeme.fr\/actus\/mcdonalds-a-progressivement-elimine-le-clown-emblematique-ronald-pour-une-raison-tres-troublante\/#breadcrumb"},"inLanguage":"fr-FR","potentialAction":[{"@type":"ReadAction","target":["https:\/\/www.jokeme.fr\/actus\/mcdonalds-a-progressivement-elimine-le-clown-emblematique-ronald-pour-une-raison-tres-troublante\/"]}]},{"@type":"BreadcrumbList","@id":"https:\/\/www.jokeme.fr\/actus\/mcdonalds-a-progressivement-elimine-le-clown-emblematique-ronald-pour-une-raison-tres-troublante\/#breadcrumb","itemListElement":[{"@type":"ListItem","position":1,"name":"Accueil","item":"https:\/\/www.jokeme.fr\/actus\/"},{"@type":"ListItem","position":2,"name":"McDonald&rsquo;s a progressivement \u00e9limin\u00e9 le clown embl\u00e9matique Ronald pour une raison tr\u00e8s troublante"}]},{"@type":"WebSite","@id":"https:\/\/www.jokeme.fr\/actus\/#website","url":"https:\/\/www.jokeme.fr\/actus\/","name":"Actualit\u00e9s - Joke Me","description":"L&#039;actualit\u00e9 du rire","publisher":{"@id":"https:\/\/www.jokeme.fr\/actus\/#organization"},"potentialAction":[{"@type":"SearchAction","target":{"@type":"EntryPoint","urlTemplate":"https:\/\/www.jokeme.fr\/actus\/?s={search_term_string}"},"query-input":"required name=search_term_string"}],"inLanguage":"fr-FR"},{"@type":"Organization","@id":"https:\/\/www.jokeme.fr\/actus\/#organization","name":"Actualit\u00e9s - Joke Me","url":"https:\/\/www.jokeme.fr\/actus\/","logo":{"@type":"ImageObject","inLanguage":"fr-FR","@id":"https:\/\/www.jokeme.fr\/actus\/#\/schema\/logo\/image\/","url":"https:\/\/www.jokeme.fr\/actus\/wp-content\/uploads\/2023\/06\/cropped-Logo-Joke-Me.png","contentUrl":"https:\/\/www.jokeme.fr\/actus\/wp-content\/uploads\/2023\/06\/cropped-Logo-Joke-Me.png","width":499,"height":363,"caption":"Actualit\u00e9s - Joke Me"},"image":{"@id":"https:\/\/www.jokeme.fr\/actus\/#\/schema\/logo\/image\/"}},{"@type":"Person","@id":"https:\/\/www.jokeme.fr\/actus\/#\/schema\/person\/f0c6ad0d33ca144389e81e45a212928f","name":"Didier","image":{"@type":"ImageObject","inLanguage":"fr-FR","@id":"https:\/\/www.jokeme.fr\/actus\/#\/schema\/person\/image\/","url":"https:\/\/www.jokeme.fr\/actus\/wp-content\/uploads\/2024\/03\/jokeme-didier.jpg","contentUrl":"https:\/\/www.jokeme.fr\/actus\/wp-content\/uploads\/2024\/03\/jokeme-didier.jpg","caption":"Didier"},"description":"Didier, passionn\u00e9 de cin\u00e9ma, est un r\u00e9dacteur pour le m\u00e9dia Jokeme, o\u00f9 il partage sa passion \u00e0 travers des articles divertissants et informatifs. Ayant \u00e9tudi\u00e9 le journalisme, il allie sa formation \u00e0 sa passion pour offrir un contenu de qualit\u00e9 sur le monde du cin\u00e9ma.","sameAs":["https:\/\/www.jokeme.fr\/actus"]}]}},"_links":{"self":[{"href":"https:\/\/www.jokeme.fr\/actus\/wp-json\/wp\/v2\/posts\/1313"}],"collection":[{"href":"https:\/\/www.jokeme.fr\/actus\/wp-json\/wp\/v2\/posts"}],"about":[{"href":"https:\/\/www.jokeme.fr\/actus\/wp-json\/wp\/v2\/types\/post"}],"author":[{"embeddable":true,"href":"https:\/\/www.jokeme.fr\/actus\/wp-json\/wp\/v2\/users\/1"}],"replies":[{"embeddable":true,"href":"https:\/\/www.jokeme.fr\/actus\/wp-json\/wp\/v2\/comments?post=1313"}],"version-history":[{"count":1,"href":"https:\/\/www.jokeme.fr\/actus\/wp-json\/wp\/v2\/posts\/1313\/revisions"}],"predecessor-version":[{"id":1315,"href":"https:\/\/www.jokeme.fr\/actus\/wp-json\/wp\/v2\/posts\/1313\/revisions\/1315"}],"wp:featuredmedia":[{"embeddable":true,"href":"https:\/\/www.jokeme.fr\/actus\/wp-json\/wp\/v2\/media\/1314"}],"wp:attachment":[{"href":"https:\/\/www.jokeme.fr\/actus\/wp-json\/wp\/v2\/media?parent=1313"}],"wp:term":[{"taxonomy":"category","embeddable":true,"href":"https:\/\/www.jokeme.fr\/actus\/wp-json\/wp\/v2\/categories?post=1313"},{"taxonomy":"post_tag","embeddable":true,"href":"https:\/\/www.jokeme.fr\/actus\/wp-json\/wp\/v2\/tags?post=1313"}],"curies":[{"name":"wp","href":"https:\/\/api.w.org\/{rel}","templated":true}]}}