{"id":1391,"date":"2023-10-27T15:09:29","date_gmt":"2023-10-27T13:09:29","guid":{"rendered":"https:\/\/www.jokeme.fr\/actus\/les-gens-sinquietent-apres-quune-femme-de-tiktok-ait-partage-sa-theorie-selon-laquelle-nous-avions-un-cerveau-de-poisson-rouge\/"},"modified":"2023-10-27T15:09:32","modified_gmt":"2023-10-27T13:09:32","slug":"les-gens-sinquietent-apres-quune-femme-de-tiktok-ait-partage-sa-theorie-selon-laquelle-nous-avions-un-cerveau-de-poisson-rouge","status":"publish","type":"post","link":"https:\/\/www.jokeme.fr\/actus\/les-gens-sinquietent-apres-quune-femme-de-tiktok-ait-partage-sa-theorie-selon-laquelle-nous-avions-un-cerveau-de-poisson-rouge\/","title":{"rendered":"Les gens s&rsquo;inqui\u00e8tent apr\u00e8s qu&rsquo;une femme de TikTok ait partag\u00e9 sa th\u00e9orie selon laquelle nous avions un \u00abcerveau de poisson rouge\u00bb"},"content":{"rendered":"<div>\n<div class=\"css-12zje5r\">\n<p>Une femme qui dit avoir un \u00ab cerveau de poisson rouge \u00bb a inqui\u00e9t\u00e9 les gens car ils admettent ressentir la m\u00eame chose.<\/p>\n<\/div>\n<div class=\"css-c2lb2p\">\n<p>Carla, utilisatrice de TikTok, estime que depuis sa naissance jusqu&rsquo;\u00e0 aujourd&rsquo;hui, elle a en fait tr\u00e8s peu de souvenirs et s&rsquo;est tourn\u00e9e vers les r\u00e9seaux sociaux pour demander si les autres n&rsquo;avaient \u00ab litt\u00e9ralement aucun souvenir \u00bb de quoi que ce soit il y a plus de quelques ann\u00e9es. <\/p>\n<\/div>\n<div class=\"css-c2lb2p\">\n<p>Dans le clip, Carla \u2013 qui se qualifie de \u00ab fille poisson rouge \u00bb \u2013 d\u00e9clare : \u00ab Est-ce que quelqu&rsquo;un d&rsquo;autre n&rsquo;a litt\u00e9ralement aucun souvenir de quoi que ce soit au-del\u00e0 d&rsquo;il y a quatre ou cinq ans ?<\/p>\n<\/div>\n<div class=\"css-12zje5r\">\n<p>\u00abJe suis n\u00e9, j&rsquo;avais six ans pour un aper\u00e7u d&rsquo;un souvenir \u00e9trange, puis j&rsquo;avais 13 ans pendant une demi-heure.<\/p>\n<\/div>\n<div class=\"css-12zje5r\">\n<p>\u00ab\u00a0Maintenant, je suis l\u00e0, c&rsquo;est tout. Je n&rsquo;ai rien d&rsquo;autre \u00e0 faire.\u00a0\u00bb<\/p>\n<\/div>\n<div class=\"css-12zje5r\">\n<p>Et, bizarrement, de nombreuses personnes semblent souffrir du m\u00eame sentiment.<\/p>\n<\/div>\n<div class=\"css-12zje5r\">\n<p>Le clip a rapidement \u00e9t\u00e9 inond\u00e9 de r\u00e9ponses d\u2019autres individus au cerveau de poisson rouge qui ont admis se sentir un peu pr\u00e9occup\u00e9s par la situation dans son ensemble.<\/p>\n<\/div>\n<figure class=\"css-1ey54xo\"><picture class=\"css-1x72e95\"><source  media=\"(min-width: 0px) and (max-width: 380px) and (max-resolution: 1dppx)\" type=\"image\/webp\"\/><source  media=\"(min-width: 0px) and (max-width: 380px) and (max-resolution: 1dppx)\" type=\"image\/jpeg\"\/><source  media=\"(min-width: 0px) and (max-width: 380px) and (-webkit-max-device-pixel-ratio: 1)\" type=\"image\/webp\"\/><source  media=\"(min-width: 0px) and (max-width: 380px) and (-webkit-max-device-pixel-ratio: 1)\" type=\"image\/jpeg\"\/><source  media=\"(min-width: 0px) and (max-width: 380px) and (max-resolution: 3dppx)\" type=\"image\/webp\"\/><source  media=\"(min-width: 0px) and (max-width: 380px) and (max-resolution: 3dppx)\" type=\"image\/jpeg\"\/><source  media=\"(min-width: 0px) and (max-width: 380px) and (-webkit-max-device-pixel-ratio: 3)\" type=\"image\/webp\"\/><source  media=\"(min-width: 0px) and (max-width: 380px) and (-webkit-max-device-pixel-ratio: 3)\" type=\"image\/jpeg\"\/><source  media=\"(min-width: 380px) and (min-resolution: 2dppx)\" type=\"image\/webp\"\/><source  media=\"(min-width: 380px) and (min-resolution: 2dppx)\" type=\"image\/jpeg\"\/><source  media=\"(min-width: 380px) and (-webkit-min-device-pixel-ratio: 2)\" type=\"image\/webp\"\/><source  media=\"(min-width: 380px) and (-webkit-min-device-pixel-ratio: 2)\" type=\"image\/jpeg\"\/><source  type=\"image\/webp\"\/><source  type=\"image\/jpeg\"\/><\/picture><figcaption class=\"css-1hkjxsv\">Carla a dit qu&rsquo;elle ne se souvenait pas de la majeure partie de sa vie.  Cr\u00e9dit : TikTok\/@carlabezanson<\/figcaption><\/figure>\n<div class=\"css-12zje5r\">\n<p>Une personne a d\u00e9clar\u00e9 : \u00ab Vous avez litt\u00e9ralement d\u00e9crit ma vie.  Que diriez-vous lorsque quelqu&rsquo;un raconte une histoire et que vous y \u00e9tiez mais que vous ne vous en souvenez pas\u00a0?\u00a0\u00bb<\/p>\n<\/div>\n<div class=\"css-12zje5r\">\n<p>Quelqu&rsquo;un d&rsquo;autre a \u00e9crit : \u00ab Je ne me souviens d&rsquo;aucun de mes professeurs, pas m\u00eame de l&rsquo;universit\u00e9.  Et certaines personnes se souviennent de leur institutrice de maternelle.<\/p>\n<\/div>\n<div class=\"css-12zje5r\">\n<p>Un troisi\u00e8me a comment\u00e9 : \u00ab Cela me pr\u00e9occupe.  Pourquoi n&rsquo;avons-nous aucun souvenir ? \u00bb<\/p>\n<\/div>\n<div class=\"css-12zje5r\">\n<p>Eh bien, avant de commencer \u00e0 paniquer, un expert vous a expliqu\u00e9 ce qui est normal en termes de m\u00e9moire.<\/p>\n<\/div>\n<figure class=\"css-1ey54xo\"><picture class=\"css-1x72e95\"><source  media=\"(min-width: 0px) and (max-width: 380px) and (max-resolution: 1dppx)\" type=\"image\/webp\"\/><source  media=\"(min-width: 0px) and (max-width: 380px) and (max-resolution: 1dppx)\" type=\"image\/jpeg\"\/><source  media=\"(min-width: 0px) and (max-width: 380px) and (-webkit-max-device-pixel-ratio: 1)\" type=\"image\/webp\"\/><source  media=\"(min-width: 0px) and (max-width: 380px) and (-webkit-max-device-pixel-ratio: 1)\" type=\"image\/jpeg\"\/><source  media=\"(min-width: 0px) and (max-width: 380px) and (max-resolution: 3dppx)\" type=\"image\/webp\"\/><source  media=\"(min-width: 0px) and (max-width: 380px) and (max-resolution: 3dppx)\" type=\"image\/jpeg\"\/><source  media=\"(min-width: 0px) and (max-width: 380px) and (-webkit-max-device-pixel-ratio: 3)\" type=\"image\/webp\"\/><source  media=\"(min-width: 0px) and (max-width: 380px) and (-webkit-max-device-pixel-ratio: 3)\" type=\"image\/jpeg\"\/><source  media=\"(min-width: 380px) and (min-resolution: 2dppx)\" type=\"image\/webp\"\/><source  media=\"(min-width: 380px) and (min-resolution: 2dppx)\" type=\"image\/jpeg\"\/><source  media=\"(min-width: 380px) and (-webkit-min-device-pixel-ratio: 2)\" type=\"image\/webp\"\/><source  media=\"(min-width: 380px) and (-webkit-min-device-pixel-ratio: 2)\" type=\"image\/jpeg\"\/><source  type=\"image\/webp\"\/><source  type=\"image\/jpeg\"\/><img decoding=\"async\" src=\"https:\/\/www.jokeme.fr\/actus\/wp-content\/uploads\/2023\/10\/1698412169_682_Les-gens-sinquietent-apres-quune-femme-de-TikTok-ait-partage.png\" alt=\"Son message a touch\u00e9 une corde sensible chez d\u2019autres qui ont d\u00e9clar\u00e9 ressentir la m\u00eame chose.  Cr\u00e9dit : TikTok\/@carlabezanson\" loading=\"lazy\"\/><\/picture><figcaption class=\"css-1hkjxsv\">Son message a touch\u00e9 une corde sensible chez d\u2019autres qui ont d\u00e9clar\u00e9 ressentir la m\u00eame chose.  Cr\u00e9dit : TikTok\/@carlabezanson<\/figcaption><\/figure>\n<div class=\"css-12zje5r\">\n<p>Le psychologue Charles Fernyhough de l&rsquo;Universit\u00e9 de Durham a expliqu\u00e9 que la quantit\u00e9 dont nous nous souvenons de notre vie varie consid\u00e9rablement d&rsquo;une personne \u00e0 l&rsquo;autre.<\/p>\n<\/div>\n<div class=\"css-12zje5r\">\n<p>Il a d\u00e9clar\u00e9 au New Scientist : \u00ab Il existe de fortes diff\u00e9rences individuelles.<\/p>\n<\/div>\n<div class=\"css-12zje5r\">\n<p>\u00ab\u00a0C&rsquo;est une caract\u00e9ristique de la m\u00e9moire humaine que nous ne nous souvenons pas tous du m\u00eame genre de choses.\u00a0\u00bb<\/p>\n<\/div>\n<div class=\"css-12zje5r\">\n<p>Il a expliqu\u00e9 que les choses dont nous nous souvenons d\u00e9pendent de nos int\u00e9r\u00eats et de nos r\u00e9actions \u00e9motionnelles.<\/p>\n<\/div>\n<div class=\"css-12zje5r\">\n<p>Si vous pouvez effectuer des t\u00e2ches quotidiennes et suivre une conversation, il n\u2019y a probablement aucune raison de vous inqui\u00e9ter.<\/p>\n<\/div>\n<div class=\"css-c2lb2p\">\n<p>De l\u2019autre c\u00f4t\u00e9 du spectre de la m\u00e9moire par rapport \u00e0 \u00ab la fille poisson rouge \u00bb, une femme appel\u00e9e Jill Price peut se souvenir de chaque d\u00e9tail de sa vie enti\u00e8re.<\/p>\n<\/div>\n<div class=\"css-c2lb2p\">\n<p>Price souffre d&rsquo;une maladie appel\u00e9e syndrome d&rsquo;hyperthym\u00e9sie, dont vous n&rsquo;avez probablement jamais entendu parler car le terme a \u00e9t\u00e9 invent\u00e9 sp\u00e9cifiquement pour d\u00e9crire la maladie de Price.<\/p>\n<\/div>\n<div class=\"css-c2lb2p\">\n<p>Elle pr\u00e9tend \u00eatre capable de se souvenir d&rsquo;\u00e0 peu pr\u00e8s tout de sa vie apr\u00e8s l&rsquo;\u00e2ge de 14 ans, jusqu&rsquo;aux dates de jours sp\u00e9cifiques et aux \u00e9v\u00e9nements mondiaux qui se d\u00e9roulaient \u00e0 l&rsquo;\u00e9poque, pour autant qu&rsquo;elle en ait eu connaissance \u00e0 ce moment-l\u00e0.<\/p>\n<\/div>\n<\/div>\n","protected":false},"excerpt":{"rendered":"<p>Une femme qui dit avoir un \u00ab cerveau de poisson rouge \u00bb a inqui\u00e9t\u00e9 les gens car ils admettent ressentir la m\u00eame chose. Carla, utilisatrice de TikTok, estime que depuis sa naissance jusqu&rsquo;\u00e0 aujourd&rsquo;hui, elle a en fait tr\u00e8s peu de souvenirs et s&rsquo;est tourn\u00e9e vers les r\u00e9seaux sociaux pour demander si les autres n&rsquo;avaient &#8230; <a title=\"Les gens s&rsquo;inqui\u00e8tent apr\u00e8s qu&rsquo;une femme de TikTok ait partag\u00e9 sa th\u00e9orie selon laquelle nous avions un \u00abcerveau de poisson rouge\u00bb\" class=\"read-more\" href=\"https:\/\/www.jokeme.fr\/actus\/les-gens-sinquietent-apres-quune-femme-de-tiktok-ait-partage-sa-theorie-selon-laquelle-nous-avions-un-cerveau-de-poisson-rouge\/\" aria-label=\"Plus sur Les gens s&rsquo;inqui\u00e8tent apr\u00e8s qu&rsquo;une femme de TikTok ait partag\u00e9 sa th\u00e9orie selon laquelle nous avions un \u00abcerveau de poisson rouge\u00bb\">Lire plus<\/a><\/p>\n","protected":false},"author":1,"featured_media":1392,"comment_status":"closed","ping_status":"open","sticky":false,"template":"","format":"standard","meta":{"footnotes":""},"categories":[1],"tags":[155,152,694,2456,154,306,885,66,886,883,1051,153,2336,36,2455,884,936],"yoast_head":"<!-- This site is optimized with the Yoast SEO plugin v20.8 - https:\/\/yoast.com\/wordpress\/plugins\/seo\/ -->\n<title>Les gens s&#039;inqui\u00e8tent apr\u00e8s qu&#039;une femme de TikTok ait partag\u00e9 sa th\u00e9orie selon laquelle nous avions un \u00abcerveau de poisson rouge\u00bb - Actualit\u00e9s - Joke Me<\/title>\n<meta name=\"robots\" content=\"index, follow, max-snippet:-1, max-image-preview:large, max-video-preview:-1\" \/>\n<link rel=\"canonical\" href=\"https:\/\/www.jokeme.fr\/actus\/les-gens-sinquietent-apres-quune-femme-de-tiktok-ait-partage-sa-theorie-selon-laquelle-nous-avions-un-cerveau-de-poisson-rouge\/\" \/>\n<meta property=\"og:locale\" content=\"fr_FR\" \/>\n<meta property=\"og:type\" content=\"article\" \/>\n<meta property=\"og:title\" content=\"Les gens s&#039;inqui\u00e8tent apr\u00e8s qu&#039;une femme de TikTok ait partag\u00e9 sa th\u00e9orie selon laquelle nous avions un \u00abcerveau de poisson rouge\u00bb - Actualit\u00e9s - Joke Me\" \/>\n<meta property=\"og:description\" content=\"Une femme qui dit avoir un \u00ab cerveau de poisson rouge \u00bb a inqui\u00e9t\u00e9 les gens car ils admettent ressentir la m\u00eame chose. Carla, utilisatrice de TikTok, estime que depuis sa naissance jusqu&rsquo;\u00e0 aujourd&rsquo;hui, elle a en fait tr\u00e8s peu de souvenirs et s&rsquo;est tourn\u00e9e vers les r\u00e9seaux sociaux pour demander si les autres n&rsquo;avaient ... Lire plus\" \/>\n<meta property=\"og:url\" content=\"https:\/\/www.jokeme.fr\/actus\/les-gens-sinquietent-apres-quune-femme-de-tiktok-ait-partage-sa-theorie-selon-laquelle-nous-avions-un-cerveau-de-poisson-rouge\/\" \/>\n<meta property=\"og:site_name\" content=\"Actualit\u00e9s - Joke Me\" \/>\n<meta property=\"article:published_time\" content=\"2023-10-27T13:09:29+00:00\" \/>\n<meta property=\"article:modified_time\" content=\"2023-10-27T13:09:32+00:00\" \/>\n<meta property=\"og:image\" content=\"https:\/\/www.jokeme.fr\/actus\/wp-content\/uploads\/2023\/10\/1698412170_Les-gens-sinquietent-apres-quune-femme-de-TikTok-ait-partage.png\" \/>\n\t<meta property=\"og:image:width\" content=\"1200\" \/>\n\t<meta property=\"og:image:height\" content=\"675\" \/>\n\t<meta property=\"og:image:type\" content=\"image\/png\" \/>\n<meta name=\"author\" content=\"Didier\" \/>\n<meta name=\"twitter:card\" content=\"summary_large_image\" \/>\n<meta name=\"twitter:label1\" content=\"\u00c9crit par\" \/>\n\t<meta name=\"twitter:data1\" content=\"Didier\" \/>\n\t<meta name=\"twitter:label2\" content=\"Dur\u00e9e de lecture estim\u00e9e\" \/>\n\t<meta name=\"twitter:data2\" content=\"3 minutes\" \/>\n<script type=\"application\/ld+json\" class=\"yoast-schema-graph\">{\"@context\":\"https:\/\/schema.org\",\"@graph\":[{\"@type\":\"Article\",\"@id\":\"https:\/\/www.jokeme.fr\/actus\/les-gens-sinquietent-apres-quune-femme-de-tiktok-ait-partage-sa-theorie-selon-laquelle-nous-avions-un-cerveau-de-poisson-rouge\/#article\",\"isPartOf\":{\"@id\":\"https:\/\/www.jokeme.fr\/actus\/les-gens-sinquietent-apres-quune-femme-de-tiktok-ait-partage-sa-theorie-selon-laquelle-nous-avions-un-cerveau-de-poisson-rouge\/\"},\"author\":{\"name\":\"Didier\",\"@id\":\"https:\/\/www.jokeme.fr\/actus\/#\/schema\/person\/f0c6ad0d33ca144389e81e45a212928f\"},\"headline\":\"Les gens s&rsquo;inqui\u00e8tent apr\u00e8s qu&rsquo;une femme de TikTok ait partag\u00e9 sa th\u00e9orie selon laquelle nous avions un \u00abcerveau de poisson rouge\u00bb\",\"datePublished\":\"2023-10-27T13:09:29+00:00\",\"dateModified\":\"2023-10-27T13:09:32+00:00\",\"mainEntityOfPage\":{\"@id\":\"https:\/\/www.jokeme.fr\/actus\/les-gens-sinquietent-apres-quune-femme-de-tiktok-ait-partage-sa-theorie-selon-laquelle-nous-avions-un-cerveau-de-poisson-rouge\/\"},\"wordCount\":565,\"publisher\":{\"@id\":\"https:\/\/www.jokeme.fr\/actus\/#organization\"},\"keywords\":[\"ait\",\"apr\u00e8s\",\"avions\",\"cerveau\",\"femme\",\"gens\",\"laquelle\",\"les\",\"nous\",\"partag\u00e9\",\"poisson\",\"quune\",\"Rouge\",\"selon\",\"sinqui\u00e8tent\",\"th\u00e9orie\",\"TikTok\"],\"inLanguage\":\"fr-FR\"},{\"@type\":\"WebPage\",\"@id\":\"https:\/\/www.jokeme.fr\/actus\/les-gens-sinquietent-apres-quune-femme-de-tiktok-ait-partage-sa-theorie-selon-laquelle-nous-avions-un-cerveau-de-poisson-rouge\/\",\"url\":\"https:\/\/www.jokeme.fr\/actus\/les-gens-sinquietent-apres-quune-femme-de-tiktok-ait-partage-sa-theorie-selon-laquelle-nous-avions-un-cerveau-de-poisson-rouge\/\",\"name\":\"Les gens s'inqui\u00e8tent apr\u00e8s qu'une femme de TikTok ait partag\u00e9 sa th\u00e9orie selon laquelle nous avions un \u00abcerveau de poisson rouge\u00bb - Actualit\u00e9s - Joke Me\",\"isPartOf\":{\"@id\":\"https:\/\/www.jokeme.fr\/actus\/#website\"},\"datePublished\":\"2023-10-27T13:09:29+00:00\",\"dateModified\":\"2023-10-27T13:09:32+00:00\",\"breadcrumb\":{\"@id\":\"https:\/\/www.jokeme.fr\/actus\/les-gens-sinquietent-apres-quune-femme-de-tiktok-ait-partage-sa-theorie-selon-laquelle-nous-avions-un-cerveau-de-poisson-rouge\/#breadcrumb\"},\"inLanguage\":\"fr-FR\",\"potentialAction\":[{\"@type\":\"ReadAction\",\"target\":[\"https:\/\/www.jokeme.fr\/actus\/les-gens-sinquietent-apres-quune-femme-de-tiktok-ait-partage-sa-theorie-selon-laquelle-nous-avions-un-cerveau-de-poisson-rouge\/\"]}]},{\"@type\":\"BreadcrumbList\",\"@id\":\"https:\/\/www.jokeme.fr\/actus\/les-gens-sinquietent-apres-quune-femme-de-tiktok-ait-partage-sa-theorie-selon-laquelle-nous-avions-un-cerveau-de-poisson-rouge\/#breadcrumb\",\"itemListElement\":[{\"@type\":\"ListItem\",\"position\":1,\"name\":\"Accueil\",\"item\":\"https:\/\/www.jokeme.fr\/actus\/\"},{\"@type\":\"ListItem\",\"position\":2,\"name\":\"Les gens s&rsquo;inqui\u00e8tent apr\u00e8s qu&rsquo;une femme de TikTok ait partag\u00e9 sa th\u00e9orie selon laquelle nous avions un \u00abcerveau de poisson rouge\u00bb\"}]},{\"@type\":\"WebSite\",\"@id\":\"https:\/\/www.jokeme.fr\/actus\/#website\",\"url\":\"https:\/\/www.jokeme.fr\/actus\/\",\"name\":\"Actualit\u00e9s - Joke Me\",\"description\":\"L&#039;actualit\u00e9 du rire\",\"publisher\":{\"@id\":\"https:\/\/www.jokeme.fr\/actus\/#organization\"},\"potentialAction\":[{\"@type\":\"SearchAction\",\"target\":{\"@type\":\"EntryPoint\",\"urlTemplate\":\"https:\/\/www.jokeme.fr\/actus\/?s={search_term_string}\"},\"query-input\":\"required name=search_term_string\"}],\"inLanguage\":\"fr-FR\"},{\"@type\":\"Organization\",\"@id\":\"https:\/\/www.jokeme.fr\/actus\/#organization\",\"name\":\"Actualit\u00e9s - Joke Me\",\"url\":\"https:\/\/www.jokeme.fr\/actus\/\",\"logo\":{\"@type\":\"ImageObject\",\"inLanguage\":\"fr-FR\",\"@id\":\"https:\/\/www.jokeme.fr\/actus\/#\/schema\/logo\/image\/\",\"url\":\"https:\/\/www.jokeme.fr\/actus\/wp-content\/uploads\/2023\/06\/cropped-Logo-Joke-Me.png\",\"contentUrl\":\"https:\/\/www.jokeme.fr\/actus\/wp-content\/uploads\/2023\/06\/cropped-Logo-Joke-Me.png\",\"width\":499,\"height\":363,\"caption\":\"Actualit\u00e9s - Joke Me\"},\"image\":{\"@id\":\"https:\/\/www.jokeme.fr\/actus\/#\/schema\/logo\/image\/\"}},{\"@type\":\"Person\",\"@id\":\"https:\/\/www.jokeme.fr\/actus\/#\/schema\/person\/f0c6ad0d33ca144389e81e45a212928f\",\"name\":\"Didier\",\"image\":{\"@type\":\"ImageObject\",\"inLanguage\":\"fr-FR\",\"@id\":\"https:\/\/www.jokeme.fr\/actus\/#\/schema\/person\/image\/\",\"url\":\"https:\/\/www.jokeme.fr\/actus\/wp-content\/uploads\/2024\/03\/jokeme-didier.jpg\",\"contentUrl\":\"https:\/\/www.jokeme.fr\/actus\/wp-content\/uploads\/2024\/03\/jokeme-didier.jpg\",\"caption\":\"Didier\"},\"description\":\"Didier, passionn\u00e9 de cin\u00e9ma, est un r\u00e9dacteur pour le m\u00e9dia Jokeme, o\u00f9 il partage sa passion \u00e0 travers des articles divertissants et informatifs. Ayant \u00e9tudi\u00e9 le journalisme, il allie sa formation \u00e0 sa passion pour offrir un contenu de qualit\u00e9 sur le monde du cin\u00e9ma.\",\"sameAs\":[\"https:\/\/www.jokeme.fr\/actus\"]}]}<\/script>\n<!-- \/ Yoast SEO plugin. -->","yoast_head_json":{"title":"Les gens s'inqui\u00e8tent apr\u00e8s qu'une femme de TikTok ait partag\u00e9 sa th\u00e9orie selon laquelle nous avions un \u00abcerveau de poisson rouge\u00bb - Actualit\u00e9s - Joke Me","robots":{"index":"index","follow":"follow","max-snippet":"max-snippet:-1","max-image-preview":"max-image-preview:large","max-video-preview":"max-video-preview:-1"},"canonical":"https:\/\/www.jokeme.fr\/actus\/les-gens-sinquietent-apres-quune-femme-de-tiktok-ait-partage-sa-theorie-selon-laquelle-nous-avions-un-cerveau-de-poisson-rouge\/","og_locale":"fr_FR","og_type":"article","og_title":"Les gens s'inqui\u00e8tent apr\u00e8s qu'une femme de TikTok ait partag\u00e9 sa th\u00e9orie selon laquelle nous avions un \u00abcerveau de poisson rouge\u00bb - Actualit\u00e9s - Joke Me","og_description":"Une femme qui dit avoir un \u00ab cerveau de poisson rouge \u00bb a inqui\u00e9t\u00e9 les gens car ils admettent ressentir la m\u00eame chose. Carla, utilisatrice de TikTok, estime que depuis sa naissance jusqu&rsquo;\u00e0 aujourd&rsquo;hui, elle a en fait tr\u00e8s peu de souvenirs et s&rsquo;est tourn\u00e9e vers les r\u00e9seaux sociaux pour demander si les autres n&rsquo;avaient ... Lire plus","og_url":"https:\/\/www.jokeme.fr\/actus\/les-gens-sinquietent-apres-quune-femme-de-tiktok-ait-partage-sa-theorie-selon-laquelle-nous-avions-un-cerveau-de-poisson-rouge\/","og_site_name":"Actualit\u00e9s - Joke Me","article_published_time":"2023-10-27T13:09:29+00:00","article_modified_time":"2023-10-27T13:09:32+00:00","og_image":[{"width":1200,"height":675,"url":"https:\/\/www.jokeme.fr\/actus\/wp-content\/uploads\/2023\/10\/1698412170_Les-gens-sinquietent-apres-quune-femme-de-TikTok-ait-partage.png","type":"image\/png"}],"author":"Didier","twitter_card":"summary_large_image","twitter_misc":{"\u00c9crit par":"Didier","Dur\u00e9e de lecture estim\u00e9e":"3 minutes"},"schema":{"@context":"https:\/\/schema.org","@graph":[{"@type":"Article","@id":"https:\/\/www.jokeme.fr\/actus\/les-gens-sinquietent-apres-quune-femme-de-tiktok-ait-partage-sa-theorie-selon-laquelle-nous-avions-un-cerveau-de-poisson-rouge\/#article","isPartOf":{"@id":"https:\/\/www.jokeme.fr\/actus\/les-gens-sinquietent-apres-quune-femme-de-tiktok-ait-partage-sa-theorie-selon-laquelle-nous-avions-un-cerveau-de-poisson-rouge\/"},"author":{"name":"Didier","@id":"https:\/\/www.jokeme.fr\/actus\/#\/schema\/person\/f0c6ad0d33ca144389e81e45a212928f"},"headline":"Les gens s&rsquo;inqui\u00e8tent apr\u00e8s qu&rsquo;une femme de TikTok ait partag\u00e9 sa th\u00e9orie selon laquelle nous avions un \u00abcerveau de poisson rouge\u00bb","datePublished":"2023-10-27T13:09:29+00:00","dateModified":"2023-10-27T13:09:32+00:00","mainEntityOfPage":{"@id":"https:\/\/www.jokeme.fr\/actus\/les-gens-sinquietent-apres-quune-femme-de-tiktok-ait-partage-sa-theorie-selon-laquelle-nous-avions-un-cerveau-de-poisson-rouge\/"},"wordCount":565,"publisher":{"@id":"https:\/\/www.jokeme.fr\/actus\/#organization"},"keywords":["ait","apr\u00e8s","avions","cerveau","femme","gens","laquelle","les","nous","partag\u00e9","poisson","quune","Rouge","selon","sinqui\u00e8tent","th\u00e9orie","TikTok"],"inLanguage":"fr-FR"},{"@type":"WebPage","@id":"https:\/\/www.jokeme.fr\/actus\/les-gens-sinquietent-apres-quune-femme-de-tiktok-ait-partage-sa-theorie-selon-laquelle-nous-avions-un-cerveau-de-poisson-rouge\/","url":"https:\/\/www.jokeme.fr\/actus\/les-gens-sinquietent-apres-quune-femme-de-tiktok-ait-partage-sa-theorie-selon-laquelle-nous-avions-un-cerveau-de-poisson-rouge\/","name":"Les gens s'inqui\u00e8tent apr\u00e8s qu'une femme de TikTok ait partag\u00e9 sa th\u00e9orie selon laquelle nous avions un \u00abcerveau de poisson rouge\u00bb - Actualit\u00e9s - Joke Me","isPartOf":{"@id":"https:\/\/www.jokeme.fr\/actus\/#website"},"datePublished":"2023-10-27T13:09:29+00:00","dateModified":"2023-10-27T13:09:32+00:00","breadcrumb":{"@id":"https:\/\/www.jokeme.fr\/actus\/les-gens-sinquietent-apres-quune-femme-de-tiktok-ait-partage-sa-theorie-selon-laquelle-nous-avions-un-cerveau-de-poisson-rouge\/#breadcrumb"},"inLanguage":"fr-FR","potentialAction":[{"@type":"ReadAction","target":["https:\/\/www.jokeme.fr\/actus\/les-gens-sinquietent-apres-quune-femme-de-tiktok-ait-partage-sa-theorie-selon-laquelle-nous-avions-un-cerveau-de-poisson-rouge\/"]}]},{"@type":"BreadcrumbList","@id":"https:\/\/www.jokeme.fr\/actus\/les-gens-sinquietent-apres-quune-femme-de-tiktok-ait-partage-sa-theorie-selon-laquelle-nous-avions-un-cerveau-de-poisson-rouge\/#breadcrumb","itemListElement":[{"@type":"ListItem","position":1,"name":"Accueil","item":"https:\/\/www.jokeme.fr\/actus\/"},{"@type":"ListItem","position":2,"name":"Les gens s&rsquo;inqui\u00e8tent apr\u00e8s qu&rsquo;une femme de TikTok ait partag\u00e9 sa th\u00e9orie selon laquelle nous avions un \u00abcerveau de poisson rouge\u00bb"}]},{"@type":"WebSite","@id":"https:\/\/www.jokeme.fr\/actus\/#website","url":"https:\/\/www.jokeme.fr\/actus\/","name":"Actualit\u00e9s - Joke Me","description":"L&#039;actualit\u00e9 du rire","publisher":{"@id":"https:\/\/www.jokeme.fr\/actus\/#organization"},"potentialAction":[{"@type":"SearchAction","target":{"@type":"EntryPoint","urlTemplate":"https:\/\/www.jokeme.fr\/actus\/?s={search_term_string}"},"query-input":"required name=search_term_string"}],"inLanguage":"fr-FR"},{"@type":"Organization","@id":"https:\/\/www.jokeme.fr\/actus\/#organization","name":"Actualit\u00e9s - Joke Me","url":"https:\/\/www.jokeme.fr\/actus\/","logo":{"@type":"ImageObject","inLanguage":"fr-FR","@id":"https:\/\/www.jokeme.fr\/actus\/#\/schema\/logo\/image\/","url":"https:\/\/www.jokeme.fr\/actus\/wp-content\/uploads\/2023\/06\/cropped-Logo-Joke-Me.png","contentUrl":"https:\/\/www.jokeme.fr\/actus\/wp-content\/uploads\/2023\/06\/cropped-Logo-Joke-Me.png","width":499,"height":363,"caption":"Actualit\u00e9s - Joke Me"},"image":{"@id":"https:\/\/www.jokeme.fr\/actus\/#\/schema\/logo\/image\/"}},{"@type":"Person","@id":"https:\/\/www.jokeme.fr\/actus\/#\/schema\/person\/f0c6ad0d33ca144389e81e45a212928f","name":"Didier","image":{"@type":"ImageObject","inLanguage":"fr-FR","@id":"https:\/\/www.jokeme.fr\/actus\/#\/schema\/person\/image\/","url":"https:\/\/www.jokeme.fr\/actus\/wp-content\/uploads\/2024\/03\/jokeme-didier.jpg","contentUrl":"https:\/\/www.jokeme.fr\/actus\/wp-content\/uploads\/2024\/03\/jokeme-didier.jpg","caption":"Didier"},"description":"Didier, passionn\u00e9 de cin\u00e9ma, est un r\u00e9dacteur pour le m\u00e9dia Jokeme, o\u00f9 il partage sa passion \u00e0 travers des articles divertissants et informatifs. Ayant \u00e9tudi\u00e9 le journalisme, il allie sa formation \u00e0 sa passion pour offrir un contenu de qualit\u00e9 sur le monde du cin\u00e9ma.","sameAs":["https:\/\/www.jokeme.fr\/actus"]}]}},"_links":{"self":[{"href":"https:\/\/www.jokeme.fr\/actus\/wp-json\/wp\/v2\/posts\/1391"}],"collection":[{"href":"https:\/\/www.jokeme.fr\/actus\/wp-json\/wp\/v2\/posts"}],"about":[{"href":"https:\/\/www.jokeme.fr\/actus\/wp-json\/wp\/v2\/types\/post"}],"author":[{"embeddable":true,"href":"https:\/\/www.jokeme.fr\/actus\/wp-json\/wp\/v2\/users\/1"}],"replies":[{"embeddable":true,"href":"https:\/\/www.jokeme.fr\/actus\/wp-json\/wp\/v2\/comments?post=1391"}],"version-history":[{"count":1,"href":"https:\/\/www.jokeme.fr\/actus\/wp-json\/wp\/v2\/posts\/1391\/revisions"}],"predecessor-version":[{"id":1393,"href":"https:\/\/www.jokeme.fr\/actus\/wp-json\/wp\/v2\/posts\/1391\/revisions\/1393"}],"wp:featuredmedia":[{"embeddable":true,"href":"https:\/\/www.jokeme.fr\/actus\/wp-json\/wp\/v2\/media\/1392"}],"wp:attachment":[{"href":"https:\/\/www.jokeme.fr\/actus\/wp-json\/wp\/v2\/media?parent=1391"}],"wp:term":[{"taxonomy":"category","embeddable":true,"href":"https:\/\/www.jokeme.fr\/actus\/wp-json\/wp\/v2\/categories?post=1391"},{"taxonomy":"post_tag","embeddable":true,"href":"https:\/\/www.jokeme.fr\/actus\/wp-json\/wp\/v2\/tags?post=1391"}],"curies":[{"name":"wp","href":"https:\/\/api.w.org\/{rel}","templated":true}]}}