{"id":14808,"date":"2025-01-10T06:40:49","date_gmt":"2025-01-10T05:40:49","guid":{"rendered":"https:\/\/www.jokeme.fr\/actus\/jhene-aiko-repart-de-zero-apres-que-sa-maison-ait-brule-dans-lincendie-de-pacific-palisades\/"},"modified":"2025-01-10T06:40:49","modified_gmt":"2025-01-10T05:40:49","slug":"jhene-aiko-repart-de-zero-apres-que-sa-maison-ait-brule-dans-lincendie-de-pacific-palisades","status":"publish","type":"post","link":"https:\/\/www.jokeme.fr\/actus\/jhene-aiko-repart-de-zero-apres-que-sa-maison-ait-brule-dans-lincendie-de-pacific-palisades\/","title":{"rendered":"Jhen\u00e9 Aiko \u00ab repart de z\u00e9ro \u00bb apr\u00e8s que sa maison ait br\u00fbl\u00e9 dans l&#39;incendie de Pacific Palisades"},"content":{"rendered":"<div class=\"entry-content\">\n<div id=\"upx-mm-player-wrap\"><\/div>\n<div class=\"post-page\" data-page=\"1\">\n<p>Des milliers d&#39;habitants du nord-ouest du comt\u00e9 de Los Angeles ont \u00e9t\u00e9 \u00e9vacu\u00e9s de leurs maisons \u00e0 la suite d&#39;un groupe d&#39;incendies de for\u00eat inhabituels qui ravagent la r\u00e9gion. Parmi eux se trouve la chanteuse Jhen\u00e9 Aiko, qui a partag\u00e9 via Instagram que sa maison a br\u00fbl\u00e9, la laissant \u00ab repartir de z\u00e9ro \u00bb (vous pouvez voir les posts ici).<\/p>\n<p>\u00ab La maison de mes enfants et moi avons disparu \u00bb, a-t-elle \u00e9crit. \u00ab Br\u00fbl\u00e9 jusqu\u2019au sol avec toutes nos affaires \u00e0 l\u2019int\u00e9rieur. Seigneur, aie piti\u00e9. Heureusement que nous sommes toujours l&#39;un pour l&#39;autre. Repartir de z\u00e9ro. Mon c\u0153ur est si lourd. <\/p>\n<p>Au cours des derni\u00e8res ann\u00e9es, les feux de brousse r\u00e9guliers en Californie se sont aggrav\u00e9s en raison du changement climatique, ainsi que des s\u00e9cheresses qui ont ass\u00e9ch\u00e9 la r\u00e9gion plus que d&#39;habitude. Les incendies qui br\u00fblent actuellement ont envahi des zones qui ne conna\u00eetraient normalement pas des incendies aussi puissants en raison des vents de Santa Ana transportant des braises ardentes \u00e0 grande vitesse. <\/p>\n<p>Le probl\u00e8me a \u00e9t\u00e9 exacerb\u00e9 par les r\u00e9centes coupes dans la pr\u00e9paration aux incendies de for\u00eat de Los Angeles par l&#39;administration municipale actuelle en faveur du financement du LAPD. Les incendies ont \u00e9galement d\u00e9truit des monuments tels que les studios d\u2019enregistrement o\u00f9 ont \u00e9t\u00e9 cr\u00e9\u00e9s les albums pr\u00e9f\u00e9r\u00e9s des fans de Nicki Minaj et Doja Cat, et des institutions de longue date sont menac\u00e9es. Si vous \u00eates \u00e0 Los Angeles ou souhaitez aider, Uproxx a compil\u00e9 une liste de ressources ici.<\/p>\n<\/p><\/div>\n<\/p><\/div>\n","protected":false},"excerpt":{"rendered":"<p>Des milliers d&#39;habitants du nord-ouest du comt\u00e9 de Los Angeles ont \u00e9t\u00e9 \u00e9vacu\u00e9s de leurs maisons \u00e0 la suite d&#39;un groupe d&#39;incendies de for\u00eat inhabituels qui ravagent la r\u00e9gion. Parmi eux se trouve la chanteuse Jhen\u00e9 Aiko, qui a partag\u00e9 via Instagram que sa maison a br\u00fbl\u00e9, la laissant \u00ab repartir de z\u00e9ro \u00bb (vous &#8230; <a title=\"Jhen\u00e9 Aiko \u00ab repart de z\u00e9ro \u00bb apr\u00e8s que sa maison ait br\u00fbl\u00e9 dans l&#039;incendie de Pacific Palisades\" class=\"read-more\" href=\"https:\/\/www.jokeme.fr\/actus\/jhene-aiko-repart-de-zero-apres-que-sa-maison-ait-brule-dans-lincendie-de-pacific-palisades\/\" aria-label=\"Plus sur Jhen\u00e9 Aiko \u00ab repart de z\u00e9ro \u00bb apr\u00e8s que sa maison ait br\u00fbl\u00e9 dans l&#039;incendie de Pacific Palisades\">Lire plus<\/a><\/p>\n","protected":false},"author":1,"featured_media":14809,"comment_status":"closed","ping_status":"open","sticky":false,"template":"","format":"standard","meta":{"footnotes":""},"categories":[1],"tags":[4764,155,152,10639,52,4763,8543,431,12555,12556,12553,12554],"yoast_head":"<!-- This site is optimized with the Yoast SEO plugin v20.8 - https:\/\/yoast.com\/wordpress\/plugins\/seo\/ -->\n<title>Jhen\u00e9 Aiko \u00ab repart de z\u00e9ro \u00bb apr\u00e8s que sa maison ait br\u00fbl\u00e9 dans l&#039;incendie de Pacific Palisades - Actualit\u00e9s - Joke Me<\/title>\n<meta name=\"robots\" content=\"index, follow, max-snippet:-1, max-image-preview:large, max-video-preview:-1\" \/>\n<link rel=\"canonical\" href=\"https:\/\/www.jokeme.fr\/actus\/jhene-aiko-repart-de-zero-apres-que-sa-maison-ait-brule-dans-lincendie-de-pacific-palisades\/\" \/>\n<meta property=\"og:locale\" content=\"fr_FR\" \/>\n<meta property=\"og:type\" content=\"article\" \/>\n<meta property=\"og:title\" content=\"Jhen\u00e9 Aiko \u00ab repart de z\u00e9ro \u00bb apr\u00e8s que sa maison ait br\u00fbl\u00e9 dans l&#039;incendie de Pacific Palisades - Actualit\u00e9s - Joke Me\" \/>\n<meta property=\"og:description\" content=\"Des milliers d&#039;habitants du nord-ouest du comt\u00e9 de Los Angeles ont \u00e9t\u00e9 \u00e9vacu\u00e9s de leurs maisons \u00e0 la suite d&#039;un groupe d&#039;incendies de for\u00eat inhabituels qui ravagent la r\u00e9gion. Parmi eux se trouve la chanteuse Jhen\u00e9 Aiko, qui a partag\u00e9 via Instagram que sa maison a br\u00fbl\u00e9, la laissant \u00ab repartir de z\u00e9ro \u00bb (vous ... Lire plus\" \/>\n<meta property=\"og:url\" content=\"https:\/\/www.jokeme.fr\/actus\/jhene-aiko-repart-de-zero-apres-que-sa-maison-ait-brule-dans-lincendie-de-pacific-palisades\/\" \/>\n<meta property=\"og:site_name\" content=\"Actualit\u00e9s - Joke Me\" \/>\n<meta property=\"article:published_time\" content=\"2025-01-10T05:40:49+00:00\" \/>\n<meta property=\"og:image\" content=\"https:\/\/www.jokeme.fr\/actus\/wp-content\/uploads\/2025\/01\/Jhene-Aiko-repart-de-zero-apres-que-sa.jpeg\" \/>\n\t<meta property=\"og:image:width\" content=\"710\" \/>\n\t<meta property=\"og:image:height\" content=\"400\" \/>\n\t<meta property=\"og:image:type\" content=\"image\/jpeg\" \/>\n<meta name=\"author\" content=\"Didier\" \/>\n<meta name=\"twitter:card\" content=\"summary_large_image\" \/>\n<meta name=\"twitter:label1\" content=\"\u00c9crit par\" \/>\n\t<meta name=\"twitter:data1\" content=\"Didier\" \/>\n\t<meta name=\"twitter:label2\" content=\"Dur\u00e9e de lecture estim\u00e9e\" \/>\n\t<meta name=\"twitter:data2\" content=\"1 minute\" \/>\n<script type=\"application\/ld+json\" class=\"yoast-schema-graph\">{\"@context\":\"https:\/\/schema.org\",\"@graph\":[{\"@type\":\"Article\",\"@id\":\"https:\/\/www.jokeme.fr\/actus\/jhene-aiko-repart-de-zero-apres-que-sa-maison-ait-brule-dans-lincendie-de-pacific-palisades\/#article\",\"isPartOf\":{\"@id\":\"https:\/\/www.jokeme.fr\/actus\/jhene-aiko-repart-de-zero-apres-que-sa-maison-ait-brule-dans-lincendie-de-pacific-palisades\/\"},\"author\":{\"name\":\"Didier\",\"@id\":\"https:\/\/www.jokeme.fr\/actus\/#\/schema\/person\/f0c6ad0d33ca144389e81e45a212928f\"},\"headline\":\"Jhen\u00e9 Aiko \u00ab repart de z\u00e9ro \u00bb apr\u00e8s que sa maison ait br\u00fbl\u00e9 dans l&#39;incendie de Pacific Palisades\",\"datePublished\":\"2025-01-10T05:40:49+00:00\",\"dateModified\":\"2025-01-10T05:40:49+00:00\",\"mainEntityOfPage\":{\"@id\":\"https:\/\/www.jokeme.fr\/actus\/jhene-aiko-repart-de-zero-apres-que-sa-maison-ait-brule-dans-lincendie-de-pacific-palisades\/\"},\"wordCount\":296,\"publisher\":{\"@id\":\"https:\/\/www.jokeme.fr\/actus\/#organization\"},\"keywords\":[\"Aiko\",\"ait\",\"apr\u00e8s\",\"br\u00fbl\u00e9\",\"dans\",\"Jhen\u00e9\",\"l39incendie\",\"maison\",\"Pacific\",\"Palisades\",\"repart\",\"z\u00e9ro\"],\"inLanguage\":\"fr-FR\"},{\"@type\":\"WebPage\",\"@id\":\"https:\/\/www.jokeme.fr\/actus\/jhene-aiko-repart-de-zero-apres-que-sa-maison-ait-brule-dans-lincendie-de-pacific-palisades\/\",\"url\":\"https:\/\/www.jokeme.fr\/actus\/jhene-aiko-repart-de-zero-apres-que-sa-maison-ait-brule-dans-lincendie-de-pacific-palisades\/\",\"name\":\"Jhen\u00e9 Aiko \u00ab repart de z\u00e9ro \u00bb apr\u00e8s que sa maison ait br\u00fbl\u00e9 dans l&#39;incendie de Pacific Palisades - Actualit\u00e9s - Joke Me\",\"isPartOf\":{\"@id\":\"https:\/\/www.jokeme.fr\/actus\/#website\"},\"datePublished\":\"2025-01-10T05:40:49+00:00\",\"dateModified\":\"2025-01-10T05:40:49+00:00\",\"breadcrumb\":{\"@id\":\"https:\/\/www.jokeme.fr\/actus\/jhene-aiko-repart-de-zero-apres-que-sa-maison-ait-brule-dans-lincendie-de-pacific-palisades\/#breadcrumb\"},\"inLanguage\":\"fr-FR\",\"potentialAction\":[{\"@type\":\"ReadAction\",\"target\":[\"https:\/\/www.jokeme.fr\/actus\/jhene-aiko-repart-de-zero-apres-que-sa-maison-ait-brule-dans-lincendie-de-pacific-palisades\/\"]}]},{\"@type\":\"BreadcrumbList\",\"@id\":\"https:\/\/www.jokeme.fr\/actus\/jhene-aiko-repart-de-zero-apres-que-sa-maison-ait-brule-dans-lincendie-de-pacific-palisades\/#breadcrumb\",\"itemListElement\":[{\"@type\":\"ListItem\",\"position\":1,\"name\":\"Accueil\",\"item\":\"https:\/\/www.jokeme.fr\/actus\/\"},{\"@type\":\"ListItem\",\"position\":2,\"name\":\"Jhen\u00e9 Aiko \u00ab repart de z\u00e9ro \u00bb apr\u00e8s que sa maison ait br\u00fbl\u00e9 dans l&#39;incendie de Pacific Palisades\"}]},{\"@type\":\"WebSite\",\"@id\":\"https:\/\/www.jokeme.fr\/actus\/#website\",\"url\":\"https:\/\/www.jokeme.fr\/actus\/\",\"name\":\"Actualit\u00e9s - Joke Me\",\"description\":\"L&#039;actualit\u00e9 du rire\",\"publisher\":{\"@id\":\"https:\/\/www.jokeme.fr\/actus\/#organization\"},\"potentialAction\":[{\"@type\":\"SearchAction\",\"target\":{\"@type\":\"EntryPoint\",\"urlTemplate\":\"https:\/\/www.jokeme.fr\/actus\/?s={search_term_string}\"},\"query-input\":\"required name=search_term_string\"}],\"inLanguage\":\"fr-FR\"},{\"@type\":\"Organization\",\"@id\":\"https:\/\/www.jokeme.fr\/actus\/#organization\",\"name\":\"Actualit\u00e9s - Joke Me\",\"url\":\"https:\/\/www.jokeme.fr\/actus\/\",\"logo\":{\"@type\":\"ImageObject\",\"inLanguage\":\"fr-FR\",\"@id\":\"https:\/\/www.jokeme.fr\/actus\/#\/schema\/logo\/image\/\",\"url\":\"https:\/\/www.jokeme.fr\/actus\/wp-content\/uploads\/2023\/06\/cropped-Logo-Joke-Me.png\",\"contentUrl\":\"https:\/\/www.jokeme.fr\/actus\/wp-content\/uploads\/2023\/06\/cropped-Logo-Joke-Me.png\",\"width\":499,\"height\":363,\"caption\":\"Actualit\u00e9s - Joke Me\"},\"image\":{\"@id\":\"https:\/\/www.jokeme.fr\/actus\/#\/schema\/logo\/image\/\"}},{\"@type\":\"Person\",\"@id\":\"https:\/\/www.jokeme.fr\/actus\/#\/schema\/person\/f0c6ad0d33ca144389e81e45a212928f\",\"name\":\"Didier\",\"image\":{\"@type\":\"ImageObject\",\"inLanguage\":\"fr-FR\",\"@id\":\"https:\/\/www.jokeme.fr\/actus\/#\/schema\/person\/image\/\",\"url\":\"https:\/\/www.jokeme.fr\/actus\/wp-content\/uploads\/2024\/03\/jokeme-didier.jpg\",\"contentUrl\":\"https:\/\/www.jokeme.fr\/actus\/wp-content\/uploads\/2024\/03\/jokeme-didier.jpg\",\"caption\":\"Didier\"},\"description\":\"Didier, passionn\u00e9 de cin\u00e9ma, est un r\u00e9dacteur pour le m\u00e9dia Jokeme, o\u00f9 il partage sa passion \u00e0 travers des articles divertissants et informatifs. Ayant \u00e9tudi\u00e9 le journalisme, il allie sa formation \u00e0 sa passion pour offrir un contenu de qualit\u00e9 sur le monde du cin\u00e9ma.\",\"sameAs\":[\"https:\/\/www.jokeme.fr\/actus\"]}]}<\/script>\n<!-- \/ Yoast SEO plugin. -->","yoast_head_json":{"title":"Jhen\u00e9 Aiko \u00ab repart de z\u00e9ro \u00bb apr\u00e8s que sa maison ait br\u00fbl\u00e9 dans l&#39;incendie de Pacific Palisades - Actualit\u00e9s - Joke Me","robots":{"index":"index","follow":"follow","max-snippet":"max-snippet:-1","max-image-preview":"max-image-preview:large","max-video-preview":"max-video-preview:-1"},"canonical":"https:\/\/www.jokeme.fr\/actus\/jhene-aiko-repart-de-zero-apres-que-sa-maison-ait-brule-dans-lincendie-de-pacific-palisades\/","og_locale":"fr_FR","og_type":"article","og_title":"Jhen\u00e9 Aiko \u00ab repart de z\u00e9ro \u00bb apr\u00e8s que sa maison ait br\u00fbl\u00e9 dans l&#39;incendie de Pacific Palisades - Actualit\u00e9s - Joke Me","og_description":"Des milliers d&#39;habitants du nord-ouest du comt\u00e9 de Los Angeles ont \u00e9t\u00e9 \u00e9vacu\u00e9s de leurs maisons \u00e0 la suite d&#39;un groupe d&#39;incendies de for\u00eat inhabituels qui ravagent la r\u00e9gion. Parmi eux se trouve la chanteuse Jhen\u00e9 Aiko, qui a partag\u00e9 via Instagram que sa maison a br\u00fbl\u00e9, la laissant \u00ab repartir de z\u00e9ro \u00bb (vous ... Lire plus","og_url":"https:\/\/www.jokeme.fr\/actus\/jhene-aiko-repart-de-zero-apres-que-sa-maison-ait-brule-dans-lincendie-de-pacific-palisades\/","og_site_name":"Actualit\u00e9s - Joke Me","article_published_time":"2025-01-10T05:40:49+00:00","og_image":[{"width":710,"height":400,"url":"https:\/\/www.jokeme.fr\/actus\/wp-content\/uploads\/2025\/01\/Jhene-Aiko-repart-de-zero-apres-que-sa.jpeg","type":"image\/jpeg"}],"author":"Didier","twitter_card":"summary_large_image","twitter_misc":{"\u00c9crit par":"Didier","Dur\u00e9e de lecture estim\u00e9e":"1 minute"},"schema":{"@context":"https:\/\/schema.org","@graph":[{"@type":"Article","@id":"https:\/\/www.jokeme.fr\/actus\/jhene-aiko-repart-de-zero-apres-que-sa-maison-ait-brule-dans-lincendie-de-pacific-palisades\/#article","isPartOf":{"@id":"https:\/\/www.jokeme.fr\/actus\/jhene-aiko-repart-de-zero-apres-que-sa-maison-ait-brule-dans-lincendie-de-pacific-palisades\/"},"author":{"name":"Didier","@id":"https:\/\/www.jokeme.fr\/actus\/#\/schema\/person\/f0c6ad0d33ca144389e81e45a212928f"},"headline":"Jhen\u00e9 Aiko \u00ab repart de z\u00e9ro \u00bb apr\u00e8s que sa maison ait br\u00fbl\u00e9 dans l&#39;incendie de Pacific Palisades","datePublished":"2025-01-10T05:40:49+00:00","dateModified":"2025-01-10T05:40:49+00:00","mainEntityOfPage":{"@id":"https:\/\/www.jokeme.fr\/actus\/jhene-aiko-repart-de-zero-apres-que-sa-maison-ait-brule-dans-lincendie-de-pacific-palisades\/"},"wordCount":296,"publisher":{"@id":"https:\/\/www.jokeme.fr\/actus\/#organization"},"keywords":["Aiko","ait","apr\u00e8s","br\u00fbl\u00e9","dans","Jhen\u00e9","l39incendie","maison","Pacific","Palisades","repart","z\u00e9ro"],"inLanguage":"fr-FR"},{"@type":"WebPage","@id":"https:\/\/www.jokeme.fr\/actus\/jhene-aiko-repart-de-zero-apres-que-sa-maison-ait-brule-dans-lincendie-de-pacific-palisades\/","url":"https:\/\/www.jokeme.fr\/actus\/jhene-aiko-repart-de-zero-apres-que-sa-maison-ait-brule-dans-lincendie-de-pacific-palisades\/","name":"Jhen\u00e9 Aiko \u00ab repart de z\u00e9ro \u00bb apr\u00e8s que sa maison ait br\u00fbl\u00e9 dans l&#39;incendie de Pacific Palisades - Actualit\u00e9s - Joke Me","isPartOf":{"@id":"https:\/\/www.jokeme.fr\/actus\/#website"},"datePublished":"2025-01-10T05:40:49+00:00","dateModified":"2025-01-10T05:40:49+00:00","breadcrumb":{"@id":"https:\/\/www.jokeme.fr\/actus\/jhene-aiko-repart-de-zero-apres-que-sa-maison-ait-brule-dans-lincendie-de-pacific-palisades\/#breadcrumb"},"inLanguage":"fr-FR","potentialAction":[{"@type":"ReadAction","target":["https:\/\/www.jokeme.fr\/actus\/jhene-aiko-repart-de-zero-apres-que-sa-maison-ait-brule-dans-lincendie-de-pacific-palisades\/"]}]},{"@type":"BreadcrumbList","@id":"https:\/\/www.jokeme.fr\/actus\/jhene-aiko-repart-de-zero-apres-que-sa-maison-ait-brule-dans-lincendie-de-pacific-palisades\/#breadcrumb","itemListElement":[{"@type":"ListItem","position":1,"name":"Accueil","item":"https:\/\/www.jokeme.fr\/actus\/"},{"@type":"ListItem","position":2,"name":"Jhen\u00e9 Aiko \u00ab repart de z\u00e9ro \u00bb apr\u00e8s que sa maison ait br\u00fbl\u00e9 dans l&#39;incendie de Pacific Palisades"}]},{"@type":"WebSite","@id":"https:\/\/www.jokeme.fr\/actus\/#website","url":"https:\/\/www.jokeme.fr\/actus\/","name":"Actualit\u00e9s - Joke Me","description":"L&#039;actualit\u00e9 du rire","publisher":{"@id":"https:\/\/www.jokeme.fr\/actus\/#organization"},"potentialAction":[{"@type":"SearchAction","target":{"@type":"EntryPoint","urlTemplate":"https:\/\/www.jokeme.fr\/actus\/?s={search_term_string}"},"query-input":"required name=search_term_string"}],"inLanguage":"fr-FR"},{"@type":"Organization","@id":"https:\/\/www.jokeme.fr\/actus\/#organization","name":"Actualit\u00e9s - Joke Me","url":"https:\/\/www.jokeme.fr\/actus\/","logo":{"@type":"ImageObject","inLanguage":"fr-FR","@id":"https:\/\/www.jokeme.fr\/actus\/#\/schema\/logo\/image\/","url":"https:\/\/www.jokeme.fr\/actus\/wp-content\/uploads\/2023\/06\/cropped-Logo-Joke-Me.png","contentUrl":"https:\/\/www.jokeme.fr\/actus\/wp-content\/uploads\/2023\/06\/cropped-Logo-Joke-Me.png","width":499,"height":363,"caption":"Actualit\u00e9s - Joke Me"},"image":{"@id":"https:\/\/www.jokeme.fr\/actus\/#\/schema\/logo\/image\/"}},{"@type":"Person","@id":"https:\/\/www.jokeme.fr\/actus\/#\/schema\/person\/f0c6ad0d33ca144389e81e45a212928f","name":"Didier","image":{"@type":"ImageObject","inLanguage":"fr-FR","@id":"https:\/\/www.jokeme.fr\/actus\/#\/schema\/person\/image\/","url":"https:\/\/www.jokeme.fr\/actus\/wp-content\/uploads\/2024\/03\/jokeme-didier.jpg","contentUrl":"https:\/\/www.jokeme.fr\/actus\/wp-content\/uploads\/2024\/03\/jokeme-didier.jpg","caption":"Didier"},"description":"Didier, passionn\u00e9 de cin\u00e9ma, est un r\u00e9dacteur pour le m\u00e9dia Jokeme, o\u00f9 il partage sa passion \u00e0 travers des articles divertissants et informatifs. Ayant \u00e9tudi\u00e9 le journalisme, il allie sa formation \u00e0 sa passion pour offrir un contenu de qualit\u00e9 sur le monde du cin\u00e9ma.","sameAs":["https:\/\/www.jokeme.fr\/actus"]}]}},"_links":{"self":[{"href":"https:\/\/www.jokeme.fr\/actus\/wp-json\/wp\/v2\/posts\/14808"}],"collection":[{"href":"https:\/\/www.jokeme.fr\/actus\/wp-json\/wp\/v2\/posts"}],"about":[{"href":"https:\/\/www.jokeme.fr\/actus\/wp-json\/wp\/v2\/types\/post"}],"author":[{"embeddable":true,"href":"https:\/\/www.jokeme.fr\/actus\/wp-json\/wp\/v2\/users\/1"}],"replies":[{"embeddable":true,"href":"https:\/\/www.jokeme.fr\/actus\/wp-json\/wp\/v2\/comments?post=14808"}],"version-history":[{"count":1,"href":"https:\/\/www.jokeme.fr\/actus\/wp-json\/wp\/v2\/posts\/14808\/revisions"}],"predecessor-version":[{"id":14810,"href":"https:\/\/www.jokeme.fr\/actus\/wp-json\/wp\/v2\/posts\/14808\/revisions\/14810"}],"wp:featuredmedia":[{"embeddable":true,"href":"https:\/\/www.jokeme.fr\/actus\/wp-json\/wp\/v2\/media\/14809"}],"wp:attachment":[{"href":"https:\/\/www.jokeme.fr\/actus\/wp-json\/wp\/v2\/media?parent=14808"}],"wp:term":[{"taxonomy":"category","embeddable":true,"href":"https:\/\/www.jokeme.fr\/actus\/wp-json\/wp\/v2\/categories?post=14808"},{"taxonomy":"post_tag","embeddable":true,"href":"https:\/\/www.jokeme.fr\/actus\/wp-json\/wp\/v2\/tags?post=14808"}],"curies":[{"name":"wp","href":"https:\/\/api.w.org\/{rel}","templated":true}]}}