{"id":1545,"date":"2023-11-09T18:11:23","date_gmt":"2023-11-09T17:11:23","guid":{"rendered":"https:\/\/www.jokeme.fr\/actus\/vous-pourriez-souffrir-du-syndrome-de-calimero-sans-meme-vous-en-rendre-compte\/"},"modified":"2023-11-09T18:11:24","modified_gmt":"2023-11-09T17:11:24","slug":"vous-pourriez-souffrir-du-syndrome-de-calimero-sans-meme-vous-en-rendre-compte","status":"publish","type":"post","link":"https:\/\/www.jokeme.fr\/actus\/vous-pourriez-souffrir-du-syndrome-de-calimero-sans-meme-vous-en-rendre-compte\/","title":{"rendered":"Vous pourriez souffrir du syndrome de Calimero sans m\u00eame vous en rendre compte"},"content":{"rendered":"<div>\n<div class=\"css-12zje5r\">\n<p>Nous le faisons tous.  Qu&rsquo;il s&rsquo;agisse de rester assis dans la circulation, d&rsquo;\u00e9nerver un ami ou de ne pas arriver \u00e0 l&rsquo;heure, les g\u00e9missements font tourner le monde.<\/p>\n<\/div>\n<div class=\"css-c2lb2p\">\n<p>Mais les plaignants en s\u00e9rie sont une tout autre paire de manches : le ciel est toujours trop bleu et l\u2019herbe n\u2019est jamais assez verte.<\/p>\n<\/div>\n<div class=\"css-12zje5r\">\n<p>Ces grincheux sp\u00e9cifiques n&rsquo;h\u00e9sitent pas \u00e0 exprimer leurs griefs, vous \u00eates donc probablement soumis \u00e0 des diatribes constantes et \u00e0 des monologues mis\u00e9rables.<\/p>\n<\/div>\n<div class=\"css-12zje5r\">\n<p>Ils chantent du blues et crient au meurtre au moindre inconv\u00e9nient.  Soyons honn\u00eates, tu es <em>d\u00e9j\u00e0<\/em> penser \u00e0 quelqu&rsquo;un.<\/p>\n<\/div>\n<div class=\"css-12zje5r\">\n<p>Vous n\u2019avez m\u00eame pas besoin de leur demander comment ils vont avant de commencer \u00e0 raconter leur derni\u00e8re histoire expliquant pourquoi ils m\u00e9ritent de s\u2019apitoyer sur leur sort.<\/p>\n<\/div>\n<div class=\"css-c2lb2p\">\n<p>Mais il semble que nous devrions supprimer ces personnes <em>quelques <\/em>mou &#8211; car ils pourraient souffrir du syndrome de Calimero.<\/p>\n<\/div>\n<figure class=\"css-1ey54xo\"><picture class=\"css-1x72e95\"><source  media=\"(min-width: 0px) and (max-width: 380px) and (max-resolution: 1dppx)\" type=\"image\/webp\"\/><source  media=\"(min-width: 0px) and (max-width: 380px) and (max-resolution: 1dppx)\" type=\"image\/jpeg\"\/><source  media=\"(min-width: 0px) and (max-width: 380px) and (-webkit-max-device-pixel-ratio: 1)\" type=\"image\/webp\"\/><source  media=\"(min-width: 0px) and (max-width: 380px) and (-webkit-max-device-pixel-ratio: 1)\" type=\"image\/jpeg\"\/><source  media=\"(min-width: 0px) and (max-width: 380px) and (max-resolution: 3dppx)\" type=\"image\/webp\"\/><source  media=\"(min-width: 0px) and (max-width: 380px) and (max-resolution: 3dppx)\" type=\"image\/jpeg\"\/><source  media=\"(min-width: 0px) and (max-width: 380px) and (-webkit-max-device-pixel-ratio: 3)\" type=\"image\/webp\"\/><source  media=\"(min-width: 0px) and (max-width: 380px) and (-webkit-max-device-pixel-ratio: 3)\" type=\"image\/jpeg\"\/><source  media=\"(min-width: 380px) and (min-resolution: 2dppx)\" type=\"image\/webp\"\/><source  media=\"(min-width: 380px) and (min-resolution: 2dppx)\" type=\"image\/jpeg\"\/><source  media=\"(min-width: 380px) and (-webkit-min-device-pixel-ratio: 2)\" type=\"image\/webp\"\/><source  media=\"(min-width: 380px) and (-webkit-min-device-pixel-ratio: 2)\" type=\"image\/jpeg\"\/><source  type=\"image\/webp\"\/><source  type=\"image\/jpeg\"\/><\/picture><figcaption class=\"css-1hkjxsv\">Votre pote a peut-\u00eatre une raison valable d&rsquo;\u00eatre toujours \u00e0 la poubelle.  Cr\u00e9dit\u00a0: images d\u2019archives Getty<\/figcaption><\/figure>\n<div class=\"css-12zje5r\">\n<p>M\u00eame si cela semble assez sophistiqu\u00e9, c&rsquo;est fondamentalement une belle fa\u00e7on de dire qu&rsquo;une personne se plaint constamment.<\/p>\n<\/div>\n<div class=\"css-c2lb2p\">\n<p>Il tire son nom d&rsquo;un dessin anim\u00e9 italien des ann\u00e9es 1960 intitul\u00e9 Calimero &#8211; et le personnage principal sait comment faire des histoires.<\/p>\n<\/div>\n<div class=\"css-12zje5r\">\n<p>Le petit poussin court partout avec une coquille d&rsquo;\u0153uf \u00e0 moiti\u00e9 cass\u00e9e sur la t\u00eate et se plaint toujours de quelque chose ou d&rsquo;autre ;  tandis que son slogan est \u00ab\u00a0mais c&rsquo;est une injustice !\u00a0\u00bb<\/p>\n<\/div>\n<div class=\"css-12zje5r\">\n<p>Bien que les mots puissent sembler adorables venant d\u2019une fille de dessin anim\u00e9, ils ne sont pas aussi charmants au quotidien dans la vraie vie.<\/p>\n<\/div>\n<div class=\"css-12zje5r\">\n<p>Le psychanalyste fran\u00e7ais Saverio Tomasella a d\u00e9cid\u00e9 qu&rsquo;il \u00e9tait la mascotte id\u00e9ale pour repr\u00e9senter les r\u00e2leurs du monde entier, le voyant inventer le terme syndrome de Calimero.<\/p>\n<\/div>\n<div class=\"css-12zje5r\">\n<p>Il a \u00e9crit un livre sur le ph\u00e9nom\u00e8ne, expliquant que m\u00eame si ces sentiments de tristesse peuvent ne pas \u00eatre valables, ils ont souvent une raison assez s\u00e9rieuse.<\/p>\n<\/div>\n<figure class=\"css-1ey54xo\"><picture class=\"css-1x72e95\"><source  media=\"(min-width: 0px) and (max-width: 380px) and (max-resolution: 1dppx)\" type=\"image\/webp\"\/><source  media=\"(min-width: 0px) and (max-width: 380px) and (max-resolution: 1dppx)\" type=\"image\/jpeg\"\/><source  media=\"(min-width: 0px) and (max-width: 380px) and (-webkit-max-device-pixel-ratio: 1)\" type=\"image\/webp\"\/><source  media=\"(min-width: 0px) and (max-width: 380px) and (-webkit-max-device-pixel-ratio: 1)\" type=\"image\/jpeg\"\/><source  media=\"(min-width: 0px) and (max-width: 380px) and (max-resolution: 3dppx)\" type=\"image\/webp\"\/><source  media=\"(min-width: 0px) and (max-width: 380px) and (max-resolution: 3dppx)\" type=\"image\/jpeg\"\/><source  media=\"(min-width: 0px) and (max-width: 380px) and (-webkit-max-device-pixel-ratio: 3)\" type=\"image\/webp\"\/><source  media=\"(min-width: 0px) and (max-width: 380px) and (-webkit-max-device-pixel-ratio: 3)\" type=\"image\/jpeg\"\/><source  media=\"(min-width: 380px) and (min-resolution: 2dppx)\" type=\"image\/webp\"\/><source  media=\"(min-width: 380px) and (min-resolution: 2dppx)\" type=\"image\/jpeg\"\/><source  media=\"(min-width: 380px) and (-webkit-min-device-pixel-ratio: 2)\" type=\"image\/webp\"\/><source  media=\"(min-width: 380px) and (-webkit-min-device-pixel-ratio: 2)\" type=\"image\/jpeg\"\/><source  type=\"image\/webp\"\/><source  type=\"image\/jpeg\"\/><img decoding=\"async\" src=\"https:\/\/www.jokeme.fr\/actus\/wp-content\/uploads\/2023\/11\/1699549883_617_Vous-pourriez-souffrir-du-syndrome-de-Calimero-sans-meme-vous.jpg\" alt=\"Les plaignants en s\u00e9rie pourraient en fait souffrir du syndrome de Calimero.  Cr\u00e9dit\u00a0: image de Getty\" loading=\"lazy\"\/><\/picture><figcaption class=\"css-1hkjxsv\">Les plaignants en s\u00e9rie pourraient en fait souffrir du syndrome de Calimero.  Cr\u00e9dit\u00a0: image de Getty<\/figcaption><\/figure>\n<div class=\"css-12zje5r\">\n<p>Selon Tomasella, la plupart des patients viennent de milieux similaires et ont connu des difficult\u00e9s socio-\u00e9conomiques ainsi qu&rsquo;un d\u00e9but de vie difficile, quel qu&rsquo;il soit.<\/p>\n<\/div>\n<div class=\"css-12zje5r\">\n<p>Il a affirm\u00e9 que ces raisons sont \u00e0 la base des lamentations insignifiantes constantes d&rsquo;un Calimero, qui vit avec la peur de subir \u00e0 nouveau une injustice, tout en refusant de faire face \u00e0 son traumatisme pass\u00e9.<\/p>\n<\/div>\n<div class=\"css-12zje5r\">\n<p>Le psychanalyste explique que certaines \u00e2mes pauvres se voient accorder des privil\u00e8ges en raison de leur situation malheureuse, tandis que d&rsquo;autres, qui deviennent Calimeros, sont p\u00e9nalis\u00e9es.  Je suppose que cela rend leurs g\u00e9missements tout \u00e0 fait valables apr\u00e8s tout.<\/p>\n<\/div>\n<div class=\"css-12zje5r\">\n<p>Ils ont peut-\u00eatre \u00e9t\u00e9 humili\u00e9s, rejet\u00e9s, abandonn\u00e9s ou ont subi de graves traumatismes, ce qui signifie qu&rsquo;ils grimpent constamment sur leur caisse \u00e0 savon pour partager la charge avec leurs pairs.<\/p>\n<\/div>\n<div class=\"css-12zje5r\">\n<p>Mais au lieu de partager les histoires de leurs \u00e9preuves, Tomasella dit qu&rsquo;ils se concentrent plut\u00f4t sur des probl\u00e8mes superficiels, car cela fournit un bref exutoire \u00e0 leur douleur, sans ouvrir une bo\u00eete de Pandore intense sur leur pass\u00e9.<\/p>\n<\/div>\n<div class=\"css-12zje5r\">\n<p>Les malades sont divis\u00e9s en trois cat\u00e9gories\u00a0:  des gens qui veulent se sentir vus, ceux qui sont heureux de vivre dans le chagrin et une minorit\u00e9 qui recherche simplement l&rsquo;attention des autres.  Pensez \u00e0 Balotelli et \u00e0 son \u00ab pourquoi toujours moi ?  chemise.<\/p>\n<\/div>\n<div class=\"css-12zje5r\">\n<p>Quelle que soit la cat\u00e9gorie \u00e0 laquelle appartient une personne, se moquer de ses g\u00e9missements n&rsquo;aide personne, m\u00eame si elle bourdonne vraiment.<\/p>\n<\/div>\n<div class=\"css-12zje5r\">\n<p>\u00catre taquin\u00e9 pour ses pleurnicheries donne \u00e0 un Calimero l&rsquo;impression qu&rsquo;une nouvelle injustice s&rsquo;est produite.  Ainsi, selon Tomasella, on peut courir le risque d\u2019encourager leur tendance \u00e0 parler mal.<\/p>\n<\/div>\n<div class=\"css-12zje5r\">\n<p>Les personnes atteintes du syndrome de Calimero ne savent pas comment s&rsquo;en sortir et tourner la page. Il est donc de notre responsabilit\u00e9 de les aider, car ils ne cherchent pas vraiment \u00e0 nous ennuyer avec leurs grognements incessants.<\/p>\n<\/div>\n<div class=\"css-12zje5r\">\n<p>On ne dit pas que la patience est une vertu pour rien.<\/p>\n<\/div>\n<div class=\"css-12zje5r\">\n<p>Leur plainte est \u00e0 peu pr\u00e8s un appel \u00e0 l\u2019aide constant, alors assurez-vous que la personne se sent entendue et respect\u00e9e.<\/p>\n<\/div>\n<div class=\"css-12zje5r\">\n<p>Essayez de creuser les probl\u00e8mes profond\u00e9ment enracin\u00e9s et vous pourrez, esp\u00e9rons-le, les aider \u00e0 commencer \u00e0 les r\u00e9soudre et \u00e0 passer \u00e0 autre chose.<\/p>\n<\/div>\n<div class=\"css-12zje5r\">\n<p>Alors, la prochaine fois que vous \u00e9couterez un discours sans fin \u00e0 propos d&rsquo;eux tremp\u00e9s par la pluie, imaginez qu&rsquo;ils sont un petit poussin de dessin anim\u00e9 avec une coquille \u00e0 moiti\u00e9 cass\u00e9e sur la t\u00eate et donnez-leur un peu de compassion.<\/p>\n<\/div>\n<\/div>\n","protected":false},"excerpt":{"rendered":"<p>Nous le faisons tous. Qu&rsquo;il s&rsquo;agisse de rester assis dans la circulation, d&rsquo;\u00e9nerver un ami ou de ne pas arriver \u00e0 l&rsquo;heure, les g\u00e9missements font tourner le monde. Mais les plaignants en s\u00e9rie sont une tout autre paire de manches : le ciel est toujours trop bleu et l\u2019herbe n\u2019est jamais assez verte. Ces grincheux &#8230; <a title=\"Vous pourriez souffrir du syndrome de Calimero sans m\u00eame vous en rendre compte\" class=\"read-more\" href=\"https:\/\/www.jokeme.fr\/actus\/vous-pourriez-souffrir-du-syndrome-de-calimero-sans-meme-vous-en-rendre-compte\/\" aria-label=\"Plus sur Vous pourriez souffrir du syndrome de Calimero sans m\u00eame vous en rendre compte\">Lire plus<\/a><\/p>\n","protected":false},"author":1,"featured_media":1546,"comment_status":"closed","ping_status":"open","sticky":false,"template":"","format":"standard","meta":{"footnotes":""},"categories":[1],"tags":[2651,1961,39,2648,842,14,2649,2650,309],"yoast_head":"<!-- This site is optimized with the Yoast SEO plugin v20.8 - https:\/\/yoast.com\/wordpress\/plugins\/seo\/ -->\n<title>Vous pourriez souffrir du syndrome de Calimero sans m\u00eame vous en rendre compte - Actualit\u00e9s - Joke Me<\/title>\n<meta name=\"robots\" content=\"index, follow, max-snippet:-1, max-image-preview:large, max-video-preview:-1\" \/>\n<link rel=\"canonical\" href=\"https:\/\/www.jokeme.fr\/actus\/vous-pourriez-souffrir-du-syndrome-de-calimero-sans-meme-vous-en-rendre-compte\/\" \/>\n<meta property=\"og:locale\" content=\"fr_FR\" \/>\n<meta property=\"og:type\" content=\"article\" \/>\n<meta property=\"og:title\" content=\"Vous pourriez souffrir du syndrome de Calimero sans m\u00eame vous en rendre compte - Actualit\u00e9s - Joke Me\" \/>\n<meta property=\"og:description\" content=\"Nous le faisons tous. Qu&rsquo;il s&rsquo;agisse de rester assis dans la circulation, d&rsquo;\u00e9nerver un ami ou de ne pas arriver \u00e0 l&rsquo;heure, les g\u00e9missements font tourner le monde. Mais les plaignants en s\u00e9rie sont une tout autre paire de manches : le ciel est toujours trop bleu et l\u2019herbe n\u2019est jamais assez verte. Ces grincheux ... Lire plus\" \/>\n<meta property=\"og:url\" content=\"https:\/\/www.jokeme.fr\/actus\/vous-pourriez-souffrir-du-syndrome-de-calimero-sans-meme-vous-en-rendre-compte\/\" \/>\n<meta property=\"og:site_name\" content=\"Actualit\u00e9s - Joke Me\" \/>\n<meta property=\"article:published_time\" content=\"2023-11-09T17:11:23+00:00\" \/>\n<meta property=\"article:modified_time\" content=\"2023-11-09T17:11:24+00:00\" \/>\n<meta property=\"og:image\" content=\"https:\/\/www.jokeme.fr\/actus\/wp-content\/uploads\/2023\/11\/Vous-pourriez-souffrir-du-syndrome-de-Calimero-sans-meme-vous.png\" \/>\n\t<meta property=\"og:image:width\" content=\"1200\" \/>\n\t<meta property=\"og:image:height\" content=\"675\" \/>\n\t<meta property=\"og:image:type\" content=\"image\/png\" \/>\n<meta name=\"author\" content=\"Didier\" \/>\n<meta name=\"twitter:card\" content=\"summary_large_image\" \/>\n<meta name=\"twitter:label1\" content=\"\u00c9crit par\" \/>\n\t<meta name=\"twitter:data1\" content=\"Didier\" \/>\n\t<meta name=\"twitter:label2\" content=\"Dur\u00e9e de lecture estim\u00e9e\" \/>\n\t<meta name=\"twitter:data2\" content=\"4 minutes\" \/>\n<script type=\"application\/ld+json\" class=\"yoast-schema-graph\">{\"@context\":\"https:\/\/schema.org\",\"@graph\":[{\"@type\":\"Article\",\"@id\":\"https:\/\/www.jokeme.fr\/actus\/vous-pourriez-souffrir-du-syndrome-de-calimero-sans-meme-vous-en-rendre-compte\/#article\",\"isPartOf\":{\"@id\":\"https:\/\/www.jokeme.fr\/actus\/vous-pourriez-souffrir-du-syndrome-de-calimero-sans-meme-vous-en-rendre-compte\/\"},\"author\":{\"name\":\"Didier\",\"@id\":\"https:\/\/www.jokeme.fr\/actus\/#\/schema\/person\/f0c6ad0d33ca144389e81e45a212928f\"},\"headline\":\"Vous pourriez souffrir du syndrome de Calimero sans m\u00eame vous en rendre compte\",\"datePublished\":\"2023-11-09T17:11:23+00:00\",\"dateModified\":\"2023-11-09T17:11:24+00:00\",\"mainEntityOfPage\":{\"@id\":\"https:\/\/www.jokeme.fr\/actus\/vous-pourriez-souffrir-du-syndrome-de-calimero-sans-meme-vous-en-rendre-compte\/\"},\"wordCount\":785,\"publisher\":{\"@id\":\"https:\/\/www.jokeme.fr\/actus\/#organization\"},\"keywords\":[\"Calimero\",\"compte\",\"m\u00e8me\",\"pourriez\",\"rendre\",\"sans\",\"souffrir\",\"syndrome\",\"vous\"],\"inLanguage\":\"fr-FR\"},{\"@type\":\"WebPage\",\"@id\":\"https:\/\/www.jokeme.fr\/actus\/vous-pourriez-souffrir-du-syndrome-de-calimero-sans-meme-vous-en-rendre-compte\/\",\"url\":\"https:\/\/www.jokeme.fr\/actus\/vous-pourriez-souffrir-du-syndrome-de-calimero-sans-meme-vous-en-rendre-compte\/\",\"name\":\"Vous pourriez souffrir du syndrome de Calimero sans m\u00eame vous en rendre compte - Actualit\u00e9s - Joke Me\",\"isPartOf\":{\"@id\":\"https:\/\/www.jokeme.fr\/actus\/#website\"},\"datePublished\":\"2023-11-09T17:11:23+00:00\",\"dateModified\":\"2023-11-09T17:11:24+00:00\",\"breadcrumb\":{\"@id\":\"https:\/\/www.jokeme.fr\/actus\/vous-pourriez-souffrir-du-syndrome-de-calimero-sans-meme-vous-en-rendre-compte\/#breadcrumb\"},\"inLanguage\":\"fr-FR\",\"potentialAction\":[{\"@type\":\"ReadAction\",\"target\":[\"https:\/\/www.jokeme.fr\/actus\/vous-pourriez-souffrir-du-syndrome-de-calimero-sans-meme-vous-en-rendre-compte\/\"]}]},{\"@type\":\"BreadcrumbList\",\"@id\":\"https:\/\/www.jokeme.fr\/actus\/vous-pourriez-souffrir-du-syndrome-de-calimero-sans-meme-vous-en-rendre-compte\/#breadcrumb\",\"itemListElement\":[{\"@type\":\"ListItem\",\"position\":1,\"name\":\"Accueil\",\"item\":\"https:\/\/www.jokeme.fr\/actus\/\"},{\"@type\":\"ListItem\",\"position\":2,\"name\":\"Vous pourriez souffrir du syndrome de Calimero sans m\u00eame vous en rendre compte\"}]},{\"@type\":\"WebSite\",\"@id\":\"https:\/\/www.jokeme.fr\/actus\/#website\",\"url\":\"https:\/\/www.jokeme.fr\/actus\/\",\"name\":\"Actualit\u00e9s - Joke Me\",\"description\":\"L&#039;actualit\u00e9 du rire\",\"publisher\":{\"@id\":\"https:\/\/www.jokeme.fr\/actus\/#organization\"},\"potentialAction\":[{\"@type\":\"SearchAction\",\"target\":{\"@type\":\"EntryPoint\",\"urlTemplate\":\"https:\/\/www.jokeme.fr\/actus\/?s={search_term_string}\"},\"query-input\":\"required name=search_term_string\"}],\"inLanguage\":\"fr-FR\"},{\"@type\":\"Organization\",\"@id\":\"https:\/\/www.jokeme.fr\/actus\/#organization\",\"name\":\"Actualit\u00e9s - Joke Me\",\"url\":\"https:\/\/www.jokeme.fr\/actus\/\",\"logo\":{\"@type\":\"ImageObject\",\"inLanguage\":\"fr-FR\",\"@id\":\"https:\/\/www.jokeme.fr\/actus\/#\/schema\/logo\/image\/\",\"url\":\"https:\/\/www.jokeme.fr\/actus\/wp-content\/uploads\/2023\/06\/cropped-Logo-Joke-Me.png\",\"contentUrl\":\"https:\/\/www.jokeme.fr\/actus\/wp-content\/uploads\/2023\/06\/cropped-Logo-Joke-Me.png\",\"width\":499,\"height\":363,\"caption\":\"Actualit\u00e9s - Joke Me\"},\"image\":{\"@id\":\"https:\/\/www.jokeme.fr\/actus\/#\/schema\/logo\/image\/\"}},{\"@type\":\"Person\",\"@id\":\"https:\/\/www.jokeme.fr\/actus\/#\/schema\/person\/f0c6ad0d33ca144389e81e45a212928f\",\"name\":\"Didier\",\"image\":{\"@type\":\"ImageObject\",\"inLanguage\":\"fr-FR\",\"@id\":\"https:\/\/www.jokeme.fr\/actus\/#\/schema\/person\/image\/\",\"url\":\"https:\/\/www.jokeme.fr\/actus\/wp-content\/uploads\/2024\/03\/jokeme-didier.jpg\",\"contentUrl\":\"https:\/\/www.jokeme.fr\/actus\/wp-content\/uploads\/2024\/03\/jokeme-didier.jpg\",\"caption\":\"Didier\"},\"description\":\"Didier, passionn\u00e9 de cin\u00e9ma, est un r\u00e9dacteur pour le m\u00e9dia Jokeme, o\u00f9 il partage sa passion \u00e0 travers des articles divertissants et informatifs. Ayant \u00e9tudi\u00e9 le journalisme, il allie sa formation \u00e0 sa passion pour offrir un contenu de qualit\u00e9 sur le monde du cin\u00e9ma.\",\"sameAs\":[\"https:\/\/www.jokeme.fr\/actus\"]}]}<\/script>\n<!-- \/ Yoast SEO plugin. -->","yoast_head_json":{"title":"Vous pourriez souffrir du syndrome de Calimero sans m\u00eame vous en rendre compte - Actualit\u00e9s - Joke Me","robots":{"index":"index","follow":"follow","max-snippet":"max-snippet:-1","max-image-preview":"max-image-preview:large","max-video-preview":"max-video-preview:-1"},"canonical":"https:\/\/www.jokeme.fr\/actus\/vous-pourriez-souffrir-du-syndrome-de-calimero-sans-meme-vous-en-rendre-compte\/","og_locale":"fr_FR","og_type":"article","og_title":"Vous pourriez souffrir du syndrome de Calimero sans m\u00eame vous en rendre compte - Actualit\u00e9s - Joke Me","og_description":"Nous le faisons tous. Qu&rsquo;il s&rsquo;agisse de rester assis dans la circulation, d&rsquo;\u00e9nerver un ami ou de ne pas arriver \u00e0 l&rsquo;heure, les g\u00e9missements font tourner le monde. Mais les plaignants en s\u00e9rie sont une tout autre paire de manches : le ciel est toujours trop bleu et l\u2019herbe n\u2019est jamais assez verte. Ces grincheux ... Lire plus","og_url":"https:\/\/www.jokeme.fr\/actus\/vous-pourriez-souffrir-du-syndrome-de-calimero-sans-meme-vous-en-rendre-compte\/","og_site_name":"Actualit\u00e9s - Joke Me","article_published_time":"2023-11-09T17:11:23+00:00","article_modified_time":"2023-11-09T17:11:24+00:00","og_image":[{"width":1200,"height":675,"url":"https:\/\/www.jokeme.fr\/actus\/wp-content\/uploads\/2023\/11\/Vous-pourriez-souffrir-du-syndrome-de-Calimero-sans-meme-vous.png","type":"image\/png"}],"author":"Didier","twitter_card":"summary_large_image","twitter_misc":{"\u00c9crit par":"Didier","Dur\u00e9e de lecture estim\u00e9e":"4 minutes"},"schema":{"@context":"https:\/\/schema.org","@graph":[{"@type":"Article","@id":"https:\/\/www.jokeme.fr\/actus\/vous-pourriez-souffrir-du-syndrome-de-calimero-sans-meme-vous-en-rendre-compte\/#article","isPartOf":{"@id":"https:\/\/www.jokeme.fr\/actus\/vous-pourriez-souffrir-du-syndrome-de-calimero-sans-meme-vous-en-rendre-compte\/"},"author":{"name":"Didier","@id":"https:\/\/www.jokeme.fr\/actus\/#\/schema\/person\/f0c6ad0d33ca144389e81e45a212928f"},"headline":"Vous pourriez souffrir du syndrome de Calimero sans m\u00eame vous en rendre compte","datePublished":"2023-11-09T17:11:23+00:00","dateModified":"2023-11-09T17:11:24+00:00","mainEntityOfPage":{"@id":"https:\/\/www.jokeme.fr\/actus\/vous-pourriez-souffrir-du-syndrome-de-calimero-sans-meme-vous-en-rendre-compte\/"},"wordCount":785,"publisher":{"@id":"https:\/\/www.jokeme.fr\/actus\/#organization"},"keywords":["Calimero","compte","m\u00e8me","pourriez","rendre","sans","souffrir","syndrome","vous"],"inLanguage":"fr-FR"},{"@type":"WebPage","@id":"https:\/\/www.jokeme.fr\/actus\/vous-pourriez-souffrir-du-syndrome-de-calimero-sans-meme-vous-en-rendre-compte\/","url":"https:\/\/www.jokeme.fr\/actus\/vous-pourriez-souffrir-du-syndrome-de-calimero-sans-meme-vous-en-rendre-compte\/","name":"Vous pourriez souffrir du syndrome de Calimero sans m\u00eame vous en rendre compte - Actualit\u00e9s - Joke Me","isPartOf":{"@id":"https:\/\/www.jokeme.fr\/actus\/#website"},"datePublished":"2023-11-09T17:11:23+00:00","dateModified":"2023-11-09T17:11:24+00:00","breadcrumb":{"@id":"https:\/\/www.jokeme.fr\/actus\/vous-pourriez-souffrir-du-syndrome-de-calimero-sans-meme-vous-en-rendre-compte\/#breadcrumb"},"inLanguage":"fr-FR","potentialAction":[{"@type":"ReadAction","target":["https:\/\/www.jokeme.fr\/actus\/vous-pourriez-souffrir-du-syndrome-de-calimero-sans-meme-vous-en-rendre-compte\/"]}]},{"@type":"BreadcrumbList","@id":"https:\/\/www.jokeme.fr\/actus\/vous-pourriez-souffrir-du-syndrome-de-calimero-sans-meme-vous-en-rendre-compte\/#breadcrumb","itemListElement":[{"@type":"ListItem","position":1,"name":"Accueil","item":"https:\/\/www.jokeme.fr\/actus\/"},{"@type":"ListItem","position":2,"name":"Vous pourriez souffrir du syndrome de Calimero sans m\u00eame vous en rendre compte"}]},{"@type":"WebSite","@id":"https:\/\/www.jokeme.fr\/actus\/#website","url":"https:\/\/www.jokeme.fr\/actus\/","name":"Actualit\u00e9s - Joke Me","description":"L&#039;actualit\u00e9 du rire","publisher":{"@id":"https:\/\/www.jokeme.fr\/actus\/#organization"},"potentialAction":[{"@type":"SearchAction","target":{"@type":"EntryPoint","urlTemplate":"https:\/\/www.jokeme.fr\/actus\/?s={search_term_string}"},"query-input":"required name=search_term_string"}],"inLanguage":"fr-FR"},{"@type":"Organization","@id":"https:\/\/www.jokeme.fr\/actus\/#organization","name":"Actualit\u00e9s - Joke Me","url":"https:\/\/www.jokeme.fr\/actus\/","logo":{"@type":"ImageObject","inLanguage":"fr-FR","@id":"https:\/\/www.jokeme.fr\/actus\/#\/schema\/logo\/image\/","url":"https:\/\/www.jokeme.fr\/actus\/wp-content\/uploads\/2023\/06\/cropped-Logo-Joke-Me.png","contentUrl":"https:\/\/www.jokeme.fr\/actus\/wp-content\/uploads\/2023\/06\/cropped-Logo-Joke-Me.png","width":499,"height":363,"caption":"Actualit\u00e9s - Joke Me"},"image":{"@id":"https:\/\/www.jokeme.fr\/actus\/#\/schema\/logo\/image\/"}},{"@type":"Person","@id":"https:\/\/www.jokeme.fr\/actus\/#\/schema\/person\/f0c6ad0d33ca144389e81e45a212928f","name":"Didier","image":{"@type":"ImageObject","inLanguage":"fr-FR","@id":"https:\/\/www.jokeme.fr\/actus\/#\/schema\/person\/image\/","url":"https:\/\/www.jokeme.fr\/actus\/wp-content\/uploads\/2024\/03\/jokeme-didier.jpg","contentUrl":"https:\/\/www.jokeme.fr\/actus\/wp-content\/uploads\/2024\/03\/jokeme-didier.jpg","caption":"Didier"},"description":"Didier, passionn\u00e9 de cin\u00e9ma, est un r\u00e9dacteur pour le m\u00e9dia Jokeme, o\u00f9 il partage sa passion \u00e0 travers des articles divertissants et informatifs. Ayant \u00e9tudi\u00e9 le journalisme, il allie sa formation \u00e0 sa passion pour offrir un contenu de qualit\u00e9 sur le monde du cin\u00e9ma.","sameAs":["https:\/\/www.jokeme.fr\/actus"]}]}},"_links":{"self":[{"href":"https:\/\/www.jokeme.fr\/actus\/wp-json\/wp\/v2\/posts\/1545"}],"collection":[{"href":"https:\/\/www.jokeme.fr\/actus\/wp-json\/wp\/v2\/posts"}],"about":[{"href":"https:\/\/www.jokeme.fr\/actus\/wp-json\/wp\/v2\/types\/post"}],"author":[{"embeddable":true,"href":"https:\/\/www.jokeme.fr\/actus\/wp-json\/wp\/v2\/users\/1"}],"replies":[{"embeddable":true,"href":"https:\/\/www.jokeme.fr\/actus\/wp-json\/wp\/v2\/comments?post=1545"}],"version-history":[{"count":1,"href":"https:\/\/www.jokeme.fr\/actus\/wp-json\/wp\/v2\/posts\/1545\/revisions"}],"predecessor-version":[{"id":1547,"href":"https:\/\/www.jokeme.fr\/actus\/wp-json\/wp\/v2\/posts\/1545\/revisions\/1547"}],"wp:featuredmedia":[{"embeddable":true,"href":"https:\/\/www.jokeme.fr\/actus\/wp-json\/wp\/v2\/media\/1546"}],"wp:attachment":[{"href":"https:\/\/www.jokeme.fr\/actus\/wp-json\/wp\/v2\/media?parent=1545"}],"wp:term":[{"taxonomy":"category","embeddable":true,"href":"https:\/\/www.jokeme.fr\/actus\/wp-json\/wp\/v2\/categories?post=1545"},{"taxonomy":"post_tag","embeddable":true,"href":"https:\/\/www.jokeme.fr\/actus\/wp-json\/wp\/v2\/tags?post=1545"}],"curies":[{"name":"wp","href":"https:\/\/api.w.org\/{rel}","templated":true}]}}