{"id":1563,"date":"2023-11-11T15:18:19","date_gmt":"2023-11-11T14:18:19","guid":{"rendered":"https:\/\/www.jokeme.fr\/actus\/les-habitants-de-la-terre-plate-ont-une-theorie-bizarre-sur-les-causes-des-aurores-boreales\/"},"modified":"2023-11-11T15:18:21","modified_gmt":"2023-11-11T14:18:21","slug":"les-habitants-de-la-terre-plate-ont-une-theorie-bizarre-sur-les-causes-des-aurores-boreales","status":"publish","type":"post","link":"https:\/\/www.jokeme.fr\/actus\/les-habitants-de-la-terre-plate-ont-une-theorie-bizarre-sur-les-causes-des-aurores-boreales\/","title":{"rendered":"Les habitants de la Terre Plate ont une th\u00e9orie bizarre sur les causes des aurores bor\u00e9ales"},"content":{"rendered":"<div>\n<div class=\"css-12zje5r\">\n<p>Les th\u00e9oriciens du complot de la Terre plate ont leur propre explication \u2013 quelque peu d\u00e9taill\u00e9e \u2013 des causes des aurores bor\u00e9ales.<\/p>\n<\/div>\n<div class=\"css-c2lb2p\">\n<p>Les aurores bor\u00e9ales et les aurores australes &#8211; la version m\u00e9ridionale &#8211; sont des merveilles du monde naturel, et des milliers de personnes effectuent des voyages sp\u00e9ciaux pour tenter de les apercevoir.<\/p>\n<\/div>\n<div class=\"css-c2lb2p\">\n<p>Ils ont d\u00e9clar\u00e9 : \u00ab\u00a0Nous nous attendons \u00e0 ce qu&rsquo;une \u00e9jection de masse coronale arrive sur Terre plus tard samedi ou t\u00f4t dimanche, entra\u00eenant des temp\u00eates g\u00e9omagn\u00e9tiques mod\u00e9r\u00e9es \u00e0 fortes. En fonction de la couverture nuageuse, il y a de fortes chances que des aurores bor\u00e9ales soient visibles plus tard dans les r\u00e9gions du nord du Royaume-Uni. le samedi soir.\u00a0\u00bb<\/p>\n<\/div>\n<div class=\"css-c2lb2p\">\n<p>L&rsquo;\u00e9tonnant spectacle de lumi\u00e8re naturelle a une explication assez simple : attendez-vous \u00e0 la partie scientifique.<\/p>\n<\/div>\n<div class=\"css-12zje5r\">\n<p>Ainsi, la Terre poss\u00e8de un champ magn\u00e9tique qui attire les particules solaires vers les p\u00f4les.  L\u00e0, ils sont entrecoup\u00e9s de particules d\u2019azote et d\u2019oxyg\u00e8ne, ce qui provoque cette jolie lueur lorsque des photons color\u00e9s sont lib\u00e9r\u00e9s.  Et voil\u00e0!  Cela enl\u00e8ve un peu de romance et de myst\u00e8re, mais nous y sommes.<\/p>\n<\/div>\n<figure class=\"css-1ey54xo\"><picture class=\"css-1x72e95\"><source  media=\"(min-width: 0px) and (max-width: 380px) and (max-resolution: 1dppx)\" type=\"image\/webp\"\/><source  media=\"(min-width: 0px) and (max-width: 380px) and (max-resolution: 1dppx)\" type=\"image\/jpeg\"\/><source  media=\"(min-width: 0px) and (max-width: 380px) and (-webkit-max-device-pixel-ratio: 1)\" type=\"image\/webp\"\/><source  media=\"(min-width: 0px) and (max-width: 380px) and (-webkit-max-device-pixel-ratio: 1)\" type=\"image\/jpeg\"\/><source  media=\"(min-width: 0px) and (max-width: 380px) and (max-resolution: 3dppx)\" type=\"image\/webp\"\/><source  media=\"(min-width: 0px) and (max-width: 380px) and (max-resolution: 3dppx)\" type=\"image\/jpeg\"\/><source  media=\"(min-width: 0px) and (max-width: 380px) and (-webkit-max-device-pixel-ratio: 3)\" type=\"image\/webp\"\/><source  media=\"(min-width: 0px) and (max-width: 380px) and (-webkit-max-device-pixel-ratio: 3)\" type=\"image\/jpeg\"\/><source  media=\"(min-width: 380px) and (min-resolution: 2dppx)\" type=\"image\/webp\"\/><source  media=\"(min-width: 380px) and (min-resolution: 2dppx)\" type=\"image\/jpeg\"\/><source  media=\"(min-width: 380px) and (-webkit-min-device-pixel-ratio: 2)\" type=\"image\/webp\"\/><source  media=\"(min-width: 380px) and (-webkit-min-device-pixel-ratio: 2)\" type=\"image\/jpeg\"\/><source  type=\"image\/webp\"\/><source  type=\"image\/jpeg\"\/><\/picture><figcaption class=\"css-1hkjxsv\">Les aurores bor\u00e9ales et les aurores australes sont un ph\u00e9nom\u00e8ne naturel \u00e9poustouflant.  Cr\u00e9dit : Getty Images <\/figcaption><\/figure>\n<div class=\"css-c2lb2p\">\n<p>Alors maintenant, nous savons ce qui les cause, n&rsquo;est-ce pas ?  Mais n\u2019oublions pas que certaines personnes pensent que la Terre est plate et que l\u2019explication n\u2019est donc pas correcte.<\/p>\n<\/div>\n<div class=\"css-c2lb2p\">\n<p>Ces gens ont donc d\u00fb \u00e9laborer leur propre th\u00e9orie sur les causes du ph\u00e9nom\u00e8ne.<\/p>\n<\/div>\n<div class=\"css-12zje5r\">\n<p>La soci\u00e9t\u00e9 officielle Flat Earth Society d\u00e9clare : \u00ab\u00a0Sur la Terre plate, les aurores, \u00e9galement commun\u00e9ment appel\u00e9es aurores bor\u00e9ales et australes, sont un ph\u00e9nom\u00e8ne atmosph\u00e9rique lumineux qui appara\u00eet g\u00e9n\u00e9ralement sous la forme de bandes de lumi\u00e8re color\u00e9es et brillantes. Les aurores sont souvent visibles dans le ciel nocturne dans les h\u00e9midisques nord et sud de la Terre.<\/p>\n<\/div>\n<div class=\"css-12zje5r\">\n<p>\u00ab\u00a0On pense que les aurores sont caus\u00e9es par des particules charg\u00e9es de haute \u00e9nergie provenant des vents solaires et pi\u00e9g\u00e9es dans le champ magn\u00e9tique terrestre.<\/p>\n<\/div>\n<figure class=\"css-1ey54xo\"><picture class=\"css-1x72e95\"><source  media=\"(min-width: 0px) and (max-width: 380px) and (max-resolution: 1dppx)\" type=\"image\/webp\"\/><source  media=\"(min-width: 0px) and (max-width: 380px) and (max-resolution: 1dppx)\" type=\"image\/jpeg\"\/><source  media=\"(min-width: 0px) and (max-width: 380px) and (-webkit-max-device-pixel-ratio: 1)\" type=\"image\/webp\"\/><source  media=\"(min-width: 0px) and (max-width: 380px) and (-webkit-max-device-pixel-ratio: 1)\" type=\"image\/jpeg\"\/><source  media=\"(min-width: 0px) and (max-width: 380px) and (max-resolution: 3dppx)\" type=\"image\/webp\"\/><source  media=\"(min-width: 0px) and (max-width: 380px) and (max-resolution: 3dppx)\" type=\"image\/jpeg\"\/><source  media=\"(min-width: 0px) and (max-width: 380px) and (-webkit-max-device-pixel-ratio: 3)\" type=\"image\/webp\"\/><source  media=\"(min-width: 0px) and (max-width: 380px) and (-webkit-max-device-pixel-ratio: 3)\" type=\"image\/jpeg\"\/><source  media=\"(min-width: 380px) and (min-resolution: 2dppx)\" type=\"image\/webp\"\/><source  media=\"(min-width: 380px) and (min-resolution: 2dppx)\" type=\"image\/jpeg\"\/><source  media=\"(min-width: 380px) and (-webkit-min-device-pixel-ratio: 2)\" type=\"image\/webp\"\/><source  media=\"(min-width: 380px) and (-webkit-min-device-pixel-ratio: 2)\" type=\"image\/jpeg\"\/><source  type=\"image\/webp\"\/><source  type=\"image\/jpeg\"\/><img decoding=\"async\" src=\"https:\/\/www.jokeme.fr\/actus\/wp-content\/uploads\/2023\/11\/1699712299_230_Les-habitants-de-la-Terre-Plate-ont-une-theorie-bizarre.jpeg\" alt=\"Les Flat Earthers ont leurs propres croyances sur les causes des aurores bor\u00e9ales.  Cr\u00e9dit : Getty Images\" loading=\"lazy\"\/><\/picture><figcaption class=\"css-1hkjxsv\">Les Flat Earthers ont leurs propres croyances sur les causes des aurores bor\u00e9ales.  Cr\u00e9dit : Getty Images<\/figcaption><\/figure>\n<div class=\"css-12zje5r\">\n<p>Lorsque ces particules charg\u00e9es tournent en spirale le long des lignes du champ magn\u00e9tique, elles deviennent visibles au plus pr\u00e8s des p\u00f4les magn\u00e9tiques nord et sud, o\u00f9 ces lignes magn\u00e9tiques deviennent verticales et interagissent avec le plan atmosph\u00e9rique de la Terre. \u00bb<\/p>\n<\/div>\n<div class=\"css-12zje5r\">\n<p>Ils poursuivent : \u00ab Les couleurs vives et visuellement agr\u00e9ables commun\u00e9ment associ\u00e9es aux aurores sont le r\u00e9sultat de collisions d&rsquo;\u00e9lectrons avec des mol\u00e9cules d&rsquo;oxyg\u00e8ne et d&rsquo;azote dans l&rsquo;atmosph\u00e8re terrestre. \u00c0 mesure que ces mol\u00e9cules deviennent excit\u00e9es, puis refroidissent \u00e0 partir de leur \u00e9tat d&rsquo;\u00e9nergie, elles \u00e9mettent une lumi\u00e8re r\u00e9elle qui peut \u00eatre vue. \u00e0 l&rsquo;oeil nu de l&rsquo;homme.<\/p>\n<\/div>\n<div class=\"css-12zje5r\">\n<p>\u00ab\u00a0Les aurores bor\u00e9ales et australes peuvent \u00eatre observ\u00e9es le plus souvent et le plus facilement pendant les mois d&rsquo;hiver dans un rayon de 2 500 km autour des lignes verticales du champ magn\u00e9tique. Cette zone est \u00e9galement connue sous le nom de zone aurorale.\u00a0\u00bb<\/p>\n<\/div>\n<\/div>\n","protected":false},"excerpt":{"rendered":"<p>Les th\u00e9oriciens du complot de la Terre plate ont leur propre explication \u2013 quelque peu d\u00e9taill\u00e9e \u2013 des causes des aurores bor\u00e9ales. Les aurores bor\u00e9ales et les aurores australes &#8211; la version m\u00e9ridionale &#8211; sont des merveilles du monde naturel, et des milliers de personnes effectuent des voyages sp\u00e9ciaux pour tenter de les apercevoir. Ils &#8230; <a title=\"Les habitants de la Terre Plate ont une th\u00e9orie bizarre sur les causes des aurores bor\u00e9ales\" class=\"read-more\" href=\"https:\/\/www.jokeme.fr\/actus\/les-habitants-de-la-terre-plate-ont-une-theorie-bizarre-sur-les-causes-des-aurores-boreales\/\" aria-label=\"Plus sur Les habitants de la Terre Plate ont une th\u00e9orie bizarre sur les causes des aurores bor\u00e9ales\">Lire plus<\/a><\/p>\n","protected":false},"author":1,"featured_media":1564,"comment_status":"closed","ping_status":"open","sticky":false,"template":"","format":"standard","meta":{"footnotes":""},"categories":[1],"tags":[2677,276,2678,20,1111,66,524,2676,7,2395,884,33],"yoast_head":"<!-- This site is optimized with the Yoast SEO plugin v20.8 - https:\/\/yoast.com\/wordpress\/plugins\/seo\/ -->\n<title>Les habitants de la Terre Plate ont une th\u00e9orie bizarre sur les causes des aurores bor\u00e9ales - Actualit\u00e9s - Joke Me<\/title>\n<meta name=\"robots\" content=\"index, follow, max-snippet:-1, max-image-preview:large, max-video-preview:-1\" \/>\n<link rel=\"canonical\" href=\"https:\/\/www.jokeme.fr\/actus\/les-habitants-de-la-terre-plate-ont-une-theorie-bizarre-sur-les-causes-des-aurores-boreales\/\" \/>\n<meta property=\"og:locale\" content=\"fr_FR\" \/>\n<meta property=\"og:type\" content=\"article\" \/>\n<meta property=\"og:title\" content=\"Les habitants de la Terre Plate ont une th\u00e9orie bizarre sur les causes des aurores bor\u00e9ales - Actualit\u00e9s - Joke Me\" \/>\n<meta property=\"og:description\" content=\"Les th\u00e9oriciens du complot de la Terre plate ont leur propre explication \u2013 quelque peu d\u00e9taill\u00e9e \u2013 des causes des aurores bor\u00e9ales. Les aurores bor\u00e9ales et les aurores australes &#8211; la version m\u00e9ridionale &#8211; sont des merveilles du monde naturel, et des milliers de personnes effectuent des voyages sp\u00e9ciaux pour tenter de les apercevoir. Ils ... Lire plus\" \/>\n<meta property=\"og:url\" content=\"https:\/\/www.jokeme.fr\/actus\/les-habitants-de-la-terre-plate-ont-une-theorie-bizarre-sur-les-causes-des-aurores-boreales\/\" \/>\n<meta property=\"og:site_name\" content=\"Actualit\u00e9s - Joke Me\" \/>\n<meta property=\"article:published_time\" content=\"2023-11-11T14:18:19+00:00\" \/>\n<meta property=\"article:modified_time\" content=\"2023-11-11T14:18:21+00:00\" \/>\n<meta property=\"og:image\" content=\"https:\/\/www.jokeme.fr\/actus\/wp-content\/uploads\/2023\/11\/Les-habitants-de-la-Terre-Plate-ont-une-theorie-bizarre.png\" \/>\n\t<meta property=\"og:image:width\" content=\"1200\" \/>\n\t<meta property=\"og:image:height\" content=\"674\" \/>\n\t<meta property=\"og:image:type\" content=\"image\/png\" \/>\n<meta name=\"author\" content=\"Didier\" \/>\n<meta name=\"twitter:card\" content=\"summary_large_image\" \/>\n<meta name=\"twitter:label1\" content=\"\u00c9crit par\" \/>\n\t<meta name=\"twitter:data1\" content=\"Didier\" \/>\n\t<meta name=\"twitter:label2\" content=\"Dur\u00e9e de lecture estim\u00e9e\" \/>\n\t<meta name=\"twitter:data2\" content=\"3 minutes\" \/>\n<script type=\"application\/ld+json\" class=\"yoast-schema-graph\">{\"@context\":\"https:\/\/schema.org\",\"@graph\":[{\"@type\":\"Article\",\"@id\":\"https:\/\/www.jokeme.fr\/actus\/les-habitants-de-la-terre-plate-ont-une-theorie-bizarre-sur-les-causes-des-aurores-boreales\/#article\",\"isPartOf\":{\"@id\":\"https:\/\/www.jokeme.fr\/actus\/les-habitants-de-la-terre-plate-ont-une-theorie-bizarre-sur-les-causes-des-aurores-boreales\/\"},\"author\":{\"name\":\"Didier\",\"@id\":\"https:\/\/www.jokeme.fr\/actus\/#\/schema\/person\/f0c6ad0d33ca144389e81e45a212928f\"},\"headline\":\"Les habitants de la Terre Plate ont une th\u00e9orie bizarre sur les causes des aurores bor\u00e9ales\",\"datePublished\":\"2023-11-11T14:18:19+00:00\",\"dateModified\":\"2023-11-11T14:18:21+00:00\",\"mainEntityOfPage\":{\"@id\":\"https:\/\/www.jokeme.fr\/actus\/les-habitants-de-la-terre-plate-ont-une-theorie-bizarre-sur-les-causes-des-aurores-boreales\/\"},\"wordCount\":568,\"publisher\":{\"@id\":\"https:\/\/www.jokeme.fr\/actus\/#organization\"},\"keywords\":[\"aurores\",\"bizarre\",\"bor\u00e9ales\",\"des\",\"habitants\",\"les\",\"ont\",\"Plate\",\"sur\",\"terre\",\"th\u00e9orie\",\"une\"],\"inLanguage\":\"fr-FR\"},{\"@type\":\"WebPage\",\"@id\":\"https:\/\/www.jokeme.fr\/actus\/les-habitants-de-la-terre-plate-ont-une-theorie-bizarre-sur-les-causes-des-aurores-boreales\/\",\"url\":\"https:\/\/www.jokeme.fr\/actus\/les-habitants-de-la-terre-plate-ont-une-theorie-bizarre-sur-les-causes-des-aurores-boreales\/\",\"name\":\"Les habitants de la Terre Plate ont une th\u00e9orie bizarre sur les causes des aurores bor\u00e9ales - Actualit\u00e9s - Joke Me\",\"isPartOf\":{\"@id\":\"https:\/\/www.jokeme.fr\/actus\/#website\"},\"datePublished\":\"2023-11-11T14:18:19+00:00\",\"dateModified\":\"2023-11-11T14:18:21+00:00\",\"breadcrumb\":{\"@id\":\"https:\/\/www.jokeme.fr\/actus\/les-habitants-de-la-terre-plate-ont-une-theorie-bizarre-sur-les-causes-des-aurores-boreales\/#breadcrumb\"},\"inLanguage\":\"fr-FR\",\"potentialAction\":[{\"@type\":\"ReadAction\",\"target\":[\"https:\/\/www.jokeme.fr\/actus\/les-habitants-de-la-terre-plate-ont-une-theorie-bizarre-sur-les-causes-des-aurores-boreales\/\"]}]},{\"@type\":\"BreadcrumbList\",\"@id\":\"https:\/\/www.jokeme.fr\/actus\/les-habitants-de-la-terre-plate-ont-une-theorie-bizarre-sur-les-causes-des-aurores-boreales\/#breadcrumb\",\"itemListElement\":[{\"@type\":\"ListItem\",\"position\":1,\"name\":\"Accueil\",\"item\":\"https:\/\/www.jokeme.fr\/actus\/\"},{\"@type\":\"ListItem\",\"position\":2,\"name\":\"Les habitants de la Terre Plate ont une th\u00e9orie bizarre sur les causes des aurores bor\u00e9ales\"}]},{\"@type\":\"WebSite\",\"@id\":\"https:\/\/www.jokeme.fr\/actus\/#website\",\"url\":\"https:\/\/www.jokeme.fr\/actus\/\",\"name\":\"Actualit\u00e9s - Joke Me\",\"description\":\"L&#039;actualit\u00e9 du rire\",\"publisher\":{\"@id\":\"https:\/\/www.jokeme.fr\/actus\/#organization\"},\"potentialAction\":[{\"@type\":\"SearchAction\",\"target\":{\"@type\":\"EntryPoint\",\"urlTemplate\":\"https:\/\/www.jokeme.fr\/actus\/?s={search_term_string}\"},\"query-input\":\"required name=search_term_string\"}],\"inLanguage\":\"fr-FR\"},{\"@type\":\"Organization\",\"@id\":\"https:\/\/www.jokeme.fr\/actus\/#organization\",\"name\":\"Actualit\u00e9s - Joke Me\",\"url\":\"https:\/\/www.jokeme.fr\/actus\/\",\"logo\":{\"@type\":\"ImageObject\",\"inLanguage\":\"fr-FR\",\"@id\":\"https:\/\/www.jokeme.fr\/actus\/#\/schema\/logo\/image\/\",\"url\":\"https:\/\/www.jokeme.fr\/actus\/wp-content\/uploads\/2023\/06\/cropped-Logo-Joke-Me.png\",\"contentUrl\":\"https:\/\/www.jokeme.fr\/actus\/wp-content\/uploads\/2023\/06\/cropped-Logo-Joke-Me.png\",\"width\":499,\"height\":363,\"caption\":\"Actualit\u00e9s - Joke Me\"},\"image\":{\"@id\":\"https:\/\/www.jokeme.fr\/actus\/#\/schema\/logo\/image\/\"}},{\"@type\":\"Person\",\"@id\":\"https:\/\/www.jokeme.fr\/actus\/#\/schema\/person\/f0c6ad0d33ca144389e81e45a212928f\",\"name\":\"Didier\",\"image\":{\"@type\":\"ImageObject\",\"inLanguage\":\"fr-FR\",\"@id\":\"https:\/\/www.jokeme.fr\/actus\/#\/schema\/person\/image\/\",\"url\":\"https:\/\/www.jokeme.fr\/actus\/wp-content\/uploads\/2024\/03\/jokeme-didier.jpg\",\"contentUrl\":\"https:\/\/www.jokeme.fr\/actus\/wp-content\/uploads\/2024\/03\/jokeme-didier.jpg\",\"caption\":\"Didier\"},\"description\":\"Didier, passionn\u00e9 de cin\u00e9ma, est un r\u00e9dacteur pour le m\u00e9dia Jokeme, o\u00f9 il partage sa passion \u00e0 travers des articles divertissants et informatifs. Ayant \u00e9tudi\u00e9 le journalisme, il allie sa formation \u00e0 sa passion pour offrir un contenu de qualit\u00e9 sur le monde du cin\u00e9ma.\",\"sameAs\":[\"https:\/\/www.jokeme.fr\/actus\"]}]}<\/script>\n<!-- \/ Yoast SEO plugin. -->","yoast_head_json":{"title":"Les habitants de la Terre Plate ont une th\u00e9orie bizarre sur les causes des aurores bor\u00e9ales - Actualit\u00e9s - Joke Me","robots":{"index":"index","follow":"follow","max-snippet":"max-snippet:-1","max-image-preview":"max-image-preview:large","max-video-preview":"max-video-preview:-1"},"canonical":"https:\/\/www.jokeme.fr\/actus\/les-habitants-de-la-terre-plate-ont-une-theorie-bizarre-sur-les-causes-des-aurores-boreales\/","og_locale":"fr_FR","og_type":"article","og_title":"Les habitants de la Terre Plate ont une th\u00e9orie bizarre sur les causes des aurores bor\u00e9ales - Actualit\u00e9s - Joke Me","og_description":"Les th\u00e9oriciens du complot de la Terre plate ont leur propre explication \u2013 quelque peu d\u00e9taill\u00e9e \u2013 des causes des aurores bor\u00e9ales. Les aurores bor\u00e9ales et les aurores australes &#8211; la version m\u00e9ridionale &#8211; sont des merveilles du monde naturel, et des milliers de personnes effectuent des voyages sp\u00e9ciaux pour tenter de les apercevoir. Ils ... Lire plus","og_url":"https:\/\/www.jokeme.fr\/actus\/les-habitants-de-la-terre-plate-ont-une-theorie-bizarre-sur-les-causes-des-aurores-boreales\/","og_site_name":"Actualit\u00e9s - Joke Me","article_published_time":"2023-11-11T14:18:19+00:00","article_modified_time":"2023-11-11T14:18:21+00:00","og_image":[{"width":1200,"height":674,"url":"https:\/\/www.jokeme.fr\/actus\/wp-content\/uploads\/2023\/11\/Les-habitants-de-la-Terre-Plate-ont-une-theorie-bizarre.png","type":"image\/png"}],"author":"Didier","twitter_card":"summary_large_image","twitter_misc":{"\u00c9crit par":"Didier","Dur\u00e9e de lecture estim\u00e9e":"3 minutes"},"schema":{"@context":"https:\/\/schema.org","@graph":[{"@type":"Article","@id":"https:\/\/www.jokeme.fr\/actus\/les-habitants-de-la-terre-plate-ont-une-theorie-bizarre-sur-les-causes-des-aurores-boreales\/#article","isPartOf":{"@id":"https:\/\/www.jokeme.fr\/actus\/les-habitants-de-la-terre-plate-ont-une-theorie-bizarre-sur-les-causes-des-aurores-boreales\/"},"author":{"name":"Didier","@id":"https:\/\/www.jokeme.fr\/actus\/#\/schema\/person\/f0c6ad0d33ca144389e81e45a212928f"},"headline":"Les habitants de la Terre Plate ont une th\u00e9orie bizarre sur les causes des aurores bor\u00e9ales","datePublished":"2023-11-11T14:18:19+00:00","dateModified":"2023-11-11T14:18:21+00:00","mainEntityOfPage":{"@id":"https:\/\/www.jokeme.fr\/actus\/les-habitants-de-la-terre-plate-ont-une-theorie-bizarre-sur-les-causes-des-aurores-boreales\/"},"wordCount":568,"publisher":{"@id":"https:\/\/www.jokeme.fr\/actus\/#organization"},"keywords":["aurores","bizarre","bor\u00e9ales","des","habitants","les","ont","Plate","sur","terre","th\u00e9orie","une"],"inLanguage":"fr-FR"},{"@type":"WebPage","@id":"https:\/\/www.jokeme.fr\/actus\/les-habitants-de-la-terre-plate-ont-une-theorie-bizarre-sur-les-causes-des-aurores-boreales\/","url":"https:\/\/www.jokeme.fr\/actus\/les-habitants-de-la-terre-plate-ont-une-theorie-bizarre-sur-les-causes-des-aurores-boreales\/","name":"Les habitants de la Terre Plate ont une th\u00e9orie bizarre sur les causes des aurores bor\u00e9ales - Actualit\u00e9s - Joke Me","isPartOf":{"@id":"https:\/\/www.jokeme.fr\/actus\/#website"},"datePublished":"2023-11-11T14:18:19+00:00","dateModified":"2023-11-11T14:18:21+00:00","breadcrumb":{"@id":"https:\/\/www.jokeme.fr\/actus\/les-habitants-de-la-terre-plate-ont-une-theorie-bizarre-sur-les-causes-des-aurores-boreales\/#breadcrumb"},"inLanguage":"fr-FR","potentialAction":[{"@type":"ReadAction","target":["https:\/\/www.jokeme.fr\/actus\/les-habitants-de-la-terre-plate-ont-une-theorie-bizarre-sur-les-causes-des-aurores-boreales\/"]}]},{"@type":"BreadcrumbList","@id":"https:\/\/www.jokeme.fr\/actus\/les-habitants-de-la-terre-plate-ont-une-theorie-bizarre-sur-les-causes-des-aurores-boreales\/#breadcrumb","itemListElement":[{"@type":"ListItem","position":1,"name":"Accueil","item":"https:\/\/www.jokeme.fr\/actus\/"},{"@type":"ListItem","position":2,"name":"Les habitants de la Terre Plate ont une th\u00e9orie bizarre sur les causes des aurores bor\u00e9ales"}]},{"@type":"WebSite","@id":"https:\/\/www.jokeme.fr\/actus\/#website","url":"https:\/\/www.jokeme.fr\/actus\/","name":"Actualit\u00e9s - Joke Me","description":"L&#039;actualit\u00e9 du rire","publisher":{"@id":"https:\/\/www.jokeme.fr\/actus\/#organization"},"potentialAction":[{"@type":"SearchAction","target":{"@type":"EntryPoint","urlTemplate":"https:\/\/www.jokeme.fr\/actus\/?s={search_term_string}"},"query-input":"required name=search_term_string"}],"inLanguage":"fr-FR"},{"@type":"Organization","@id":"https:\/\/www.jokeme.fr\/actus\/#organization","name":"Actualit\u00e9s - Joke Me","url":"https:\/\/www.jokeme.fr\/actus\/","logo":{"@type":"ImageObject","inLanguage":"fr-FR","@id":"https:\/\/www.jokeme.fr\/actus\/#\/schema\/logo\/image\/","url":"https:\/\/www.jokeme.fr\/actus\/wp-content\/uploads\/2023\/06\/cropped-Logo-Joke-Me.png","contentUrl":"https:\/\/www.jokeme.fr\/actus\/wp-content\/uploads\/2023\/06\/cropped-Logo-Joke-Me.png","width":499,"height":363,"caption":"Actualit\u00e9s - Joke Me"},"image":{"@id":"https:\/\/www.jokeme.fr\/actus\/#\/schema\/logo\/image\/"}},{"@type":"Person","@id":"https:\/\/www.jokeme.fr\/actus\/#\/schema\/person\/f0c6ad0d33ca144389e81e45a212928f","name":"Didier","image":{"@type":"ImageObject","inLanguage":"fr-FR","@id":"https:\/\/www.jokeme.fr\/actus\/#\/schema\/person\/image\/","url":"https:\/\/www.jokeme.fr\/actus\/wp-content\/uploads\/2024\/03\/jokeme-didier.jpg","contentUrl":"https:\/\/www.jokeme.fr\/actus\/wp-content\/uploads\/2024\/03\/jokeme-didier.jpg","caption":"Didier"},"description":"Didier, passionn\u00e9 de cin\u00e9ma, est un r\u00e9dacteur pour le m\u00e9dia Jokeme, o\u00f9 il partage sa passion \u00e0 travers des articles divertissants et informatifs. Ayant \u00e9tudi\u00e9 le journalisme, il allie sa formation \u00e0 sa passion pour offrir un contenu de qualit\u00e9 sur le monde du cin\u00e9ma.","sameAs":["https:\/\/www.jokeme.fr\/actus"]}]}},"_links":{"self":[{"href":"https:\/\/www.jokeme.fr\/actus\/wp-json\/wp\/v2\/posts\/1563"}],"collection":[{"href":"https:\/\/www.jokeme.fr\/actus\/wp-json\/wp\/v2\/posts"}],"about":[{"href":"https:\/\/www.jokeme.fr\/actus\/wp-json\/wp\/v2\/types\/post"}],"author":[{"embeddable":true,"href":"https:\/\/www.jokeme.fr\/actus\/wp-json\/wp\/v2\/users\/1"}],"replies":[{"embeddable":true,"href":"https:\/\/www.jokeme.fr\/actus\/wp-json\/wp\/v2\/comments?post=1563"}],"version-history":[{"count":1,"href":"https:\/\/www.jokeme.fr\/actus\/wp-json\/wp\/v2\/posts\/1563\/revisions"}],"predecessor-version":[{"id":1565,"href":"https:\/\/www.jokeme.fr\/actus\/wp-json\/wp\/v2\/posts\/1563\/revisions\/1565"}],"wp:featuredmedia":[{"embeddable":true,"href":"https:\/\/www.jokeme.fr\/actus\/wp-json\/wp\/v2\/media\/1564"}],"wp:attachment":[{"href":"https:\/\/www.jokeme.fr\/actus\/wp-json\/wp\/v2\/media?parent=1563"}],"wp:term":[{"taxonomy":"category","embeddable":true,"href":"https:\/\/www.jokeme.fr\/actus\/wp-json\/wp\/v2\/categories?post=1563"},{"taxonomy":"post_tag","embeddable":true,"href":"https:\/\/www.jokeme.fr\/actus\/wp-json\/wp\/v2\/tags?post=1563"}],"curies":[{"name":"wp","href":"https:\/\/api.w.org\/{rel}","templated":true}]}}