{"id":1566,"date":"2023-11-11T18:09:09","date_gmt":"2023-11-11T17:09:09","guid":{"rendered":"https:\/\/www.jokeme.fr\/actus\/papa-pilote-un-avion-easyjet-de-manchester-vers-lespagne-apres-un-vol-retarde-en-raison-dun-pilote-manquant\/"},"modified":"2023-11-11T18:09:10","modified_gmt":"2023-11-11T17:09:10","slug":"papa-pilote-un-avion-easyjet-de-manchester-vers-lespagne-apres-un-vol-retarde-en-raison-dun-pilote-manquant","status":"publish","type":"post","link":"https:\/\/www.jokeme.fr\/actus\/papa-pilote-un-avion-easyjet-de-manchester-vers-lespagne-apres-un-vol-retarde-en-raison-dun-pilote-manquant\/","title":{"rendered":"Papa pilote un avion easyJet de Manchester vers l&rsquo;Espagne apr\u00e8s un vol retard\u00e9 en raison d&rsquo;un pilote \u00ab manquant \u00bb"},"content":{"rendered":"<div>\n<div class=\"css-12zje5r\">\n<p>Il n&rsquo;y a rien de plus garanti pour g\u00e2cher des vacances en famille qu&rsquo;un vol retard\u00e9&#8230; autre qu&rsquo;un vol annul\u00e9, bien s\u00fbr.<\/p>\n<\/div>\n<div class=\"css-12zje5r\">\n<p>Dans ces situations, n\u2019aimerais-tu pas simplement pouvoir monter dans un avion et y voler toi-m\u00eame ?<\/p>\n<\/div>\n<div class=\"css-c2lb2p\">\n<p>Michael Bradley, un homme de Manchester, avait appris quelques heures auparavant que son vol pour Alicante, qu&rsquo;il avait r\u00e9serv\u00e9 pour profiter de vacances bien m\u00e9rit\u00e9es avec sa femme et leur petit gar\u00e7on, avait \u00e9t\u00e9 gravement retard\u00e9.<\/p>\n<\/div>\n<div class=\"css-c2lb2p\">\n<p>Selon les passagers du vol \u00e0 destination de l&rsquo;Espagne, le pilote avait \u00ab disparu \u00bb.<\/p>\n<\/div>\n<div class=\"css-12zje5r\">\n<p>Mais, \u00e9tant lui-m\u00eame pilote brevet\u00e9 d&rsquo;easyJet, Michael a pens\u00e9 qu&rsquo;il \u00e9tait pr\u00e9f\u00e9rable d&rsquo;apporter sa carte d&rsquo;identit\u00e9 professionnelle avec lui \u00e0 l&rsquo;a\u00e9roport de Manchester, au cas o\u00f9 il serait autoris\u00e9 \u00e0 piloter l&rsquo;avion.<\/p>\n<\/div>\n<figure class=\"css-1ey54xo\"><picture class=\"css-1x72e95\"><source  media=\"(min-width: 0px) and (max-width: 380px) and (max-resolution: 1dppx)\" type=\"image\/webp\"\/><source  media=\"(min-width: 0px) and (max-width: 380px) and (max-resolution: 1dppx)\" type=\"image\/jpeg\"\/><source  media=\"(min-width: 0px) and (max-width: 380px) and (-webkit-max-device-pixel-ratio: 1)\" type=\"image\/webp\"\/><source  media=\"(min-width: 0px) and (max-width: 380px) and (-webkit-max-device-pixel-ratio: 1)\" type=\"image\/jpeg\"\/><source  media=\"(min-width: 0px) and (max-width: 380px) and (max-resolution: 3dppx)\" type=\"image\/webp\"\/><source  media=\"(min-width: 0px) and (max-width: 380px) and (max-resolution: 3dppx)\" type=\"image\/jpeg\"\/><source  media=\"(min-width: 0px) and (max-width: 380px) and (-webkit-max-device-pixel-ratio: 3)\" type=\"image\/webp\"\/><source  media=\"(min-width: 0px) and (max-width: 380px) and (-webkit-max-device-pixel-ratio: 3)\" type=\"image\/jpeg\"\/><source  media=\"(min-width: 380px) and (min-resolution: 2dppx)\" type=\"image\/webp\"\/><source  media=\"(min-width: 380px) and (min-resolution: 2dppx)\" type=\"image\/jpeg\"\/><source  media=\"(min-width: 380px) and (-webkit-min-device-pixel-ratio: 2)\" type=\"image\/webp\"\/><source  media=\"(min-width: 380px) and (-webkit-min-device-pixel-ratio: 2)\" type=\"image\/jpeg\"\/><source  type=\"image\/webp\"\/><source  type=\"image\/jpeg\"\/><\/picture><figcaption class=\"css-1hkjxsv\">Michael est pilote brevet\u00e9 chez easyJet.  Cr\u00e9dit : Manchester Evening News<\/figcaption><\/figure>\n<div class=\"css-12zje5r\">\n<p>Et, dans un geste sans pr\u00e9c\u00e9dent, cette proposition absurde a fini par devenir r\u00e9alit\u00e9, apr\u00e8s que Michael ait re\u00e7u le feu vert pour emmener ses compagnons de voyage \u00e0 Alicante.<\/p>\n<\/div>\n<div class=\"css-12zje5r\">\n<p>Dans une vid\u00e9o devenue virale sur les r\u00e9seaux sociaux, on peut entendre le super-h\u00e9ros d&rsquo;easyJet dire \u00e0 ses camarades vacanciers sur le tannoy que leurs vacances tant attendues auraient effectivement lieu, malgr\u00e9 des retards importants, car il allait am\u00e8ne-les l\u00e0-bas lui-m\u00eame.<\/p>\n<\/div>\n<div class=\"css-12zje5r\">\n<p>\u00ab\u00a0Ma femme qui est au rang 15 avec mon petit gar\u00e7on \u2013 j&rsquo;esp\u00e8re qu&rsquo;il dort maintenant, je devrais le garder bas, sinon je me ferai gronder\u00a0\u00bb, peut-on entendre Michael dire aux passagers.<\/p>\n<\/div>\n<div class=\"css-12zje5r\">\n<p>\u00ab\u00a0Elle s&rsquo;est retourn\u00e9e et m&rsquo;a frapp\u00e9 \u00e0 l&rsquo;arri\u00e8re de la t\u00eate et m&rsquo;a dit &lsquo;notre vol a \u00e9t\u00e9 retard\u00e9 de deux heures parce qu&rsquo;il y a moins d&rsquo;un capitaine pour le vol&rsquo;.<\/p>\n<\/div>\n<figure class=\"css-1ey54xo\"><picture class=\"css-1x72e95\"><source  media=\"(min-width: 0px) and (max-width: 380px) and (max-resolution: 1dppx)\" type=\"image\/webp\"\/><source  media=\"(min-width: 0px) and (max-width: 380px) and (max-resolution: 1dppx)\" type=\"image\/jpeg\"\/><source  media=\"(min-width: 0px) and (max-width: 380px) and (-webkit-max-device-pixel-ratio: 1)\" type=\"image\/webp\"\/><source  media=\"(min-width: 0px) and (max-width: 380px) and (-webkit-max-device-pixel-ratio: 1)\" type=\"image\/jpeg\"\/><source  media=\"(min-width: 0px) and (max-width: 380px) and (max-resolution: 3dppx)\" type=\"image\/webp\"\/><source  media=\"(min-width: 0px) and (max-width: 380px) and (max-resolution: 3dppx)\" type=\"image\/jpeg\"\/><source  media=\"(min-width: 0px) and (max-width: 380px) and (-webkit-max-device-pixel-ratio: 3)\" type=\"image\/webp\"\/><source  media=\"(min-width: 0px) and (max-width: 380px) and (-webkit-max-device-pixel-ratio: 3)\" type=\"image\/jpeg\"\/><source  media=\"(min-width: 380px) and (min-resolution: 2dppx)\" type=\"image\/webp\"\/><source  media=\"(min-width: 380px) and (min-resolution: 2dppx)\" type=\"image\/jpeg\"\/><source  media=\"(min-width: 380px) and (-webkit-min-device-pixel-ratio: 2)\" type=\"image\/webp\"\/><source  media=\"(min-width: 380px) and (-webkit-min-device-pixel-ratio: 2)\" type=\"image\/jpeg\"\/><source  type=\"image\/webp\"\/><source  type=\"image\/jpeg\"\/><img decoding=\"async\" src=\"https:\/\/www.jokeme.fr\/actus\/wp-content\/uploads\/2023\/11\/1699722548_911_Papa-pilote-un-avion-easyJet-de-Manchester-vers-lEspagne-apres.jpg\" alt=\"Michael a \u00e9t\u00e9 autoris\u00e9 \u00e0 piloter l'avion.  Cr\u00e9dit : Manchester Evening News\" loading=\"lazy\"\/><\/picture><figcaption class=\"css-1hkjxsv\">Michael a \u00e9t\u00e9 autoris\u00e9 \u00e0 piloter l&rsquo;avion.  Cr\u00e9dit : Manchester Evening News<\/figcaption><\/figure>\n<div class=\"css-12zje5r\">\n<p>\u00ab\u00a0Alors, juste avant de passer le contr\u00f4le de s\u00e9curit\u00e9, je me suis dit : je me demande si cela vaut la peine de t\u00e9l\u00e9phoner, je pense que c&rsquo;est parce que j&rsquo;aimerais partir en vacances.\u00a0\u00bb<\/p>\n<\/div>\n<div class=\"css-12zje5r\">\n<p>Il a poursuivi : \u00ab\u00a0J&rsquo;ai t\u00e9l\u00e9phon\u00e9 \u00e0 easyJet et je lui ai dit &lsquo;Hiya, je suis dans le terminal \u00e0 ne rien faire. J&rsquo;ai mon permis avec moi &#8211; d\u00e9lib\u00e9r\u00e9ment apr\u00e8s avoir re\u00e7u un coup de poing \u00e0 l&rsquo;arri\u00e8re de la t\u00eate \u00e0 3 heures du matin.&rsquo;<\/p>\n<\/div>\n<div class=\"css-12zje5r\">\n<p>\u00ab\u00a0&lsquo;J&rsquo;ai ma carte d&rsquo;identit\u00e9 avec moi et j&rsquo;aimerais beaucoup partir en vacances et si vous avez besoin d&rsquo;une faveur, je suis l\u00e0, pr\u00eat \u00e0 partir.&rsquo;<\/p>\n<\/div>\n<div class=\"css-12zje5r\">\n<p>\u00ab\u00a0Ils ont dit &lsquo;nous vous rappellerons'\u00a0\u00bb, a poursuivi Michael.  \u00ab\u00a0Trente-huit secondes plus tard, ils m&rsquo;ont rappel\u00e9 et m&rsquo;ont dit &lsquo;s&rsquo;il vous pla\u00eet, s&rsquo;il vous pla\u00eet, s&rsquo;il vous pla\u00eet, avec une grosse cerise sur le dessus, pouvez-vous piloter l&rsquo;avion jusqu&rsquo;\u00e0 Alicante ?'\u00a0\u00bb<\/p>\n<\/div>\n<figure class=\"css-1ey54xo\"><picture class=\"css-1x72e95\"><source  media=\"(min-width: 0px) and (max-width: 380px) and (max-resolution: 1dppx)\" type=\"image\/webp\"\/><source  media=\"(min-width: 0px) and (max-width: 380px) and (max-resolution: 1dppx)\" type=\"image\/jpeg\"\/><source  media=\"(min-width: 0px) and (max-width: 380px) and (-webkit-max-device-pixel-ratio: 1)\" type=\"image\/webp\"\/><source  media=\"(min-width: 0px) and (max-width: 380px) and (-webkit-max-device-pixel-ratio: 1)\" type=\"image\/jpeg\"\/><source  media=\"(min-width: 0px) and (max-width: 380px) and (max-resolution: 3dppx)\" type=\"image\/webp\"\/><source  media=\"(min-width: 0px) and (max-width: 380px) and (max-resolution: 3dppx)\" type=\"image\/jpeg\"\/><source  media=\"(min-width: 0px) and (max-width: 380px) and (-webkit-max-device-pixel-ratio: 3)\" type=\"image\/webp\"\/><source  media=\"(min-width: 0px) and (max-width: 380px) and (-webkit-max-device-pixel-ratio: 3)\" type=\"image\/jpeg\"\/><source  media=\"(min-width: 380px) and (min-resolution: 2dppx)\" type=\"image\/webp\"\/><source  media=\"(min-width: 380px) and (min-resolution: 2dppx)\" type=\"image\/jpeg\"\/><source  media=\"(min-width: 380px) and (-webkit-min-device-pixel-ratio: 2)\" type=\"image\/webp\"\/><source  media=\"(min-width: 380px) and (-webkit-min-device-pixel-ratio: 2)\" type=\"image\/jpeg\"\/><source  type=\"image\/webp\"\/><source  type=\"image\/jpeg\"\/><img decoding=\"async\" src=\"https:\/\/www.jokeme.fr\/actus\/wp-content\/uploads\/2023\/11\/1699722548_589_Papa-pilote-un-avion-easyJet-de-Manchester-vers-lEspagne-apres.jpg\" alt=\"Le pilote d'origine ne s'\u00e9tait pas pr\u00e9sent\u00e9.  Cr\u00e9dit : Getty Images\/@wellsie82\" loading=\"lazy\"\/><\/picture><figcaption class=\"css-1hkjxsv\">Le pilote d&rsquo;origine ne s&rsquo;\u00e9tait pas pr\u00e9sent\u00e9.  Cr\u00e9dit : Getty Images\/@wellsie82<\/figcaption><\/figure>\n<div class=\"css-12zje5r\">\n<p>Soulignant sa tenue d\u00e9contract\u00e9e, mais soulignant qu&rsquo;il mettrait une paire de chaussures de pilote officielle \u00ab juste au cas o\u00f9 \u00bb, Michael a d\u00e9clar\u00e9 : \u00ab Donc, si vous \u00eates d&rsquo;accord pour qu&rsquo;un de vos pilotes ressemble \u00e0 ceci aujourd&rsquo;hui, nous irons \u00e0 Alicante.\u00a0\u00bb<\/p>\n<\/div>\n<div class=\"css-12zje5r\">\n<p>Son annonce a \u00e9t\u00e9 accueillie par les acclamations des passagers.<\/p>\n<\/div>\n<div class=\"css-12zje5r\">\n<p>Une m\u00e8re \u00e0 bord du vol de deux heures vers l&rsquo;Espagne a enregistr\u00e9 le message de Michael, puis l&rsquo;a partag\u00e9 sur Facebook pour exprimer sa pure surprise.<\/p>\n<\/div>\n<div class=\"css-12zje5r\">\n<p>\u00ab\u00a0Cela ne peut arriver qu&rsquo;\u00e0 moi !! Arrivez \u00e0 l&rsquo;a\u00e9roport et notre vol a \u00e9t\u00e9 retard\u00e9 de quelques heures&#8230;\u00a0\u00bb, a-t-elle \u00e9crit sur l&rsquo;application de r\u00e9seau social.<\/p>\n<\/div>\n<div class=\"css-12zje5r\">\n<p>\u00ab\u00a0Ensuite, j&rsquo;ai regard\u00e9 l&rsquo;heure d&rsquo;origine et c&rsquo;est devenu la fermeture de la porte\u00a0!! J&rsquo;ai d\u00fb traverser l&rsquo;a\u00e9roport pour monter dans le vol&#8230;<\/p>\n<\/div>\n<figure class=\"css-1ey54xo\"><picture class=\"css-1x72e95\"><source  media=\"(min-width: 0px) and (max-width: 380px) and (max-resolution: 1dppx)\" type=\"image\/webp\"\/><source  media=\"(min-width: 0px) and (max-width: 380px) and (max-resolution: 1dppx)\" type=\"image\/jpeg\"\/><source  media=\"(min-width: 0px) and (max-width: 380px) and (-webkit-max-device-pixel-ratio: 1)\" type=\"image\/webp\"\/><source  media=\"(min-width: 0px) and (max-width: 380px) and (-webkit-max-device-pixel-ratio: 1)\" type=\"image\/jpeg\"\/><source  media=\"(min-width: 0px) and (max-width: 380px) and (max-resolution: 3dppx)\" type=\"image\/webp\"\/><source  media=\"(min-width: 0px) and (max-width: 380px) and (max-resolution: 3dppx)\" type=\"image\/jpeg\"\/><source  media=\"(min-width: 0px) and (max-width: 380px) and (-webkit-max-device-pixel-ratio: 3)\" type=\"image\/webp\"\/><source  media=\"(min-width: 0px) and (max-width: 380px) and (-webkit-max-device-pixel-ratio: 3)\" type=\"image\/jpeg\"\/><source  media=\"(min-width: 380px) and (min-resolution: 2dppx)\" type=\"image\/webp\"\/><source  media=\"(min-width: 380px) and (min-resolution: 2dppx)\" type=\"image\/jpeg\"\/><source  media=\"(min-width: 380px) and (-webkit-min-device-pixel-ratio: 2)\" type=\"image\/webp\"\/><source  media=\"(min-width: 380px) and (-webkit-min-device-pixel-ratio: 2)\" type=\"image\/jpeg\"\/><source  type=\"image\/webp\"\/><source  type=\"image\/jpeg\"\/><img decoding=\"async\" src=\"https:\/\/www.jokeme.fr\/actus\/wp-content\/uploads\/2023\/11\/1699722549_38_Papa-pilote-un-avion-easyJet-de-Manchester-vers-lEspagne-apres.jpg\" alt=\"Michelle \u00e9tait passag\u00e8re \u00e0 bord du vol.  Cr\u00e9dit : Manchester Evening News\" loading=\"lazy\"\/><\/picture><figcaption class=\"css-1hkjxsv\">Michelle \u00e9tait passag\u00e8re \u00e0 bord du vol.  Cr\u00e9dit : Manchester Evening News<\/figcaption><\/figure>\n<div class=\"css-12zje5r\">\n<p>\u00ab\u00a0Je suis arriv\u00e9 \u00e0 l&#8217;embarquement et j&rsquo;ai demand\u00e9 au gars au bureau ce qui se passait.<\/p>\n<\/div>\n<div class=\"css-12zje5r\">\n<p>\u00ab\u00a0Il a dit : &lsquo;oh, ton pilote a disparu, mais un gars qui prend ton vol va piloter l&rsquo;avion&rsquo; VRAIMENT AVEC D\u00c9SACIT\u00c9 !!!<\/p>\n<\/div>\n<div class=\"css-12zje5r\">\n<p>\u00ab\u00a0Heureusement, le gars \u00e9tait en fait un pilote !! Cela aurait probablement \u00e9t\u00e9 annul\u00e9 sans lui ! L\u00e9gende.\u00a0\u00bb<\/p>\n<\/div>\n<div class=\"css-12zje5r\">\n<p>Un porte-parole d&rsquo;easyJet a d\u00e9clar\u00e9 plus tard au Manchester Evening News que le retard du vol \u00e9tait \u00ab\u00a0d\u00fb aux cons\u00e9quences de la panne de l&rsquo;ATC fran\u00e7ais dimanche\u00a0\u00bb, qui a eu un impact sur l&rsquo;\u00e9quipage et l&rsquo;a oblig\u00e9 \u00e0 compter sur des disponibilit\u00e9s.<\/p>\n<\/div>\n<div class=\"css-12zje5r\">\n<p>Il a d\u00e9clar\u00e9 : \u00ab\u00a0Nous sommes reconnaissants envers l&rsquo;un de nos pilotes qui voyageait en vacances de Manchester \u00e0 Alicante le 2 septembre avec sa famille et s&rsquo;est port\u00e9 volontaire pour effectuer le vol.<\/p>\n<\/div>\n<div class=\"css-12zje5r\">\n<p>\u00ab\u00a0Cela a permis aux clients d&rsquo;arriver \u00e0 destination et montre l&rsquo;engagement et le d\u00e9vouement de notre \u00e9quipage. <\/p>\n<\/div>\n<div class=\"css-12zje5r\">\n<p>\u00abCela est tout \u00e0 fait conforme \u00e0 la r\u00e9glementation puisqu&rsquo;il avait son permis et sa pi\u00e8ce d&rsquo;identit\u00e9 avec lui.  La s\u00e9curit\u00e9 est toujours notre priorit\u00e9 absolue.\u00a0\u00bb<\/p>\n<\/div>\n<div class=\"css-12zje5r\">\n<p>LADbible a contact\u00e9 easyJet pour un commentaire.<\/p>\n<\/div>\n<\/div>\n","protected":false},"excerpt":{"rendered":"<p>Il n&rsquo;y a rien de plus garanti pour g\u00e2cher des vacances en famille qu&rsquo;un vol retard\u00e9&#8230; autre qu&rsquo;un vol annul\u00e9, bien s\u00fbr. Dans ces situations, n\u2019aimerais-tu pas simplement pouvoir monter dans un avion et y voler toi-m\u00eame ? Michael Bradley, un homme de Manchester, avait appris quelques heures auparavant que son vol pour Alicante, qu&rsquo;il &#8230; <a title=\"Papa pilote un avion easyJet de Manchester vers l&rsquo;Espagne apr\u00e8s un vol retard\u00e9 en raison d&rsquo;un pilote \u00ab manquant \u00bb\" class=\"read-more\" href=\"https:\/\/www.jokeme.fr\/actus\/papa-pilote-un-avion-easyjet-de-manchester-vers-lespagne-apres-un-vol-retarde-en-raison-dun-pilote-manquant\/\" aria-label=\"Plus sur Papa pilote un avion easyJet de Manchester vers l&rsquo;Espagne apr\u00e8s un vol retard\u00e9 en raison d&rsquo;un pilote \u00ab manquant \u00bb\">Lire plus<\/a><\/p>\n","protected":false},"author":1,"featured_media":1567,"comment_status":"closed","ping_status":"open","sticky":false,"template":"","format":"standard","meta":{"footnotes":""},"categories":[1],"tags":[152,1542,338,423,841,821,2681,1102,1910,424,2680,2679,711],"yoast_head":"<!-- This site is optimized with the Yoast SEO plugin v20.8 - https:\/\/yoast.com\/wordpress\/plugins\/seo\/ -->\n<title>Papa pilote un avion easyJet de Manchester vers l&#039;Espagne apr\u00e8s un vol retard\u00e9 en raison d&#039;un pilote \u00ab manquant \u00bb - Actualit\u00e9s - Joke Me<\/title>\n<meta name=\"robots\" content=\"index, follow, max-snippet:-1, max-image-preview:large, max-video-preview:-1\" \/>\n<link rel=\"canonical\" href=\"https:\/\/www.jokeme.fr\/actus\/papa-pilote-un-avion-easyjet-de-manchester-vers-lespagne-apres-un-vol-retarde-en-raison-dun-pilote-manquant\/\" \/>\n<meta property=\"og:locale\" content=\"fr_FR\" \/>\n<meta property=\"og:type\" content=\"article\" \/>\n<meta property=\"og:title\" content=\"Papa pilote un avion easyJet de Manchester vers l&#039;Espagne apr\u00e8s un vol retard\u00e9 en raison d&#039;un pilote \u00ab manquant \u00bb - Actualit\u00e9s - Joke Me\" \/>\n<meta property=\"og:description\" content=\"Il n&rsquo;y a rien de plus garanti pour g\u00e2cher des vacances en famille qu&rsquo;un vol retard\u00e9&#8230; autre qu&rsquo;un vol annul\u00e9, bien s\u00fbr. Dans ces situations, n\u2019aimerais-tu pas simplement pouvoir monter dans un avion et y voler toi-m\u00eame ? Michael Bradley, un homme de Manchester, avait appris quelques heures auparavant que son vol pour Alicante, qu&rsquo;il ... Lire plus\" \/>\n<meta property=\"og:url\" content=\"https:\/\/www.jokeme.fr\/actus\/papa-pilote-un-avion-easyjet-de-manchester-vers-lespagne-apres-un-vol-retarde-en-raison-dun-pilote-manquant\/\" \/>\n<meta property=\"og:site_name\" content=\"Actualit\u00e9s - Joke Me\" \/>\n<meta property=\"article:published_time\" content=\"2023-11-11T17:09:09+00:00\" \/>\n<meta property=\"article:modified_time\" content=\"2023-11-11T17:09:10+00:00\" \/>\n<meta property=\"og:image\" content=\"https:\/\/www.jokeme.fr\/actus\/wp-content\/uploads\/2023\/11\/Papa-pilote-un-avion-easyJet-de-Manchester-vers-lEspagne-apres.png\" \/>\n\t<meta property=\"og:image:width\" content=\"1200\" \/>\n\t<meta property=\"og:image:height\" content=\"675\" \/>\n\t<meta property=\"og:image:type\" content=\"image\/png\" \/>\n<meta name=\"author\" content=\"Didier\" \/>\n<meta name=\"twitter:card\" content=\"summary_large_image\" \/>\n<meta name=\"twitter:label1\" content=\"\u00c9crit par\" \/>\n\t<meta name=\"twitter:data1\" content=\"Didier\" \/>\n\t<meta name=\"twitter:label2\" content=\"Dur\u00e9e de lecture estim\u00e9e\" \/>\n\t<meta name=\"twitter:data2\" content=\"4 minutes\" \/>\n<script type=\"application\/ld+json\" class=\"yoast-schema-graph\">{\"@context\":\"https:\/\/schema.org\",\"@graph\":[{\"@type\":\"Article\",\"@id\":\"https:\/\/www.jokeme.fr\/actus\/papa-pilote-un-avion-easyjet-de-manchester-vers-lespagne-apres-un-vol-retarde-en-raison-dun-pilote-manquant\/#article\",\"isPartOf\":{\"@id\":\"https:\/\/www.jokeme.fr\/actus\/papa-pilote-un-avion-easyjet-de-manchester-vers-lespagne-apres-un-vol-retarde-en-raison-dun-pilote-manquant\/\"},\"author\":{\"name\":\"Didier\",\"@id\":\"https:\/\/www.jokeme.fr\/actus\/#\/schema\/person\/f0c6ad0d33ca144389e81e45a212928f\"},\"headline\":\"Papa pilote un avion easyJet de Manchester vers l&rsquo;Espagne apr\u00e8s un vol retard\u00e9 en raison d&rsquo;un pilote \u00ab manquant \u00bb\",\"datePublished\":\"2023-11-11T17:09:09+00:00\",\"dateModified\":\"2023-11-11T17:09:10+00:00\",\"mainEntityOfPage\":{\"@id\":\"https:\/\/www.jokeme.fr\/actus\/papa-pilote-un-avion-easyjet-de-manchester-vers-lespagne-apres-un-vol-retarde-en-raison-dun-pilote-manquant\/\"},\"wordCount\":808,\"publisher\":{\"@id\":\"https:\/\/www.jokeme.fr\/actus\/#organization\"},\"keywords\":[\"apr\u00e8s\",\"avion\",\"dun\",\"EasyJet\",\"lEspagne\",\"Manchester\",\"manquant\",\"Papa\",\"pilote\",\"raison\",\"retard\u00e9\",\"vers\",\"vol\"],\"inLanguage\":\"fr-FR\"},{\"@type\":\"WebPage\",\"@id\":\"https:\/\/www.jokeme.fr\/actus\/papa-pilote-un-avion-easyjet-de-manchester-vers-lespagne-apres-un-vol-retarde-en-raison-dun-pilote-manquant\/\",\"url\":\"https:\/\/www.jokeme.fr\/actus\/papa-pilote-un-avion-easyjet-de-manchester-vers-lespagne-apres-un-vol-retarde-en-raison-dun-pilote-manquant\/\",\"name\":\"Papa pilote un avion easyJet de Manchester vers l'Espagne apr\u00e8s un vol retard\u00e9 en raison d'un pilote \u00ab manquant \u00bb - Actualit\u00e9s - Joke Me\",\"isPartOf\":{\"@id\":\"https:\/\/www.jokeme.fr\/actus\/#website\"},\"datePublished\":\"2023-11-11T17:09:09+00:00\",\"dateModified\":\"2023-11-11T17:09:10+00:00\",\"breadcrumb\":{\"@id\":\"https:\/\/www.jokeme.fr\/actus\/papa-pilote-un-avion-easyjet-de-manchester-vers-lespagne-apres-un-vol-retarde-en-raison-dun-pilote-manquant\/#breadcrumb\"},\"inLanguage\":\"fr-FR\",\"potentialAction\":[{\"@type\":\"ReadAction\",\"target\":[\"https:\/\/www.jokeme.fr\/actus\/papa-pilote-un-avion-easyjet-de-manchester-vers-lespagne-apres-un-vol-retarde-en-raison-dun-pilote-manquant\/\"]}]},{\"@type\":\"BreadcrumbList\",\"@id\":\"https:\/\/www.jokeme.fr\/actus\/papa-pilote-un-avion-easyjet-de-manchester-vers-lespagne-apres-un-vol-retarde-en-raison-dun-pilote-manquant\/#breadcrumb\",\"itemListElement\":[{\"@type\":\"ListItem\",\"position\":1,\"name\":\"Accueil\",\"item\":\"https:\/\/www.jokeme.fr\/actus\/\"},{\"@type\":\"ListItem\",\"position\":2,\"name\":\"Papa pilote un avion easyJet de Manchester vers l&rsquo;Espagne apr\u00e8s un vol retard\u00e9 en raison d&rsquo;un pilote \u00ab manquant \u00bb\"}]},{\"@type\":\"WebSite\",\"@id\":\"https:\/\/www.jokeme.fr\/actus\/#website\",\"url\":\"https:\/\/www.jokeme.fr\/actus\/\",\"name\":\"Actualit\u00e9s - Joke Me\",\"description\":\"L&#039;actualit\u00e9 du rire\",\"publisher\":{\"@id\":\"https:\/\/www.jokeme.fr\/actus\/#organization\"},\"potentialAction\":[{\"@type\":\"SearchAction\",\"target\":{\"@type\":\"EntryPoint\",\"urlTemplate\":\"https:\/\/www.jokeme.fr\/actus\/?s={search_term_string}\"},\"query-input\":\"required name=search_term_string\"}],\"inLanguage\":\"fr-FR\"},{\"@type\":\"Organization\",\"@id\":\"https:\/\/www.jokeme.fr\/actus\/#organization\",\"name\":\"Actualit\u00e9s - Joke Me\",\"url\":\"https:\/\/www.jokeme.fr\/actus\/\",\"logo\":{\"@type\":\"ImageObject\",\"inLanguage\":\"fr-FR\",\"@id\":\"https:\/\/www.jokeme.fr\/actus\/#\/schema\/logo\/image\/\",\"url\":\"https:\/\/www.jokeme.fr\/actus\/wp-content\/uploads\/2023\/06\/cropped-Logo-Joke-Me.png\",\"contentUrl\":\"https:\/\/www.jokeme.fr\/actus\/wp-content\/uploads\/2023\/06\/cropped-Logo-Joke-Me.png\",\"width\":499,\"height\":363,\"caption\":\"Actualit\u00e9s - Joke Me\"},\"image\":{\"@id\":\"https:\/\/www.jokeme.fr\/actus\/#\/schema\/logo\/image\/\"}},{\"@type\":\"Person\",\"@id\":\"https:\/\/www.jokeme.fr\/actus\/#\/schema\/person\/f0c6ad0d33ca144389e81e45a212928f\",\"name\":\"Didier\",\"image\":{\"@type\":\"ImageObject\",\"inLanguage\":\"fr-FR\",\"@id\":\"https:\/\/www.jokeme.fr\/actus\/#\/schema\/person\/image\/\",\"url\":\"https:\/\/www.jokeme.fr\/actus\/wp-content\/uploads\/2024\/03\/jokeme-didier.jpg\",\"contentUrl\":\"https:\/\/www.jokeme.fr\/actus\/wp-content\/uploads\/2024\/03\/jokeme-didier.jpg\",\"caption\":\"Didier\"},\"description\":\"Didier, passionn\u00e9 de cin\u00e9ma, est un r\u00e9dacteur pour le m\u00e9dia Jokeme, o\u00f9 il partage sa passion \u00e0 travers des articles divertissants et informatifs. Ayant \u00e9tudi\u00e9 le journalisme, il allie sa formation \u00e0 sa passion pour offrir un contenu de qualit\u00e9 sur le monde du cin\u00e9ma.\",\"sameAs\":[\"https:\/\/www.jokeme.fr\/actus\"]}]}<\/script>\n<!-- \/ Yoast SEO plugin. -->","yoast_head_json":{"title":"Papa pilote un avion easyJet de Manchester vers l'Espagne apr\u00e8s un vol retard\u00e9 en raison d'un pilote \u00ab manquant \u00bb - Actualit\u00e9s - Joke Me","robots":{"index":"index","follow":"follow","max-snippet":"max-snippet:-1","max-image-preview":"max-image-preview:large","max-video-preview":"max-video-preview:-1"},"canonical":"https:\/\/www.jokeme.fr\/actus\/papa-pilote-un-avion-easyjet-de-manchester-vers-lespagne-apres-un-vol-retarde-en-raison-dun-pilote-manquant\/","og_locale":"fr_FR","og_type":"article","og_title":"Papa pilote un avion easyJet de Manchester vers l'Espagne apr\u00e8s un vol retard\u00e9 en raison d'un pilote \u00ab manquant \u00bb - Actualit\u00e9s - Joke Me","og_description":"Il n&rsquo;y a rien de plus garanti pour g\u00e2cher des vacances en famille qu&rsquo;un vol retard\u00e9&#8230; autre qu&rsquo;un vol annul\u00e9, bien s\u00fbr. Dans ces situations, n\u2019aimerais-tu pas simplement pouvoir monter dans un avion et y voler toi-m\u00eame ? Michael Bradley, un homme de Manchester, avait appris quelques heures auparavant que son vol pour Alicante, qu&rsquo;il ... Lire plus","og_url":"https:\/\/www.jokeme.fr\/actus\/papa-pilote-un-avion-easyjet-de-manchester-vers-lespagne-apres-un-vol-retarde-en-raison-dun-pilote-manquant\/","og_site_name":"Actualit\u00e9s - Joke Me","article_published_time":"2023-11-11T17:09:09+00:00","article_modified_time":"2023-11-11T17:09:10+00:00","og_image":[{"width":1200,"height":675,"url":"https:\/\/www.jokeme.fr\/actus\/wp-content\/uploads\/2023\/11\/Papa-pilote-un-avion-easyJet-de-Manchester-vers-lEspagne-apres.png","type":"image\/png"}],"author":"Didier","twitter_card":"summary_large_image","twitter_misc":{"\u00c9crit par":"Didier","Dur\u00e9e de lecture estim\u00e9e":"4 minutes"},"schema":{"@context":"https:\/\/schema.org","@graph":[{"@type":"Article","@id":"https:\/\/www.jokeme.fr\/actus\/papa-pilote-un-avion-easyjet-de-manchester-vers-lespagne-apres-un-vol-retarde-en-raison-dun-pilote-manquant\/#article","isPartOf":{"@id":"https:\/\/www.jokeme.fr\/actus\/papa-pilote-un-avion-easyjet-de-manchester-vers-lespagne-apres-un-vol-retarde-en-raison-dun-pilote-manquant\/"},"author":{"name":"Didier","@id":"https:\/\/www.jokeme.fr\/actus\/#\/schema\/person\/f0c6ad0d33ca144389e81e45a212928f"},"headline":"Papa pilote un avion easyJet de Manchester vers l&rsquo;Espagne apr\u00e8s un vol retard\u00e9 en raison d&rsquo;un pilote \u00ab manquant \u00bb","datePublished":"2023-11-11T17:09:09+00:00","dateModified":"2023-11-11T17:09:10+00:00","mainEntityOfPage":{"@id":"https:\/\/www.jokeme.fr\/actus\/papa-pilote-un-avion-easyjet-de-manchester-vers-lespagne-apres-un-vol-retarde-en-raison-dun-pilote-manquant\/"},"wordCount":808,"publisher":{"@id":"https:\/\/www.jokeme.fr\/actus\/#organization"},"keywords":["apr\u00e8s","avion","dun","EasyJet","lEspagne","Manchester","manquant","Papa","pilote","raison","retard\u00e9","vers","vol"],"inLanguage":"fr-FR"},{"@type":"WebPage","@id":"https:\/\/www.jokeme.fr\/actus\/papa-pilote-un-avion-easyjet-de-manchester-vers-lespagne-apres-un-vol-retarde-en-raison-dun-pilote-manquant\/","url":"https:\/\/www.jokeme.fr\/actus\/papa-pilote-un-avion-easyjet-de-manchester-vers-lespagne-apres-un-vol-retarde-en-raison-dun-pilote-manquant\/","name":"Papa pilote un avion easyJet de Manchester vers l'Espagne apr\u00e8s un vol retard\u00e9 en raison d'un pilote \u00ab manquant \u00bb - Actualit\u00e9s - Joke Me","isPartOf":{"@id":"https:\/\/www.jokeme.fr\/actus\/#website"},"datePublished":"2023-11-11T17:09:09+00:00","dateModified":"2023-11-11T17:09:10+00:00","breadcrumb":{"@id":"https:\/\/www.jokeme.fr\/actus\/papa-pilote-un-avion-easyjet-de-manchester-vers-lespagne-apres-un-vol-retarde-en-raison-dun-pilote-manquant\/#breadcrumb"},"inLanguage":"fr-FR","potentialAction":[{"@type":"ReadAction","target":["https:\/\/www.jokeme.fr\/actus\/papa-pilote-un-avion-easyjet-de-manchester-vers-lespagne-apres-un-vol-retarde-en-raison-dun-pilote-manquant\/"]}]},{"@type":"BreadcrumbList","@id":"https:\/\/www.jokeme.fr\/actus\/papa-pilote-un-avion-easyjet-de-manchester-vers-lespagne-apres-un-vol-retarde-en-raison-dun-pilote-manquant\/#breadcrumb","itemListElement":[{"@type":"ListItem","position":1,"name":"Accueil","item":"https:\/\/www.jokeme.fr\/actus\/"},{"@type":"ListItem","position":2,"name":"Papa pilote un avion easyJet de Manchester vers l&rsquo;Espagne apr\u00e8s un vol retard\u00e9 en raison d&rsquo;un pilote \u00ab manquant \u00bb"}]},{"@type":"WebSite","@id":"https:\/\/www.jokeme.fr\/actus\/#website","url":"https:\/\/www.jokeme.fr\/actus\/","name":"Actualit\u00e9s - Joke Me","description":"L&#039;actualit\u00e9 du rire","publisher":{"@id":"https:\/\/www.jokeme.fr\/actus\/#organization"},"potentialAction":[{"@type":"SearchAction","target":{"@type":"EntryPoint","urlTemplate":"https:\/\/www.jokeme.fr\/actus\/?s={search_term_string}"},"query-input":"required name=search_term_string"}],"inLanguage":"fr-FR"},{"@type":"Organization","@id":"https:\/\/www.jokeme.fr\/actus\/#organization","name":"Actualit\u00e9s - Joke Me","url":"https:\/\/www.jokeme.fr\/actus\/","logo":{"@type":"ImageObject","inLanguage":"fr-FR","@id":"https:\/\/www.jokeme.fr\/actus\/#\/schema\/logo\/image\/","url":"https:\/\/www.jokeme.fr\/actus\/wp-content\/uploads\/2023\/06\/cropped-Logo-Joke-Me.png","contentUrl":"https:\/\/www.jokeme.fr\/actus\/wp-content\/uploads\/2023\/06\/cropped-Logo-Joke-Me.png","width":499,"height":363,"caption":"Actualit\u00e9s - Joke Me"},"image":{"@id":"https:\/\/www.jokeme.fr\/actus\/#\/schema\/logo\/image\/"}},{"@type":"Person","@id":"https:\/\/www.jokeme.fr\/actus\/#\/schema\/person\/f0c6ad0d33ca144389e81e45a212928f","name":"Didier","image":{"@type":"ImageObject","inLanguage":"fr-FR","@id":"https:\/\/www.jokeme.fr\/actus\/#\/schema\/person\/image\/","url":"https:\/\/www.jokeme.fr\/actus\/wp-content\/uploads\/2024\/03\/jokeme-didier.jpg","contentUrl":"https:\/\/www.jokeme.fr\/actus\/wp-content\/uploads\/2024\/03\/jokeme-didier.jpg","caption":"Didier"},"description":"Didier, passionn\u00e9 de cin\u00e9ma, est un r\u00e9dacteur pour le m\u00e9dia Jokeme, o\u00f9 il partage sa passion \u00e0 travers des articles divertissants et informatifs. Ayant \u00e9tudi\u00e9 le journalisme, il allie sa formation \u00e0 sa passion pour offrir un contenu de qualit\u00e9 sur le monde du cin\u00e9ma.","sameAs":["https:\/\/www.jokeme.fr\/actus"]}]}},"_links":{"self":[{"href":"https:\/\/www.jokeme.fr\/actus\/wp-json\/wp\/v2\/posts\/1566"}],"collection":[{"href":"https:\/\/www.jokeme.fr\/actus\/wp-json\/wp\/v2\/posts"}],"about":[{"href":"https:\/\/www.jokeme.fr\/actus\/wp-json\/wp\/v2\/types\/post"}],"author":[{"embeddable":true,"href":"https:\/\/www.jokeme.fr\/actus\/wp-json\/wp\/v2\/users\/1"}],"replies":[{"embeddable":true,"href":"https:\/\/www.jokeme.fr\/actus\/wp-json\/wp\/v2\/comments?post=1566"}],"version-history":[{"count":1,"href":"https:\/\/www.jokeme.fr\/actus\/wp-json\/wp\/v2\/posts\/1566\/revisions"}],"predecessor-version":[{"id":1568,"href":"https:\/\/www.jokeme.fr\/actus\/wp-json\/wp\/v2\/posts\/1566\/revisions\/1568"}],"wp:featuredmedia":[{"embeddable":true,"href":"https:\/\/www.jokeme.fr\/actus\/wp-json\/wp\/v2\/media\/1567"}],"wp:attachment":[{"href":"https:\/\/www.jokeme.fr\/actus\/wp-json\/wp\/v2\/media?parent=1566"}],"wp:term":[{"taxonomy":"category","embeddable":true,"href":"https:\/\/www.jokeme.fr\/actus\/wp-json\/wp\/v2\/categories?post=1566"},{"taxonomy":"post_tag","embeddable":true,"href":"https:\/\/www.jokeme.fr\/actus\/wp-json\/wp\/v2\/tags?post=1566"}],"curies":[{"name":"wp","href":"https:\/\/api.w.org\/{rel}","templated":true}]}}