{"id":1689,"date":"2023-11-29T16:10:21","date_gmt":"2023-11-29T15:10:21","guid":{"rendered":"https:\/\/www.jokeme.fr\/actus\/la-fille-de-sticky-vicky-a-commence-a-la-surveiller-a-lage-de-14-ans-avant-de-reprendre-lentreprise-familiale\/"},"modified":"2023-11-29T16:10:23","modified_gmt":"2023-11-29T15:10:23","slug":"la-fille-de-sticky-vicky-a-commence-a-la-surveiller-a-lage-de-14-ans-avant-de-reprendre-lentreprise-familiale","status":"publish","type":"post","link":"https:\/\/www.jokeme.fr\/actus\/la-fille-de-sticky-vicky-a-commence-a-la-surveiller-a-lage-de-14-ans-avant-de-reprendre-lentreprise-familiale\/","title":{"rendered":"La fille de Sticky Vicky a commenc\u00e9 \u00e0 la surveiller \u00e0 l&rsquo;\u00e2ge de 14 ans avant de reprendre l&rsquo;entreprise familiale"},"content":{"rendered":"<div>\n<div class=\"css-12zje5r\">\n<p>La fille de Sticky Vicky est certainement un petit morceau du vieux quartier.<\/p>\n<\/div>\n<div class=\"css-c2lb2p\">\n<p>Maria Gadea est le mini moi de sa m\u00e8re et a suivi les traces de l&rsquo;artiste l\u00e9gendaire pour devenir une star du strip de Benidorm.<\/p>\n<\/div>\n<figure class=\"css-1ey54xo\"><picture class=\"css-1x72e95\"><source  media=\"(min-width: 0px) and (max-width: 380px) and (max-resolution: 1dppx)\" type=\"image\/webp\"\/><source  media=\"(min-width: 0px) and (max-width: 380px) and (max-resolution: 1dppx)\" type=\"image\/jpeg\"\/><source  media=\"(min-width: 0px) and (max-width: 380px) and (-webkit-max-device-pixel-ratio: 1)\" type=\"image\/webp\"\/><source  media=\"(min-width: 0px) and (max-width: 380px) and (-webkit-max-device-pixel-ratio: 1)\" type=\"image\/jpeg\"\/><source  media=\"(min-width: 0px) and (max-width: 380px) and (max-resolution: 3dppx)\" type=\"image\/webp\"\/><source  media=\"(min-width: 0px) and (max-width: 380px) and (max-resolution: 3dppx)\" type=\"image\/jpeg\"\/><source  media=\"(min-width: 0px) and (max-width: 380px) and (-webkit-max-device-pixel-ratio: 3)\" type=\"image\/webp\"\/><source  media=\"(min-width: 0px) and (max-width: 380px) and (-webkit-max-device-pixel-ratio: 3)\" type=\"image\/jpeg\"\/><source  media=\"(min-width: 380px) and (min-resolution: 2dppx)\" type=\"image\/webp\"\/><source  media=\"(min-width: 380px) and (min-resolution: 2dppx)\" type=\"image\/jpeg\"\/><source  media=\"(min-width: 380px) and (-webkit-min-device-pixel-ratio: 2)\" type=\"image\/webp\"\/><source  media=\"(min-width: 380px) and (-webkit-min-device-pixel-ratio: 2)\" type=\"image\/jpeg\"\/><source  type=\"image\/webp\"\/><source  type=\"image\/jpeg\"\/><\/picture><figcaption class=\"css-1hkjxsv\">Maria a annonc\u00e9 la mort tragique de Sticky Vicky le 29 novembre.  Cr\u00e9dit : Facebook\/Sticky Vicky Officiel<\/figcaption><\/figure>\n<div class=\"css-c2lb2p\">\n<p>Vicky a pass\u00e9 le flambeau \u00e0 sa fille unique lorsqu&rsquo;elle a pris sa retraite \u00e0 l&rsquo;\u00e2ge de 72 ans.<\/p>\n<\/div>\n<div class=\"css-c2lb2p\">\n<p>Elle \u00e9tait devenue culte tout au long de ses 30 ann\u00e9es de carri\u00e8re et son \u00ab spectacle de magie vaginale \u00bb est devenu mondialement c\u00e9l\u00e8bre.<\/p>\n<\/div>\n<div class=\"css-12zje5r\">\n<p>Il semble que le couple avait planifi\u00e9 la retraite de Vicky et la succession de sa fille depuis de nombreuses ann\u00e9es \u2013 alors que Maria a commenc\u00e9 \u00e0 regarder les \u00e9missions et \u00e0 d\u00e9couvrir les talents de sa m\u00e8re \u00e0 l&rsquo;\u00e2ge de 14 ans.<\/p>\n<\/div>\n<div class=\"css-c2lb2p\">\n<p>Comme tout le monde le sait, Sticky Vicky est connue pour son spectacle de magie class\u00e9 X dans la station baln\u00e9aire espagnole appr\u00e9ci\u00e9e des Britanniques, o\u00f9 elle sort toute une s\u00e9rie d&rsquo;objets d\u00e9routants de l&rsquo;int\u00e9rieur de son vagin.<\/p>\n<\/div>\n<div class=\"css-12zje5r\">\n<p>L&rsquo;une de ses astuces les plus connues consistait \u00e0 lancer des balles de ping-pong &#8211; qu&rsquo;elle pouvait viser (et atterrir) &#8211; dans des tasses.<\/p>\n<\/div>\n<div class=\"css-12zje5r\">\n<p>Ce n\u2019est pas l\u2019activit\u00e9 habituelle d\u2019une m\u00e8re et d\u2019une fille adolescente, mais ces deux-l\u00e0 \u00e9taient certainement faites de la m\u00eame \u00e9toffe.<\/p>\n<\/div>\n<figure class=\"css-1ey54xo\"><picture class=\"css-1x72e95\"><source  media=\"(min-width: 0px) and (max-width: 380px) and (max-resolution: 1dppx)\" type=\"image\/webp\"\/><source  media=\"(min-width: 0px) and (max-width: 380px) and (max-resolution: 1dppx)\" type=\"image\/jpeg\"\/><source  media=\"(min-width: 0px) and (max-width: 380px) and (-webkit-max-device-pixel-ratio: 1)\" type=\"image\/webp\"\/><source  media=\"(min-width: 0px) and (max-width: 380px) and (-webkit-max-device-pixel-ratio: 1)\" type=\"image\/jpeg\"\/><source  media=\"(min-width: 0px) and (max-width: 380px) and (max-resolution: 3dppx)\" type=\"image\/webp\"\/><source  media=\"(min-width: 0px) and (max-width: 380px) and (max-resolution: 3dppx)\" type=\"image\/jpeg\"\/><source  media=\"(min-width: 0px) and (max-width: 380px) and (-webkit-max-device-pixel-ratio: 3)\" type=\"image\/webp\"\/><source  media=\"(min-width: 0px) and (max-width: 380px) and (-webkit-max-device-pixel-ratio: 3)\" type=\"image\/jpeg\"\/><source  media=\"(min-width: 380px) and (min-resolution: 2dppx)\" type=\"image\/webp\"\/><source  media=\"(min-width: 380px) and (min-resolution: 2dppx)\" type=\"image\/jpeg\"\/><source  media=\"(min-width: 380px) and (-webkit-min-device-pixel-ratio: 2)\" type=\"image\/webp\"\/><source  media=\"(min-width: 380px) and (-webkit-min-device-pixel-ratio: 2)\" type=\"image\/jpeg\"\/><source  type=\"image\/webp\"\/><source  type=\"image\/jpeg\"\/><img decoding=\"async\" src=\"https:\/\/www.jokeme.fr\/actus\/wp-content\/uploads\/2023\/11\/La-fille-de-Sticky-Vicky-a-commence-a-la-surveiller.jpeg\" alt=\"La fille de la star porte d\u00e9sormais le flambeau et se produit sous le nom de sc\u00e8ne de sa m\u00e8re.  Cr\u00e9dit : Instagram\/@sticky_vicky_official\" loading=\"lazy\"\/><\/picture><figcaption class=\"css-1hkjxsv\">La fille de la star porte d\u00e9sormais le flambeau et se produit sous le nom de sc\u00e8ne de sa m\u00e8re.  Cr\u00e9dit : Instagram\/@sticky_vicky_official<\/figcaption><\/figure>\n<div class=\"css-c2lb2p\">\n<p>Maria a d\u00e9clar\u00e9 au Daily Star : \u00ab\u00a0J&rsquo;ai aim\u00e9 la s\u00e9rie et je ne savais pas que je pouvais faire quelque chose comme \u00e7a. Je me souviens qu&rsquo;elle \u00e9tait super timide et s&rsquo;inqui\u00e9tait de ce que je penserais.<\/p>\n<\/div>\n<div class=\"css-12zje5r\">\n<p>\u00ab\u00a0Je lui ai dit que j&rsquo;adorais la voir et que j&rsquo;aimais son spectacle. Il ne m&rsquo;est jamais arriv\u00e9 de la voir faire une routine audacieuse, mon esprit \u00e9tait d\u00e9j\u00e0 ouvert et tr\u00e8s mature.<\/p>\n<\/div>\n<div class=\"css-12zje5r\">\n<p>\u00ab\u00a0Je pouvais traiter ce que je voyais en plus d&rsquo;avoir ma propre opinion.\u00a0\u00bb<\/p>\n<\/div>\n<div class=\"css-12zje5r\">\n<p>Maria a expliqu\u00e9 que les gens \u00e0 l&rsquo;\u00e9cole \u00ab se moquaient beaucoup d&rsquo;elle \u00bb alors que ses parents bavards faisaient conna\u00eetre le travail peu orthodoxe de sa m\u00e8re.<\/p>\n<\/div>\n<div class=\"css-c2lb2p\">\n<p>\u00ab\u00a0Beaucoup de parents \u00e0 la maison parlaient de ma m\u00e8re et [their kids] Je l&rsquo;exprimerais plus tard\u00a0\u00bb, a-t-elle d\u00e9clar\u00e9. \u00ab\u00a0C&rsquo;est ce que font les enfants.  J&rsquo;ai maintenant des enfants et ce sont les a\u00een\u00e9s qui sont responsables de leur faire \u00e9couter ce qui est correct.\u00a0\u00bb<\/p>\n<\/div>\n<div class=\"css-12zje5r\">\n<p>Et heureusement pour Sticky Vicky, avoir votre fille comme doublure volontaire s&rsquo;av\u00e8re tr\u00e8s utile.<\/p>\n<\/div>\n<div class=\"css-12zje5r\">\n<p>Maria a d\u00e9clar\u00e9 qu&rsquo;elle avait finalement franchi le pas et tent\u00e9 de remplacer sa m\u00e8re \u00ab\u00a0alors que tout le monde voulait profiter de son nom et mentir au public sur l&rsquo;identit\u00e9 de sa fille\u00a0\u00bb.<\/p>\n<\/div>\n<div class=\"css-12zje5r\">\n<p>\u00ab\u00a0Mon intention \u00e9tait de m&rsquo;allier avec ma m\u00e8re pour \u00eatre plus forte et faire taire les menteurs\u00a0\u00bb, a-t-elle ajout\u00e9.<\/p>\n<\/div>\n<figure class=\"css-1ey54xo\"><picture class=\"css-1x72e95\"><source  media=\"(min-width: 0px) and (max-width: 380px) and (max-resolution: 1dppx)\" type=\"image\/webp\"\/><source  media=\"(min-width: 0px) and (max-width: 380px) and (max-resolution: 1dppx)\" type=\"image\/jpeg\"\/><source  media=\"(min-width: 0px) and (max-width: 380px) and (-webkit-max-device-pixel-ratio: 1)\" type=\"image\/webp\"\/><source  media=\"(min-width: 0px) and (max-width: 380px) and (-webkit-max-device-pixel-ratio: 1)\" type=\"image\/jpeg\"\/><source  media=\"(min-width: 0px) and (max-width: 380px) and (max-resolution: 3dppx)\" type=\"image\/webp\"\/><source  media=\"(min-width: 0px) and (max-width: 380px) and (max-resolution: 3dppx)\" type=\"image\/jpeg\"\/><source  media=\"(min-width: 0px) and (max-width: 380px) and (-webkit-max-device-pixel-ratio: 3)\" type=\"image\/webp\"\/><source  media=\"(min-width: 0px) and (max-width: 380px) and (-webkit-max-device-pixel-ratio: 3)\" type=\"image\/jpeg\"\/><source  media=\"(min-width: 380px) and (min-resolution: 2dppx)\" type=\"image\/webp\"\/><source  media=\"(min-width: 380px) and (min-resolution: 2dppx)\" type=\"image\/jpeg\"\/><source  media=\"(min-width: 380px) and (-webkit-min-device-pixel-ratio: 2)\" type=\"image\/webp\"\/><source  media=\"(min-width: 380px) and (-webkit-min-device-pixel-ratio: 2)\" type=\"image\/jpeg\"\/><source  type=\"image\/webp\"\/><source  type=\"image\/jpeg\"\/><img decoding=\"async\" src=\"https:\/\/www.jokeme.fr\/actus\/wp-content\/uploads\/2023\/11\/1701270621_851_La-fille-de-Sticky-Vicky-a-commence-a-la-surveiller.webp.jpeg\" alt=\"Sticky Vicky s'est produite au Red Lion de Benidorm.  Cr\u00e9dit : Facebook\/Lion Rouge\" loading=\"lazy\"\/><\/picture><figcaption class=\"css-1hkjxsv\">Sticky Vicky s&rsquo;est produite au Red Lion de Benidorm.  Cr\u00e9dit : Facebook\/Lion Rouge<\/figcaption><\/figure>\n<div class=\"css-12zje5r\">\n<p>L&rsquo;interpr\u00e8te a d\u00e9clar\u00e9 qu&rsquo;elle n&rsquo;avait \u00ab\u00a0jamais eu peur\u00a0\u00bb de r\u00e9pondre aux attentes des gens et qu&rsquo;elle \u00e9tait convaincue que son spectacle pouvait rivaliser avec celui de sa m\u00e8re. <\/p>\n<\/div>\n<div class=\"css-12zje5r\">\n<p>La pomme n&rsquo;est vraiment pas tomb\u00e9e loin de l&rsquo;arbre avec ces deux-l\u00e0.<\/p>\n<\/div>\n<div class=\"css-12zje5r\">\n<p>Elle a poursuivi : \u00ab\u00a0Je suis travailleuse et constante, quiconque ne peut pas appr\u00e9cier mon art, je le plains. Nous ne pouvons pas plaire \u00e0 tout le monde.\u00a0\u00bb<\/p>\n<\/div>\n<div class=\"css-12zje5r\">\n<p>Maria assumera d\u00e9sormais la responsabilit\u00e9 de maintenir vivant l&rsquo;h\u00e9ritage extraordinaire de Vicky \u00e0 travers ses propres pitreries sur sc\u00e8ne avec ses \u00ab spectacles de magie sexy \u00bb.<\/p>\n<\/div>\n<div class=\"css-12zje5r\">\n<p>Sticky Vicky a \u00e9galement un fils nomm\u00e9 Eduardo, qui aurait \u00e9t\u00e9 engendr\u00e9 par un myst\u00e9rieux gangster sicilien, mais il n&rsquo;a pas fait d&rsquo;offre pour le titre torride de sa d\u00e9funte m\u00e8re.<\/p>\n<\/div>\n<div class=\"css-12zje5r\">\n<p>La star de Benidorm, de son vrai nom Victoria Mar\u00eda Arag\u00fc\u00e9s Gadea, est d\u00e9c\u00e9d\u00e9e pr\u00e9matur\u00e9ment le 29 novembre, a annonc\u00e9 sa fille.<\/p>\n<\/div>\n<div class=\"css-12zje5r\">\n<p>Elle a dit que sa m\u00e8re est d\u00e9c\u00e9d\u00e9e \u00ab entour\u00e9e de sa famille avec tout notre amour \u00bb, et a dit qu&rsquo;elle \u00ab ne peut pas croire \u00bb qu&rsquo;elle soit partie.<\/p>\n<\/div>\n<div class=\"css-12zje5r\">\n<p>\u00ab\u00a0Je remercie Dieu de pouvoir toujours \u00eatre \u00e0 ses c\u00f4t\u00e9s, j&rsquo;ai le c\u0153ur bris\u00e9.\u00a0\u00bb<\/p>\n<\/div>\n<\/div>\n","protected":false},"excerpt":{"rendered":"<p>La fille de Sticky Vicky est certainement un petit morceau du vieux quartier. Maria Gadea est le mini moi de sa m\u00e8re et a suivi les traces de l&rsquo;artiste l\u00e9gendaire pour devenir une star du strip de Benidorm. Maria a annonc\u00e9 la mort tragique de Sticky Vicky le 29 novembre. Cr\u00e9dit : Facebook\/Sticky Vicky Officiel &#8230; <a title=\"La fille de Sticky Vicky a commenc\u00e9 \u00e0 la surveiller \u00e0 l&rsquo;\u00e2ge de 14 ans avant de reprendre l&rsquo;entreprise familiale\" class=\"read-more\" href=\"https:\/\/www.jokeme.fr\/actus\/la-fille-de-sticky-vicky-a-commence-a-la-surveiller-a-lage-de-14-ans-avant-de-reprendre-lentreprise-familiale\/\" aria-label=\"Plus sur La fille de Sticky Vicky a commenc\u00e9 \u00e0 la surveiller \u00e0 l&rsquo;\u00e2ge de 14 ans avant de reprendre l&rsquo;entreprise familiale\">Lire plus<\/a><\/p>\n","protected":false},"author":1,"featured_media":1690,"comment_status":"closed","ping_status":"open","sticky":false,"template":"","format":"standard","meta":{"footnotes":""},"categories":[1],"tags":[266,747,2545,2835,452,1293,2834,2833,2829,2832,2830],"yoast_head":"<!-- This site is optimized with the Yoast SEO plugin v20.8 - https:\/\/yoast.com\/wordpress\/plugins\/seo\/ -->\n<title>La fille de Sticky Vicky a commenc\u00e9 \u00e0 la surveiller \u00e0 l&#039;\u00e2ge de 14 ans avant de reprendre l&#039;entreprise familiale - Actualit\u00e9s - Joke Me<\/title>\n<meta name=\"robots\" content=\"index, follow, max-snippet:-1, max-image-preview:large, max-video-preview:-1\" \/>\n<link rel=\"canonical\" href=\"https:\/\/www.jokeme.fr\/actus\/la-fille-de-sticky-vicky-a-commence-a-la-surveiller-a-lage-de-14-ans-avant-de-reprendre-lentreprise-familiale\/\" \/>\n<meta property=\"og:locale\" content=\"fr_FR\" \/>\n<meta property=\"og:type\" content=\"article\" \/>\n<meta property=\"og:title\" content=\"La fille de Sticky Vicky a commenc\u00e9 \u00e0 la surveiller \u00e0 l&#039;\u00e2ge de 14 ans avant de reprendre l&#039;entreprise familiale - Actualit\u00e9s - Joke Me\" \/>\n<meta property=\"og:description\" content=\"La fille de Sticky Vicky est certainement un petit morceau du vieux quartier. Maria Gadea est le mini moi de sa m\u00e8re et a suivi les traces de l&rsquo;artiste l\u00e9gendaire pour devenir une star du strip de Benidorm. Maria a annonc\u00e9 la mort tragique de Sticky Vicky le 29 novembre. Cr\u00e9dit : Facebook\/Sticky Vicky Officiel ... Lire plus\" \/>\n<meta property=\"og:url\" content=\"https:\/\/www.jokeme.fr\/actus\/la-fille-de-sticky-vicky-a-commence-a-la-surveiller-a-lage-de-14-ans-avant-de-reprendre-lentreprise-familiale\/\" \/>\n<meta property=\"og:site_name\" content=\"Actualit\u00e9s - Joke Me\" \/>\n<meta property=\"article:published_time\" content=\"2023-11-29T15:10:21+00:00\" \/>\n<meta property=\"article:modified_time\" content=\"2023-11-29T15:10:23+00:00\" \/>\n<meta property=\"og:image\" content=\"https:\/\/www.jokeme.fr\/actus\/wp-content\/uploads\/2023\/11\/La-fille-de-Sticky-Vicky-a-commence-a-la-surveiller.png\" \/>\n\t<meta property=\"og:image:width\" content=\"1200\" \/>\n\t<meta property=\"og:image:height\" content=\"675\" \/>\n\t<meta property=\"og:image:type\" content=\"image\/png\" \/>\n<meta name=\"author\" content=\"Didier\" \/>\n<meta name=\"twitter:card\" content=\"summary_large_image\" \/>\n<meta name=\"twitter:label1\" content=\"\u00c9crit par\" \/>\n\t<meta name=\"twitter:data1\" content=\"Didier\" \/>\n\t<meta name=\"twitter:label2\" content=\"Dur\u00e9e de lecture estim\u00e9e\" \/>\n\t<meta name=\"twitter:data2\" content=\"4 minutes\" \/>\n<script type=\"application\/ld+json\" class=\"yoast-schema-graph\">{\"@context\":\"https:\/\/schema.org\",\"@graph\":[{\"@type\":\"Article\",\"@id\":\"https:\/\/www.jokeme.fr\/actus\/la-fille-de-sticky-vicky-a-commence-a-la-surveiller-a-lage-de-14-ans-avant-de-reprendre-lentreprise-familiale\/#article\",\"isPartOf\":{\"@id\":\"https:\/\/www.jokeme.fr\/actus\/la-fille-de-sticky-vicky-a-commence-a-la-surveiller-a-lage-de-14-ans-avant-de-reprendre-lentreprise-familiale\/\"},\"author\":{\"name\":\"Didier\",\"@id\":\"https:\/\/www.jokeme.fr\/actus\/#\/schema\/person\/f0c6ad0d33ca144389e81e45a212928f\"},\"headline\":\"La fille de Sticky Vicky a commenc\u00e9 \u00e0 la surveiller \u00e0 l&rsquo;\u00e2ge de 14 ans avant de reprendre l&rsquo;entreprise familiale\",\"datePublished\":\"2023-11-29T15:10:21+00:00\",\"dateModified\":\"2023-11-29T15:10:23+00:00\",\"mainEntityOfPage\":{\"@id\":\"https:\/\/www.jokeme.fr\/actus\/la-fille-de-sticky-vicky-a-commence-a-la-surveiller-a-lage-de-14-ans-avant-de-reprendre-lentreprise-familiale\/\"},\"wordCount\":743,\"publisher\":{\"@id\":\"https:\/\/www.jokeme.fr\/actus\/#organization\"},\"keywords\":[\"ans\",\"avant\",\"commence\",\"familiale\",\"fille\",\"l\u00e2ge\",\"lentreprise\",\"reprendre\",\"Sticky\",\"surveiller\",\"Vicky\"],\"inLanguage\":\"fr-FR\"},{\"@type\":\"WebPage\",\"@id\":\"https:\/\/www.jokeme.fr\/actus\/la-fille-de-sticky-vicky-a-commence-a-la-surveiller-a-lage-de-14-ans-avant-de-reprendre-lentreprise-familiale\/\",\"url\":\"https:\/\/www.jokeme.fr\/actus\/la-fille-de-sticky-vicky-a-commence-a-la-surveiller-a-lage-de-14-ans-avant-de-reprendre-lentreprise-familiale\/\",\"name\":\"La fille de Sticky Vicky a commenc\u00e9 \u00e0 la surveiller \u00e0 l'\u00e2ge de 14 ans avant de reprendre l'entreprise familiale - Actualit\u00e9s - Joke Me\",\"isPartOf\":{\"@id\":\"https:\/\/www.jokeme.fr\/actus\/#website\"},\"datePublished\":\"2023-11-29T15:10:21+00:00\",\"dateModified\":\"2023-11-29T15:10:23+00:00\",\"breadcrumb\":{\"@id\":\"https:\/\/www.jokeme.fr\/actus\/la-fille-de-sticky-vicky-a-commence-a-la-surveiller-a-lage-de-14-ans-avant-de-reprendre-lentreprise-familiale\/#breadcrumb\"},\"inLanguage\":\"fr-FR\",\"potentialAction\":[{\"@type\":\"ReadAction\",\"target\":[\"https:\/\/www.jokeme.fr\/actus\/la-fille-de-sticky-vicky-a-commence-a-la-surveiller-a-lage-de-14-ans-avant-de-reprendre-lentreprise-familiale\/\"]}]},{\"@type\":\"BreadcrumbList\",\"@id\":\"https:\/\/www.jokeme.fr\/actus\/la-fille-de-sticky-vicky-a-commence-a-la-surveiller-a-lage-de-14-ans-avant-de-reprendre-lentreprise-familiale\/#breadcrumb\",\"itemListElement\":[{\"@type\":\"ListItem\",\"position\":1,\"name\":\"Accueil\",\"item\":\"https:\/\/www.jokeme.fr\/actus\/\"},{\"@type\":\"ListItem\",\"position\":2,\"name\":\"La fille de Sticky Vicky a commenc\u00e9 \u00e0 la surveiller \u00e0 l&rsquo;\u00e2ge de 14 ans avant de reprendre l&rsquo;entreprise familiale\"}]},{\"@type\":\"WebSite\",\"@id\":\"https:\/\/www.jokeme.fr\/actus\/#website\",\"url\":\"https:\/\/www.jokeme.fr\/actus\/\",\"name\":\"Actualit\u00e9s - Joke Me\",\"description\":\"L&#039;actualit\u00e9 du rire\",\"publisher\":{\"@id\":\"https:\/\/www.jokeme.fr\/actus\/#organization\"},\"potentialAction\":[{\"@type\":\"SearchAction\",\"target\":{\"@type\":\"EntryPoint\",\"urlTemplate\":\"https:\/\/www.jokeme.fr\/actus\/?s={search_term_string}\"},\"query-input\":\"required name=search_term_string\"}],\"inLanguage\":\"fr-FR\"},{\"@type\":\"Organization\",\"@id\":\"https:\/\/www.jokeme.fr\/actus\/#organization\",\"name\":\"Actualit\u00e9s - Joke Me\",\"url\":\"https:\/\/www.jokeme.fr\/actus\/\",\"logo\":{\"@type\":\"ImageObject\",\"inLanguage\":\"fr-FR\",\"@id\":\"https:\/\/www.jokeme.fr\/actus\/#\/schema\/logo\/image\/\",\"url\":\"https:\/\/www.jokeme.fr\/actus\/wp-content\/uploads\/2023\/06\/cropped-Logo-Joke-Me.png\",\"contentUrl\":\"https:\/\/www.jokeme.fr\/actus\/wp-content\/uploads\/2023\/06\/cropped-Logo-Joke-Me.png\",\"width\":499,\"height\":363,\"caption\":\"Actualit\u00e9s - Joke Me\"},\"image\":{\"@id\":\"https:\/\/www.jokeme.fr\/actus\/#\/schema\/logo\/image\/\"}},{\"@type\":\"Person\",\"@id\":\"https:\/\/www.jokeme.fr\/actus\/#\/schema\/person\/f0c6ad0d33ca144389e81e45a212928f\",\"name\":\"Didier\",\"image\":{\"@type\":\"ImageObject\",\"inLanguage\":\"fr-FR\",\"@id\":\"https:\/\/www.jokeme.fr\/actus\/#\/schema\/person\/image\/\",\"url\":\"https:\/\/www.jokeme.fr\/actus\/wp-content\/uploads\/2024\/03\/jokeme-didier.jpg\",\"contentUrl\":\"https:\/\/www.jokeme.fr\/actus\/wp-content\/uploads\/2024\/03\/jokeme-didier.jpg\",\"caption\":\"Didier\"},\"description\":\"Didier, passionn\u00e9 de cin\u00e9ma, est un r\u00e9dacteur pour le m\u00e9dia Jokeme, o\u00f9 il partage sa passion \u00e0 travers des articles divertissants et informatifs. Ayant \u00e9tudi\u00e9 le journalisme, il allie sa formation \u00e0 sa passion pour offrir un contenu de qualit\u00e9 sur le monde du cin\u00e9ma.\",\"sameAs\":[\"https:\/\/www.jokeme.fr\/actus\"]}]}<\/script>\n<!-- \/ Yoast SEO plugin. -->","yoast_head_json":{"title":"La fille de Sticky Vicky a commenc\u00e9 \u00e0 la surveiller \u00e0 l'\u00e2ge de 14 ans avant de reprendre l'entreprise familiale - Actualit\u00e9s - Joke Me","robots":{"index":"index","follow":"follow","max-snippet":"max-snippet:-1","max-image-preview":"max-image-preview:large","max-video-preview":"max-video-preview:-1"},"canonical":"https:\/\/www.jokeme.fr\/actus\/la-fille-de-sticky-vicky-a-commence-a-la-surveiller-a-lage-de-14-ans-avant-de-reprendre-lentreprise-familiale\/","og_locale":"fr_FR","og_type":"article","og_title":"La fille de Sticky Vicky a commenc\u00e9 \u00e0 la surveiller \u00e0 l'\u00e2ge de 14 ans avant de reprendre l'entreprise familiale - Actualit\u00e9s - Joke Me","og_description":"La fille de Sticky Vicky est certainement un petit morceau du vieux quartier. Maria Gadea est le mini moi de sa m\u00e8re et a suivi les traces de l&rsquo;artiste l\u00e9gendaire pour devenir une star du strip de Benidorm. Maria a annonc\u00e9 la mort tragique de Sticky Vicky le 29 novembre. Cr\u00e9dit : Facebook\/Sticky Vicky Officiel ... Lire plus","og_url":"https:\/\/www.jokeme.fr\/actus\/la-fille-de-sticky-vicky-a-commence-a-la-surveiller-a-lage-de-14-ans-avant-de-reprendre-lentreprise-familiale\/","og_site_name":"Actualit\u00e9s - Joke Me","article_published_time":"2023-11-29T15:10:21+00:00","article_modified_time":"2023-11-29T15:10:23+00:00","og_image":[{"width":1200,"height":675,"url":"https:\/\/www.jokeme.fr\/actus\/wp-content\/uploads\/2023\/11\/La-fille-de-Sticky-Vicky-a-commence-a-la-surveiller.png","type":"image\/png"}],"author":"Didier","twitter_card":"summary_large_image","twitter_misc":{"\u00c9crit par":"Didier","Dur\u00e9e de lecture estim\u00e9e":"4 minutes"},"schema":{"@context":"https:\/\/schema.org","@graph":[{"@type":"Article","@id":"https:\/\/www.jokeme.fr\/actus\/la-fille-de-sticky-vicky-a-commence-a-la-surveiller-a-lage-de-14-ans-avant-de-reprendre-lentreprise-familiale\/#article","isPartOf":{"@id":"https:\/\/www.jokeme.fr\/actus\/la-fille-de-sticky-vicky-a-commence-a-la-surveiller-a-lage-de-14-ans-avant-de-reprendre-lentreprise-familiale\/"},"author":{"name":"Didier","@id":"https:\/\/www.jokeme.fr\/actus\/#\/schema\/person\/f0c6ad0d33ca144389e81e45a212928f"},"headline":"La fille de Sticky Vicky a commenc\u00e9 \u00e0 la surveiller \u00e0 l&rsquo;\u00e2ge de 14 ans avant de reprendre l&rsquo;entreprise familiale","datePublished":"2023-11-29T15:10:21+00:00","dateModified":"2023-11-29T15:10:23+00:00","mainEntityOfPage":{"@id":"https:\/\/www.jokeme.fr\/actus\/la-fille-de-sticky-vicky-a-commence-a-la-surveiller-a-lage-de-14-ans-avant-de-reprendre-lentreprise-familiale\/"},"wordCount":743,"publisher":{"@id":"https:\/\/www.jokeme.fr\/actus\/#organization"},"keywords":["ans","avant","commence","familiale","fille","l\u00e2ge","lentreprise","reprendre","Sticky","surveiller","Vicky"],"inLanguage":"fr-FR"},{"@type":"WebPage","@id":"https:\/\/www.jokeme.fr\/actus\/la-fille-de-sticky-vicky-a-commence-a-la-surveiller-a-lage-de-14-ans-avant-de-reprendre-lentreprise-familiale\/","url":"https:\/\/www.jokeme.fr\/actus\/la-fille-de-sticky-vicky-a-commence-a-la-surveiller-a-lage-de-14-ans-avant-de-reprendre-lentreprise-familiale\/","name":"La fille de Sticky Vicky a commenc\u00e9 \u00e0 la surveiller \u00e0 l'\u00e2ge de 14 ans avant de reprendre l'entreprise familiale - Actualit\u00e9s - Joke Me","isPartOf":{"@id":"https:\/\/www.jokeme.fr\/actus\/#website"},"datePublished":"2023-11-29T15:10:21+00:00","dateModified":"2023-11-29T15:10:23+00:00","breadcrumb":{"@id":"https:\/\/www.jokeme.fr\/actus\/la-fille-de-sticky-vicky-a-commence-a-la-surveiller-a-lage-de-14-ans-avant-de-reprendre-lentreprise-familiale\/#breadcrumb"},"inLanguage":"fr-FR","potentialAction":[{"@type":"ReadAction","target":["https:\/\/www.jokeme.fr\/actus\/la-fille-de-sticky-vicky-a-commence-a-la-surveiller-a-lage-de-14-ans-avant-de-reprendre-lentreprise-familiale\/"]}]},{"@type":"BreadcrumbList","@id":"https:\/\/www.jokeme.fr\/actus\/la-fille-de-sticky-vicky-a-commence-a-la-surveiller-a-lage-de-14-ans-avant-de-reprendre-lentreprise-familiale\/#breadcrumb","itemListElement":[{"@type":"ListItem","position":1,"name":"Accueil","item":"https:\/\/www.jokeme.fr\/actus\/"},{"@type":"ListItem","position":2,"name":"La fille de Sticky Vicky a commenc\u00e9 \u00e0 la surveiller \u00e0 l&rsquo;\u00e2ge de 14 ans avant de reprendre l&rsquo;entreprise familiale"}]},{"@type":"WebSite","@id":"https:\/\/www.jokeme.fr\/actus\/#website","url":"https:\/\/www.jokeme.fr\/actus\/","name":"Actualit\u00e9s - Joke Me","description":"L&#039;actualit\u00e9 du rire","publisher":{"@id":"https:\/\/www.jokeme.fr\/actus\/#organization"},"potentialAction":[{"@type":"SearchAction","target":{"@type":"EntryPoint","urlTemplate":"https:\/\/www.jokeme.fr\/actus\/?s={search_term_string}"},"query-input":"required name=search_term_string"}],"inLanguage":"fr-FR"},{"@type":"Organization","@id":"https:\/\/www.jokeme.fr\/actus\/#organization","name":"Actualit\u00e9s - Joke Me","url":"https:\/\/www.jokeme.fr\/actus\/","logo":{"@type":"ImageObject","inLanguage":"fr-FR","@id":"https:\/\/www.jokeme.fr\/actus\/#\/schema\/logo\/image\/","url":"https:\/\/www.jokeme.fr\/actus\/wp-content\/uploads\/2023\/06\/cropped-Logo-Joke-Me.png","contentUrl":"https:\/\/www.jokeme.fr\/actus\/wp-content\/uploads\/2023\/06\/cropped-Logo-Joke-Me.png","width":499,"height":363,"caption":"Actualit\u00e9s - Joke Me"},"image":{"@id":"https:\/\/www.jokeme.fr\/actus\/#\/schema\/logo\/image\/"}},{"@type":"Person","@id":"https:\/\/www.jokeme.fr\/actus\/#\/schema\/person\/f0c6ad0d33ca144389e81e45a212928f","name":"Didier","image":{"@type":"ImageObject","inLanguage":"fr-FR","@id":"https:\/\/www.jokeme.fr\/actus\/#\/schema\/person\/image\/","url":"https:\/\/www.jokeme.fr\/actus\/wp-content\/uploads\/2024\/03\/jokeme-didier.jpg","contentUrl":"https:\/\/www.jokeme.fr\/actus\/wp-content\/uploads\/2024\/03\/jokeme-didier.jpg","caption":"Didier"},"description":"Didier, passionn\u00e9 de cin\u00e9ma, est un r\u00e9dacteur pour le m\u00e9dia Jokeme, o\u00f9 il partage sa passion \u00e0 travers des articles divertissants et informatifs. Ayant \u00e9tudi\u00e9 le journalisme, il allie sa formation \u00e0 sa passion pour offrir un contenu de qualit\u00e9 sur le monde du cin\u00e9ma.","sameAs":["https:\/\/www.jokeme.fr\/actus"]}]}},"_links":{"self":[{"href":"https:\/\/www.jokeme.fr\/actus\/wp-json\/wp\/v2\/posts\/1689"}],"collection":[{"href":"https:\/\/www.jokeme.fr\/actus\/wp-json\/wp\/v2\/posts"}],"about":[{"href":"https:\/\/www.jokeme.fr\/actus\/wp-json\/wp\/v2\/types\/post"}],"author":[{"embeddable":true,"href":"https:\/\/www.jokeme.fr\/actus\/wp-json\/wp\/v2\/users\/1"}],"replies":[{"embeddable":true,"href":"https:\/\/www.jokeme.fr\/actus\/wp-json\/wp\/v2\/comments?post=1689"}],"version-history":[{"count":1,"href":"https:\/\/www.jokeme.fr\/actus\/wp-json\/wp\/v2\/posts\/1689\/revisions"}],"predecessor-version":[{"id":1691,"href":"https:\/\/www.jokeme.fr\/actus\/wp-json\/wp\/v2\/posts\/1689\/revisions\/1691"}],"wp:featuredmedia":[{"embeddable":true,"href":"https:\/\/www.jokeme.fr\/actus\/wp-json\/wp\/v2\/media\/1690"}],"wp:attachment":[{"href":"https:\/\/www.jokeme.fr\/actus\/wp-json\/wp\/v2\/media?parent=1689"}],"wp:term":[{"taxonomy":"category","embeddable":true,"href":"https:\/\/www.jokeme.fr\/actus\/wp-json\/wp\/v2\/categories?post=1689"},{"taxonomy":"post_tag","embeddable":true,"href":"https:\/\/www.jokeme.fr\/actus\/wp-json\/wp\/v2\/tags?post=1689"}],"curies":[{"name":"wp","href":"https:\/\/api.w.org\/{rel}","templated":true}]}}