{"id":18368,"date":"2025-04-16T05:40:40","date_gmt":"2025-04-16T03:40:40","guid":{"rendered":"https:\/\/www.jokeme.fr\/actus\/wilco-etend-son-programme-de-tournee-deja-long-en-2025-avec-des-spectacles-an-evening-with-wilco\/"},"modified":"2025-04-16T05:40:41","modified_gmt":"2025-04-16T03:40:41","slug":"wilco-etend-son-programme-de-tournee-deja-long-en-2025-avec-des-spectacles-an-evening-with-wilco","status":"publish","type":"post","link":"https:\/\/www.jokeme.fr\/actus\/wilco-etend-son-programme-de-tournee-deja-long-en-2025-avec-des-spectacles-an-evening-with-wilco\/","title":{"rendered":"Wilco \u00e9tend son programme de tourn\u00e9e d\u00e9j\u00e0 long en 2025 avec des spectacles \u00abAn Evening with Wilco\u00bb"},"content":{"rendered":"<div class=\"entry-content\">\n<div id=\"upx-cnx-player-wrap\"><\/div>\n<div class=\"post-page\" data-page=\"1\">\n<p>Plus tard ce mois-ci, Wilco lancera leur affaire familiale d&#39;une tourn\u00e9e, <em>Printemps doux et aigre<\/em>. Aujourd&#39;hui (15 avril), les musiciens de \u00abSun Sun\u00bb ont annonc\u00e9 l&#39;expansion de leurs offres de performance cet \u00e9t\u00e9.<\/p>\n<p>Si vous n&#39;avez pas la patience pour un festival de musique ou m\u00eame un spectacle rempli d&#39;actes de soutien, Wilco a quelque chose de sur mesure sp\u00e9cifiquement pour vous. En ao\u00fbt, le groupe organisera une s\u00e9rie d&#39;\u00e9mission ax\u00e9e sur le laser intitul\u00e9e, <em>Une soir\u00e9e avec Wilco<\/em>. <\/p>\n<p>Les concerts (qui encouragent les d\u00e9tenteurs de billets \u00e0 soumettre des demandes de chansons setlist) sont destin\u00e9s aux fans hardcore de Wilco. \u00c0 travers les spectacles, Wilco interpr\u00e9tera ses airs classiques ainsi que de nombreux favoris des fans de la face B. Comme le titre des spectacles l&#39;indique, le concert ne comportera aucun acte d&#39;ouverture. Au lieu de cela, Wilco a promis aux spectateurs deux sets avec une courte entracte entre les deux.<\/p>\n<p>Le <em>Une soir\u00e9e avec Wilco<\/em> La pr\u00e9vente est pr\u00e9vue le mercredi 16 avril \u00e0 10h00, heure locale. Le samedi 19 avril \u00e0 10h00, heure locale, la vente g\u00e9n\u00e9rale d\u00e9butera. Trouvez plus d&#39;informations ici. Continuez ci-dessous pour voir le plein <em>Une soir\u00e9e avec Wilco<\/em> Afficher l&#39;horaire.<\/p>\n<\/p><\/div>\n<div class=\"htlad-incontent upx-ad-lazy incontent\" data-ad-unit=\"incontent\" data-ad-provider=\"htlbid\" data-unit=\"\/23101112908\/uproxx\/music\/indie\/article\/incontent\" data-targeting='{\"position\":\"incontent\"}'><\/div>\n<div class=\"post-page\" data-page=\"2\">\n<h2>Dates de tourn\u00e9e de Wilco en 2025: une soir\u00e9e avec Wilco<\/h2>\n<p>08\/05 &#8211; Philadelphie, Pa @ The Met<br \/>\n08\/06 &#8211; Pittsburgh, PA @ Heinz Hall pour les arts du spectacle<br \/>\n08\/07 &#8211; Cleveland Heights, OH @ Cain Park Evans Amphitheatre<br \/>\n08\/10 &#8211; Chicago, IL @ The Salt Shed (Fairgrounds)<br \/>\n08\/12 &#8211; Chesterfield, MO @ The Factory<br \/>\n08\/13 &#8211; Springfield, MO @ Gillioz Theatre<br \/>\n08\/14 &#8211; Kansas City, MO @ The Midland Theatre<br \/>\n08\/16 &#8211; Denver, CO @ Mission Ballroom<br \/>\n08\/17 &#8211; Vail Village, CO @ Gerald R. Ford Amphith\u00e9\u00e2tre<br \/>\n08\/19 &#8211; Jackson Hole, WY @ Snow King Mountain<br \/>\n08\/20 &#8211; Ogden, UT @ Ogden Amphitheatre<br \/>\n08\/22 &#8211; Bonner, MT @ Kettlehouse Amphitheatre<br \/>\n08\/24 &#8211; Seattle, WA @ Woodland Park Zoo Amphitheatre<br \/>\n08\/25 &#8211; Seattle, WA @ Woodland Park Zoo Amphitheatre<br \/>\n08\/27 &#8211; Vancouver, BC @ Pacific Coliseum, Chevrolet Stage<br \/>\n08\/29 &#8211; Calgary, AB @ Southern Alberta Jubilee Auditorium<br \/>\n08\/30 &#8211; Edmonton, AB @ Northern Alberta Jubilee Auditorium<\/p>\n<\/p><\/div>\n<\/p><\/div>\n","protected":false},"excerpt":{"rendered":"<p>Plus tard ce mois-ci, Wilco lancera leur affaire familiale d&#39;une tourn\u00e9e, Printemps doux et aigre. Aujourd&#39;hui (15 avril), les musiciens de \u00abSun Sun\u00bb ont annonc\u00e9 l&#39;expansion de leurs offres de performance cet \u00e9t\u00e9. Si vous n&#39;avez pas la patience pour un festival de musique ou m\u00eame un spectacle rempli d&#39;actes de soutien, Wilco a quelque &#8230; <a title=\"Wilco \u00e9tend son programme de tourn\u00e9e d\u00e9j\u00e0 long en 2025 avec des spectacles \u00abAn Evening with Wilco\u00bb\" class=\"read-more\" href=\"https:\/\/www.jokeme.fr\/actus\/wilco-etend-son-programme-de-tournee-deja-long-en-2025-avec-des-spectacles-an-evening-with-wilco\/\" aria-label=\"Plus sur Wilco \u00e9tend son programme de tourn\u00e9e d\u00e9j\u00e0 long en 2025 avec des spectacles \u00abAn Evening with Wilco\u00bb\">Lire plus<\/a><\/p>\n","protected":false},"author":1,"featured_media":18369,"comment_status":"closed","ping_status":"open","sticky":false,"template":"","format":"standard","meta":{"footnotes":""},"categories":[1],"tags":[193,934,20,14263,14264,3200,4085,44,4543,3385,14262],"yoast_head":"<!-- This site is optimized with the Yoast SEO plugin v20.8 - https:\/\/yoast.com\/wordpress\/plugins\/seo\/ -->\n<title>Wilco \u00e9tend son programme de tourn\u00e9e d\u00e9j\u00e0 long en 2025 avec des spectacles \u00abAn Evening with Wilco\u00bb - Actualit\u00e9s - Joke Me<\/title>\n<meta name=\"robots\" content=\"index, follow, max-snippet:-1, max-image-preview:large, max-video-preview:-1\" \/>\n<link rel=\"canonical\" href=\"https:\/\/www.jokeme.fr\/actus\/wilco-etend-son-programme-de-tournee-deja-long-en-2025-avec-des-spectacles-an-evening-with-wilco\/\" \/>\n<meta property=\"og:locale\" content=\"fr_FR\" \/>\n<meta property=\"og:type\" content=\"article\" \/>\n<meta property=\"og:title\" content=\"Wilco \u00e9tend son programme de tourn\u00e9e d\u00e9j\u00e0 long en 2025 avec des spectacles \u00abAn Evening with Wilco\u00bb - Actualit\u00e9s - Joke Me\" \/>\n<meta property=\"og:description\" content=\"Plus tard ce mois-ci, Wilco lancera leur affaire familiale d&#039;une tourn\u00e9e, Printemps doux et aigre. Aujourd&#039;hui (15 avril), les musiciens de \u00abSun Sun\u00bb ont annonc\u00e9 l&#039;expansion de leurs offres de performance cet \u00e9t\u00e9. Si vous n&#039;avez pas la patience pour un festival de musique ou m\u00eame un spectacle rempli d&#039;actes de soutien, Wilco a quelque ... Lire plus\" \/>\n<meta property=\"og:url\" content=\"https:\/\/www.jokeme.fr\/actus\/wilco-etend-son-programme-de-tournee-deja-long-en-2025-avec-des-spectacles-an-evening-with-wilco\/\" \/>\n<meta property=\"og:site_name\" content=\"Actualit\u00e9s - Joke Me\" \/>\n<meta property=\"article:published_time\" content=\"2025-04-16T03:40:40+00:00\" \/>\n<meta property=\"article:modified_time\" content=\"2025-04-16T03:40:41+00:00\" \/>\n<meta property=\"og:image\" content=\"https:\/\/www.jokeme.fr\/actus\/wp-content\/uploads\/2025\/04\/Wilco-etend-son-programme-de-tournee-deja-long-en-2025.jpg\" \/>\n\t<meta property=\"og:image:width\" content=\"710\" \/>\n\t<meta property=\"og:image:height\" content=\"400\" \/>\n\t<meta property=\"og:image:type\" content=\"image\/jpeg\" \/>\n<meta name=\"author\" content=\"Didier\" \/>\n<meta name=\"twitter:card\" content=\"summary_large_image\" \/>\n<meta name=\"twitter:label1\" content=\"\u00c9crit par\" \/>\n\t<meta name=\"twitter:data1\" content=\"Didier\" \/>\n\t<meta name=\"twitter:label2\" content=\"Dur\u00e9e de lecture estim\u00e9e\" \/>\n\t<meta name=\"twitter:data2\" content=\"2 minutes\" \/>\n<script type=\"application\/ld+json\" class=\"yoast-schema-graph\">{\"@context\":\"https:\/\/schema.org\",\"@graph\":[{\"@type\":\"Article\",\"@id\":\"https:\/\/www.jokeme.fr\/actus\/wilco-etend-son-programme-de-tournee-deja-long-en-2025-avec-des-spectacles-an-evening-with-wilco\/#article\",\"isPartOf\":{\"@id\":\"https:\/\/www.jokeme.fr\/actus\/wilco-etend-son-programme-de-tournee-deja-long-en-2025-avec-des-spectacles-an-evening-with-wilco\/\"},\"author\":{\"name\":\"Didier\",\"@id\":\"https:\/\/www.jokeme.fr\/actus\/#\/schema\/person\/f0c6ad0d33ca144389e81e45a212928f\"},\"headline\":\"Wilco \u00e9tend son programme de tourn\u00e9e d\u00e9j\u00e0 long en 2025 avec des spectacles \u00abAn Evening with Wilco\u00bb\",\"datePublished\":\"2025-04-16T03:40:40+00:00\",\"dateModified\":\"2025-04-16T03:40:41+00:00\",\"mainEntityOfPage\":{\"@id\":\"https:\/\/www.jokeme.fr\/actus\/wilco-etend-son-programme-de-tournee-deja-long-en-2025-avec-des-spectacles-an-evening-with-wilco\/\"},\"wordCount\":361,\"publisher\":{\"@id\":\"https:\/\/www.jokeme.fr\/actus\/#organization\"},\"keywords\":[\"avec\",\"d\u00e9j\u00e0\",\"des\",\"\u00e9tend\",\"Evening\",\"long\",\"programme\",\"son\",\"spectacles\",\"tourn\u00e9e\",\"Wilco\"],\"inLanguage\":\"fr-FR\"},{\"@type\":\"WebPage\",\"@id\":\"https:\/\/www.jokeme.fr\/actus\/wilco-etend-son-programme-de-tournee-deja-long-en-2025-avec-des-spectacles-an-evening-with-wilco\/\",\"url\":\"https:\/\/www.jokeme.fr\/actus\/wilco-etend-son-programme-de-tournee-deja-long-en-2025-avec-des-spectacles-an-evening-with-wilco\/\",\"name\":\"Wilco \u00e9tend son programme de tourn\u00e9e d\u00e9j\u00e0 long en 2025 avec des spectacles \u00abAn Evening with Wilco\u00bb - Actualit\u00e9s - Joke Me\",\"isPartOf\":{\"@id\":\"https:\/\/www.jokeme.fr\/actus\/#website\"},\"datePublished\":\"2025-04-16T03:40:40+00:00\",\"dateModified\":\"2025-04-16T03:40:41+00:00\",\"breadcrumb\":{\"@id\":\"https:\/\/www.jokeme.fr\/actus\/wilco-etend-son-programme-de-tournee-deja-long-en-2025-avec-des-spectacles-an-evening-with-wilco\/#breadcrumb\"},\"inLanguage\":\"fr-FR\",\"potentialAction\":[{\"@type\":\"ReadAction\",\"target\":[\"https:\/\/www.jokeme.fr\/actus\/wilco-etend-son-programme-de-tournee-deja-long-en-2025-avec-des-spectacles-an-evening-with-wilco\/\"]}]},{\"@type\":\"BreadcrumbList\",\"@id\":\"https:\/\/www.jokeme.fr\/actus\/wilco-etend-son-programme-de-tournee-deja-long-en-2025-avec-des-spectacles-an-evening-with-wilco\/#breadcrumb\",\"itemListElement\":[{\"@type\":\"ListItem\",\"position\":1,\"name\":\"Accueil\",\"item\":\"https:\/\/www.jokeme.fr\/actus\/\"},{\"@type\":\"ListItem\",\"position\":2,\"name\":\"Wilco \u00e9tend son programme de tourn\u00e9e d\u00e9j\u00e0 long en 2025 avec des spectacles \u00abAn Evening with Wilco\u00bb\"}]},{\"@type\":\"WebSite\",\"@id\":\"https:\/\/www.jokeme.fr\/actus\/#website\",\"url\":\"https:\/\/www.jokeme.fr\/actus\/\",\"name\":\"Actualit\u00e9s - Joke Me\",\"description\":\"L&#039;actualit\u00e9 du rire\",\"publisher\":{\"@id\":\"https:\/\/www.jokeme.fr\/actus\/#organization\"},\"potentialAction\":[{\"@type\":\"SearchAction\",\"target\":{\"@type\":\"EntryPoint\",\"urlTemplate\":\"https:\/\/www.jokeme.fr\/actus\/?s={search_term_string}\"},\"query-input\":\"required name=search_term_string\"}],\"inLanguage\":\"fr-FR\"},{\"@type\":\"Organization\",\"@id\":\"https:\/\/www.jokeme.fr\/actus\/#organization\",\"name\":\"Actualit\u00e9s - Joke Me\",\"url\":\"https:\/\/www.jokeme.fr\/actus\/\",\"logo\":{\"@type\":\"ImageObject\",\"inLanguage\":\"fr-FR\",\"@id\":\"https:\/\/www.jokeme.fr\/actus\/#\/schema\/logo\/image\/\",\"url\":\"https:\/\/www.jokeme.fr\/actus\/wp-content\/uploads\/2023\/06\/cropped-Logo-Joke-Me.png\",\"contentUrl\":\"https:\/\/www.jokeme.fr\/actus\/wp-content\/uploads\/2023\/06\/cropped-Logo-Joke-Me.png\",\"width\":499,\"height\":363,\"caption\":\"Actualit\u00e9s - Joke Me\"},\"image\":{\"@id\":\"https:\/\/www.jokeme.fr\/actus\/#\/schema\/logo\/image\/\"}},{\"@type\":\"Person\",\"@id\":\"https:\/\/www.jokeme.fr\/actus\/#\/schema\/person\/f0c6ad0d33ca144389e81e45a212928f\",\"name\":\"Didier\",\"image\":{\"@type\":\"ImageObject\",\"inLanguage\":\"fr-FR\",\"@id\":\"https:\/\/www.jokeme.fr\/actus\/#\/schema\/person\/image\/\",\"url\":\"https:\/\/www.jokeme.fr\/actus\/wp-content\/uploads\/2024\/03\/jokeme-didier.jpg\",\"contentUrl\":\"https:\/\/www.jokeme.fr\/actus\/wp-content\/uploads\/2024\/03\/jokeme-didier.jpg\",\"caption\":\"Didier\"},\"description\":\"Didier, passionn\u00e9 de cin\u00e9ma, est un r\u00e9dacteur pour le m\u00e9dia Jokeme, o\u00f9 il partage sa passion \u00e0 travers des articles divertissants et informatifs. Ayant \u00e9tudi\u00e9 le journalisme, il allie sa formation \u00e0 sa passion pour offrir un contenu de qualit\u00e9 sur le monde du cin\u00e9ma.\",\"sameAs\":[\"https:\/\/www.jokeme.fr\/actus\"]}]}<\/script>\n<!-- \/ Yoast SEO plugin. -->","yoast_head_json":{"title":"Wilco \u00e9tend son programme de tourn\u00e9e d\u00e9j\u00e0 long en 2025 avec des spectacles \u00abAn Evening with Wilco\u00bb - Actualit\u00e9s - Joke Me","robots":{"index":"index","follow":"follow","max-snippet":"max-snippet:-1","max-image-preview":"max-image-preview:large","max-video-preview":"max-video-preview:-1"},"canonical":"https:\/\/www.jokeme.fr\/actus\/wilco-etend-son-programme-de-tournee-deja-long-en-2025-avec-des-spectacles-an-evening-with-wilco\/","og_locale":"fr_FR","og_type":"article","og_title":"Wilco \u00e9tend son programme de tourn\u00e9e d\u00e9j\u00e0 long en 2025 avec des spectacles \u00abAn Evening with Wilco\u00bb - Actualit\u00e9s - Joke Me","og_description":"Plus tard ce mois-ci, Wilco lancera leur affaire familiale d&#39;une tourn\u00e9e, Printemps doux et aigre. Aujourd&#39;hui (15 avril), les musiciens de \u00abSun Sun\u00bb ont annonc\u00e9 l&#39;expansion de leurs offres de performance cet \u00e9t\u00e9. Si vous n&#39;avez pas la patience pour un festival de musique ou m\u00eame un spectacle rempli d&#39;actes de soutien, Wilco a quelque ... Lire plus","og_url":"https:\/\/www.jokeme.fr\/actus\/wilco-etend-son-programme-de-tournee-deja-long-en-2025-avec-des-spectacles-an-evening-with-wilco\/","og_site_name":"Actualit\u00e9s - Joke Me","article_published_time":"2025-04-16T03:40:40+00:00","article_modified_time":"2025-04-16T03:40:41+00:00","og_image":[{"width":710,"height":400,"url":"https:\/\/www.jokeme.fr\/actus\/wp-content\/uploads\/2025\/04\/Wilco-etend-son-programme-de-tournee-deja-long-en-2025.jpg","type":"image\/jpeg"}],"author":"Didier","twitter_card":"summary_large_image","twitter_misc":{"\u00c9crit par":"Didier","Dur\u00e9e de lecture estim\u00e9e":"2 minutes"},"schema":{"@context":"https:\/\/schema.org","@graph":[{"@type":"Article","@id":"https:\/\/www.jokeme.fr\/actus\/wilco-etend-son-programme-de-tournee-deja-long-en-2025-avec-des-spectacles-an-evening-with-wilco\/#article","isPartOf":{"@id":"https:\/\/www.jokeme.fr\/actus\/wilco-etend-son-programme-de-tournee-deja-long-en-2025-avec-des-spectacles-an-evening-with-wilco\/"},"author":{"name":"Didier","@id":"https:\/\/www.jokeme.fr\/actus\/#\/schema\/person\/f0c6ad0d33ca144389e81e45a212928f"},"headline":"Wilco \u00e9tend son programme de tourn\u00e9e d\u00e9j\u00e0 long en 2025 avec des spectacles \u00abAn Evening with Wilco\u00bb","datePublished":"2025-04-16T03:40:40+00:00","dateModified":"2025-04-16T03:40:41+00:00","mainEntityOfPage":{"@id":"https:\/\/www.jokeme.fr\/actus\/wilco-etend-son-programme-de-tournee-deja-long-en-2025-avec-des-spectacles-an-evening-with-wilco\/"},"wordCount":361,"publisher":{"@id":"https:\/\/www.jokeme.fr\/actus\/#organization"},"keywords":["avec","d\u00e9j\u00e0","des","\u00e9tend","Evening","long","programme","son","spectacles","tourn\u00e9e","Wilco"],"inLanguage":"fr-FR"},{"@type":"WebPage","@id":"https:\/\/www.jokeme.fr\/actus\/wilco-etend-son-programme-de-tournee-deja-long-en-2025-avec-des-spectacles-an-evening-with-wilco\/","url":"https:\/\/www.jokeme.fr\/actus\/wilco-etend-son-programme-de-tournee-deja-long-en-2025-avec-des-spectacles-an-evening-with-wilco\/","name":"Wilco \u00e9tend son programme de tourn\u00e9e d\u00e9j\u00e0 long en 2025 avec des spectacles \u00abAn Evening with Wilco\u00bb - Actualit\u00e9s - Joke Me","isPartOf":{"@id":"https:\/\/www.jokeme.fr\/actus\/#website"},"datePublished":"2025-04-16T03:40:40+00:00","dateModified":"2025-04-16T03:40:41+00:00","breadcrumb":{"@id":"https:\/\/www.jokeme.fr\/actus\/wilco-etend-son-programme-de-tournee-deja-long-en-2025-avec-des-spectacles-an-evening-with-wilco\/#breadcrumb"},"inLanguage":"fr-FR","potentialAction":[{"@type":"ReadAction","target":["https:\/\/www.jokeme.fr\/actus\/wilco-etend-son-programme-de-tournee-deja-long-en-2025-avec-des-spectacles-an-evening-with-wilco\/"]}]},{"@type":"BreadcrumbList","@id":"https:\/\/www.jokeme.fr\/actus\/wilco-etend-son-programme-de-tournee-deja-long-en-2025-avec-des-spectacles-an-evening-with-wilco\/#breadcrumb","itemListElement":[{"@type":"ListItem","position":1,"name":"Accueil","item":"https:\/\/www.jokeme.fr\/actus\/"},{"@type":"ListItem","position":2,"name":"Wilco \u00e9tend son programme de tourn\u00e9e d\u00e9j\u00e0 long en 2025 avec des spectacles \u00abAn Evening with Wilco\u00bb"}]},{"@type":"WebSite","@id":"https:\/\/www.jokeme.fr\/actus\/#website","url":"https:\/\/www.jokeme.fr\/actus\/","name":"Actualit\u00e9s - Joke Me","description":"L&#039;actualit\u00e9 du rire","publisher":{"@id":"https:\/\/www.jokeme.fr\/actus\/#organization"},"potentialAction":[{"@type":"SearchAction","target":{"@type":"EntryPoint","urlTemplate":"https:\/\/www.jokeme.fr\/actus\/?s={search_term_string}"},"query-input":"required name=search_term_string"}],"inLanguage":"fr-FR"},{"@type":"Organization","@id":"https:\/\/www.jokeme.fr\/actus\/#organization","name":"Actualit\u00e9s - Joke Me","url":"https:\/\/www.jokeme.fr\/actus\/","logo":{"@type":"ImageObject","inLanguage":"fr-FR","@id":"https:\/\/www.jokeme.fr\/actus\/#\/schema\/logo\/image\/","url":"https:\/\/www.jokeme.fr\/actus\/wp-content\/uploads\/2023\/06\/cropped-Logo-Joke-Me.png","contentUrl":"https:\/\/www.jokeme.fr\/actus\/wp-content\/uploads\/2023\/06\/cropped-Logo-Joke-Me.png","width":499,"height":363,"caption":"Actualit\u00e9s - Joke Me"},"image":{"@id":"https:\/\/www.jokeme.fr\/actus\/#\/schema\/logo\/image\/"}},{"@type":"Person","@id":"https:\/\/www.jokeme.fr\/actus\/#\/schema\/person\/f0c6ad0d33ca144389e81e45a212928f","name":"Didier","image":{"@type":"ImageObject","inLanguage":"fr-FR","@id":"https:\/\/www.jokeme.fr\/actus\/#\/schema\/person\/image\/","url":"https:\/\/www.jokeme.fr\/actus\/wp-content\/uploads\/2024\/03\/jokeme-didier.jpg","contentUrl":"https:\/\/www.jokeme.fr\/actus\/wp-content\/uploads\/2024\/03\/jokeme-didier.jpg","caption":"Didier"},"description":"Didier, passionn\u00e9 de cin\u00e9ma, est un r\u00e9dacteur pour le m\u00e9dia Jokeme, o\u00f9 il partage sa passion \u00e0 travers des articles divertissants et informatifs. Ayant \u00e9tudi\u00e9 le journalisme, il allie sa formation \u00e0 sa passion pour offrir un contenu de qualit\u00e9 sur le monde du cin\u00e9ma.","sameAs":["https:\/\/www.jokeme.fr\/actus"]}]}},"_links":{"self":[{"href":"https:\/\/www.jokeme.fr\/actus\/wp-json\/wp\/v2\/posts\/18368"}],"collection":[{"href":"https:\/\/www.jokeme.fr\/actus\/wp-json\/wp\/v2\/posts"}],"about":[{"href":"https:\/\/www.jokeme.fr\/actus\/wp-json\/wp\/v2\/types\/post"}],"author":[{"embeddable":true,"href":"https:\/\/www.jokeme.fr\/actus\/wp-json\/wp\/v2\/users\/1"}],"replies":[{"embeddable":true,"href":"https:\/\/www.jokeme.fr\/actus\/wp-json\/wp\/v2\/comments?post=18368"}],"version-history":[{"count":1,"href":"https:\/\/www.jokeme.fr\/actus\/wp-json\/wp\/v2\/posts\/18368\/revisions"}],"predecessor-version":[{"id":18370,"href":"https:\/\/www.jokeme.fr\/actus\/wp-json\/wp\/v2\/posts\/18368\/revisions\/18370"}],"wp:featuredmedia":[{"embeddable":true,"href":"https:\/\/www.jokeme.fr\/actus\/wp-json\/wp\/v2\/media\/18369"}],"wp:attachment":[{"href":"https:\/\/www.jokeme.fr\/actus\/wp-json\/wp\/v2\/media?parent=18368"}],"wp:term":[{"taxonomy":"category","embeddable":true,"href":"https:\/\/www.jokeme.fr\/actus\/wp-json\/wp\/v2\/categories?post=18368"},{"taxonomy":"post_tag","embeddable":true,"href":"https:\/\/www.jokeme.fr\/actus\/wp-json\/wp\/v2\/tags?post=18368"}],"curies":[{"name":"wp","href":"https:\/\/api.w.org\/{rel}","templated":true}]}}