{"id":18439,"date":"2025-04-18T04:40:50","date_gmt":"2025-04-18T02:40:50","guid":{"rendered":"https:\/\/www.jokeme.fr\/actus\/the-abandons-sera-t-il-toujours-publie-par-netflix-apres-la-sortie-de-kurt-sutter\/"},"modified":"2025-04-18T04:40:50","modified_gmt":"2025-04-18T02:40:50","slug":"the-abandons-sera-t-il-toujours-publie-par-netflix-apres-la-sortie-de-kurt-sutter","status":"publish","type":"post","link":"https:\/\/www.jokeme.fr\/actus\/the-abandons-sera-t-il-toujours-publie-par-netflix-apres-la-sortie-de-kurt-sutter\/","title":{"rendered":"\u00abThe Abandons\u00bb sera-t-il toujours publi\u00e9 par Netflix apr\u00e8s la sortie de Kurt Sutter?"},"content":{"rendered":"<div class=\"entry-content\">\n<div id=\"upx-cnx-player-wrap\"><\/div>\n<div class=\"post-page\" data-page=\"1\">\n<p>L&#39;effet Taylor Sheridan a incontestablement stimul\u00e9 la popularit\u00e9 de Paramount plus et a provoqu\u00e9 des yeux lat\u00e9raux envieux d&#39;autres services de streaming qui veulent une tranche de tarte n\u00e9o-occidentale. Et en parlant de <em>Tarte<\/em>ce n&#39;est pas seulement le nom de <em>Fils de l&#39;anarchie<\/em> Le podcast du showrunner Kurt Sutter, mais il avait \u00e9galement saut\u00e9 \u00e0 bord du train occidental avec <em>Les abandons<\/em>jusqu&#39;\u00e0 ce que ce train s&#39;arr\u00eate brusquement l&#39;automne dernier.<\/p>\n<p>Pour r\u00e9capituler bri\u00e8vement, Sutter avait non seulement \u00e9crit la s\u00e9rie Epic, mais semblait \u00eatre tout en partageant fr\u00e9quemment des mises \u00e0 jour Instagram, mais en octobre dernier, il s&#39;est brusquement sorti du spectacle et n&#39;a pas parl\u00e9 du probl\u00e8me depuis cette \u00e9poque. Les NDAS font sans aucun doute partie de l&#39;image (Sutter n&#39;a eu aucun probl\u00e8me \u00e0 s&#39;exprimer dans le pass\u00e9 <em>Mayas MC<\/em> D\u00e9part et m\u00eame se sont qualifi\u00e9s de \u00abbite abrasive\u00bb au lendemain de la fa\u00e7on dont il \u00abRuffle (ed) a quelques oreilles de souris\u00bb), mais ici, il est engag\u00e9 dans le silence radio. <\/p>\n<p>Depuis l&#39;annulation, il n&#39;y a pas eu beaucoup de mise \u00e0 jour sur les plans de publication depuis que Nellie Andreeva de Deadline a eu le scoop d&#39;octobre sur la fa\u00e7on dont les \u00abdiff\u00e9rences cr\u00e9atives\u00bb ont conduit Sutter \u00e0 partir avec une semaine de tournage, qui terminerait avec les producteurs ex\u00e9cutifs Rob Askins et Otto Bathurst \u00e0 la barre. Hmm.<\/p>\n<\/p><\/div>\n<div class=\"htlad-incontent upx-ad-lazy incontent\" data-ad-unit=\"incontent\" data-ad-provider=\"htlbid\" data-unit=\"\/23101112908\/uproxx\/entertainment\/tv\/article\/incontent\" data-targeting='{\"position\":\"incontent\"}'><\/div>\n<div class=\"post-page\" data-page=\"2\">\n<h2>Volont\u00e9 <em>Les abandons<\/em> \u00catre toujours publi\u00e9 par Netflix?<\/h2>\n<p>Personne ne sait encore, et s&#39;ils le font, ils ne parlent pas. La s\u00e9rie aurait \u00e9t\u00e9 pr\u00e9vue pour une sortie du printemps 2025, et cela ne se produira \u00e9videmment pas. Au moment de la d\u00e9part de Sutter, Andreeva de Deadline a m\u00eame rapport\u00e9: \u00abL&#39;action Swift a peut-\u00eatre \u00e9galement \u00e9t\u00e9 provoqu\u00e9e par le calendrier de production serr\u00e9, car j&#39;entends les abandons est cibl\u00e9 pour un lancement d&#39;avril, et toutes les s\u00e9ries Netflix ont besoin de plusieurs mois pour le doublage avant la sortie.\u00bb<\/p>\n<p>Six mois plus tard, et c&#39;est la mi-avril avec <em>Les abandons<\/em> Nulle part \u00e0 voir sur les aper\u00e7us et les listes de publication \u00e9mergents de Netflix. Le spectacle sortira s\u00fbrement parce que le casting est au-del\u00e0 de l&#39;impressionnant (Gillian Anderson, Lena Headey, Patton Oswalt, Nick Robinson, Ryan Hurst, Clayton Cardenas, et bien d&#39;autres), mais il est \u00e9galement s\u00fbr de dire qu&#39;il y a eu des r\u00e9\u00e9quilibres importants au travail, en particulier depuis qu&#39;Andreeva a rapport\u00e9 que les \u00e9pisodes avaient dur\u00e9 deux heures, qui ouais, est excessif pour le streaming. <\/p>\n<p>Du synopsis de l&#39;\u00e9mission, qui (apparemment) n&#39;a pas chang\u00e9:<\/p>\n<blockquote>\n<p>En tant que groupe de familles diverses et aberrantes qui poursuivent leur destin manifeste dans l&#39;Oregon des ann\u00e9es 1850, une force corrompue de richesse et de pouvoir, \u00e0 convoiter leurs terres, essaie de les forcer. Ces \u00e2mes abandonn\u00e9es, le genre d&#39;\u00e2mes perdues vivant en marge de la soci\u00e9t\u00e9, unissent leurs tribus pour former une famille et riposter. Dans ce processus sanglant, la \u00abjustice\u00bb est \u00e9tendue au-del\u00e0 des limites de la loi. Les abandons exploreront cette ligne fine entre la survie et la loi, les cons\u00e9quences de la violence et le pouvoir corrosif des secrets, alors que cette famille se bat pour garder leur terre.<\/p>\n<\/blockquote>\n<p>Si et quand <em>Les abandons<\/em> trouve une date de sortie, nous serons aussi int\u00e9ress\u00e9s que vous l&#39;entendre.<\/p>\n<\/p><\/div>\n<\/p><\/div>\n<p><script async src=\"\/\/www.instagram.com\/embed.js\"><\/script><\/p>\n","protected":false},"excerpt":{"rendered":"<p>L&#39;effet Taylor Sheridan a incontestablement stimul\u00e9 la popularit\u00e9 de Paramount plus et a provoqu\u00e9 des yeux lat\u00e9raux envieux d&#39;autres services de streaming qui veulent une tranche de tarte n\u00e9o-occidentale. Et en parlant de Tartece n&#39;est pas seulement le nom de Fils de l&#39;anarchie Le podcast du showrunner Kurt Sutter, mais il avait \u00e9galement saut\u00e9 \u00e0 &#8230; <a title=\"\u00abThe Abandons\u00bb sera-t-il toujours publi\u00e9 par Netflix apr\u00e8s la sortie de Kurt Sutter?\" class=\"read-more\" href=\"https:\/\/www.jokeme.fr\/actus\/the-abandons-sera-t-il-toujours-publie-par-netflix-apres-la-sortie-de-kurt-sutter\/\" aria-label=\"Plus sur \u00abThe Abandons\u00bb sera-t-il toujours publi\u00e9 par Netflix apr\u00e8s la sortie de Kurt Sutter?\">Lire plus<\/a><\/p>\n","protected":false},"author":1,"featured_media":11767,"comment_status":"closed","ping_status":"open","sticky":false,"template":"","format":"standard","meta":{"footnotes":""},"categories":[1],"tags":[11075,152,5221,2690,212,1900,3558,3489,5222,289],"yoast_head":"<!-- This site is optimized with the Yoast SEO plugin v20.8 - https:\/\/yoast.com\/wordpress\/plugins\/seo\/ -->\n<title>\u00abThe Abandons\u00bb sera-t-il toujours publi\u00e9 par Netflix apr\u00e8s la sortie de Kurt Sutter? - Actualit\u00e9s - Joke Me<\/title>\n<meta name=\"robots\" content=\"index, follow, max-snippet:-1, max-image-preview:large, max-video-preview:-1\" \/>\n<link rel=\"canonical\" href=\"https:\/\/www.jokeme.fr\/actus\/the-abandons-sera-t-il-toujours-publie-par-netflix-apres-la-sortie-de-kurt-sutter\/\" \/>\n<meta property=\"og:locale\" content=\"fr_FR\" \/>\n<meta property=\"og:type\" content=\"article\" \/>\n<meta property=\"og:title\" content=\"\u00abThe Abandons\u00bb sera-t-il toujours publi\u00e9 par Netflix apr\u00e8s la sortie de Kurt Sutter? - Actualit\u00e9s - Joke Me\" \/>\n<meta property=\"og:description\" content=\"L&#039;effet Taylor Sheridan a incontestablement stimul\u00e9 la popularit\u00e9 de Paramount plus et a provoqu\u00e9 des yeux lat\u00e9raux envieux d&#039;autres services de streaming qui veulent une tranche de tarte n\u00e9o-occidentale. Et en parlant de Tartece n&#039;est pas seulement le nom de Fils de l&#039;anarchie Le podcast du showrunner Kurt Sutter, mais il avait \u00e9galement saut\u00e9 \u00e0 ... Lire plus\" \/>\n<meta property=\"og:url\" content=\"https:\/\/www.jokeme.fr\/actus\/the-abandons-sera-t-il-toujours-publie-par-netflix-apres-la-sortie-de-kurt-sutter\/\" \/>\n<meta property=\"og:site_name\" content=\"Actualit\u00e9s - Joke Me\" \/>\n<meta property=\"article:published_time\" content=\"2025-04-18T02:40:50+00:00\" \/>\n<meta property=\"og:image\" content=\"https:\/\/www.jokeme.fr\/actus\/wp-content\/uploads\/2024\/10\/1729536059_The-Abandons-Saison-1-Tout-ce-qu39il-faut-savoir-sur.jpg\" \/>\n\t<meta property=\"og:image:width\" content=\"827\" \/>\n\t<meta property=\"og:image:height\" content=\"489\" \/>\n\t<meta property=\"og:image:type\" content=\"image\/jpeg\" \/>\n<meta name=\"author\" content=\"Didier\" \/>\n<meta name=\"twitter:card\" content=\"summary_large_image\" \/>\n<meta name=\"twitter:label1\" content=\"\u00c9crit par\" \/>\n\t<meta name=\"twitter:data1\" content=\"Didier\" \/>\n\t<meta name=\"twitter:label2\" content=\"Dur\u00e9e de lecture estim\u00e9e\" \/>\n\t<meta name=\"twitter:data2\" content=\"3 minutes\" \/>\n<script type=\"application\/ld+json\" class=\"yoast-schema-graph\">{\"@context\":\"https:\/\/schema.org\",\"@graph\":[{\"@type\":\"Article\",\"@id\":\"https:\/\/www.jokeme.fr\/actus\/the-abandons-sera-t-il-toujours-publie-par-netflix-apres-la-sortie-de-kurt-sutter\/#article\",\"isPartOf\":{\"@id\":\"https:\/\/www.jokeme.fr\/actus\/the-abandons-sera-t-il-toujours-publie-par-netflix-apres-la-sortie-de-kurt-sutter\/\"},\"author\":{\"name\":\"Didier\",\"@id\":\"https:\/\/www.jokeme.fr\/actus\/#\/schema\/person\/f0c6ad0d33ca144389e81e45a212928f\"},\"headline\":\"\u00abThe Abandons\u00bb sera-t-il toujours publi\u00e9 par Netflix apr\u00e8s la sortie de Kurt Sutter?\",\"datePublished\":\"2025-04-18T02:40:50+00:00\",\"dateModified\":\"2025-04-18T02:40:50+00:00\",\"mainEntityOfPage\":{\"@id\":\"https:\/\/www.jokeme.fr\/actus\/the-abandons-sera-t-il-toujours-publie-par-netflix-apres-la-sortie-de-kurt-sutter\/\"},\"wordCount\":600,\"publisher\":{\"@id\":\"https:\/\/www.jokeme.fr\/actus\/#organization\"},\"keywords\":[\"Abandons\",\"apr\u00e8s\",\"Kurt\",\"Netflix\",\"par\",\"publi\u00e9\",\"seratil\",\"sortie\",\"Sutter\",\"toujours\"],\"inLanguage\":\"fr-FR\"},{\"@type\":\"WebPage\",\"@id\":\"https:\/\/www.jokeme.fr\/actus\/the-abandons-sera-t-il-toujours-publie-par-netflix-apres-la-sortie-de-kurt-sutter\/\",\"url\":\"https:\/\/www.jokeme.fr\/actus\/the-abandons-sera-t-il-toujours-publie-par-netflix-apres-la-sortie-de-kurt-sutter\/\",\"name\":\"\u00abThe Abandons\u00bb sera-t-il toujours publi\u00e9 par Netflix apr\u00e8s la sortie de Kurt Sutter? - Actualit\u00e9s - Joke Me\",\"isPartOf\":{\"@id\":\"https:\/\/www.jokeme.fr\/actus\/#website\"},\"datePublished\":\"2025-04-18T02:40:50+00:00\",\"dateModified\":\"2025-04-18T02:40:50+00:00\",\"breadcrumb\":{\"@id\":\"https:\/\/www.jokeme.fr\/actus\/the-abandons-sera-t-il-toujours-publie-par-netflix-apres-la-sortie-de-kurt-sutter\/#breadcrumb\"},\"inLanguage\":\"fr-FR\",\"potentialAction\":[{\"@type\":\"ReadAction\",\"target\":[\"https:\/\/www.jokeme.fr\/actus\/the-abandons-sera-t-il-toujours-publie-par-netflix-apres-la-sortie-de-kurt-sutter\/\"]}]},{\"@type\":\"BreadcrumbList\",\"@id\":\"https:\/\/www.jokeme.fr\/actus\/the-abandons-sera-t-il-toujours-publie-par-netflix-apres-la-sortie-de-kurt-sutter\/#breadcrumb\",\"itemListElement\":[{\"@type\":\"ListItem\",\"position\":1,\"name\":\"Accueil\",\"item\":\"https:\/\/www.jokeme.fr\/actus\/\"},{\"@type\":\"ListItem\",\"position\":2,\"name\":\"\u00abThe Abandons\u00bb sera-t-il toujours publi\u00e9 par Netflix apr\u00e8s la sortie de Kurt Sutter?\"}]},{\"@type\":\"WebSite\",\"@id\":\"https:\/\/www.jokeme.fr\/actus\/#website\",\"url\":\"https:\/\/www.jokeme.fr\/actus\/\",\"name\":\"Actualit\u00e9s - Joke Me\",\"description\":\"L&#039;actualit\u00e9 du rire\",\"publisher\":{\"@id\":\"https:\/\/www.jokeme.fr\/actus\/#organization\"},\"potentialAction\":[{\"@type\":\"SearchAction\",\"target\":{\"@type\":\"EntryPoint\",\"urlTemplate\":\"https:\/\/www.jokeme.fr\/actus\/?s={search_term_string}\"},\"query-input\":\"required name=search_term_string\"}],\"inLanguage\":\"fr-FR\"},{\"@type\":\"Organization\",\"@id\":\"https:\/\/www.jokeme.fr\/actus\/#organization\",\"name\":\"Actualit\u00e9s - Joke Me\",\"url\":\"https:\/\/www.jokeme.fr\/actus\/\",\"logo\":{\"@type\":\"ImageObject\",\"inLanguage\":\"fr-FR\",\"@id\":\"https:\/\/www.jokeme.fr\/actus\/#\/schema\/logo\/image\/\",\"url\":\"https:\/\/www.jokeme.fr\/actus\/wp-content\/uploads\/2023\/06\/cropped-Logo-Joke-Me.png\",\"contentUrl\":\"https:\/\/www.jokeme.fr\/actus\/wp-content\/uploads\/2023\/06\/cropped-Logo-Joke-Me.png\",\"width\":499,\"height\":363,\"caption\":\"Actualit\u00e9s - Joke Me\"},\"image\":{\"@id\":\"https:\/\/www.jokeme.fr\/actus\/#\/schema\/logo\/image\/\"}},{\"@type\":\"Person\",\"@id\":\"https:\/\/www.jokeme.fr\/actus\/#\/schema\/person\/f0c6ad0d33ca144389e81e45a212928f\",\"name\":\"Didier\",\"image\":{\"@type\":\"ImageObject\",\"inLanguage\":\"fr-FR\",\"@id\":\"https:\/\/www.jokeme.fr\/actus\/#\/schema\/person\/image\/\",\"url\":\"https:\/\/www.jokeme.fr\/actus\/wp-content\/uploads\/2024\/03\/jokeme-didier.jpg\",\"contentUrl\":\"https:\/\/www.jokeme.fr\/actus\/wp-content\/uploads\/2024\/03\/jokeme-didier.jpg\",\"caption\":\"Didier\"},\"description\":\"Didier, passionn\u00e9 de cin\u00e9ma, est un r\u00e9dacteur pour le m\u00e9dia Jokeme, o\u00f9 il partage sa passion \u00e0 travers des articles divertissants et informatifs. Ayant \u00e9tudi\u00e9 le journalisme, il allie sa formation \u00e0 sa passion pour offrir un contenu de qualit\u00e9 sur le monde du cin\u00e9ma.\",\"sameAs\":[\"https:\/\/www.jokeme.fr\/actus\"]}]}<\/script>\n<!-- \/ Yoast SEO plugin. -->","yoast_head_json":{"title":"\u00abThe Abandons\u00bb sera-t-il toujours publi\u00e9 par Netflix apr\u00e8s la sortie de Kurt Sutter? - Actualit\u00e9s - Joke Me","robots":{"index":"index","follow":"follow","max-snippet":"max-snippet:-1","max-image-preview":"max-image-preview:large","max-video-preview":"max-video-preview:-1"},"canonical":"https:\/\/www.jokeme.fr\/actus\/the-abandons-sera-t-il-toujours-publie-par-netflix-apres-la-sortie-de-kurt-sutter\/","og_locale":"fr_FR","og_type":"article","og_title":"\u00abThe Abandons\u00bb sera-t-il toujours publi\u00e9 par Netflix apr\u00e8s la sortie de Kurt Sutter? - Actualit\u00e9s - Joke Me","og_description":"L&#39;effet Taylor Sheridan a incontestablement stimul\u00e9 la popularit\u00e9 de Paramount plus et a provoqu\u00e9 des yeux lat\u00e9raux envieux d&#39;autres services de streaming qui veulent une tranche de tarte n\u00e9o-occidentale. Et en parlant de Tartece n&#39;est pas seulement le nom de Fils de l&#39;anarchie Le podcast du showrunner Kurt Sutter, mais il avait \u00e9galement saut\u00e9 \u00e0 ... Lire plus","og_url":"https:\/\/www.jokeme.fr\/actus\/the-abandons-sera-t-il-toujours-publie-par-netflix-apres-la-sortie-de-kurt-sutter\/","og_site_name":"Actualit\u00e9s - Joke Me","article_published_time":"2025-04-18T02:40:50+00:00","og_image":[{"width":827,"height":489,"url":"https:\/\/www.jokeme.fr\/actus\/wp-content\/uploads\/2024\/10\/1729536059_The-Abandons-Saison-1-Tout-ce-qu39il-faut-savoir-sur.jpg","type":"image\/jpeg"}],"author":"Didier","twitter_card":"summary_large_image","twitter_misc":{"\u00c9crit par":"Didier","Dur\u00e9e de lecture estim\u00e9e":"3 minutes"},"schema":{"@context":"https:\/\/schema.org","@graph":[{"@type":"Article","@id":"https:\/\/www.jokeme.fr\/actus\/the-abandons-sera-t-il-toujours-publie-par-netflix-apres-la-sortie-de-kurt-sutter\/#article","isPartOf":{"@id":"https:\/\/www.jokeme.fr\/actus\/the-abandons-sera-t-il-toujours-publie-par-netflix-apres-la-sortie-de-kurt-sutter\/"},"author":{"name":"Didier","@id":"https:\/\/www.jokeme.fr\/actus\/#\/schema\/person\/f0c6ad0d33ca144389e81e45a212928f"},"headline":"\u00abThe Abandons\u00bb sera-t-il toujours publi\u00e9 par Netflix apr\u00e8s la sortie de Kurt Sutter?","datePublished":"2025-04-18T02:40:50+00:00","dateModified":"2025-04-18T02:40:50+00:00","mainEntityOfPage":{"@id":"https:\/\/www.jokeme.fr\/actus\/the-abandons-sera-t-il-toujours-publie-par-netflix-apres-la-sortie-de-kurt-sutter\/"},"wordCount":600,"publisher":{"@id":"https:\/\/www.jokeme.fr\/actus\/#organization"},"keywords":["Abandons","apr\u00e8s","Kurt","Netflix","par","publi\u00e9","seratil","sortie","Sutter","toujours"],"inLanguage":"fr-FR"},{"@type":"WebPage","@id":"https:\/\/www.jokeme.fr\/actus\/the-abandons-sera-t-il-toujours-publie-par-netflix-apres-la-sortie-de-kurt-sutter\/","url":"https:\/\/www.jokeme.fr\/actus\/the-abandons-sera-t-il-toujours-publie-par-netflix-apres-la-sortie-de-kurt-sutter\/","name":"\u00abThe Abandons\u00bb sera-t-il toujours publi\u00e9 par Netflix apr\u00e8s la sortie de Kurt Sutter? - Actualit\u00e9s - Joke Me","isPartOf":{"@id":"https:\/\/www.jokeme.fr\/actus\/#website"},"datePublished":"2025-04-18T02:40:50+00:00","dateModified":"2025-04-18T02:40:50+00:00","breadcrumb":{"@id":"https:\/\/www.jokeme.fr\/actus\/the-abandons-sera-t-il-toujours-publie-par-netflix-apres-la-sortie-de-kurt-sutter\/#breadcrumb"},"inLanguage":"fr-FR","potentialAction":[{"@type":"ReadAction","target":["https:\/\/www.jokeme.fr\/actus\/the-abandons-sera-t-il-toujours-publie-par-netflix-apres-la-sortie-de-kurt-sutter\/"]}]},{"@type":"BreadcrumbList","@id":"https:\/\/www.jokeme.fr\/actus\/the-abandons-sera-t-il-toujours-publie-par-netflix-apres-la-sortie-de-kurt-sutter\/#breadcrumb","itemListElement":[{"@type":"ListItem","position":1,"name":"Accueil","item":"https:\/\/www.jokeme.fr\/actus\/"},{"@type":"ListItem","position":2,"name":"\u00abThe Abandons\u00bb sera-t-il toujours publi\u00e9 par Netflix apr\u00e8s la sortie de Kurt Sutter?"}]},{"@type":"WebSite","@id":"https:\/\/www.jokeme.fr\/actus\/#website","url":"https:\/\/www.jokeme.fr\/actus\/","name":"Actualit\u00e9s - Joke Me","description":"L&#039;actualit\u00e9 du rire","publisher":{"@id":"https:\/\/www.jokeme.fr\/actus\/#organization"},"potentialAction":[{"@type":"SearchAction","target":{"@type":"EntryPoint","urlTemplate":"https:\/\/www.jokeme.fr\/actus\/?s={search_term_string}"},"query-input":"required name=search_term_string"}],"inLanguage":"fr-FR"},{"@type":"Organization","@id":"https:\/\/www.jokeme.fr\/actus\/#organization","name":"Actualit\u00e9s - Joke Me","url":"https:\/\/www.jokeme.fr\/actus\/","logo":{"@type":"ImageObject","inLanguage":"fr-FR","@id":"https:\/\/www.jokeme.fr\/actus\/#\/schema\/logo\/image\/","url":"https:\/\/www.jokeme.fr\/actus\/wp-content\/uploads\/2023\/06\/cropped-Logo-Joke-Me.png","contentUrl":"https:\/\/www.jokeme.fr\/actus\/wp-content\/uploads\/2023\/06\/cropped-Logo-Joke-Me.png","width":499,"height":363,"caption":"Actualit\u00e9s - Joke Me"},"image":{"@id":"https:\/\/www.jokeme.fr\/actus\/#\/schema\/logo\/image\/"}},{"@type":"Person","@id":"https:\/\/www.jokeme.fr\/actus\/#\/schema\/person\/f0c6ad0d33ca144389e81e45a212928f","name":"Didier","image":{"@type":"ImageObject","inLanguage":"fr-FR","@id":"https:\/\/www.jokeme.fr\/actus\/#\/schema\/person\/image\/","url":"https:\/\/www.jokeme.fr\/actus\/wp-content\/uploads\/2024\/03\/jokeme-didier.jpg","contentUrl":"https:\/\/www.jokeme.fr\/actus\/wp-content\/uploads\/2024\/03\/jokeme-didier.jpg","caption":"Didier"},"description":"Didier, passionn\u00e9 de cin\u00e9ma, est un r\u00e9dacteur pour le m\u00e9dia Jokeme, o\u00f9 il partage sa passion \u00e0 travers des articles divertissants et informatifs. Ayant \u00e9tudi\u00e9 le journalisme, il allie sa formation \u00e0 sa passion pour offrir un contenu de qualit\u00e9 sur le monde du cin\u00e9ma.","sameAs":["https:\/\/www.jokeme.fr\/actus"]}]}},"_links":{"self":[{"href":"https:\/\/www.jokeme.fr\/actus\/wp-json\/wp\/v2\/posts\/18439"}],"collection":[{"href":"https:\/\/www.jokeme.fr\/actus\/wp-json\/wp\/v2\/posts"}],"about":[{"href":"https:\/\/www.jokeme.fr\/actus\/wp-json\/wp\/v2\/types\/post"}],"author":[{"embeddable":true,"href":"https:\/\/www.jokeme.fr\/actus\/wp-json\/wp\/v2\/users\/1"}],"replies":[{"embeddable":true,"href":"https:\/\/www.jokeme.fr\/actus\/wp-json\/wp\/v2\/comments?post=18439"}],"version-history":[{"count":1,"href":"https:\/\/www.jokeme.fr\/actus\/wp-json\/wp\/v2\/posts\/18439\/revisions"}],"predecessor-version":[{"id":18440,"href":"https:\/\/www.jokeme.fr\/actus\/wp-json\/wp\/v2\/posts\/18439\/revisions\/18440"}],"wp:featuredmedia":[{"embeddable":true,"href":"https:\/\/www.jokeme.fr\/actus\/wp-json\/wp\/v2\/media\/11767"}],"wp:attachment":[{"href":"https:\/\/www.jokeme.fr\/actus\/wp-json\/wp\/v2\/media?parent=18439"}],"wp:term":[{"taxonomy":"category","embeddable":true,"href":"https:\/\/www.jokeme.fr\/actus\/wp-json\/wp\/v2\/categories?post=18439"},{"taxonomy":"post_tag","embeddable":true,"href":"https:\/\/www.jokeme.fr\/actus\/wp-json\/wp\/v2\/tags?post=18439"}],"curies":[{"name":"wp","href":"https:\/\/api.w.org\/{rel}","templated":true}]}}