{"id":18444,"date":"2025-04-18T08:40:46","date_gmt":"2025-04-18T06:40:46","guid":{"rendered":"https:\/\/www.jokeme.fr\/actus\/buffy-the-vampire-slayer-et-gossip-girl-la-cause-de-deces-de-lalun-de-michelle-trachtenberg-a-39-ans-a-ete-revelee\/"},"modified":"2025-04-18T08:40:47","modified_gmt":"2025-04-18T06:40:47","slug":"buffy-the-vampire-slayer-et-gossip-girl-la-cause-de-deces-de-lalun-de-michelle-trachtenberg-a-39-ans-a-ete-revelee","status":"publish","type":"post","link":"https:\/\/www.jokeme.fr\/actus\/buffy-the-vampire-slayer-et-gossip-girl-la-cause-de-deces-de-lalun-de-michelle-trachtenberg-a-39-ans-a-ete-revelee\/","title":{"rendered":"\u00ab\u00a0 Buffy the Vampire Slayer &#39;&#39; et \u00ab\u00a0 Gossip Girl &#39;&#39; La cause de d\u00e9c\u00e8s de l&#39;alun de Michelle Trachtenberg \u00e0 39 ans a \u00e9t\u00e9 r\u00e9v\u00e9l\u00e9e"},"content":{"rendered":"<div class=\"entry-content\">\n<div id=\"upx-cnx-player-wrap\"><\/div>\n<div class=\"post-page\" data-page=\"1\">\n<p>En f\u00e9vrier, les fans de <em>Buffy The Vampire Slayer<\/em> et <em>Une fille bavarde<\/em> ont \u00e9t\u00e9 choqu\u00e9s d&#39;apprendre que Michelle Trachtenberg \u00e9tait soudainement d\u00e9c\u00e9d\u00e9e \u00e0 l&#39;\u00e2ge de 39 ans. \u00c0 l&#39;\u00e9poque, l&#39;alun de CW \u00e9tait \u00abcens\u00e9 \u00eatre mort de causes naturelles\u00bb sans jeu d\u00e9loyal soup\u00e7onn\u00e9, et ABC News avait ajout\u00e9 qu&#39;elle avait r\u00e9cemment eu une greffe de foie. Deadline rapporte maintenant que bien qu&#39;aucune autopsie n&#39;ait eu lieu, une cause officielle de d\u00e9c\u00e8s est apparue: <\/p>\n<blockquote>\n<p>\u00ab\u00c0 la suite d&#39;un examen des r\u00e9sultats des tests en laboratoire, il a \u00e9t\u00e9 d\u00e9termin\u00e9 que Trachtenberg est d\u00e9c\u00e9d\u00e9 naturellement en raison des complications du diab\u00e8te sucr\u00e9, a d\u00e9clar\u00e9 le bureau d&#39;examinateur de New York \u00e0 New York \u00e0 la date limite dans un communiqu\u00e9.\u00bb<\/p>\n<\/blockquote>\n<p>Trachtenberg a commenc\u00e9 sa carri\u00e8re <em>Harriet l&#39;espion<\/em>et sa co-star, Rosie O&#39;Donnell, a pr\u00e9c\u00e9demment r\u00e9agi \u00e0 sa mort avec un hommage tout en ajoutant que Michelle avait eu du mal avec les probl\u00e8mes de sant\u00e9 au cours des \u00abderni\u00e8res ann\u00e9es\u00bb. <\/p>\n<p>Apr\u00e8s ces d\u00e9buts, Trachtenberg est devenu c\u00e9l\u00e8bre non seulement avec <em>Buffy<\/em> et <em>Une fille bavarde<\/em> Mais aussi une apparition invit\u00e9e sur le red\u00e9marrage de HBO. Malgr\u00e9 ses nombreux r\u00f4les (y compris <em>Eurotrip<\/em> et <em>Mauvaises herbes<\/em>), la plupart des t\u00e9l\u00e9spectateurs se souvenaient de son meilleur en tant que Dawn Summers, s\u0153ur de Vamp Hunter de Sarah Michelle Gellar. UN <em>Buffy<\/em> Le red\u00e9marrage, dans lequel Gellar fera des apparitions r\u00e9currentes, est en pr\u00e9paration, bien que l&#39;on ne sache pas si Trachtenberg pr\u00e9voyait de reprendre son r\u00f4le avant sa mort.<\/p>\n<\/p><\/div>\n<\/p><\/div>\n","protected":false},"excerpt":{"rendered":"<p>En f\u00e9vrier, les fans de Buffy The Vampire Slayer et Une fille bavarde ont \u00e9t\u00e9 choqu\u00e9s d&#39;apprendre que Michelle Trachtenberg \u00e9tait soudainement d\u00e9c\u00e9d\u00e9e \u00e0 l&#39;\u00e2ge de 39 ans. \u00c0 l&#39;\u00e9poque, l&#39;alun de CW \u00e9tait \u00abcens\u00e9 \u00eatre mort de causes naturelles\u00bb sans jeu d\u00e9loyal soup\u00e7onn\u00e9, et ABC News avait ajout\u00e9 qu&#39;elle avait r\u00e9cemment eu une greffe &#8230; <a title=\"\u00ab\u00a0 Buffy the Vampire Slayer &#039;&#039; et \u00ab\u00a0 Gossip Girl &#039;&#039; La cause de d\u00e9c\u00e8s de l&#039;alun de Michelle Trachtenberg \u00e0 39 ans a \u00e9t\u00e9 r\u00e9v\u00e9l\u00e9e\" class=\"read-more\" href=\"https:\/\/www.jokeme.fr\/actus\/buffy-the-vampire-slayer-et-gossip-girl-la-cause-de-deces-de-lalun-de-michelle-trachtenberg-a-39-ans-a-ete-revelee\/\" aria-label=\"Plus sur \u00ab\u00a0 Buffy the Vampire Slayer &#039;&#039; et \u00ab\u00a0 Gossip Girl &#039;&#039; La cause de d\u00e9c\u00e8s de l&#039;alun de Michelle Trachtenberg \u00e0 39 ans a \u00e9t\u00e9 r\u00e9v\u00e9l\u00e9e\">Lire plus<\/a><\/p>\n","protected":false},"author":1,"featured_media":16585,"comment_status":"closed","ping_status":"open","sticky":false,"template":"","format":"standard","meta":{"footnotes":""},"categories":[1],"tags":[266,8027,5290,352,920,13439,14295,12994,1020,13438,13440,6747],"yoast_head":"<!-- This site is optimized with the Yoast SEO plugin v20.8 - https:\/\/yoast.com\/wordpress\/plugins\/seo\/ -->\n<title>`` Buffy the Vampire Slayer &#039;&#039; et `` Gossip Girl &#039;&#039; La cause de d\u00e9c\u00e8s de l&#039;alun de Michelle Trachtenberg \u00e0 39 ans a \u00e9t\u00e9 r\u00e9v\u00e9l\u00e9e - Actualit\u00e9s - Joke Me<\/title>\n<meta name=\"robots\" content=\"index, follow, max-snippet:-1, max-image-preview:large, max-video-preview:-1\" \/>\n<link rel=\"canonical\" href=\"https:\/\/www.jokeme.fr\/actus\/buffy-the-vampire-slayer-et-gossip-girl-la-cause-de-deces-de-lalun-de-michelle-trachtenberg-a-39-ans-a-ete-revelee\/\" \/>\n<meta property=\"og:locale\" content=\"fr_FR\" \/>\n<meta property=\"og:type\" content=\"article\" \/>\n<meta property=\"og:title\" content=\"`` Buffy the Vampire Slayer &#039;&#039; et `` Gossip Girl &#039;&#039; La cause de d\u00e9c\u00e8s de l&#039;alun de Michelle Trachtenberg \u00e0 39 ans a \u00e9t\u00e9 r\u00e9v\u00e9l\u00e9e - Actualit\u00e9s - Joke Me\" \/>\n<meta property=\"og:description\" content=\"En f\u00e9vrier, les fans de Buffy The Vampire Slayer et Une fille bavarde ont \u00e9t\u00e9 choqu\u00e9s d&#039;apprendre que Michelle Trachtenberg \u00e9tait soudainement d\u00e9c\u00e9d\u00e9e \u00e0 l&#039;\u00e2ge de 39 ans. \u00c0 l&#039;\u00e9poque, l&#039;alun de CW \u00e9tait \u00abcens\u00e9 \u00eatre mort de causes naturelles\u00bb sans jeu d\u00e9loyal soup\u00e7onn\u00e9, et ABC News avait ajout\u00e9 qu&#039;elle avait r\u00e9cemment eu une greffe ... Lire plus\" \/>\n<meta property=\"og:url\" content=\"https:\/\/www.jokeme.fr\/actus\/buffy-the-vampire-slayer-et-gossip-girl-la-cause-de-deces-de-lalun-de-michelle-trachtenberg-a-39-ans-a-ete-revelee\/\" \/>\n<meta property=\"og:site_name\" content=\"Actualit\u00e9s - Joke Me\" \/>\n<meta property=\"article:published_time\" content=\"2025-04-18T06:40:46+00:00\" \/>\n<meta property=\"article:modified_time\" content=\"2025-04-18T06:40:47+00:00\" \/>\n<meta property=\"og:image\" content=\"https:\/\/www.jokeme.fr\/actus\/wp-content\/uploads\/2025\/02\/Buffy-The-Vampire-Slayer-3939-et-Gossip-Girl.jpg\" \/>\n\t<meta property=\"og:image:width\" content=\"710\" \/>\n\t<meta property=\"og:image:height\" content=\"410\" \/>\n\t<meta property=\"og:image:type\" content=\"image\/jpeg\" \/>\n<meta name=\"author\" content=\"Didier\" \/>\n<meta name=\"twitter:card\" content=\"summary_large_image\" \/>\n<meta name=\"twitter:label1\" content=\"\u00c9crit par\" \/>\n\t<meta name=\"twitter:data1\" content=\"Didier\" \/>\n\t<meta name=\"twitter:label2\" content=\"Dur\u00e9e de lecture estim\u00e9e\" \/>\n\t<meta name=\"twitter:data2\" content=\"1 minute\" \/>\n<script type=\"application\/ld+json\" class=\"yoast-schema-graph\">{\"@context\":\"https:\/\/schema.org\",\"@graph\":[{\"@type\":\"Article\",\"@id\":\"https:\/\/www.jokeme.fr\/actus\/buffy-the-vampire-slayer-et-gossip-girl-la-cause-de-deces-de-lalun-de-michelle-trachtenberg-a-39-ans-a-ete-revelee\/#article\",\"isPartOf\":{\"@id\":\"https:\/\/www.jokeme.fr\/actus\/buffy-the-vampire-slayer-et-gossip-girl-la-cause-de-deces-de-lalun-de-michelle-trachtenberg-a-39-ans-a-ete-revelee\/\"},\"author\":{\"name\":\"Didier\",\"@id\":\"https:\/\/www.jokeme.fr\/actus\/#\/schema\/person\/f0c6ad0d33ca144389e81e45a212928f\"},\"headline\":\"\u00ab\u00a0 Buffy the Vampire Slayer &#39;&#39; et \u00ab\u00a0 Gossip Girl &#39;&#39; La cause de d\u00e9c\u00e8s de l&#39;alun de Michelle Trachtenberg \u00e0 39 ans a \u00e9t\u00e9 r\u00e9v\u00e9l\u00e9e\",\"datePublished\":\"2025-04-18T06:40:46+00:00\",\"dateModified\":\"2025-04-18T06:40:47+00:00\",\"mainEntityOfPage\":{\"@id\":\"https:\/\/www.jokeme.fr\/actus\/buffy-the-vampire-slayer-et-gossip-girl-la-cause-de-deces-de-lalun-de-michelle-trachtenberg-a-39-ans-a-ete-revelee\/\"},\"wordCount\":314,\"publisher\":{\"@id\":\"https:\/\/www.jokeme.fr\/actus\/#organization\"},\"keywords\":[\"ans\",\"Buffy\",\"d\u00e9c\u00e8s\",\"\u00e9t\u00e9\",\"Girl\",\"Gossip\",\"l39alun\",\"Michelle\",\"r\u00e9v\u00e9l\u00e9e\",\"Slayer\",\"Trachtenberg\",\"Vampire\"],\"inLanguage\":\"fr-FR\"},{\"@type\":\"WebPage\",\"@id\":\"https:\/\/www.jokeme.fr\/actus\/buffy-the-vampire-slayer-et-gossip-girl-la-cause-de-deces-de-lalun-de-michelle-trachtenberg-a-39-ans-a-ete-revelee\/\",\"url\":\"https:\/\/www.jokeme.fr\/actus\/buffy-the-vampire-slayer-et-gossip-girl-la-cause-de-deces-de-lalun-de-michelle-trachtenberg-a-39-ans-a-ete-revelee\/\",\"name\":\"`` Buffy the Vampire Slayer &#39;&#39; et `` Gossip Girl &#39;&#39; La cause de d\u00e9c\u00e8s de l&#39;alun de Michelle Trachtenberg \u00e0 39 ans a \u00e9t\u00e9 r\u00e9v\u00e9l\u00e9e - Actualit\u00e9s - Joke Me\",\"isPartOf\":{\"@id\":\"https:\/\/www.jokeme.fr\/actus\/#website\"},\"datePublished\":\"2025-04-18T06:40:46+00:00\",\"dateModified\":\"2025-04-18T06:40:47+00:00\",\"breadcrumb\":{\"@id\":\"https:\/\/www.jokeme.fr\/actus\/buffy-the-vampire-slayer-et-gossip-girl-la-cause-de-deces-de-lalun-de-michelle-trachtenberg-a-39-ans-a-ete-revelee\/#breadcrumb\"},\"inLanguage\":\"fr-FR\",\"potentialAction\":[{\"@type\":\"ReadAction\",\"target\":[\"https:\/\/www.jokeme.fr\/actus\/buffy-the-vampire-slayer-et-gossip-girl-la-cause-de-deces-de-lalun-de-michelle-trachtenberg-a-39-ans-a-ete-revelee\/\"]}]},{\"@type\":\"BreadcrumbList\",\"@id\":\"https:\/\/www.jokeme.fr\/actus\/buffy-the-vampire-slayer-et-gossip-girl-la-cause-de-deces-de-lalun-de-michelle-trachtenberg-a-39-ans-a-ete-revelee\/#breadcrumb\",\"itemListElement\":[{\"@type\":\"ListItem\",\"position\":1,\"name\":\"Accueil\",\"item\":\"https:\/\/www.jokeme.fr\/actus\/\"},{\"@type\":\"ListItem\",\"position\":2,\"name\":\"\u00ab\u00a0 Buffy the Vampire Slayer &#39;&#39; et \u00ab\u00a0 Gossip Girl &#39;&#39; La cause de d\u00e9c\u00e8s de l&#39;alun de Michelle Trachtenberg \u00e0 39 ans a \u00e9t\u00e9 r\u00e9v\u00e9l\u00e9e\"}]},{\"@type\":\"WebSite\",\"@id\":\"https:\/\/www.jokeme.fr\/actus\/#website\",\"url\":\"https:\/\/www.jokeme.fr\/actus\/\",\"name\":\"Actualit\u00e9s - Joke Me\",\"description\":\"L&#039;actualit\u00e9 du rire\",\"publisher\":{\"@id\":\"https:\/\/www.jokeme.fr\/actus\/#organization\"},\"potentialAction\":[{\"@type\":\"SearchAction\",\"target\":{\"@type\":\"EntryPoint\",\"urlTemplate\":\"https:\/\/www.jokeme.fr\/actus\/?s={search_term_string}\"},\"query-input\":\"required name=search_term_string\"}],\"inLanguage\":\"fr-FR\"},{\"@type\":\"Organization\",\"@id\":\"https:\/\/www.jokeme.fr\/actus\/#organization\",\"name\":\"Actualit\u00e9s - Joke Me\",\"url\":\"https:\/\/www.jokeme.fr\/actus\/\",\"logo\":{\"@type\":\"ImageObject\",\"inLanguage\":\"fr-FR\",\"@id\":\"https:\/\/www.jokeme.fr\/actus\/#\/schema\/logo\/image\/\",\"url\":\"https:\/\/www.jokeme.fr\/actus\/wp-content\/uploads\/2023\/06\/cropped-Logo-Joke-Me.png\",\"contentUrl\":\"https:\/\/www.jokeme.fr\/actus\/wp-content\/uploads\/2023\/06\/cropped-Logo-Joke-Me.png\",\"width\":499,\"height\":363,\"caption\":\"Actualit\u00e9s - Joke Me\"},\"image\":{\"@id\":\"https:\/\/www.jokeme.fr\/actus\/#\/schema\/logo\/image\/\"}},{\"@type\":\"Person\",\"@id\":\"https:\/\/www.jokeme.fr\/actus\/#\/schema\/person\/f0c6ad0d33ca144389e81e45a212928f\",\"name\":\"Didier\",\"image\":{\"@type\":\"ImageObject\",\"inLanguage\":\"fr-FR\",\"@id\":\"https:\/\/www.jokeme.fr\/actus\/#\/schema\/person\/image\/\",\"url\":\"https:\/\/www.jokeme.fr\/actus\/wp-content\/uploads\/2024\/03\/jokeme-didier.jpg\",\"contentUrl\":\"https:\/\/www.jokeme.fr\/actus\/wp-content\/uploads\/2024\/03\/jokeme-didier.jpg\",\"caption\":\"Didier\"},\"description\":\"Didier, passionn\u00e9 de cin\u00e9ma, est un r\u00e9dacteur pour le m\u00e9dia Jokeme, o\u00f9 il partage sa passion \u00e0 travers des articles divertissants et informatifs. Ayant \u00e9tudi\u00e9 le journalisme, il allie sa formation \u00e0 sa passion pour offrir un contenu de qualit\u00e9 sur le monde du cin\u00e9ma.\",\"sameAs\":[\"https:\/\/www.jokeme.fr\/actus\"]}]}<\/script>\n<!-- \/ Yoast SEO plugin. -->","yoast_head_json":{"title":"`` Buffy the Vampire Slayer &#39;&#39; et `` Gossip Girl &#39;&#39; La cause de d\u00e9c\u00e8s de l&#39;alun de Michelle Trachtenberg \u00e0 39 ans a \u00e9t\u00e9 r\u00e9v\u00e9l\u00e9e - Actualit\u00e9s - Joke Me","robots":{"index":"index","follow":"follow","max-snippet":"max-snippet:-1","max-image-preview":"max-image-preview:large","max-video-preview":"max-video-preview:-1"},"canonical":"https:\/\/www.jokeme.fr\/actus\/buffy-the-vampire-slayer-et-gossip-girl-la-cause-de-deces-de-lalun-de-michelle-trachtenberg-a-39-ans-a-ete-revelee\/","og_locale":"fr_FR","og_type":"article","og_title":"`` Buffy the Vampire Slayer &#39;&#39; et `` Gossip Girl &#39;&#39; La cause de d\u00e9c\u00e8s de l&#39;alun de Michelle Trachtenberg \u00e0 39 ans a \u00e9t\u00e9 r\u00e9v\u00e9l\u00e9e - Actualit\u00e9s - Joke Me","og_description":"En f\u00e9vrier, les fans de Buffy The Vampire Slayer et Une fille bavarde ont \u00e9t\u00e9 choqu\u00e9s d&#39;apprendre que Michelle Trachtenberg \u00e9tait soudainement d\u00e9c\u00e9d\u00e9e \u00e0 l&#39;\u00e2ge de 39 ans. \u00c0 l&#39;\u00e9poque, l&#39;alun de CW \u00e9tait \u00abcens\u00e9 \u00eatre mort de causes naturelles\u00bb sans jeu d\u00e9loyal soup\u00e7onn\u00e9, et ABC News avait ajout\u00e9 qu&#39;elle avait r\u00e9cemment eu une greffe ... Lire plus","og_url":"https:\/\/www.jokeme.fr\/actus\/buffy-the-vampire-slayer-et-gossip-girl-la-cause-de-deces-de-lalun-de-michelle-trachtenberg-a-39-ans-a-ete-revelee\/","og_site_name":"Actualit\u00e9s - Joke Me","article_published_time":"2025-04-18T06:40:46+00:00","article_modified_time":"2025-04-18T06:40:47+00:00","og_image":[{"width":710,"height":410,"url":"https:\/\/www.jokeme.fr\/actus\/wp-content\/uploads\/2025\/02\/Buffy-The-Vampire-Slayer-3939-et-Gossip-Girl.jpg","type":"image\/jpeg"}],"author":"Didier","twitter_card":"summary_large_image","twitter_misc":{"\u00c9crit par":"Didier","Dur\u00e9e de lecture estim\u00e9e":"1 minute"},"schema":{"@context":"https:\/\/schema.org","@graph":[{"@type":"Article","@id":"https:\/\/www.jokeme.fr\/actus\/buffy-the-vampire-slayer-et-gossip-girl-la-cause-de-deces-de-lalun-de-michelle-trachtenberg-a-39-ans-a-ete-revelee\/#article","isPartOf":{"@id":"https:\/\/www.jokeme.fr\/actus\/buffy-the-vampire-slayer-et-gossip-girl-la-cause-de-deces-de-lalun-de-michelle-trachtenberg-a-39-ans-a-ete-revelee\/"},"author":{"name":"Didier","@id":"https:\/\/www.jokeme.fr\/actus\/#\/schema\/person\/f0c6ad0d33ca144389e81e45a212928f"},"headline":"\u00ab\u00a0 Buffy the Vampire Slayer &#39;&#39; et \u00ab\u00a0 Gossip Girl &#39;&#39; La cause de d\u00e9c\u00e8s de l&#39;alun de Michelle Trachtenberg \u00e0 39 ans a \u00e9t\u00e9 r\u00e9v\u00e9l\u00e9e","datePublished":"2025-04-18T06:40:46+00:00","dateModified":"2025-04-18T06:40:47+00:00","mainEntityOfPage":{"@id":"https:\/\/www.jokeme.fr\/actus\/buffy-the-vampire-slayer-et-gossip-girl-la-cause-de-deces-de-lalun-de-michelle-trachtenberg-a-39-ans-a-ete-revelee\/"},"wordCount":314,"publisher":{"@id":"https:\/\/www.jokeme.fr\/actus\/#organization"},"keywords":["ans","Buffy","d\u00e9c\u00e8s","\u00e9t\u00e9","Girl","Gossip","l39alun","Michelle","r\u00e9v\u00e9l\u00e9e","Slayer","Trachtenberg","Vampire"],"inLanguage":"fr-FR"},{"@type":"WebPage","@id":"https:\/\/www.jokeme.fr\/actus\/buffy-the-vampire-slayer-et-gossip-girl-la-cause-de-deces-de-lalun-de-michelle-trachtenberg-a-39-ans-a-ete-revelee\/","url":"https:\/\/www.jokeme.fr\/actus\/buffy-the-vampire-slayer-et-gossip-girl-la-cause-de-deces-de-lalun-de-michelle-trachtenberg-a-39-ans-a-ete-revelee\/","name":"`` Buffy the Vampire Slayer &#39;&#39; et `` Gossip Girl &#39;&#39; La cause de d\u00e9c\u00e8s de l&#39;alun de Michelle Trachtenberg \u00e0 39 ans a \u00e9t\u00e9 r\u00e9v\u00e9l\u00e9e - Actualit\u00e9s - Joke Me","isPartOf":{"@id":"https:\/\/www.jokeme.fr\/actus\/#website"},"datePublished":"2025-04-18T06:40:46+00:00","dateModified":"2025-04-18T06:40:47+00:00","breadcrumb":{"@id":"https:\/\/www.jokeme.fr\/actus\/buffy-the-vampire-slayer-et-gossip-girl-la-cause-de-deces-de-lalun-de-michelle-trachtenberg-a-39-ans-a-ete-revelee\/#breadcrumb"},"inLanguage":"fr-FR","potentialAction":[{"@type":"ReadAction","target":["https:\/\/www.jokeme.fr\/actus\/buffy-the-vampire-slayer-et-gossip-girl-la-cause-de-deces-de-lalun-de-michelle-trachtenberg-a-39-ans-a-ete-revelee\/"]}]},{"@type":"BreadcrumbList","@id":"https:\/\/www.jokeme.fr\/actus\/buffy-the-vampire-slayer-et-gossip-girl-la-cause-de-deces-de-lalun-de-michelle-trachtenberg-a-39-ans-a-ete-revelee\/#breadcrumb","itemListElement":[{"@type":"ListItem","position":1,"name":"Accueil","item":"https:\/\/www.jokeme.fr\/actus\/"},{"@type":"ListItem","position":2,"name":"\u00ab\u00a0 Buffy the Vampire Slayer &#39;&#39; et \u00ab\u00a0 Gossip Girl &#39;&#39; La cause de d\u00e9c\u00e8s de l&#39;alun de Michelle Trachtenberg \u00e0 39 ans a \u00e9t\u00e9 r\u00e9v\u00e9l\u00e9e"}]},{"@type":"WebSite","@id":"https:\/\/www.jokeme.fr\/actus\/#website","url":"https:\/\/www.jokeme.fr\/actus\/","name":"Actualit\u00e9s - Joke Me","description":"L&#039;actualit\u00e9 du rire","publisher":{"@id":"https:\/\/www.jokeme.fr\/actus\/#organization"},"potentialAction":[{"@type":"SearchAction","target":{"@type":"EntryPoint","urlTemplate":"https:\/\/www.jokeme.fr\/actus\/?s={search_term_string}"},"query-input":"required name=search_term_string"}],"inLanguage":"fr-FR"},{"@type":"Organization","@id":"https:\/\/www.jokeme.fr\/actus\/#organization","name":"Actualit\u00e9s - Joke Me","url":"https:\/\/www.jokeme.fr\/actus\/","logo":{"@type":"ImageObject","inLanguage":"fr-FR","@id":"https:\/\/www.jokeme.fr\/actus\/#\/schema\/logo\/image\/","url":"https:\/\/www.jokeme.fr\/actus\/wp-content\/uploads\/2023\/06\/cropped-Logo-Joke-Me.png","contentUrl":"https:\/\/www.jokeme.fr\/actus\/wp-content\/uploads\/2023\/06\/cropped-Logo-Joke-Me.png","width":499,"height":363,"caption":"Actualit\u00e9s - Joke Me"},"image":{"@id":"https:\/\/www.jokeme.fr\/actus\/#\/schema\/logo\/image\/"}},{"@type":"Person","@id":"https:\/\/www.jokeme.fr\/actus\/#\/schema\/person\/f0c6ad0d33ca144389e81e45a212928f","name":"Didier","image":{"@type":"ImageObject","inLanguage":"fr-FR","@id":"https:\/\/www.jokeme.fr\/actus\/#\/schema\/person\/image\/","url":"https:\/\/www.jokeme.fr\/actus\/wp-content\/uploads\/2024\/03\/jokeme-didier.jpg","contentUrl":"https:\/\/www.jokeme.fr\/actus\/wp-content\/uploads\/2024\/03\/jokeme-didier.jpg","caption":"Didier"},"description":"Didier, passionn\u00e9 de cin\u00e9ma, est un r\u00e9dacteur pour le m\u00e9dia Jokeme, o\u00f9 il partage sa passion \u00e0 travers des articles divertissants et informatifs. Ayant \u00e9tudi\u00e9 le journalisme, il allie sa formation \u00e0 sa passion pour offrir un contenu de qualit\u00e9 sur le monde du cin\u00e9ma.","sameAs":["https:\/\/www.jokeme.fr\/actus"]}]}},"_links":{"self":[{"href":"https:\/\/www.jokeme.fr\/actus\/wp-json\/wp\/v2\/posts\/18444"}],"collection":[{"href":"https:\/\/www.jokeme.fr\/actus\/wp-json\/wp\/v2\/posts"}],"about":[{"href":"https:\/\/www.jokeme.fr\/actus\/wp-json\/wp\/v2\/types\/post"}],"author":[{"embeddable":true,"href":"https:\/\/www.jokeme.fr\/actus\/wp-json\/wp\/v2\/users\/1"}],"replies":[{"embeddable":true,"href":"https:\/\/www.jokeme.fr\/actus\/wp-json\/wp\/v2\/comments?post=18444"}],"version-history":[{"count":1,"href":"https:\/\/www.jokeme.fr\/actus\/wp-json\/wp\/v2\/posts\/18444\/revisions"}],"predecessor-version":[{"id":18445,"href":"https:\/\/www.jokeme.fr\/actus\/wp-json\/wp\/v2\/posts\/18444\/revisions\/18445"}],"wp:featuredmedia":[{"embeddable":true,"href":"https:\/\/www.jokeme.fr\/actus\/wp-json\/wp\/v2\/media\/16585"}],"wp:attachment":[{"href":"https:\/\/www.jokeme.fr\/actus\/wp-json\/wp\/v2\/media?parent=18444"}],"wp:term":[{"taxonomy":"category","embeddable":true,"href":"https:\/\/www.jokeme.fr\/actus\/wp-json\/wp\/v2\/categories?post=18444"},{"taxonomy":"post_tag","embeddable":true,"href":"https:\/\/www.jokeme.fr\/actus\/wp-json\/wp\/v2\/tags?post=18444"}],"curies":[{"name":"wp","href":"https:\/\/api.w.org\/{rel}","templated":true}]}}