{"id":1947,"date":"2024-01-19T23:08:58","date_gmt":"2024-01-19T22:08:58","guid":{"rendered":"https:\/\/www.jokeme.fr\/actus\/une-femme-agee-qui-portait-uniquement-une-protection-solaire-sur-son-visage-montre-la-difference-que-cela-a-fait-sur-son-cou\/"},"modified":"2024-01-19T23:09:00","modified_gmt":"2024-01-19T22:09:00","slug":"une-femme-agee-qui-portait-uniquement-une-protection-solaire-sur-son-visage-montre-la-difference-que-cela-a-fait-sur-son-cou","status":"publish","type":"post","link":"https:\/\/www.jokeme.fr\/actus\/une-femme-agee-qui-portait-uniquement-une-protection-solaire-sur-son-visage-montre-la-difference-que-cela-a-fait-sur-son-cou\/","title":{"rendered":"Une femme \u00e2g\u00e9e qui portait uniquement une protection solaire sur son visage montre la diff\u00e9rence que cela a fait sur son cou"},"content":{"rendered":"<div>\n<div class=\"css-12zje5r\">\n<p>L\u2019id\u00e9e que le SPF puisse aider \u00e0 ralentir le processus de vieillissement de votre peau semble presque incroyable.<\/p>\n<\/div>\n<div class=\"css-c2lb2p\">\n<p>Mais on ne saurait trop insister sur l\u2019importance de porter une protection solaire.<\/p>\n<\/div>\n<div class=\"css-c2lb2p\">\n<p>Il semble que prendre soin de sa peau soit devenu plus r\u00e9pandu ces derni\u00e8res ann\u00e9es, en particulier chez la jeune g\u00e9n\u00e9ration, o\u00f9 il est courant d&rsquo;avoir une routine du visage le matin et avant de se coucher.<\/p>\n<\/div>\n<div class=\"css-c2lb2p\">\n<p>Cela est peut-\u00eatre d\u00fb au fait que la science a progress\u00e9 et qu&rsquo;on nous en a davantage appris \u00e0 l&rsquo;\u00e9cole, mais elle constitue d\u00e9sormais une partie essentielle de la vie de nombreuses personnes.<\/p>\n<\/div>\n<div class=\"css-c2lb2p\">\n<p>En ce qui concerne la protection solaire, le NHS d\u00e9clare : \u00ab Les coups de soleil augmentent le risque de cancer de la peau. Les coups de soleil ne surviennent pas uniquement en vacances. Vous pouvez br\u00fbler au Royaume-Uni, m\u00eame par temps nuageux.<\/p>\n<\/div>\n<div class=\"css-12zje5r\">\n<p>Mais quelle diff\u00e9rence le port d\u2019un SPF peut-il avoir sur votre peau \u00e0 long terme ?<\/p>\n<\/div>\n<div class=\"css-c2lb2p\">\n<p>Eh bien, une photo d&rsquo;une femme de 92 ans est r\u00e9cemment devenue virale sur Reddit pour montrer ce que la protection solaire fait r\u00e9ellement pour votre peau.<\/p>\n<\/div>\n<figure class=\"css-1ey54xo\"><picture class=\"css-1x72e95\"><source  media=\"(min-width: 0px) and (max-width: 380px) and (max-resolution: 1dppx)\" type=\"image\/webp\"\/><source  media=\"(min-width: 0px) and (max-width: 380px) and (max-resolution: 1dppx)\" type=\"image\/jpeg\"\/><source  media=\"(min-width: 0px) and (max-width: 380px) and (-webkit-max-device-pixel-ratio: 1)\" type=\"image\/webp\"\/><source  media=\"(min-width: 0px) and (max-width: 380px) and (-webkit-max-device-pixel-ratio: 1)\" type=\"image\/jpeg\"\/><source  media=\"(min-width: 0px) and (max-width: 380px) and (max-resolution: 3dppx)\" type=\"image\/webp\"\/><source  media=\"(min-width: 0px) and (max-width: 380px) and (max-resolution: 3dppx)\" type=\"image\/jpeg\"\/><source  media=\"(min-width: 0px) and (max-width: 380px) and (-webkit-max-device-pixel-ratio: 3)\" type=\"image\/webp\"\/><source  media=\"(min-width: 0px) and (max-width: 380px) and (-webkit-max-device-pixel-ratio: 3)\" type=\"image\/jpeg\"\/><source  media=\"(min-width: 380px) and (min-resolution: 2dppx)\" type=\"image\/webp\"\/><source  media=\"(min-width: 380px) and (min-resolution: 2dppx)\" type=\"image\/jpeg\"\/><source  media=\"(min-width: 380px) and (-webkit-min-device-pixel-ratio: 2)\" type=\"image\/webp\"\/><source  media=\"(min-width: 380px) and (-webkit-min-device-pixel-ratio: 2)\" type=\"image\/jpeg\"\/><source  type=\"image\/webp\"\/><source  type=\"image\/jpeg\"\/><\/picture><figcaption class=\"css-1hkjxsv\">L\u2019application d\u2019une lotion protectrice contre les UV peut grandement b\u00e9n\u00e9ficier \u00e0 votre peau \u00e0 l\u2019avenir.  Cr\u00e9dit : Getty Photo<\/figcaption><\/figure>\n<div class=\"css-12zje5r\">\n<p>La peau de son visage para\u00eet beaucoup plus lisse et beaucoup moins ab\u00eem\u00e9e que celle de son cou.<\/p>\n<\/div>\n<div class=\"css-12zje5r\">\n<p>Dr Christian Posch<span style=\"color: var(--color-font-text-primary-text-jet-black); background-color: var(--color-brand-white-base);\">: \u00ab\u00a0Bien qu&rsquo;il soit peu probable que nous puissions (ou m\u00eame devrions) viser \u00e0 vaincre le vieillissement humain pour diverses raisons, les modificateurs du vieillissement pourront toujours modifier \u00e0 la fois la dur\u00e9e de vie (le temps pendant lequel nous vivons sans maladie) et la dur\u00e9e de vie.<\/span><\/p>\n<\/div>\n<div class=\"css-12zje5r\">\n<p>\u00ab\u00a0Apr\u00e8s tout, qui n&rsquo;accepterait pas 20 \u00e0 40 ann\u00e9es suppl\u00e9mentaires en bonne sant\u00e9 ?\u00a0\u00bb<\/p>\n<\/div>\n<div class=\"css-12zje5r\">\n<p>Il a poursuivi : \u00ab\u00a0De tels progr\u00e8s seront r\u00e9alis\u00e9s gr\u00e2ce \u00e0 une r\u00e9duction significative des maladies li\u00e9es \u00e0 l&rsquo;\u00e2ge, y compris la pr\u00e9vention des cancers.<\/p>\n<\/div>\n<div class=\"css-12zje5r\">\n<p>\u00ab\u00a0Pourquoi ? Parce qu&rsquo;il existe un chevauchement important entre les caract\u00e9ristiques du cancer et celles du vieillissement.<\/p>\n<\/div>\n<div class=\"css-12zje5r\">\n<p>\u00ab\u00a0Ainsi, s&rsquo;attaquer aux changements biologiques li\u00e9s au vieillissement permettra \u00e9galement de r\u00e9pondre aux conditions pr\u00e9alables \u00e0 la canc\u00e9rogen\u00e8se.\u00a0\u00bb<\/p>\n<\/div>\n<div class=\"css-12zje5r\">\n<p>C&rsquo;est une bonne chose qu&rsquo;\u00e0 l&rsquo;\u00e8re des m\u00e9dias sociaux, les gens puissent \u00eatre expos\u00e9s \u00e0 des informations comme celle-ci et apprendre des erreurs pass\u00e9es des autres.<\/p>\n<\/div>\n<figure class=\"css-1ey54xo\"><picture class=\"css-1x72e95\"><source  media=\"(min-width: 0px) and (max-width: 380px) and (max-resolution: 1dppx)\" type=\"image\/webp\"\/><source  media=\"(min-width: 0px) and (max-width: 380px) and (max-resolution: 1dppx)\" type=\"image\/jpeg\"\/><source  media=\"(min-width: 0px) and (max-width: 380px) and (-webkit-max-device-pixel-ratio: 1)\" type=\"image\/webp\"\/><source  media=\"(min-width: 0px) and (max-width: 380px) and (-webkit-max-device-pixel-ratio: 1)\" type=\"image\/jpeg\"\/><source  media=\"(min-width: 0px) and (max-width: 380px) and (max-resolution: 3dppx)\" type=\"image\/webp\"\/><source  media=\"(min-width: 0px) and (max-width: 380px) and (max-resolution: 3dppx)\" type=\"image\/jpeg\"\/><source  media=\"(min-width: 0px) and (max-width: 380px) and (-webkit-max-device-pixel-ratio: 3)\" type=\"image\/webp\"\/><source  media=\"(min-width: 0px) and (max-width: 380px) and (-webkit-max-device-pixel-ratio: 3)\" type=\"image\/jpeg\"\/><source  media=\"(min-width: 380px) and (min-resolution: 2dppx)\" type=\"image\/webp\"\/><source  media=\"(min-width: 380px) and (min-resolution: 2dppx)\" type=\"image\/jpeg\"\/><source  media=\"(min-width: 380px) and (-webkit-min-device-pixel-ratio: 2)\" type=\"image\/webp\"\/><source  media=\"(min-width: 380px) and (-webkit-min-device-pixel-ratio: 2)\" type=\"image\/jpeg\"\/><source  type=\"image\/webp\"\/><source  type=\"image\/jpeg\"\/><img decoding=\"async\" src=\"https:\/\/www.jokeme.fr\/actus\/wp-content\/uploads\/2024\/01\/Une-femme-agee-qui-portait-uniquement-une-protection-solaire-sur.png\" alt=\"Vous pouvez voir la nette diff\u00e9rence entre la peau de son visage et celle de son cou.  Cr\u00e9dit : C Posch 2021, CC BY-NC-ND 4.0\" loading=\"lazy\"\/><\/picture><figcaption class=\"css-1hkjxsv\">Vous pouvez voir la nette diff\u00e9rence entre la peau de son visage et celle de son cou.  Cr\u00e9dit : C Posch 2021, CC BY-NC-ND 4.0<\/figcaption><\/figure>\n<div class=\"css-12zje5r\">\n<p>Les utilisateurs de Reddit ont partag\u00e9 leur surprise face \u00e0 la photo et n\u2019ont pas tard\u00e9 \u00e0 laisser leurs commentaires.<\/p>\n<\/div>\n<div class=\"css-12zje5r\">\n<p>Un utilisateur a d\u00e9clar\u00e9\u00a0: \u00ab\u00a0Commande une cr\u00e8me hydratante protectrice contre les UV\u00a0\u00bb.<\/p>\n<\/div>\n<div class=\"css-12zje5r\">\n<p>Un autre a ajout\u00e9 : \u00ab\u00a0La femme de mon compagnon est dermatologue et son principal conseil \u00e9tait d&rsquo;utiliser une cr\u00e8me hydratante SPF, c&rsquo;est essentiellement une cr\u00e8me anti-\u00e2ge.\u00a0\u00bb<\/p>\n<\/div>\n<div class=\"css-12zje5r\">\n<p>Tandis qu&rsquo;un troisi\u00e8me utilisateur postait : \u00ab\u00a0La meilleure publicit\u00e9 pour SPF de tous les temps !\u00a0\u00bb<\/p>\n<\/div>\n<div class=\"css-12zje5r\">\n<p>Un quatri\u00e8me a comment\u00e9 : \u00ab\u00a0Demain, j&rsquo;en appliquerai \u00e9galement sur mon cou. Merci.\u00a0\u00bb<\/p>\n<\/div>\n<div class=\"css-12zje5r\">\n<p>La preuve est vraiment sous nos yeux, et il semble que beaucoup de gens ont r\u00e9alis\u00e9 \u00e0 quel point il est important d\u2019appliquer ce SPF.<\/p>\n<\/div>\n<div class=\"css-12zje5r\">\n<p>Pas seulement pour votre visage, mais pour tout votre corps, car qui veut avoir des rides \u00e0 l&rsquo;avenir ?<\/p>\n<\/div>\n<\/div>\n","protected":false},"excerpt":{"rendered":"<p>L\u2019id\u00e9e que le SPF puisse aider \u00e0 ralentir le processus de vieillissement de votre peau semble presque incroyable. Mais on ne saurait trop insister sur l\u2019importance de porter une protection solaire. Il semble que prendre soin de sa peau soit devenu plus r\u00e9pandu ces derni\u00e8res ann\u00e9es, en particulier chez la jeune g\u00e9n\u00e9ration, o\u00f9 il est &#8230; <a title=\"Une femme \u00e2g\u00e9e qui portait uniquement une protection solaire sur son visage montre la diff\u00e9rence que cela a fait sur son cou\" class=\"read-more\" href=\"https:\/\/www.jokeme.fr\/actus\/une-femme-agee-qui-portait-uniquement-une-protection-solaire-sur-son-visage-montre-la-difference-que-cela-a-fait-sur-son-cou\/\" aria-label=\"Plus sur Une femme \u00e2g\u00e9e qui portait uniquement une protection solaire sur son visage montre la diff\u00e9rence que cela a fait sur son cou\">Lire plus<\/a><\/p>\n","protected":false},"author":1,"featured_media":1948,"comment_status":"closed","ping_status":"open","sticky":false,"template":"","format":"standard","meta":{"footnotes":""},"categories":[1],"tags":[1265,445,3077,2930,119,154,383,3073,3075,293,3076,44,7,33,3074,615],"yoast_head":"<!-- This site is optimized with the Yoast SEO plugin v20.8 - https:\/\/yoast.com\/wordpress\/plugins\/seo\/ -->\n<title>Une femme \u00e2g\u00e9e qui portait uniquement une protection solaire sur son visage montre la diff\u00e9rence que cela a fait sur son cou - Actualit\u00e9s - Joke Me<\/title>\n<meta name=\"robots\" content=\"index, follow, max-snippet:-1, max-image-preview:large, max-video-preview:-1\" \/>\n<link rel=\"canonical\" href=\"https:\/\/www.jokeme.fr\/actus\/une-femme-agee-qui-portait-uniquement-une-protection-solaire-sur-son-visage-montre-la-difference-que-cela-a-fait-sur-son-cou\/\" \/>\n<meta property=\"og:locale\" content=\"fr_FR\" \/>\n<meta property=\"og:type\" content=\"article\" \/>\n<meta property=\"og:title\" content=\"Une femme \u00e2g\u00e9e qui portait uniquement une protection solaire sur son visage montre la diff\u00e9rence que cela a fait sur son cou - Actualit\u00e9s - Joke Me\" \/>\n<meta property=\"og:description\" content=\"L\u2019id\u00e9e que le SPF puisse aider \u00e0 ralentir le processus de vieillissement de votre peau semble presque incroyable. Mais on ne saurait trop insister sur l\u2019importance de porter une protection solaire. Il semble que prendre soin de sa peau soit devenu plus r\u00e9pandu ces derni\u00e8res ann\u00e9es, en particulier chez la jeune g\u00e9n\u00e9ration, o\u00f9 il est ... Lire plus\" \/>\n<meta property=\"og:url\" content=\"https:\/\/www.jokeme.fr\/actus\/une-femme-agee-qui-portait-uniquement-une-protection-solaire-sur-son-visage-montre-la-difference-que-cela-a-fait-sur-son-cou\/\" \/>\n<meta property=\"og:site_name\" content=\"Actualit\u00e9s - Joke Me\" \/>\n<meta property=\"article:published_time\" content=\"2024-01-19T22:08:58+00:00\" \/>\n<meta property=\"article:modified_time\" content=\"2024-01-19T22:09:00+00:00\" \/>\n<meta property=\"og:image\" content=\"https:\/\/www.jokeme.fr\/actus\/wp-content\/uploads\/2024\/01\/1705702139_Une-femme-agee-qui-portait-uniquement-une-protection-solaire-sur.png\" \/>\n\t<meta property=\"og:image:width\" content=\"1200\" \/>\n\t<meta property=\"og:image:height\" content=\"675\" \/>\n\t<meta property=\"og:image:type\" content=\"image\/png\" \/>\n<meta name=\"author\" content=\"Didier\" \/>\n<meta name=\"twitter:card\" content=\"summary_large_image\" \/>\n<meta name=\"twitter:label1\" content=\"\u00c9crit par\" \/>\n\t<meta name=\"twitter:data1\" content=\"Didier\" \/>\n\t<meta name=\"twitter:label2\" content=\"Dur\u00e9e de lecture estim\u00e9e\" \/>\n\t<meta name=\"twitter:data2\" content=\"3 minutes\" \/>\n<script type=\"application\/ld+json\" class=\"yoast-schema-graph\">{\"@context\":\"https:\/\/schema.org\",\"@graph\":[{\"@type\":\"Article\",\"@id\":\"https:\/\/www.jokeme.fr\/actus\/une-femme-agee-qui-portait-uniquement-une-protection-solaire-sur-son-visage-montre-la-difference-que-cela-a-fait-sur-son-cou\/#article\",\"isPartOf\":{\"@id\":\"https:\/\/www.jokeme.fr\/actus\/une-femme-agee-qui-portait-uniquement-une-protection-solaire-sur-son-visage-montre-la-difference-que-cela-a-fait-sur-son-cou\/\"},\"author\":{\"name\":\"Didier\",\"@id\":\"https:\/\/www.jokeme.fr\/actus\/#\/schema\/person\/f0c6ad0d33ca144389e81e45a212928f\"},\"headline\":\"Une femme \u00e2g\u00e9e qui portait uniquement une protection solaire sur son visage montre la diff\u00e9rence que cela a fait sur son cou\",\"datePublished\":\"2024-01-19T22:08:58+00:00\",\"dateModified\":\"2024-01-19T22:09:00+00:00\",\"mainEntityOfPage\":{\"@id\":\"https:\/\/www.jokeme.fr\/actus\/une-femme-agee-qui-portait-uniquement-une-protection-solaire-sur-son-visage-montre-la-difference-que-cela-a-fait-sur-son-cou\/\"},\"wordCount\":584,\"publisher\":{\"@id\":\"https:\/\/www.jokeme.fr\/actus\/#organization\"},\"keywords\":[\"\u00e2g\u00e9e\",\"cela\",\"cou\",\"diff\u00e9rence\",\"fait\",\"femme\",\"montre\",\"portait\",\"protection\",\"qui\",\"solaire\",\"son\",\"sur\",\"une\",\"uniquement\",\"visage\"],\"inLanguage\":\"fr-FR\"},{\"@type\":\"WebPage\",\"@id\":\"https:\/\/www.jokeme.fr\/actus\/une-femme-agee-qui-portait-uniquement-une-protection-solaire-sur-son-visage-montre-la-difference-que-cela-a-fait-sur-son-cou\/\",\"url\":\"https:\/\/www.jokeme.fr\/actus\/une-femme-agee-qui-portait-uniquement-une-protection-solaire-sur-son-visage-montre-la-difference-que-cela-a-fait-sur-son-cou\/\",\"name\":\"Une femme \u00e2g\u00e9e qui portait uniquement une protection solaire sur son visage montre la diff\u00e9rence que cela a fait sur son cou - Actualit\u00e9s - Joke Me\",\"isPartOf\":{\"@id\":\"https:\/\/www.jokeme.fr\/actus\/#website\"},\"datePublished\":\"2024-01-19T22:08:58+00:00\",\"dateModified\":\"2024-01-19T22:09:00+00:00\",\"breadcrumb\":{\"@id\":\"https:\/\/www.jokeme.fr\/actus\/une-femme-agee-qui-portait-uniquement-une-protection-solaire-sur-son-visage-montre-la-difference-que-cela-a-fait-sur-son-cou\/#breadcrumb\"},\"inLanguage\":\"fr-FR\",\"potentialAction\":[{\"@type\":\"ReadAction\",\"target\":[\"https:\/\/www.jokeme.fr\/actus\/une-femme-agee-qui-portait-uniquement-une-protection-solaire-sur-son-visage-montre-la-difference-que-cela-a-fait-sur-son-cou\/\"]}]},{\"@type\":\"BreadcrumbList\",\"@id\":\"https:\/\/www.jokeme.fr\/actus\/une-femme-agee-qui-portait-uniquement-une-protection-solaire-sur-son-visage-montre-la-difference-que-cela-a-fait-sur-son-cou\/#breadcrumb\",\"itemListElement\":[{\"@type\":\"ListItem\",\"position\":1,\"name\":\"Accueil\",\"item\":\"https:\/\/www.jokeme.fr\/actus\/\"},{\"@type\":\"ListItem\",\"position\":2,\"name\":\"Une femme \u00e2g\u00e9e qui portait uniquement une protection solaire sur son visage montre la diff\u00e9rence que cela a fait sur son cou\"}]},{\"@type\":\"WebSite\",\"@id\":\"https:\/\/www.jokeme.fr\/actus\/#website\",\"url\":\"https:\/\/www.jokeme.fr\/actus\/\",\"name\":\"Actualit\u00e9s - Joke Me\",\"description\":\"L&#039;actualit\u00e9 du rire\",\"publisher\":{\"@id\":\"https:\/\/www.jokeme.fr\/actus\/#organization\"},\"potentialAction\":[{\"@type\":\"SearchAction\",\"target\":{\"@type\":\"EntryPoint\",\"urlTemplate\":\"https:\/\/www.jokeme.fr\/actus\/?s={search_term_string}\"},\"query-input\":\"required name=search_term_string\"}],\"inLanguage\":\"fr-FR\"},{\"@type\":\"Organization\",\"@id\":\"https:\/\/www.jokeme.fr\/actus\/#organization\",\"name\":\"Actualit\u00e9s - Joke Me\",\"url\":\"https:\/\/www.jokeme.fr\/actus\/\",\"logo\":{\"@type\":\"ImageObject\",\"inLanguage\":\"fr-FR\",\"@id\":\"https:\/\/www.jokeme.fr\/actus\/#\/schema\/logo\/image\/\",\"url\":\"https:\/\/www.jokeme.fr\/actus\/wp-content\/uploads\/2023\/06\/cropped-Logo-Joke-Me.png\",\"contentUrl\":\"https:\/\/www.jokeme.fr\/actus\/wp-content\/uploads\/2023\/06\/cropped-Logo-Joke-Me.png\",\"width\":499,\"height\":363,\"caption\":\"Actualit\u00e9s - Joke Me\"},\"image\":{\"@id\":\"https:\/\/www.jokeme.fr\/actus\/#\/schema\/logo\/image\/\"}},{\"@type\":\"Person\",\"@id\":\"https:\/\/www.jokeme.fr\/actus\/#\/schema\/person\/f0c6ad0d33ca144389e81e45a212928f\",\"name\":\"Didier\",\"image\":{\"@type\":\"ImageObject\",\"inLanguage\":\"fr-FR\",\"@id\":\"https:\/\/www.jokeme.fr\/actus\/#\/schema\/person\/image\/\",\"url\":\"https:\/\/www.jokeme.fr\/actus\/wp-content\/uploads\/2024\/03\/jokeme-didier.jpg\",\"contentUrl\":\"https:\/\/www.jokeme.fr\/actus\/wp-content\/uploads\/2024\/03\/jokeme-didier.jpg\",\"caption\":\"Didier\"},\"description\":\"Didier, passionn\u00e9 de cin\u00e9ma, est un r\u00e9dacteur pour le m\u00e9dia Jokeme, o\u00f9 il partage sa passion \u00e0 travers des articles divertissants et informatifs. Ayant \u00e9tudi\u00e9 le journalisme, il allie sa formation \u00e0 sa passion pour offrir un contenu de qualit\u00e9 sur le monde du cin\u00e9ma.\",\"sameAs\":[\"https:\/\/www.jokeme.fr\/actus\"]}]}<\/script>\n<!-- \/ Yoast SEO plugin. -->","yoast_head_json":{"title":"Une femme \u00e2g\u00e9e qui portait uniquement une protection solaire sur son visage montre la diff\u00e9rence que cela a fait sur son cou - Actualit\u00e9s - Joke Me","robots":{"index":"index","follow":"follow","max-snippet":"max-snippet:-1","max-image-preview":"max-image-preview:large","max-video-preview":"max-video-preview:-1"},"canonical":"https:\/\/www.jokeme.fr\/actus\/une-femme-agee-qui-portait-uniquement-une-protection-solaire-sur-son-visage-montre-la-difference-que-cela-a-fait-sur-son-cou\/","og_locale":"fr_FR","og_type":"article","og_title":"Une femme \u00e2g\u00e9e qui portait uniquement une protection solaire sur son visage montre la diff\u00e9rence que cela a fait sur son cou - Actualit\u00e9s - Joke Me","og_description":"L\u2019id\u00e9e que le SPF puisse aider \u00e0 ralentir le processus de vieillissement de votre peau semble presque incroyable. Mais on ne saurait trop insister sur l\u2019importance de porter une protection solaire. Il semble que prendre soin de sa peau soit devenu plus r\u00e9pandu ces derni\u00e8res ann\u00e9es, en particulier chez la jeune g\u00e9n\u00e9ration, o\u00f9 il est ... Lire plus","og_url":"https:\/\/www.jokeme.fr\/actus\/une-femme-agee-qui-portait-uniquement-une-protection-solaire-sur-son-visage-montre-la-difference-que-cela-a-fait-sur-son-cou\/","og_site_name":"Actualit\u00e9s - Joke Me","article_published_time":"2024-01-19T22:08:58+00:00","article_modified_time":"2024-01-19T22:09:00+00:00","og_image":[{"width":1200,"height":675,"url":"https:\/\/www.jokeme.fr\/actus\/wp-content\/uploads\/2024\/01\/1705702139_Une-femme-agee-qui-portait-uniquement-une-protection-solaire-sur.png","type":"image\/png"}],"author":"Didier","twitter_card":"summary_large_image","twitter_misc":{"\u00c9crit par":"Didier","Dur\u00e9e de lecture estim\u00e9e":"3 minutes"},"schema":{"@context":"https:\/\/schema.org","@graph":[{"@type":"Article","@id":"https:\/\/www.jokeme.fr\/actus\/une-femme-agee-qui-portait-uniquement-une-protection-solaire-sur-son-visage-montre-la-difference-que-cela-a-fait-sur-son-cou\/#article","isPartOf":{"@id":"https:\/\/www.jokeme.fr\/actus\/une-femme-agee-qui-portait-uniquement-une-protection-solaire-sur-son-visage-montre-la-difference-que-cela-a-fait-sur-son-cou\/"},"author":{"name":"Didier","@id":"https:\/\/www.jokeme.fr\/actus\/#\/schema\/person\/f0c6ad0d33ca144389e81e45a212928f"},"headline":"Une femme \u00e2g\u00e9e qui portait uniquement une protection solaire sur son visage montre la diff\u00e9rence que cela a fait sur son cou","datePublished":"2024-01-19T22:08:58+00:00","dateModified":"2024-01-19T22:09:00+00:00","mainEntityOfPage":{"@id":"https:\/\/www.jokeme.fr\/actus\/une-femme-agee-qui-portait-uniquement-une-protection-solaire-sur-son-visage-montre-la-difference-que-cela-a-fait-sur-son-cou\/"},"wordCount":584,"publisher":{"@id":"https:\/\/www.jokeme.fr\/actus\/#organization"},"keywords":["\u00e2g\u00e9e","cela","cou","diff\u00e9rence","fait","femme","montre","portait","protection","qui","solaire","son","sur","une","uniquement","visage"],"inLanguage":"fr-FR"},{"@type":"WebPage","@id":"https:\/\/www.jokeme.fr\/actus\/une-femme-agee-qui-portait-uniquement-une-protection-solaire-sur-son-visage-montre-la-difference-que-cela-a-fait-sur-son-cou\/","url":"https:\/\/www.jokeme.fr\/actus\/une-femme-agee-qui-portait-uniquement-une-protection-solaire-sur-son-visage-montre-la-difference-que-cela-a-fait-sur-son-cou\/","name":"Une femme \u00e2g\u00e9e qui portait uniquement une protection solaire sur son visage montre la diff\u00e9rence que cela a fait sur son cou - Actualit\u00e9s - Joke Me","isPartOf":{"@id":"https:\/\/www.jokeme.fr\/actus\/#website"},"datePublished":"2024-01-19T22:08:58+00:00","dateModified":"2024-01-19T22:09:00+00:00","breadcrumb":{"@id":"https:\/\/www.jokeme.fr\/actus\/une-femme-agee-qui-portait-uniquement-une-protection-solaire-sur-son-visage-montre-la-difference-que-cela-a-fait-sur-son-cou\/#breadcrumb"},"inLanguage":"fr-FR","potentialAction":[{"@type":"ReadAction","target":["https:\/\/www.jokeme.fr\/actus\/une-femme-agee-qui-portait-uniquement-une-protection-solaire-sur-son-visage-montre-la-difference-que-cela-a-fait-sur-son-cou\/"]}]},{"@type":"BreadcrumbList","@id":"https:\/\/www.jokeme.fr\/actus\/une-femme-agee-qui-portait-uniquement-une-protection-solaire-sur-son-visage-montre-la-difference-que-cela-a-fait-sur-son-cou\/#breadcrumb","itemListElement":[{"@type":"ListItem","position":1,"name":"Accueil","item":"https:\/\/www.jokeme.fr\/actus\/"},{"@type":"ListItem","position":2,"name":"Une femme \u00e2g\u00e9e qui portait uniquement une protection solaire sur son visage montre la diff\u00e9rence que cela a fait sur son cou"}]},{"@type":"WebSite","@id":"https:\/\/www.jokeme.fr\/actus\/#website","url":"https:\/\/www.jokeme.fr\/actus\/","name":"Actualit\u00e9s - Joke Me","description":"L&#039;actualit\u00e9 du rire","publisher":{"@id":"https:\/\/www.jokeme.fr\/actus\/#organization"},"potentialAction":[{"@type":"SearchAction","target":{"@type":"EntryPoint","urlTemplate":"https:\/\/www.jokeme.fr\/actus\/?s={search_term_string}"},"query-input":"required name=search_term_string"}],"inLanguage":"fr-FR"},{"@type":"Organization","@id":"https:\/\/www.jokeme.fr\/actus\/#organization","name":"Actualit\u00e9s - Joke Me","url":"https:\/\/www.jokeme.fr\/actus\/","logo":{"@type":"ImageObject","inLanguage":"fr-FR","@id":"https:\/\/www.jokeme.fr\/actus\/#\/schema\/logo\/image\/","url":"https:\/\/www.jokeme.fr\/actus\/wp-content\/uploads\/2023\/06\/cropped-Logo-Joke-Me.png","contentUrl":"https:\/\/www.jokeme.fr\/actus\/wp-content\/uploads\/2023\/06\/cropped-Logo-Joke-Me.png","width":499,"height":363,"caption":"Actualit\u00e9s - Joke Me"},"image":{"@id":"https:\/\/www.jokeme.fr\/actus\/#\/schema\/logo\/image\/"}},{"@type":"Person","@id":"https:\/\/www.jokeme.fr\/actus\/#\/schema\/person\/f0c6ad0d33ca144389e81e45a212928f","name":"Didier","image":{"@type":"ImageObject","inLanguage":"fr-FR","@id":"https:\/\/www.jokeme.fr\/actus\/#\/schema\/person\/image\/","url":"https:\/\/www.jokeme.fr\/actus\/wp-content\/uploads\/2024\/03\/jokeme-didier.jpg","contentUrl":"https:\/\/www.jokeme.fr\/actus\/wp-content\/uploads\/2024\/03\/jokeme-didier.jpg","caption":"Didier"},"description":"Didier, passionn\u00e9 de cin\u00e9ma, est un r\u00e9dacteur pour le m\u00e9dia Jokeme, o\u00f9 il partage sa passion \u00e0 travers des articles divertissants et informatifs. Ayant \u00e9tudi\u00e9 le journalisme, il allie sa formation \u00e0 sa passion pour offrir un contenu de qualit\u00e9 sur le monde du cin\u00e9ma.","sameAs":["https:\/\/www.jokeme.fr\/actus"]}]}},"_links":{"self":[{"href":"https:\/\/www.jokeme.fr\/actus\/wp-json\/wp\/v2\/posts\/1947"}],"collection":[{"href":"https:\/\/www.jokeme.fr\/actus\/wp-json\/wp\/v2\/posts"}],"about":[{"href":"https:\/\/www.jokeme.fr\/actus\/wp-json\/wp\/v2\/types\/post"}],"author":[{"embeddable":true,"href":"https:\/\/www.jokeme.fr\/actus\/wp-json\/wp\/v2\/users\/1"}],"replies":[{"embeddable":true,"href":"https:\/\/www.jokeme.fr\/actus\/wp-json\/wp\/v2\/comments?post=1947"}],"version-history":[{"count":1,"href":"https:\/\/www.jokeme.fr\/actus\/wp-json\/wp\/v2\/posts\/1947\/revisions"}],"predecessor-version":[{"id":1949,"href":"https:\/\/www.jokeme.fr\/actus\/wp-json\/wp\/v2\/posts\/1947\/revisions\/1949"}],"wp:featuredmedia":[{"embeddable":true,"href":"https:\/\/www.jokeme.fr\/actus\/wp-json\/wp\/v2\/media\/1948"}],"wp:attachment":[{"href":"https:\/\/www.jokeme.fr\/actus\/wp-json\/wp\/v2\/media?parent=1947"}],"wp:term":[{"taxonomy":"category","embeddable":true,"href":"https:\/\/www.jokeme.fr\/actus\/wp-json\/wp\/v2\/categories?post=1947"},{"taxonomy":"post_tag","embeddable":true,"href":"https:\/\/www.jokeme.fr\/actus\/wp-json\/wp\/v2\/tags?post=1947"}],"curies":[{"name":"wp","href":"https:\/\/api.w.org\/{rel}","templated":true}]}}