{"id":1995,"date":"2024-01-25T12:37:42","date_gmt":"2024-01-25T11:37:42","guid":{"rendered":"https:\/\/www.jokeme.fr\/actus\/les-gens-perdent-la-tete-a-cause-de-leffet-mandela-de-fruit-of-the-loom-apres-avoir-realise-que-le-logo-dont-ils-se-souviennent-na-jamais-existe\/"},"modified":"2024-01-25T12:37:44","modified_gmt":"2024-01-25T11:37:44","slug":"les-gens-perdent-la-tete-a-cause-de-leffet-mandela-de-fruit-of-the-loom-apres-avoir-realise-que-le-logo-dont-ils-se-souviennent-na-jamais-existe","status":"publish","type":"post","link":"https:\/\/www.jokeme.fr\/actus\/les-gens-perdent-la-tete-a-cause-de-leffet-mandela-de-fruit-of-the-loom-apres-avoir-realise-que-le-logo-dont-ils-se-souviennent-na-jamais-existe\/","title":{"rendered":"Les gens perdent la t\u00eate \u00e0 cause de \u00abl&rsquo;effet Mandela\u00bb de Fruit Of The Loom apr\u00e8s avoir r\u00e9alis\u00e9 que le logo dont ils se souviennent n&rsquo;a jamais exist\u00e9"},"content":{"rendered":"<div>\n<div class=\"css-12zje5r\">\n<p>Si vous vous retrouvez dans le terrier des th\u00e9ories du complot entourant l\u2019effet Mandela, vous finirez par remettre en question tout ce que vous avez toujours connu.<\/p>\n<\/div>\n<div class=\"css-c2lb2p\">\n<p>Internet regorge d&rsquo;autres exemples \u00e9tranges de l&rsquo;effet Mandela, mais l&rsquo;un des d\u00e9bats les plus controvers\u00e9s concerne sans doute le logo d&rsquo;une entreprise de v\u00eatements &#8211; Fruit of the Loom et sa corne d&rsquo;abondance.<\/p>\n<\/div>\n<figure class=\"css-1ey54xo\"><picture class=\"css-1x72e95\"><source  media=\"(min-width: 0px) and (max-width: 380px) and (max-resolution: 1dppx)\" type=\"image\/webp\"\/><source  media=\"(min-width: 0px) and (max-width: 380px) and (max-resolution: 1dppx)\" type=\"image\/jpeg\"\/><source  media=\"(min-width: 0px) and (max-width: 380px) and (-webkit-max-device-pixel-ratio: 1)\" type=\"image\/webp\"\/><source  media=\"(min-width: 0px) and (max-width: 380px) and (-webkit-max-device-pixel-ratio: 1)\" type=\"image\/jpeg\"\/><source  media=\"(min-width: 0px) and (max-width: 380px) and (max-resolution: 3dppx)\" type=\"image\/webp\"\/><source  media=\"(min-width: 0px) and (max-width: 380px) and (max-resolution: 3dppx)\" type=\"image\/jpeg\"\/><source  media=\"(min-width: 0px) and (max-width: 380px) and (-webkit-max-device-pixel-ratio: 3)\" type=\"image\/webp\"\/><source  media=\"(min-width: 0px) and (max-width: 380px) and (-webkit-max-device-pixel-ratio: 3)\" type=\"image\/jpeg\"\/><source  media=\"(min-width: 380px) and (min-resolution: 2dppx)\" type=\"image\/webp\"\/><source  media=\"(min-width: 380px) and (min-resolution: 2dppx)\" type=\"image\/jpeg\"\/><source  media=\"(min-width: 380px) and (-webkit-min-device-pixel-ratio: 2)\" type=\"image\/webp\"\/><source  media=\"(min-width: 380px) and (-webkit-min-device-pixel-ratio: 2)\" type=\"image\/jpeg\"\/><source  type=\"image\/webp\"\/><source  type=\"image\/jpeg\"\/><\/picture><figcaption class=\"css-1hkjxsv\">Beaucoup de gens se souviennent du logo de la marque qui ressemblait \u00e0 ceci.  Cr\u00e9dit : Imgur\/Fruit du m\u00e9tier \u00e0 tisser<\/figcaption><\/figure>\n<div class=\"css-c2lb2p\">\n<p>Fondamentalement, un camp est absolument convaincu que le logo fruit\u00e9 de la marque am\u00e9ricaine comportait \u00e9galement une corne d&rsquo;abondance, tandis que l&rsquo;autre moiti\u00e9, ainsi que l&rsquo;entreprise elle-m\u00eame, insistent sur le fait que ce n&rsquo;est jamais le cas.<\/p>\n<\/div>\n<div class=\"css-12zje5r\">\n<p>Cette querelle fait en fait rage depuis bien plus longtemps que vous ne le pensez, puisque la star des publicit\u00e9s de l&rsquo;entreprise de v\u00eatements a affirm\u00e9 que le panier en forme de corne figurait sur les \u00e9tiquettes de nos achats en 1994.<\/p>\n<\/div>\n<div class=\"css-c2lb2p\">\n<p>Un article paru dans un journal de Floride qui d\u00e9taillait une interview de Samuel Wright &#8211; qui jouait \u00e9galement le r\u00f4le de Sebastian le Crabe dans <em>La petite Sir\u00e8ne<\/em> &#8211; lire : \u00ab\u00a0Pendant 19 ans, Wright a r\u00e9alis\u00e9 entre 120 et 140 publicit\u00e9s t\u00e9l\u00e9vis\u00e9es pour les sous-v\u00eatements Fruit of the Loom. Et il n&rsquo;a m\u00eame pas port\u00e9 Fruit of the Loom.<\/p>\n<\/div>\n<div class=\"css-12zje5r\">\n<p>\u00ab\u00a0Il portait un slip de bikini \u00e9troit. &lsquo;Ma femme est europ\u00e9enne&rsquo;, dit-il depuis une chambre d&rsquo;h\u00f4tel \u00e0 Tampa. &lsquo;Elle a dit que (les sous-v\u00eatements en coton) me faisaient ressembler \u00e0 un vieil homme&rsquo;.<\/p>\n<\/div>\n<div class=\"css-12zje5r\">\n<p>\u00ab\u00a0Quoi qu&rsquo;il en soit, le logo de Fruit of the Loom \u00e9tait initialement une corne d&rsquo;abondance gonfl\u00e9e d&rsquo;une pomme, de raisins verts, de raisins violets et de leurs feuilles vertes. Wright \u00e9tait la grappe de raisin violet. Et il a d\u00fb faire comme si Fruit of the Looms n&rsquo;en avait jamais trouv\u00e9 qui \u00e9taient g\u00e9niaux. \u00ab\u00a0.<\/p>\n<\/div>\n<div class=\"css-c2lb2p\">\n<p>En plus de cela et de divers autres \u00e9l\u00e9ments de preuve, un cr\u00e9ateur d\u00e9di\u00e9 de TikTok a eu pour mission de prouver la corne d&rsquo;abondance <em>\u00e9tait<\/em> une partie du logo depuis des mois &#8211; et elle a des preuves assez convaincantes pour \u00e9tayer ses affirmations.<\/p>\n<\/div>\n<div class=\"css-c2lb2p\">\n<p>Nicole, mieux connue sous le nom de @dimelifting en ligne, a parcouru des d\u00e9cennies d&rsquo;informations dans l&rsquo;espoir de prouver son point de vue et a finalement trouv\u00e9 un t-shirt avec le logo exactement tel qu&rsquo;elle s&rsquo;en souvenait.  Jetez un \u0153il \u00e0 ses conclusions ici:<\/p>\n<\/div>\n<div class=\"css-c2lb2p\">\n<p>Elle a d\u00e9clar\u00e9 aux utilisateurs des r\u00e9seaux sociaux : \u00ab\u00a0Lorsque Fruit of the Loom a \u00e9t\u00e9 interrog\u00e9 sur la corne d&rsquo;abondance, ils nous ont carr\u00e9ment menti et ont dit qu&rsquo;elle n&rsquo;avait jamais exist\u00e9.\u00a0\u00bb<\/p>\n<\/div>\n<div class=\"css-12zje5r\">\n<p>Elle l\u2019a \u00e9galement qualifi\u00e9 de \u00ab l\u2019un des plus grands stratag\u00e8mes marketing de l\u2019histoire \u00bb.<\/p>\n<\/div>\n<div class=\"css-12zje5r\">\n<p>Fruit of the Loom a \u00e9galement abord\u00e9 la controverse sur la corne d&rsquo;abondance, m\u00eame si les gens ne font pas enti\u00e8rement confiance \u00e0 leur parole.<\/p>\n<\/div>\n<div class=\"css-c2lb2p\">\n<p>Dans un tweet partag\u00e9 en juin de l&rsquo;ann\u00e9e derni\u00e8re, la soci\u00e9t\u00e9 a partag\u00e9 un extrait de mots crois\u00e9s qui laissait entendre : \u00ab\u00a0Fruit of the ____ (entreprise qui n&rsquo;a pas, en fait, de corne d&rsquo;abondance dans son logo).\u00a0\u00bb<\/p>\n<\/div>\n<div class=\"css-12zje5r\">\n<p>L&rsquo;image a \u00e9t\u00e9 publi\u00e9e avec la l\u00e9gende : \u00ab\u00a0L&rsquo;effet Mandela est r\u00e9el, la corne d&rsquo;abondance de notre logo ne l&rsquo;est pas.\u00a0\u00bb<\/p>\n<\/div>\n<div class=\"css-c2lb2p\">\n<p>Le site Web de v\u00e9rification des faits Snopes s&rsquo;est prononc\u00e9 sur Corne d&rsquo;abondance, affirmant que les preuves photographiques sont \u00ab faibles \u00bb et que sur des centaines d&rsquo;exemples, \u00ab seules deux images discr\u00e8tes \u00bb ont \u00e9t\u00e9 fournies du logo avec une corne d&rsquo;abondance.<\/p>\n<\/div>\n<div class=\"css-c2lb2p\">\n<p>La page disait : \u00ab Les deux images auraient \u00e9t\u00e9 prises \u00e0 partir de chemises trouv\u00e9es dans des friperies.<\/p>\n<\/div>\n<figure class=\"css-1ey54xo\"><picture class=\"css-1x72e95\"><source  media=\"(min-width: 0px) and (max-width: 380px) and (max-resolution: 1dppx)\" type=\"image\/webp\"\/><source  media=\"(min-width: 0px) and (max-width: 380px) and (max-resolution: 1dppx)\" type=\"image\/jpeg\"\/><source  media=\"(min-width: 0px) and (max-width: 380px) and (-webkit-max-device-pixel-ratio: 1)\" type=\"image\/webp\"\/><source  media=\"(min-width: 0px) and (max-width: 380px) and (-webkit-max-device-pixel-ratio: 1)\" type=\"image\/jpeg\"\/><source  media=\"(min-width: 0px) and (max-width: 380px) and (max-resolution: 3dppx)\" type=\"image\/webp\"\/><source  media=\"(min-width: 0px) and (max-width: 380px) and (max-resolution: 3dppx)\" type=\"image\/jpeg\"\/><source  media=\"(min-width: 0px) and (max-width: 380px) and (-webkit-max-device-pixel-ratio: 3)\" type=\"image\/webp\"\/><source  media=\"(min-width: 0px) and (max-width: 380px) and (-webkit-max-device-pixel-ratio: 3)\" type=\"image\/jpeg\"\/><source  media=\"(min-width: 380px) and (min-resolution: 2dppx)\" type=\"image\/webp\"\/><source  media=\"(min-width: 380px) and (min-resolution: 2dppx)\" type=\"image\/jpeg\"\/><source  media=\"(min-width: 380px) and (-webkit-min-device-pixel-ratio: 2)\" type=\"image\/webp\"\/><source  media=\"(min-width: 380px) and (-webkit-min-device-pixel-ratio: 2)\" type=\"image\/jpeg\"\/><source  type=\"image\/webp\"\/><source  type=\"image\/jpeg\"\/><img decoding=\"async\" src=\"https:\/\/www.jokeme.fr\/actus\/wp-content\/uploads\/2024\/01\/1706182662_172_Les-gens-perdent-la-tete-a-cause-de-leffet-Mandela.webp.jpeg\" alt=\"Les v\u00e9rificateurs des faits affirment qu\u2019il n\u2019a jamais figur\u00e9 dans un logo Fruit of the Loom.  Cr\u00e9dit : Snopes.com\" loading=\"lazy\"\/><\/picture><figcaption class=\"css-1hkjxsv\">Les v\u00e9rificateurs des faits affirment qu\u2019il n\u2019a jamais figur\u00e9 dans un logo Fruit of the Loom.  Cr\u00e9dit : Snopes.com<\/figcaption><\/figure>\n<div class=\"css-12zje5r\">\n<p>\u00ab\u00a0Parce qu&rsquo;aucune image v\u00e9rifi\u00e9e d&rsquo;un Fruit of the Loom contenant une corne d&rsquo;abondance n&rsquo;existe sous forme imprim\u00e9e, et parce que la soci\u00e9t\u00e9 a officiellement d\u00e9clar\u00e9 que son logo n&rsquo;a jamais contenu de corne d&rsquo;abondance, cette affirmation est fausse.\u00a0\u00bb<\/p>\n<\/div>\n<div class=\"css-12zje5r\">\n<p>Peut-\u00eatre qu&rsquo;il n&rsquo;y avait toujours que la pomme, les raisins verts, les raisins violets et les feuilles.  Mais pour ma part, je me souviens tr\u00e8s bien du fruit qui sort d&rsquo;une corne d&rsquo;abondance &#8211; tout comme des centaines d&rsquo;autres qui en perdent la t\u00eate.<\/p>\n<\/div>\n<div class=\"css-12zje5r\">\n<p>L&rsquo;un d&rsquo;entre eux a d\u00e9clar\u00e9 : \u00ab\u00a0Cela existait. L&rsquo;entreprise l&rsquo;a supprim\u00e9 et fait croire \u00e0 tout le monde qu&rsquo;il n&rsquo;existait pas. Une fille sur TikTok re\u00e7oit tous les re\u00e7us, photos et informations pour le prouver et l&rsquo;entreprise essaie de la poursuivre en justice.\u00a0\u00bb<\/p>\n<\/div>\n<div class=\"css-12zje5r\">\n<p>Un autre fulmine : \u00ab\u00a0Les fruits du m\u00e9tier \u00e0 tisser, tout comme leurs sous-v\u00eatements, sont pleins de merde. Ils savent que la photo de gauche \u00e9tait leur logo \u00e0 un moment donn\u00e9.\u00a0\u00bb<\/p>\n<\/div>\n<div class=\"css-12zje5r\">\n<p>Tandis qu&rsquo;un troisi\u00e8me \u00e9crivait : \u00ab\u00a0Le premier logo a bel et bien exist\u00e9. Ce n&rsquo;est peut-\u00eatre pas l&rsquo;effet Mandela mais l&rsquo;entreprise a d\u00e9cid\u00e9 de changer de logo.\u00a0\u00bb<\/p>\n<\/div>\n<\/div>\n","protected":false},"excerpt":{"rendered":"<p>Si vous vous retrouvez dans le terrier des th\u00e9ories du complot entourant l\u2019effet Mandela, vous finirez par remettre en question tout ce que vous avez toujours connu. Internet regorge d&rsquo;autres exemples \u00e9tranges de l&rsquo;effet Mandela, mais l&rsquo;un des d\u00e9bats les plus controvers\u00e9s concerne sans doute le logo d&rsquo;une entreprise de v\u00eatements &#8211; Fruit of the &#8230; <a title=\"Les gens perdent la t\u00eate \u00e0 cause de \u00abl&rsquo;effet Mandela\u00bb de Fruit Of The Loom apr\u00e8s avoir r\u00e9alis\u00e9 que le logo dont ils se souviennent n&rsquo;a jamais exist\u00e9\" class=\"read-more\" href=\"https:\/\/www.jokeme.fr\/actus\/les-gens-perdent-la-tete-a-cause-de-leffet-mandela-de-fruit-of-the-loom-apres-avoir-realise-que-le-logo-dont-ils-se-souviennent-na-jamais-existe\/\" aria-label=\"Plus sur Les gens perdent la t\u00eate \u00e0 cause de \u00abl&rsquo;effet Mandela\u00bb de Fruit Of The Loom apr\u00e8s avoir r\u00e9alis\u00e9 que le logo dont ils se souviennent n&rsquo;a jamais exist\u00e9\">Lire plus<\/a><\/p>\n","protected":false},"author":1,"featured_media":1996,"comment_status":"closed","ping_status":"open","sticky":false,"template":"","format":"standard","meta":{"footnotes":""},"categories":[1],"tags":[152,71,2055,2566,3131,306,696,283,3129,66,2377,3132,3130,874,636,3133,113],"yoast_head":"<!-- This site is optimized with the Yoast SEO plugin v20.8 - https:\/\/yoast.com\/wordpress\/plugins\/seo\/ -->\n<title>Les gens perdent la t\u00eate \u00e0 cause de \u00abl&#039;effet Mandela\u00bb de Fruit Of The Loom apr\u00e8s avoir r\u00e9alis\u00e9 que le logo dont ils se souviennent n&#039;a jamais exist\u00e9 - Actualit\u00e9s - Joke Me<\/title>\n<meta name=\"robots\" content=\"index, follow, max-snippet:-1, max-image-preview:large, max-video-preview:-1\" \/>\n<link rel=\"canonical\" href=\"https:\/\/www.jokeme.fr\/actus\/les-gens-perdent-la-tete-a-cause-de-leffet-mandela-de-fruit-of-the-loom-apres-avoir-realise-que-le-logo-dont-ils-se-souviennent-na-jamais-existe\/\" \/>\n<meta property=\"og:locale\" content=\"fr_FR\" \/>\n<meta property=\"og:type\" content=\"article\" \/>\n<meta property=\"og:title\" content=\"Les gens perdent la t\u00eate \u00e0 cause de \u00abl&#039;effet Mandela\u00bb de Fruit Of The Loom apr\u00e8s avoir r\u00e9alis\u00e9 que le logo dont ils se souviennent n&#039;a jamais exist\u00e9 - Actualit\u00e9s - Joke Me\" \/>\n<meta property=\"og:description\" content=\"Si vous vous retrouvez dans le terrier des th\u00e9ories du complot entourant l\u2019effet Mandela, vous finirez par remettre en question tout ce que vous avez toujours connu. Internet regorge d&rsquo;autres exemples \u00e9tranges de l&rsquo;effet Mandela, mais l&rsquo;un des d\u00e9bats les plus controvers\u00e9s concerne sans doute le logo d&rsquo;une entreprise de v\u00eatements &#8211; Fruit of the ... Lire plus\" \/>\n<meta property=\"og:url\" content=\"https:\/\/www.jokeme.fr\/actus\/les-gens-perdent-la-tete-a-cause-de-leffet-mandela-de-fruit-of-the-loom-apres-avoir-realise-que-le-logo-dont-ils-se-souviennent-na-jamais-existe\/\" \/>\n<meta property=\"og:site_name\" content=\"Actualit\u00e9s - Joke Me\" \/>\n<meta property=\"article:published_time\" content=\"2024-01-25T11:37:42+00:00\" \/>\n<meta property=\"article:modified_time\" content=\"2024-01-25T11:37:44+00:00\" \/>\n<meta property=\"og:image\" content=\"https:\/\/www.jokeme.fr\/actus\/wp-content\/uploads\/2024\/01\/Les-gens-perdent-la-tete-a-cause-de-leffet-Mandela.png\" \/>\n\t<meta property=\"og:image:width\" content=\"1200\" \/>\n\t<meta property=\"og:image:height\" content=\"675\" \/>\n\t<meta property=\"og:image:type\" content=\"image\/png\" \/>\n<meta name=\"author\" content=\"Didier\" \/>\n<meta name=\"twitter:card\" content=\"summary_large_image\" \/>\n<meta name=\"twitter:label1\" content=\"\u00c9crit par\" \/>\n\t<meta name=\"twitter:data1\" content=\"Didier\" \/>\n\t<meta name=\"twitter:label2\" content=\"Dur\u00e9e de lecture estim\u00e9e\" \/>\n\t<meta name=\"twitter:data2\" content=\"4 minutes\" \/>\n<script type=\"application\/ld+json\" class=\"yoast-schema-graph\">{\"@context\":\"https:\/\/schema.org\",\"@graph\":[{\"@type\":\"Article\",\"@id\":\"https:\/\/www.jokeme.fr\/actus\/les-gens-perdent-la-tete-a-cause-de-leffet-mandela-de-fruit-of-the-loom-apres-avoir-realise-que-le-logo-dont-ils-se-souviennent-na-jamais-existe\/#article\",\"isPartOf\":{\"@id\":\"https:\/\/www.jokeme.fr\/actus\/les-gens-perdent-la-tete-a-cause-de-leffet-mandela-de-fruit-of-the-loom-apres-avoir-realise-que-le-logo-dont-ils-se-souviennent-na-jamais-existe\/\"},\"author\":{\"name\":\"Didier\",\"@id\":\"https:\/\/www.jokeme.fr\/actus\/#\/schema\/person\/f0c6ad0d33ca144389e81e45a212928f\"},\"headline\":\"Les gens perdent la t\u00eate \u00e0 cause de \u00abl&rsquo;effet Mandela\u00bb de Fruit Of The Loom apr\u00e8s avoir r\u00e9alis\u00e9 que le logo dont ils se souviennent n&rsquo;a jamais exist\u00e9\",\"datePublished\":\"2024-01-25T11:37:42+00:00\",\"dateModified\":\"2024-01-25T11:37:44+00:00\",\"mainEntityOfPage\":{\"@id\":\"https:\/\/www.jokeme.fr\/actus\/les-gens-perdent-la-tete-a-cause-de-leffet-mandela-de-fruit-of-the-loom-apres-avoir-realise-que-le-logo-dont-ils-se-souviennent-na-jamais-existe\/\"},\"wordCount\":864,\"publisher\":{\"@id\":\"https:\/\/www.jokeme.fr\/actus\/#organization\"},\"keywords\":[\"apr\u00e8s\",\"avoir\",\"dont\",\"existe\",\"Fruit\",\"gens\",\"ils\",\"jamais\",\"leffet\",\"les\",\"logo\",\"Loom\",\"Mandela\",\"perdent\",\"r\u00e9alis\u00e9\",\"souviennent\",\"t\u00eate\"],\"inLanguage\":\"fr-FR\"},{\"@type\":\"WebPage\",\"@id\":\"https:\/\/www.jokeme.fr\/actus\/les-gens-perdent-la-tete-a-cause-de-leffet-mandela-de-fruit-of-the-loom-apres-avoir-realise-que-le-logo-dont-ils-se-souviennent-na-jamais-existe\/\",\"url\":\"https:\/\/www.jokeme.fr\/actus\/les-gens-perdent-la-tete-a-cause-de-leffet-mandela-de-fruit-of-the-loom-apres-avoir-realise-que-le-logo-dont-ils-se-souviennent-na-jamais-existe\/\",\"name\":\"Les gens perdent la t\u00eate \u00e0 cause de \u00abl'effet Mandela\u00bb de Fruit Of The Loom apr\u00e8s avoir r\u00e9alis\u00e9 que le logo dont ils se souviennent n'a jamais exist\u00e9 - Actualit\u00e9s - Joke Me\",\"isPartOf\":{\"@id\":\"https:\/\/www.jokeme.fr\/actus\/#website\"},\"datePublished\":\"2024-01-25T11:37:42+00:00\",\"dateModified\":\"2024-01-25T11:37:44+00:00\",\"breadcrumb\":{\"@id\":\"https:\/\/www.jokeme.fr\/actus\/les-gens-perdent-la-tete-a-cause-de-leffet-mandela-de-fruit-of-the-loom-apres-avoir-realise-que-le-logo-dont-ils-se-souviennent-na-jamais-existe\/#breadcrumb\"},\"inLanguage\":\"fr-FR\",\"potentialAction\":[{\"@type\":\"ReadAction\",\"target\":[\"https:\/\/www.jokeme.fr\/actus\/les-gens-perdent-la-tete-a-cause-de-leffet-mandela-de-fruit-of-the-loom-apres-avoir-realise-que-le-logo-dont-ils-se-souviennent-na-jamais-existe\/\"]}]},{\"@type\":\"BreadcrumbList\",\"@id\":\"https:\/\/www.jokeme.fr\/actus\/les-gens-perdent-la-tete-a-cause-de-leffet-mandela-de-fruit-of-the-loom-apres-avoir-realise-que-le-logo-dont-ils-se-souviennent-na-jamais-existe\/#breadcrumb\",\"itemListElement\":[{\"@type\":\"ListItem\",\"position\":1,\"name\":\"Accueil\",\"item\":\"https:\/\/www.jokeme.fr\/actus\/\"},{\"@type\":\"ListItem\",\"position\":2,\"name\":\"Les gens perdent la t\u00eate \u00e0 cause de \u00abl&rsquo;effet Mandela\u00bb de Fruit Of The Loom apr\u00e8s avoir r\u00e9alis\u00e9 que le logo dont ils se souviennent n&rsquo;a jamais exist\u00e9\"}]},{\"@type\":\"WebSite\",\"@id\":\"https:\/\/www.jokeme.fr\/actus\/#website\",\"url\":\"https:\/\/www.jokeme.fr\/actus\/\",\"name\":\"Actualit\u00e9s - Joke Me\",\"description\":\"L&#039;actualit\u00e9 du rire\",\"publisher\":{\"@id\":\"https:\/\/www.jokeme.fr\/actus\/#organization\"},\"potentialAction\":[{\"@type\":\"SearchAction\",\"target\":{\"@type\":\"EntryPoint\",\"urlTemplate\":\"https:\/\/www.jokeme.fr\/actus\/?s={search_term_string}\"},\"query-input\":\"required name=search_term_string\"}],\"inLanguage\":\"fr-FR\"},{\"@type\":\"Organization\",\"@id\":\"https:\/\/www.jokeme.fr\/actus\/#organization\",\"name\":\"Actualit\u00e9s - Joke Me\",\"url\":\"https:\/\/www.jokeme.fr\/actus\/\",\"logo\":{\"@type\":\"ImageObject\",\"inLanguage\":\"fr-FR\",\"@id\":\"https:\/\/www.jokeme.fr\/actus\/#\/schema\/logo\/image\/\",\"url\":\"https:\/\/www.jokeme.fr\/actus\/wp-content\/uploads\/2023\/06\/cropped-Logo-Joke-Me.png\",\"contentUrl\":\"https:\/\/www.jokeme.fr\/actus\/wp-content\/uploads\/2023\/06\/cropped-Logo-Joke-Me.png\",\"width\":499,\"height\":363,\"caption\":\"Actualit\u00e9s - Joke Me\"},\"image\":{\"@id\":\"https:\/\/www.jokeme.fr\/actus\/#\/schema\/logo\/image\/\"}},{\"@type\":\"Person\",\"@id\":\"https:\/\/www.jokeme.fr\/actus\/#\/schema\/person\/f0c6ad0d33ca144389e81e45a212928f\",\"name\":\"Didier\",\"image\":{\"@type\":\"ImageObject\",\"inLanguage\":\"fr-FR\",\"@id\":\"https:\/\/www.jokeme.fr\/actus\/#\/schema\/person\/image\/\",\"url\":\"https:\/\/www.jokeme.fr\/actus\/wp-content\/uploads\/2024\/03\/jokeme-didier.jpg\",\"contentUrl\":\"https:\/\/www.jokeme.fr\/actus\/wp-content\/uploads\/2024\/03\/jokeme-didier.jpg\",\"caption\":\"Didier\"},\"description\":\"Didier, passionn\u00e9 de cin\u00e9ma, est un r\u00e9dacteur pour le m\u00e9dia Jokeme, o\u00f9 il partage sa passion \u00e0 travers des articles divertissants et informatifs. Ayant \u00e9tudi\u00e9 le journalisme, il allie sa formation \u00e0 sa passion pour offrir un contenu de qualit\u00e9 sur le monde du cin\u00e9ma.\",\"sameAs\":[\"https:\/\/www.jokeme.fr\/actus\"]}]}<\/script>\n<!-- \/ Yoast SEO plugin. -->","yoast_head_json":{"title":"Les gens perdent la t\u00eate \u00e0 cause de \u00abl'effet Mandela\u00bb de Fruit Of The Loom apr\u00e8s avoir r\u00e9alis\u00e9 que le logo dont ils se souviennent n'a jamais exist\u00e9 - Actualit\u00e9s - Joke Me","robots":{"index":"index","follow":"follow","max-snippet":"max-snippet:-1","max-image-preview":"max-image-preview:large","max-video-preview":"max-video-preview:-1"},"canonical":"https:\/\/www.jokeme.fr\/actus\/les-gens-perdent-la-tete-a-cause-de-leffet-mandela-de-fruit-of-the-loom-apres-avoir-realise-que-le-logo-dont-ils-se-souviennent-na-jamais-existe\/","og_locale":"fr_FR","og_type":"article","og_title":"Les gens perdent la t\u00eate \u00e0 cause de \u00abl'effet Mandela\u00bb de Fruit Of The Loom apr\u00e8s avoir r\u00e9alis\u00e9 que le logo dont ils se souviennent n'a jamais exist\u00e9 - Actualit\u00e9s - Joke Me","og_description":"Si vous vous retrouvez dans le terrier des th\u00e9ories du complot entourant l\u2019effet Mandela, vous finirez par remettre en question tout ce que vous avez toujours connu. Internet regorge d&rsquo;autres exemples \u00e9tranges de l&rsquo;effet Mandela, mais l&rsquo;un des d\u00e9bats les plus controvers\u00e9s concerne sans doute le logo d&rsquo;une entreprise de v\u00eatements &#8211; Fruit of the ... Lire plus","og_url":"https:\/\/www.jokeme.fr\/actus\/les-gens-perdent-la-tete-a-cause-de-leffet-mandela-de-fruit-of-the-loom-apres-avoir-realise-que-le-logo-dont-ils-se-souviennent-na-jamais-existe\/","og_site_name":"Actualit\u00e9s - Joke Me","article_published_time":"2024-01-25T11:37:42+00:00","article_modified_time":"2024-01-25T11:37:44+00:00","og_image":[{"width":1200,"height":675,"url":"https:\/\/www.jokeme.fr\/actus\/wp-content\/uploads\/2024\/01\/Les-gens-perdent-la-tete-a-cause-de-leffet-Mandela.png","type":"image\/png"}],"author":"Didier","twitter_card":"summary_large_image","twitter_misc":{"\u00c9crit par":"Didier","Dur\u00e9e de lecture estim\u00e9e":"4 minutes"},"schema":{"@context":"https:\/\/schema.org","@graph":[{"@type":"Article","@id":"https:\/\/www.jokeme.fr\/actus\/les-gens-perdent-la-tete-a-cause-de-leffet-mandela-de-fruit-of-the-loom-apres-avoir-realise-que-le-logo-dont-ils-se-souviennent-na-jamais-existe\/#article","isPartOf":{"@id":"https:\/\/www.jokeme.fr\/actus\/les-gens-perdent-la-tete-a-cause-de-leffet-mandela-de-fruit-of-the-loom-apres-avoir-realise-que-le-logo-dont-ils-se-souviennent-na-jamais-existe\/"},"author":{"name":"Didier","@id":"https:\/\/www.jokeme.fr\/actus\/#\/schema\/person\/f0c6ad0d33ca144389e81e45a212928f"},"headline":"Les gens perdent la t\u00eate \u00e0 cause de \u00abl&rsquo;effet Mandela\u00bb de Fruit Of The Loom apr\u00e8s avoir r\u00e9alis\u00e9 que le logo dont ils se souviennent n&rsquo;a jamais exist\u00e9","datePublished":"2024-01-25T11:37:42+00:00","dateModified":"2024-01-25T11:37:44+00:00","mainEntityOfPage":{"@id":"https:\/\/www.jokeme.fr\/actus\/les-gens-perdent-la-tete-a-cause-de-leffet-mandela-de-fruit-of-the-loom-apres-avoir-realise-que-le-logo-dont-ils-se-souviennent-na-jamais-existe\/"},"wordCount":864,"publisher":{"@id":"https:\/\/www.jokeme.fr\/actus\/#organization"},"keywords":["apr\u00e8s","avoir","dont","existe","Fruit","gens","ils","jamais","leffet","les","logo","Loom","Mandela","perdent","r\u00e9alis\u00e9","souviennent","t\u00eate"],"inLanguage":"fr-FR"},{"@type":"WebPage","@id":"https:\/\/www.jokeme.fr\/actus\/les-gens-perdent-la-tete-a-cause-de-leffet-mandela-de-fruit-of-the-loom-apres-avoir-realise-que-le-logo-dont-ils-se-souviennent-na-jamais-existe\/","url":"https:\/\/www.jokeme.fr\/actus\/les-gens-perdent-la-tete-a-cause-de-leffet-mandela-de-fruit-of-the-loom-apres-avoir-realise-que-le-logo-dont-ils-se-souviennent-na-jamais-existe\/","name":"Les gens perdent la t\u00eate \u00e0 cause de \u00abl'effet Mandela\u00bb de Fruit Of The Loom apr\u00e8s avoir r\u00e9alis\u00e9 que le logo dont ils se souviennent n'a jamais exist\u00e9 - Actualit\u00e9s - Joke Me","isPartOf":{"@id":"https:\/\/www.jokeme.fr\/actus\/#website"},"datePublished":"2024-01-25T11:37:42+00:00","dateModified":"2024-01-25T11:37:44+00:00","breadcrumb":{"@id":"https:\/\/www.jokeme.fr\/actus\/les-gens-perdent-la-tete-a-cause-de-leffet-mandela-de-fruit-of-the-loom-apres-avoir-realise-que-le-logo-dont-ils-se-souviennent-na-jamais-existe\/#breadcrumb"},"inLanguage":"fr-FR","potentialAction":[{"@type":"ReadAction","target":["https:\/\/www.jokeme.fr\/actus\/les-gens-perdent-la-tete-a-cause-de-leffet-mandela-de-fruit-of-the-loom-apres-avoir-realise-que-le-logo-dont-ils-se-souviennent-na-jamais-existe\/"]}]},{"@type":"BreadcrumbList","@id":"https:\/\/www.jokeme.fr\/actus\/les-gens-perdent-la-tete-a-cause-de-leffet-mandela-de-fruit-of-the-loom-apres-avoir-realise-que-le-logo-dont-ils-se-souviennent-na-jamais-existe\/#breadcrumb","itemListElement":[{"@type":"ListItem","position":1,"name":"Accueil","item":"https:\/\/www.jokeme.fr\/actus\/"},{"@type":"ListItem","position":2,"name":"Les gens perdent la t\u00eate \u00e0 cause de \u00abl&rsquo;effet Mandela\u00bb de Fruit Of The Loom apr\u00e8s avoir r\u00e9alis\u00e9 que le logo dont ils se souviennent n&rsquo;a jamais exist\u00e9"}]},{"@type":"WebSite","@id":"https:\/\/www.jokeme.fr\/actus\/#website","url":"https:\/\/www.jokeme.fr\/actus\/","name":"Actualit\u00e9s - Joke Me","description":"L&#039;actualit\u00e9 du rire","publisher":{"@id":"https:\/\/www.jokeme.fr\/actus\/#organization"},"potentialAction":[{"@type":"SearchAction","target":{"@type":"EntryPoint","urlTemplate":"https:\/\/www.jokeme.fr\/actus\/?s={search_term_string}"},"query-input":"required name=search_term_string"}],"inLanguage":"fr-FR"},{"@type":"Organization","@id":"https:\/\/www.jokeme.fr\/actus\/#organization","name":"Actualit\u00e9s - Joke Me","url":"https:\/\/www.jokeme.fr\/actus\/","logo":{"@type":"ImageObject","inLanguage":"fr-FR","@id":"https:\/\/www.jokeme.fr\/actus\/#\/schema\/logo\/image\/","url":"https:\/\/www.jokeme.fr\/actus\/wp-content\/uploads\/2023\/06\/cropped-Logo-Joke-Me.png","contentUrl":"https:\/\/www.jokeme.fr\/actus\/wp-content\/uploads\/2023\/06\/cropped-Logo-Joke-Me.png","width":499,"height":363,"caption":"Actualit\u00e9s - Joke Me"},"image":{"@id":"https:\/\/www.jokeme.fr\/actus\/#\/schema\/logo\/image\/"}},{"@type":"Person","@id":"https:\/\/www.jokeme.fr\/actus\/#\/schema\/person\/f0c6ad0d33ca144389e81e45a212928f","name":"Didier","image":{"@type":"ImageObject","inLanguage":"fr-FR","@id":"https:\/\/www.jokeme.fr\/actus\/#\/schema\/person\/image\/","url":"https:\/\/www.jokeme.fr\/actus\/wp-content\/uploads\/2024\/03\/jokeme-didier.jpg","contentUrl":"https:\/\/www.jokeme.fr\/actus\/wp-content\/uploads\/2024\/03\/jokeme-didier.jpg","caption":"Didier"},"description":"Didier, passionn\u00e9 de cin\u00e9ma, est un r\u00e9dacteur pour le m\u00e9dia Jokeme, o\u00f9 il partage sa passion \u00e0 travers des articles divertissants et informatifs. Ayant \u00e9tudi\u00e9 le journalisme, il allie sa formation \u00e0 sa passion pour offrir un contenu de qualit\u00e9 sur le monde du cin\u00e9ma.","sameAs":["https:\/\/www.jokeme.fr\/actus"]}]}},"_links":{"self":[{"href":"https:\/\/www.jokeme.fr\/actus\/wp-json\/wp\/v2\/posts\/1995"}],"collection":[{"href":"https:\/\/www.jokeme.fr\/actus\/wp-json\/wp\/v2\/posts"}],"about":[{"href":"https:\/\/www.jokeme.fr\/actus\/wp-json\/wp\/v2\/types\/post"}],"author":[{"embeddable":true,"href":"https:\/\/www.jokeme.fr\/actus\/wp-json\/wp\/v2\/users\/1"}],"replies":[{"embeddable":true,"href":"https:\/\/www.jokeme.fr\/actus\/wp-json\/wp\/v2\/comments?post=1995"}],"version-history":[{"count":1,"href":"https:\/\/www.jokeme.fr\/actus\/wp-json\/wp\/v2\/posts\/1995\/revisions"}],"predecessor-version":[{"id":1997,"href":"https:\/\/www.jokeme.fr\/actus\/wp-json\/wp\/v2\/posts\/1995\/revisions\/1997"}],"wp:featuredmedia":[{"embeddable":true,"href":"https:\/\/www.jokeme.fr\/actus\/wp-json\/wp\/v2\/media\/1996"}],"wp:attachment":[{"href":"https:\/\/www.jokeme.fr\/actus\/wp-json\/wp\/v2\/media?parent=1995"}],"wp:term":[{"taxonomy":"category","embeddable":true,"href":"https:\/\/www.jokeme.fr\/actus\/wp-json\/wp\/v2\/categories?post=1995"},{"taxonomy":"post_tag","embeddable":true,"href":"https:\/\/www.jokeme.fr\/actus\/wp-json\/wp\/v2\/tags?post=1995"}],"curies":[{"name":"wp","href":"https:\/\/api.w.org\/{rel}","templated":true}]}}