{"id":20544,"date":"2025-06-23T20:40:46","date_gmt":"2025-06-23T18:40:46","guid":{"rendered":"https:\/\/www.jokeme.fr\/actus\/renee-rapp-se-dirige-vers-une-tournee-dautomne-nord-americaine-aux-cotes-de-ravyn-lenae-et-syd\/"},"modified":"2025-06-23T20:40:48","modified_gmt":"2025-06-23T18:40:48","slug":"renee-rapp-se-dirige-vers-une-tournee-dautomne-nord-americaine-aux-cotes-de-ravyn-lenae-et-syd","status":"publish","type":"post","link":"https:\/\/www.jokeme.fr\/actus\/renee-rapp-se-dirige-vers-une-tournee-dautomne-nord-americaine-aux-cotes-de-ravyn-lenae-et-syd\/","title":{"rendered":"Ren\u00e9\u00e9 Rapp se dirige vers une tourn\u00e9e d&#39;automne nord-am\u00e9ricaine aux c\u00f4t\u00e9s de Ravyn Lenae et Syd"},"content":{"rendered":"<div class=\"entry-content\">\n<div id=\"upx-cnx-player-wrap\"><\/div>\n<div class=\"post-page\" data-page=\"1\">\n<p>Rene\u00e9 Rapp a \u00e9t\u00e9 annonc\u00e9 comme l&#39;une des t\u00eates d&#39;affiche du Festival inaugural All Things Go Toronto et ce n&#39;est pas sa seule nouvelle de concert d&#39;aujourd&#39;hui (23 juin): Rapp vient \u00e9galement d&#39;annoncer une tourn\u00e9e en t\u00eate d&#39;affiche \u00e0 l&#39;appui de son prochain album, <em>Mordre<\/em>.<\/p>\n<p>Le trek \u00e0 16 dates se d\u00e9roule de septembre \u00e0 octobre et pr\u00e9sentera le soutien de Ravyn Lenae et Syd.<\/p>\n<p>Un artiste pr\u00e9-vente commence le 26 juin \u00e0 10 h, l&#39;heure locale et les inscriptions sont ouvertes maintenant. Le g\u00e9n\u00e9ral \u00e0 la vente d\u00e9marre le 27 juin \u00e0 10 h, heure locale. Plus d&#39;informations \u00e0 ce sujet et des pr\u00e9ventes suppl\u00e9mentaires peuvent \u00eatre trouv\u00e9es sur le site Web de Rapp.<\/p>\n<p>Trouvez la liste des dates de tourn\u00e9e ci-dessous.<\/p>\n<\/p><\/div>\n<div class=\"htlad-incontent upx-ad-lazy incontent\" data-ad-unit=\"incontent\" data-ad-provider=\"htlbid\" data-unit=\"\/23101112908\/uproxx\/music\/article\/incontent\" data-targeting='{\"position\":\"incontent\"}'><\/div>\n<div class=\"post-page\" data-page=\"2\">\n<h2>Dates de tourn\u00e9e en 2025 de Ren\u00e9\u00e9 Rapp: <em>Mordre<\/em> Tourn\u00e9e<\/h2>\n<p>09\/23 &#8211; Morrison, CO @ Red Rocks Amphitheatre ^<br \/>\n09\/25 &#8211; Rosemont, il @ Allstate Arena ^<br \/>\n09\/27 &#8211; Sterling Heights, MI @ Michigan Lottery Amphitheatre \u00e0 Freedom Hill *<br \/>\n09\/29 &#8211; New York, NY @ Madison Square Garden *<br \/>\n10\/02 &#8211; Boston, MA @ TD Garden *<br \/>\n10\/04 &#8211; Toronto, sur @ All Things Go &#038;<br \/>\n10\/06 &#8211; Columbia, MD @ Merriweather Post Pavilion *<br \/>\n10\/08 &#8211; Columbus, OH @ Nationwide Arena *<br \/>\n10\/10 &#8211; Minneapolis, Mn @ l&#39;armurerie *<br \/>\n10\/13 &#8211; Portland, ou @ Th\u00e9\u00e2tre des nuages \u200b\u200b*<br \/>\n10\/15 &#8211; San Francisco, CA @ Bill Graham Civic Auditorium *<br \/>\n10\/17 &#8211; Los Angeles, CA @ Kia Forum *<br \/>\n10\/22 &#8211; Austin, TX @ Moody Amphitheatre \u00e0 Waterloo Park ^<br \/>\n10\/23 &#8211; Irving, TX @ The Pavilion at Toyota Music Factory ^<br \/>\n10\/26 &#8211; Atlanta, GA @ State Farm Arena ^<br \/>\n10\/27 &#8211; Tampa, FL @ Yuengling Center ^<br \/>\n10\/29 &#8211; Charlotte, NC @ Spectrum Center ^<\/p>\n<\/p><\/div>\n<\/p><\/div>\n","protected":false},"excerpt":{"rendered":"<p>Rene\u00e9 Rapp a \u00e9t\u00e9 annonc\u00e9 comme l&#39;une des t\u00eates d&#39;affiche du Festival inaugural All Things Go Toronto et ce n&#39;est pas sa seule nouvelle de concert d&#39;aujourd&#39;hui (23 juin): Rapp vient \u00e9galement d&#39;annoncer une tourn\u00e9e en t\u00eate d&#39;affiche \u00e0 l&#39;appui de son prochain album, Mordre. Le trek \u00e0 16 dates se d\u00e9roule de septembre \u00e0 &#8230; <a title=\"Ren\u00e9\u00e9 Rapp se dirige vers une tourn\u00e9e d&#039;automne nord-am\u00e9ricaine aux c\u00f4t\u00e9s de Ravyn Lenae et Syd\" class=\"read-more\" href=\"https:\/\/www.jokeme.fr\/actus\/renee-rapp-se-dirige-vers-une-tournee-dautomne-nord-americaine-aux-cotes-de-ravyn-lenae-et-syd\/\" aria-label=\"Plus sur Ren\u00e9\u00e9 Rapp se dirige vers une tourn\u00e9e d&#039;automne nord-am\u00e9ricaine aux c\u00f4t\u00e9s de Ravyn Lenae et Syd\">Lire plus<\/a><\/p>\n","protected":false},"author":1,"featured_media":3800,"comment_status":"closed","ping_status":"open","sticky":false,"template":"","format":"standard","meta":{"footnotes":""},"categories":[1],"tags":[406,5481,15229,11420,6401,4254,5506,6400,5505,15230,3385,33,2679],"yoast_head":"<!-- This site is optimized with the Yoast SEO plugin v20.8 - https:\/\/yoast.com\/wordpress\/plugins\/seo\/ -->\n<title>Ren\u00e9\u00e9 Rapp se dirige vers une tourn\u00e9e d&#039;automne nord-am\u00e9ricaine aux c\u00f4t\u00e9s de Ravyn Lenae et Syd - Actualit\u00e9s - Joke Me<\/title>\n<meta name=\"robots\" content=\"index, follow, max-snippet:-1, max-image-preview:large, max-video-preview:-1\" \/>\n<link rel=\"canonical\" href=\"https:\/\/www.jokeme.fr\/actus\/renee-rapp-se-dirige-vers-une-tournee-dautomne-nord-americaine-aux-cotes-de-ravyn-lenae-et-syd\/\" \/>\n<meta property=\"og:locale\" content=\"fr_FR\" \/>\n<meta property=\"og:type\" content=\"article\" \/>\n<meta property=\"og:title\" content=\"Ren\u00e9\u00e9 Rapp se dirige vers une tourn\u00e9e d&#039;automne nord-am\u00e9ricaine aux c\u00f4t\u00e9s de Ravyn Lenae et Syd - Actualit\u00e9s - Joke Me\" \/>\n<meta property=\"og:description\" content=\"Rene\u00e9 Rapp a \u00e9t\u00e9 annonc\u00e9 comme l&#039;une des t\u00eates d&#039;affiche du Festival inaugural All Things Go Toronto et ce n&#039;est pas sa seule nouvelle de concert d&#039;aujourd&#039;hui (23 juin): Rapp vient \u00e9galement d&#039;annoncer une tourn\u00e9e en t\u00eate d&#039;affiche \u00e0 l&#039;appui de son prochain album, Mordre. Le trek \u00e0 16 dates se d\u00e9roule de septembre \u00e0 ... Lire plus\" \/>\n<meta property=\"og:url\" content=\"https:\/\/www.jokeme.fr\/actus\/renee-rapp-se-dirige-vers-une-tournee-dautomne-nord-americaine-aux-cotes-de-ravyn-lenae-et-syd\/\" \/>\n<meta property=\"og:site_name\" content=\"Actualit\u00e9s - Joke Me\" \/>\n<meta property=\"article:published_time\" content=\"2025-06-23T18:40:46+00:00\" \/>\n<meta property=\"article:modified_time\" content=\"2025-06-23T18:40:48+00:00\" \/>\n<meta property=\"og:image\" content=\"https:\/\/www.jokeme.fr\/actus\/wp-content\/uploads\/2024\/04\/Renee-Rapp-a-fierement-annonce-ses-bons-seins-et.jpg\" \/>\n\t<meta property=\"og:image:width\" content=\"710\" \/>\n\t<meta property=\"og:image:height\" content=\"400\" \/>\n\t<meta property=\"og:image:type\" content=\"image\/jpeg\" \/>\n<meta name=\"author\" content=\"Didier\" \/>\n<meta name=\"twitter:card\" content=\"summary_large_image\" \/>\n<meta name=\"twitter:label1\" content=\"\u00c9crit par\" \/>\n\t<meta name=\"twitter:data1\" content=\"Didier\" \/>\n\t<meta name=\"twitter:label2\" content=\"Dur\u00e9e de lecture estim\u00e9e\" \/>\n\t<meta name=\"twitter:data2\" content=\"1 minute\" \/>\n<script type=\"application\/ld+json\" class=\"yoast-schema-graph\">{\"@context\":\"https:\/\/schema.org\",\"@graph\":[{\"@type\":\"Article\",\"@id\":\"https:\/\/www.jokeme.fr\/actus\/renee-rapp-se-dirige-vers-une-tournee-dautomne-nord-americaine-aux-cotes-de-ravyn-lenae-et-syd\/#article\",\"isPartOf\":{\"@id\":\"https:\/\/www.jokeme.fr\/actus\/renee-rapp-se-dirige-vers-une-tournee-dautomne-nord-americaine-aux-cotes-de-ravyn-lenae-et-syd\/\"},\"author\":{\"name\":\"Didier\",\"@id\":\"https:\/\/www.jokeme.fr\/actus\/#\/schema\/person\/f0c6ad0d33ca144389e81e45a212928f\"},\"headline\":\"Ren\u00e9\u00e9 Rapp se dirige vers une tourn\u00e9e d&#39;automne nord-am\u00e9ricaine aux c\u00f4t\u00e9s de Ravyn Lenae et Syd\",\"datePublished\":\"2025-06-23T18:40:46+00:00\",\"dateModified\":\"2025-06-23T18:40:48+00:00\",\"mainEntityOfPage\":{\"@id\":\"https:\/\/www.jokeme.fr\/actus\/renee-rapp-se-dirige-vers-une-tournee-dautomne-nord-americaine-aux-cotes-de-ravyn-lenae-et-syd\/\"},\"wordCount\":272,\"publisher\":{\"@id\":\"https:\/\/www.jokeme.fr\/actus\/#organization\"},\"keywords\":[\"aux\",\"c\u00f4t\u00e9s\",\"d39automne\",\"dirige\",\"Lenae\",\"nordam\u00e9ricaine\",\"Rapp\",\"Ravyn\",\"Rene\u00e9\",\"Syd\",\"tourn\u00e9e\",\"une\",\"vers\"],\"inLanguage\":\"fr-FR\"},{\"@type\":\"WebPage\",\"@id\":\"https:\/\/www.jokeme.fr\/actus\/renee-rapp-se-dirige-vers-une-tournee-dautomne-nord-americaine-aux-cotes-de-ravyn-lenae-et-syd\/\",\"url\":\"https:\/\/www.jokeme.fr\/actus\/renee-rapp-se-dirige-vers-une-tournee-dautomne-nord-americaine-aux-cotes-de-ravyn-lenae-et-syd\/\",\"name\":\"Ren\u00e9\u00e9 Rapp se dirige vers une tourn\u00e9e d&#39;automne nord-am\u00e9ricaine aux c\u00f4t\u00e9s de Ravyn Lenae et Syd - Actualit\u00e9s - Joke Me\",\"isPartOf\":{\"@id\":\"https:\/\/www.jokeme.fr\/actus\/#website\"},\"datePublished\":\"2025-06-23T18:40:46+00:00\",\"dateModified\":\"2025-06-23T18:40:48+00:00\",\"breadcrumb\":{\"@id\":\"https:\/\/www.jokeme.fr\/actus\/renee-rapp-se-dirige-vers-une-tournee-dautomne-nord-americaine-aux-cotes-de-ravyn-lenae-et-syd\/#breadcrumb\"},\"inLanguage\":\"fr-FR\",\"potentialAction\":[{\"@type\":\"ReadAction\",\"target\":[\"https:\/\/www.jokeme.fr\/actus\/renee-rapp-se-dirige-vers-une-tournee-dautomne-nord-americaine-aux-cotes-de-ravyn-lenae-et-syd\/\"]}]},{\"@type\":\"BreadcrumbList\",\"@id\":\"https:\/\/www.jokeme.fr\/actus\/renee-rapp-se-dirige-vers-une-tournee-dautomne-nord-americaine-aux-cotes-de-ravyn-lenae-et-syd\/#breadcrumb\",\"itemListElement\":[{\"@type\":\"ListItem\",\"position\":1,\"name\":\"Accueil\",\"item\":\"https:\/\/www.jokeme.fr\/actus\/\"},{\"@type\":\"ListItem\",\"position\":2,\"name\":\"Ren\u00e9\u00e9 Rapp se dirige vers une tourn\u00e9e d&#39;automne nord-am\u00e9ricaine aux c\u00f4t\u00e9s de Ravyn Lenae et Syd\"}]},{\"@type\":\"WebSite\",\"@id\":\"https:\/\/www.jokeme.fr\/actus\/#website\",\"url\":\"https:\/\/www.jokeme.fr\/actus\/\",\"name\":\"Actualit\u00e9s - Joke Me\",\"description\":\"L&#039;actualit\u00e9 du rire\",\"publisher\":{\"@id\":\"https:\/\/www.jokeme.fr\/actus\/#organization\"},\"potentialAction\":[{\"@type\":\"SearchAction\",\"target\":{\"@type\":\"EntryPoint\",\"urlTemplate\":\"https:\/\/www.jokeme.fr\/actus\/?s={search_term_string}\"},\"query-input\":\"required name=search_term_string\"}],\"inLanguage\":\"fr-FR\"},{\"@type\":\"Organization\",\"@id\":\"https:\/\/www.jokeme.fr\/actus\/#organization\",\"name\":\"Actualit\u00e9s - Joke Me\",\"url\":\"https:\/\/www.jokeme.fr\/actus\/\",\"logo\":{\"@type\":\"ImageObject\",\"inLanguage\":\"fr-FR\",\"@id\":\"https:\/\/www.jokeme.fr\/actus\/#\/schema\/logo\/image\/\",\"url\":\"https:\/\/www.jokeme.fr\/actus\/wp-content\/uploads\/2023\/06\/cropped-Logo-Joke-Me.png\",\"contentUrl\":\"https:\/\/www.jokeme.fr\/actus\/wp-content\/uploads\/2023\/06\/cropped-Logo-Joke-Me.png\",\"width\":499,\"height\":363,\"caption\":\"Actualit\u00e9s - Joke Me\"},\"image\":{\"@id\":\"https:\/\/www.jokeme.fr\/actus\/#\/schema\/logo\/image\/\"}},{\"@type\":\"Person\",\"@id\":\"https:\/\/www.jokeme.fr\/actus\/#\/schema\/person\/f0c6ad0d33ca144389e81e45a212928f\",\"name\":\"Didier\",\"image\":{\"@type\":\"ImageObject\",\"inLanguage\":\"fr-FR\",\"@id\":\"https:\/\/www.jokeme.fr\/actus\/#\/schema\/person\/image\/\",\"url\":\"https:\/\/www.jokeme.fr\/actus\/wp-content\/uploads\/2024\/03\/jokeme-didier.jpg\",\"contentUrl\":\"https:\/\/www.jokeme.fr\/actus\/wp-content\/uploads\/2024\/03\/jokeme-didier.jpg\",\"caption\":\"Didier\"},\"description\":\"Didier, passionn\u00e9 de cin\u00e9ma, est un r\u00e9dacteur pour le m\u00e9dia Jokeme, o\u00f9 il partage sa passion \u00e0 travers des articles divertissants et informatifs. Ayant \u00e9tudi\u00e9 le journalisme, il allie sa formation \u00e0 sa passion pour offrir un contenu de qualit\u00e9 sur le monde du cin\u00e9ma.\",\"sameAs\":[\"https:\/\/www.jokeme.fr\/actus\"]}]}<\/script>\n<!-- \/ Yoast SEO plugin. -->","yoast_head_json":{"title":"Ren\u00e9\u00e9 Rapp se dirige vers une tourn\u00e9e d&#39;automne nord-am\u00e9ricaine aux c\u00f4t\u00e9s de Ravyn Lenae et Syd - Actualit\u00e9s - Joke Me","robots":{"index":"index","follow":"follow","max-snippet":"max-snippet:-1","max-image-preview":"max-image-preview:large","max-video-preview":"max-video-preview:-1"},"canonical":"https:\/\/www.jokeme.fr\/actus\/renee-rapp-se-dirige-vers-une-tournee-dautomne-nord-americaine-aux-cotes-de-ravyn-lenae-et-syd\/","og_locale":"fr_FR","og_type":"article","og_title":"Ren\u00e9\u00e9 Rapp se dirige vers une tourn\u00e9e d&#39;automne nord-am\u00e9ricaine aux c\u00f4t\u00e9s de Ravyn Lenae et Syd - Actualit\u00e9s - Joke Me","og_description":"Rene\u00e9 Rapp a \u00e9t\u00e9 annonc\u00e9 comme l&#39;une des t\u00eates d&#39;affiche du Festival inaugural All Things Go Toronto et ce n&#39;est pas sa seule nouvelle de concert d&#39;aujourd&#39;hui (23 juin): Rapp vient \u00e9galement d&#39;annoncer une tourn\u00e9e en t\u00eate d&#39;affiche \u00e0 l&#39;appui de son prochain album, Mordre. Le trek \u00e0 16 dates se d\u00e9roule de septembre \u00e0 ... Lire plus","og_url":"https:\/\/www.jokeme.fr\/actus\/renee-rapp-se-dirige-vers-une-tournee-dautomne-nord-americaine-aux-cotes-de-ravyn-lenae-et-syd\/","og_site_name":"Actualit\u00e9s - Joke Me","article_published_time":"2025-06-23T18:40:46+00:00","article_modified_time":"2025-06-23T18:40:48+00:00","og_image":[{"width":710,"height":400,"url":"https:\/\/www.jokeme.fr\/actus\/wp-content\/uploads\/2024\/04\/Renee-Rapp-a-fierement-annonce-ses-bons-seins-et.jpg","type":"image\/jpeg"}],"author":"Didier","twitter_card":"summary_large_image","twitter_misc":{"\u00c9crit par":"Didier","Dur\u00e9e de lecture estim\u00e9e":"1 minute"},"schema":{"@context":"https:\/\/schema.org","@graph":[{"@type":"Article","@id":"https:\/\/www.jokeme.fr\/actus\/renee-rapp-se-dirige-vers-une-tournee-dautomne-nord-americaine-aux-cotes-de-ravyn-lenae-et-syd\/#article","isPartOf":{"@id":"https:\/\/www.jokeme.fr\/actus\/renee-rapp-se-dirige-vers-une-tournee-dautomne-nord-americaine-aux-cotes-de-ravyn-lenae-et-syd\/"},"author":{"name":"Didier","@id":"https:\/\/www.jokeme.fr\/actus\/#\/schema\/person\/f0c6ad0d33ca144389e81e45a212928f"},"headline":"Ren\u00e9\u00e9 Rapp se dirige vers une tourn\u00e9e d&#39;automne nord-am\u00e9ricaine aux c\u00f4t\u00e9s de Ravyn Lenae et Syd","datePublished":"2025-06-23T18:40:46+00:00","dateModified":"2025-06-23T18:40:48+00:00","mainEntityOfPage":{"@id":"https:\/\/www.jokeme.fr\/actus\/renee-rapp-se-dirige-vers-une-tournee-dautomne-nord-americaine-aux-cotes-de-ravyn-lenae-et-syd\/"},"wordCount":272,"publisher":{"@id":"https:\/\/www.jokeme.fr\/actus\/#organization"},"keywords":["aux","c\u00f4t\u00e9s","d39automne","dirige","Lenae","nordam\u00e9ricaine","Rapp","Ravyn","Rene\u00e9","Syd","tourn\u00e9e","une","vers"],"inLanguage":"fr-FR"},{"@type":"WebPage","@id":"https:\/\/www.jokeme.fr\/actus\/renee-rapp-se-dirige-vers-une-tournee-dautomne-nord-americaine-aux-cotes-de-ravyn-lenae-et-syd\/","url":"https:\/\/www.jokeme.fr\/actus\/renee-rapp-se-dirige-vers-une-tournee-dautomne-nord-americaine-aux-cotes-de-ravyn-lenae-et-syd\/","name":"Ren\u00e9\u00e9 Rapp se dirige vers une tourn\u00e9e d&#39;automne nord-am\u00e9ricaine aux c\u00f4t\u00e9s de Ravyn Lenae et Syd - Actualit\u00e9s - Joke Me","isPartOf":{"@id":"https:\/\/www.jokeme.fr\/actus\/#website"},"datePublished":"2025-06-23T18:40:46+00:00","dateModified":"2025-06-23T18:40:48+00:00","breadcrumb":{"@id":"https:\/\/www.jokeme.fr\/actus\/renee-rapp-se-dirige-vers-une-tournee-dautomne-nord-americaine-aux-cotes-de-ravyn-lenae-et-syd\/#breadcrumb"},"inLanguage":"fr-FR","potentialAction":[{"@type":"ReadAction","target":["https:\/\/www.jokeme.fr\/actus\/renee-rapp-se-dirige-vers-une-tournee-dautomne-nord-americaine-aux-cotes-de-ravyn-lenae-et-syd\/"]}]},{"@type":"BreadcrumbList","@id":"https:\/\/www.jokeme.fr\/actus\/renee-rapp-se-dirige-vers-une-tournee-dautomne-nord-americaine-aux-cotes-de-ravyn-lenae-et-syd\/#breadcrumb","itemListElement":[{"@type":"ListItem","position":1,"name":"Accueil","item":"https:\/\/www.jokeme.fr\/actus\/"},{"@type":"ListItem","position":2,"name":"Ren\u00e9\u00e9 Rapp se dirige vers une tourn\u00e9e d&#39;automne nord-am\u00e9ricaine aux c\u00f4t\u00e9s de Ravyn Lenae et Syd"}]},{"@type":"WebSite","@id":"https:\/\/www.jokeme.fr\/actus\/#website","url":"https:\/\/www.jokeme.fr\/actus\/","name":"Actualit\u00e9s - Joke Me","description":"L&#039;actualit\u00e9 du rire","publisher":{"@id":"https:\/\/www.jokeme.fr\/actus\/#organization"},"potentialAction":[{"@type":"SearchAction","target":{"@type":"EntryPoint","urlTemplate":"https:\/\/www.jokeme.fr\/actus\/?s={search_term_string}"},"query-input":"required name=search_term_string"}],"inLanguage":"fr-FR"},{"@type":"Organization","@id":"https:\/\/www.jokeme.fr\/actus\/#organization","name":"Actualit\u00e9s - Joke Me","url":"https:\/\/www.jokeme.fr\/actus\/","logo":{"@type":"ImageObject","inLanguage":"fr-FR","@id":"https:\/\/www.jokeme.fr\/actus\/#\/schema\/logo\/image\/","url":"https:\/\/www.jokeme.fr\/actus\/wp-content\/uploads\/2023\/06\/cropped-Logo-Joke-Me.png","contentUrl":"https:\/\/www.jokeme.fr\/actus\/wp-content\/uploads\/2023\/06\/cropped-Logo-Joke-Me.png","width":499,"height":363,"caption":"Actualit\u00e9s - Joke Me"},"image":{"@id":"https:\/\/www.jokeme.fr\/actus\/#\/schema\/logo\/image\/"}},{"@type":"Person","@id":"https:\/\/www.jokeme.fr\/actus\/#\/schema\/person\/f0c6ad0d33ca144389e81e45a212928f","name":"Didier","image":{"@type":"ImageObject","inLanguage":"fr-FR","@id":"https:\/\/www.jokeme.fr\/actus\/#\/schema\/person\/image\/","url":"https:\/\/www.jokeme.fr\/actus\/wp-content\/uploads\/2024\/03\/jokeme-didier.jpg","contentUrl":"https:\/\/www.jokeme.fr\/actus\/wp-content\/uploads\/2024\/03\/jokeme-didier.jpg","caption":"Didier"},"description":"Didier, passionn\u00e9 de cin\u00e9ma, est un r\u00e9dacteur pour le m\u00e9dia Jokeme, o\u00f9 il partage sa passion \u00e0 travers des articles divertissants et informatifs. Ayant \u00e9tudi\u00e9 le journalisme, il allie sa formation \u00e0 sa passion pour offrir un contenu de qualit\u00e9 sur le monde du cin\u00e9ma.","sameAs":["https:\/\/www.jokeme.fr\/actus"]}]}},"_links":{"self":[{"href":"https:\/\/www.jokeme.fr\/actus\/wp-json\/wp\/v2\/posts\/20544"}],"collection":[{"href":"https:\/\/www.jokeme.fr\/actus\/wp-json\/wp\/v2\/posts"}],"about":[{"href":"https:\/\/www.jokeme.fr\/actus\/wp-json\/wp\/v2\/types\/post"}],"author":[{"embeddable":true,"href":"https:\/\/www.jokeme.fr\/actus\/wp-json\/wp\/v2\/users\/1"}],"replies":[{"embeddable":true,"href":"https:\/\/www.jokeme.fr\/actus\/wp-json\/wp\/v2\/comments?post=20544"}],"version-history":[{"count":1,"href":"https:\/\/www.jokeme.fr\/actus\/wp-json\/wp\/v2\/posts\/20544\/revisions"}],"predecessor-version":[{"id":20545,"href":"https:\/\/www.jokeme.fr\/actus\/wp-json\/wp\/v2\/posts\/20544\/revisions\/20545"}],"wp:featuredmedia":[{"embeddable":true,"href":"https:\/\/www.jokeme.fr\/actus\/wp-json\/wp\/v2\/media\/3800"}],"wp:attachment":[{"href":"https:\/\/www.jokeme.fr\/actus\/wp-json\/wp\/v2\/media?parent=20544"}],"wp:term":[{"taxonomy":"category","embeddable":true,"href":"https:\/\/www.jokeme.fr\/actus\/wp-json\/wp\/v2\/categories?post=20544"},{"taxonomy":"post_tag","embeddable":true,"href":"https:\/\/www.jokeme.fr\/actus\/wp-json\/wp\/v2\/tags?post=20544"}],"curies":[{"name":"wp","href":"https:\/\/api.w.org\/{rel}","templated":true}]}}