{"id":20552,"date":"2025-06-24T02:41:22","date_gmt":"2025-06-24T00:41:22","guid":{"rendered":"https:\/\/www.jokeme.fr\/actus\/cardi-b-se-demande-suis-je-le-drame-sur-son-deuxieme-album-tant-attendu\/"},"modified":"2025-06-24T02:41:25","modified_gmt":"2025-06-24T00:41:25","slug":"cardi-b-se-demande-suis-je-le-drame-sur-son-deuxieme-album-tant-attendu","status":"publish","type":"post","link":"https:\/\/www.jokeme.fr\/actus\/cardi-b-se-demande-suis-je-le-drame-sur-son-deuxieme-album-tant-attendu\/","title":{"rendered":"Cardi B se demande \u00absuis-je le drame? Sur son deuxi\u00e8me album tant attendu"},"content":{"rendered":"<div class=\"entry-content\">\n<div id=\"upx-cnx-player-wrap\"><\/div>\n<div class=\"post-page\" data-page=\"1\">\n<p>Cue les Memes Michael Scott &#8211; \u00e7a se passe! Cardi B a enfin annonc\u00e9 la date de sortie du suivi de ses d\u00e9buts en 2018, <em>Invasion de la vie priv\u00e9e<\/em>. Apr\u00e8s des ann\u00e9es de retards, de faux d\u00e9parts et de peur pure et simple, la bombe du Bronx est de retour \u00ab\u00e0 l&#39;ext\u00e9rieur\u00bb le 19 septembre avec <em>Suis-je le drame?<\/em>son premier album en sept ans. Cardi a taquin\u00e9 l&#39;annonce dimanche 22 juin, avertissant les fans que \u00abTime&#39;s Up\u00bb, juste apr\u00e8s la sortie du premier single (officiel), \u00abOutside\u00bb. Elle <a rel=\"nofollow noopener\" href=\"https:\/\/twitter.com\/iamcardib\/status\/1937224261829038281\" target=\"_blank\">suivi aujourd&#39;hui<\/a> Avec la date de sortie et la couverture, qui pr\u00e9sente Cardi dans un body rouge avec un corbeau massif perch\u00e9 sur sa chaussure.<\/p>\n<div class=\"iframe-holder\">\n<blockquote class=\"twitter-tweet\" data-width=\"500\" data-dnt=\"true\">\n<p lang=\"en\" dir=\"ltr\">Suis-je le drame? \ud83d\udc26\u200d\u2b1b Mon nouvel album est sorti le 19 septembre! Pr\u00e9commande maintenant \u00e0 https:\/\/t.co\/0u5txagzes <a rel=\"nofollow\" href=\"https:\/\/t.co\/fmtozDoyVj\">pic.twitter.com\/fmtozdoyvj<\/a><\/p>\n<p>&#8211; Cardi B (@iamCardib) <a rel=\"nofollow\" href=\"https:\/\/twitter.com\/iamcardib\/status\/1937224261829038281?ref_src=twsrc%5Etfw\">23 juin 2025<\/a><\/p>\n<\/blockquote>\n<\/div>\n<p>La route de l&#39;album de cardi de Cardi a \u00e9t\u00e9 longue et sinueuse; Elle a pr\u00e9c\u00e9demment promis une sortie en 2022 apr\u00e8s avoir donn\u00e9 une mise \u00e0 jour du statut en 2020. Les fans ont pens\u00e9 qu&#39;elle recommencerait le d\u00e9ploiement avec \u00ab\u00a0Bongos\u00a0\u00bb en 2023, mais elle a ensuite retard\u00e9 l&#39;album. Elle a donn\u00e9 une fen\u00eatre de lib\u00e9ration l&#39;ann\u00e9e derni\u00e8re, mais l&#39;a retir\u00e9e quelques mois plus tard, r\u00e9v\u00e9lant qu&#39;elle \u00e9tait enceinte de son troisi\u00e8me enfant en ao\u00fbt &#8211; quelques semaines avant l&#39;accouchement. <\/p>\n<p>En cours de route, elle a partag\u00e9 une s\u00e9rie de raisons du retard, de l&#39;ins\u00e9curit\u00e9 concernant la r\u00e9ception potentielle du projet \u00e0 ses artistes en vedette prenant trop de temps pour remettre leurs contributions. Certes, il y a beaucoup de conduite sur cette version; <em>Invasion de la vie priv\u00e9e<\/em> \u00e9tait un d\u00e9but de culture qui change, ouvrant la porte \u00e0 une vague de rappeurs \u00e0 succ\u00e8s pour suivre ses traces, notamment Megan Thee Stallion, Latto, Glorilla, Sexyy Red, et plus encore. Nous pourrons enfin d\u00e9couvrir quel type d&#39;impact son suivi aura en seulement trois mois.<\/p>\n<p><em>Suis-je le drame?<\/em> est d\u00fb le 9\/19 via Atlantic Records. Vous pouvez trouver plus d&#39;informations ici.<\/p>\n<\/p><\/div>\n<\/p><\/div>\n<p><script async src=\"https:\/\/platform.twitter.com\/widgets.js\" charset=\"utf-8\"><\/script><\/p>\n","protected":false},"excerpt":{"rendered":"<p>Cue les Memes Michael Scott &#8211; \u00e7a se passe! Cardi B a enfin annonc\u00e9 la date de sortie du suivi de ses d\u00e9buts en 2018, Invasion de la vie priv\u00e9e. Apr\u00e8s des ann\u00e9es de retards, de faux d\u00e9parts et de peur pure et simple, la bombe du Bronx est de retour \u00ab\u00e0 l&#39;ext\u00e9rieur\u00bb le 19 &#8230; <a title=\"Cardi B se demande \u00absuis-je le drame? Sur son deuxi\u00e8me album tant attendu\" class=\"read-more\" href=\"https:\/\/www.jokeme.fr\/actus\/cardi-b-se-demande-suis-je-le-drame-sur-son-deuxieme-album-tant-attendu\/\" aria-label=\"Plus sur Cardi B se demande \u00absuis-je le drame? Sur son deuxi\u00e8me album tant attendu\">Lire plus<\/a><\/p>\n","protected":false},"author":1,"featured_media":20553,"comment_status":"closed","ping_status":"open","sticky":false,"template":"","format":"standard","meta":{"footnotes":""},"categories":[1],"tags":[3484,5468,3493,720,815,7114,44,15238,7,28],"yoast_head":"<!-- This site is optimized with the Yoast SEO plugin v20.8 - https:\/\/yoast.com\/wordpress\/plugins\/seo\/ -->\n<title>Cardi B se demande \u00absuis-je le drame? Sur son deuxi\u00e8me album tant attendu - Actualit\u00e9s - Joke Me<\/title>\n<meta name=\"robots\" content=\"index, follow, max-snippet:-1, max-image-preview:large, max-video-preview:-1\" \/>\n<link rel=\"canonical\" href=\"https:\/\/www.jokeme.fr\/actus\/cardi-b-se-demande-suis-je-le-drame-sur-son-deuxieme-album-tant-attendu\/\" \/>\n<meta property=\"og:locale\" content=\"fr_FR\" \/>\n<meta property=\"og:type\" content=\"article\" \/>\n<meta property=\"og:title\" content=\"Cardi B se demande \u00absuis-je le drame? Sur son deuxi\u00e8me album tant attendu - Actualit\u00e9s - Joke Me\" \/>\n<meta property=\"og:description\" content=\"Cue les Memes Michael Scott &#8211; \u00e7a se passe! Cardi B a enfin annonc\u00e9 la date de sortie du suivi de ses d\u00e9buts en 2018, Invasion de la vie priv\u00e9e. Apr\u00e8s des ann\u00e9es de retards, de faux d\u00e9parts et de peur pure et simple, la bombe du Bronx est de retour \u00ab\u00e0 l&#039;ext\u00e9rieur\u00bb le 19 ... Lire plus\" \/>\n<meta property=\"og:url\" content=\"https:\/\/www.jokeme.fr\/actus\/cardi-b-se-demande-suis-je-le-drame-sur-son-deuxieme-album-tant-attendu\/\" \/>\n<meta property=\"og:site_name\" content=\"Actualit\u00e9s - Joke Me\" \/>\n<meta property=\"article:published_time\" content=\"2025-06-24T00:41:22+00:00\" \/>\n<meta property=\"article:modified_time\" content=\"2025-06-24T00:41:25+00:00\" \/>\n<meta property=\"og:image\" content=\"https:\/\/www.jokeme.fr\/actus\/wp-content\/uploads\/2025\/06\/Cardi-B-se-demande-suis-je-le-drame-Sur-son-deuxieme.jpeg\" \/>\n\t<meta property=\"og:image:width\" content=\"710\" \/>\n\t<meta property=\"og:image:height\" content=\"400\" \/>\n\t<meta property=\"og:image:type\" content=\"image\/jpeg\" \/>\n<meta name=\"author\" content=\"Didier\" \/>\n<meta name=\"twitter:card\" content=\"summary_large_image\" \/>\n<meta name=\"twitter:label1\" content=\"\u00c9crit par\" \/>\n\t<meta name=\"twitter:data1\" content=\"Didier\" \/>\n\t<meta name=\"twitter:label2\" content=\"Dur\u00e9e de lecture estim\u00e9e\" \/>\n\t<meta name=\"twitter:data2\" content=\"2 minutes\" \/>\n<script type=\"application\/ld+json\" class=\"yoast-schema-graph\">{\"@context\":\"https:\/\/schema.org\",\"@graph\":[{\"@type\":\"Article\",\"@id\":\"https:\/\/www.jokeme.fr\/actus\/cardi-b-se-demande-suis-je-le-drame-sur-son-deuxieme-album-tant-attendu\/#article\",\"isPartOf\":{\"@id\":\"https:\/\/www.jokeme.fr\/actus\/cardi-b-se-demande-suis-je-le-drame-sur-son-deuxieme-album-tant-attendu\/\"},\"author\":{\"name\":\"Didier\",\"@id\":\"https:\/\/www.jokeme.fr\/actus\/#\/schema\/person\/f0c6ad0d33ca144389e81e45a212928f\"},\"headline\":\"Cardi B se demande \u00absuis-je le drame? Sur son deuxi\u00e8me album tant attendu\",\"datePublished\":\"2025-06-24T00:41:22+00:00\",\"dateModified\":\"2025-06-24T00:41:25+00:00\",\"mainEntityOfPage\":{\"@id\":\"https:\/\/www.jokeme.fr\/actus\/cardi-b-se-demande-suis-je-le-drame-sur-son-deuxieme-album-tant-attendu\/\"},\"wordCount\":377,\"publisher\":{\"@id\":\"https:\/\/www.jokeme.fr\/actus\/#organization\"},\"keywords\":[\"album\",\"attendu\",\"Cardi\",\"demande\",\"deuxi\u00e8me\",\"drame\",\"son\",\"suisje\",\"sur\",\"tant\"],\"inLanguage\":\"fr-FR\"},{\"@type\":\"WebPage\",\"@id\":\"https:\/\/www.jokeme.fr\/actus\/cardi-b-se-demande-suis-je-le-drame-sur-son-deuxieme-album-tant-attendu\/\",\"url\":\"https:\/\/www.jokeme.fr\/actus\/cardi-b-se-demande-suis-je-le-drame-sur-son-deuxieme-album-tant-attendu\/\",\"name\":\"Cardi B se demande \u00absuis-je le drame? Sur son deuxi\u00e8me album tant attendu - Actualit\u00e9s - Joke Me\",\"isPartOf\":{\"@id\":\"https:\/\/www.jokeme.fr\/actus\/#website\"},\"datePublished\":\"2025-06-24T00:41:22+00:00\",\"dateModified\":\"2025-06-24T00:41:25+00:00\",\"breadcrumb\":{\"@id\":\"https:\/\/www.jokeme.fr\/actus\/cardi-b-se-demande-suis-je-le-drame-sur-son-deuxieme-album-tant-attendu\/#breadcrumb\"},\"inLanguage\":\"fr-FR\",\"potentialAction\":[{\"@type\":\"ReadAction\",\"target\":[\"https:\/\/www.jokeme.fr\/actus\/cardi-b-se-demande-suis-je-le-drame-sur-son-deuxieme-album-tant-attendu\/\"]}]},{\"@type\":\"BreadcrumbList\",\"@id\":\"https:\/\/www.jokeme.fr\/actus\/cardi-b-se-demande-suis-je-le-drame-sur-son-deuxieme-album-tant-attendu\/#breadcrumb\",\"itemListElement\":[{\"@type\":\"ListItem\",\"position\":1,\"name\":\"Accueil\",\"item\":\"https:\/\/www.jokeme.fr\/actus\/\"},{\"@type\":\"ListItem\",\"position\":2,\"name\":\"Cardi B se demande \u00absuis-je le drame? Sur son deuxi\u00e8me album tant attendu\"}]},{\"@type\":\"WebSite\",\"@id\":\"https:\/\/www.jokeme.fr\/actus\/#website\",\"url\":\"https:\/\/www.jokeme.fr\/actus\/\",\"name\":\"Actualit\u00e9s - Joke Me\",\"description\":\"L&#039;actualit\u00e9 du rire\",\"publisher\":{\"@id\":\"https:\/\/www.jokeme.fr\/actus\/#organization\"},\"potentialAction\":[{\"@type\":\"SearchAction\",\"target\":{\"@type\":\"EntryPoint\",\"urlTemplate\":\"https:\/\/www.jokeme.fr\/actus\/?s={search_term_string}\"},\"query-input\":\"required name=search_term_string\"}],\"inLanguage\":\"fr-FR\"},{\"@type\":\"Organization\",\"@id\":\"https:\/\/www.jokeme.fr\/actus\/#organization\",\"name\":\"Actualit\u00e9s - Joke Me\",\"url\":\"https:\/\/www.jokeme.fr\/actus\/\",\"logo\":{\"@type\":\"ImageObject\",\"inLanguage\":\"fr-FR\",\"@id\":\"https:\/\/www.jokeme.fr\/actus\/#\/schema\/logo\/image\/\",\"url\":\"https:\/\/www.jokeme.fr\/actus\/wp-content\/uploads\/2023\/06\/cropped-Logo-Joke-Me.png\",\"contentUrl\":\"https:\/\/www.jokeme.fr\/actus\/wp-content\/uploads\/2023\/06\/cropped-Logo-Joke-Me.png\",\"width\":499,\"height\":363,\"caption\":\"Actualit\u00e9s - Joke Me\"},\"image\":{\"@id\":\"https:\/\/www.jokeme.fr\/actus\/#\/schema\/logo\/image\/\"}},{\"@type\":\"Person\",\"@id\":\"https:\/\/www.jokeme.fr\/actus\/#\/schema\/person\/f0c6ad0d33ca144389e81e45a212928f\",\"name\":\"Didier\",\"image\":{\"@type\":\"ImageObject\",\"inLanguage\":\"fr-FR\",\"@id\":\"https:\/\/www.jokeme.fr\/actus\/#\/schema\/person\/image\/\",\"url\":\"https:\/\/www.jokeme.fr\/actus\/wp-content\/uploads\/2024\/03\/jokeme-didier.jpg\",\"contentUrl\":\"https:\/\/www.jokeme.fr\/actus\/wp-content\/uploads\/2024\/03\/jokeme-didier.jpg\",\"caption\":\"Didier\"},\"description\":\"Didier, passionn\u00e9 de cin\u00e9ma, est un r\u00e9dacteur pour le m\u00e9dia Jokeme, o\u00f9 il partage sa passion \u00e0 travers des articles divertissants et informatifs. Ayant \u00e9tudi\u00e9 le journalisme, il allie sa formation \u00e0 sa passion pour offrir un contenu de qualit\u00e9 sur le monde du cin\u00e9ma.\",\"sameAs\":[\"https:\/\/www.jokeme.fr\/actus\"]}]}<\/script>\n<!-- \/ Yoast SEO plugin. -->","yoast_head_json":{"title":"Cardi B se demande \u00absuis-je le drame? Sur son deuxi\u00e8me album tant attendu - Actualit\u00e9s - Joke Me","robots":{"index":"index","follow":"follow","max-snippet":"max-snippet:-1","max-image-preview":"max-image-preview:large","max-video-preview":"max-video-preview:-1"},"canonical":"https:\/\/www.jokeme.fr\/actus\/cardi-b-se-demande-suis-je-le-drame-sur-son-deuxieme-album-tant-attendu\/","og_locale":"fr_FR","og_type":"article","og_title":"Cardi B se demande \u00absuis-je le drame? Sur son deuxi\u00e8me album tant attendu - Actualit\u00e9s - Joke Me","og_description":"Cue les Memes Michael Scott &#8211; \u00e7a se passe! Cardi B a enfin annonc\u00e9 la date de sortie du suivi de ses d\u00e9buts en 2018, Invasion de la vie priv\u00e9e. Apr\u00e8s des ann\u00e9es de retards, de faux d\u00e9parts et de peur pure et simple, la bombe du Bronx est de retour \u00ab\u00e0 l&#39;ext\u00e9rieur\u00bb le 19 ... Lire plus","og_url":"https:\/\/www.jokeme.fr\/actus\/cardi-b-se-demande-suis-je-le-drame-sur-son-deuxieme-album-tant-attendu\/","og_site_name":"Actualit\u00e9s - Joke Me","article_published_time":"2025-06-24T00:41:22+00:00","article_modified_time":"2025-06-24T00:41:25+00:00","og_image":[{"width":710,"height":400,"url":"https:\/\/www.jokeme.fr\/actus\/wp-content\/uploads\/2025\/06\/Cardi-B-se-demande-suis-je-le-drame-Sur-son-deuxieme.jpeg","type":"image\/jpeg"}],"author":"Didier","twitter_card":"summary_large_image","twitter_misc":{"\u00c9crit par":"Didier","Dur\u00e9e de lecture estim\u00e9e":"2 minutes"},"schema":{"@context":"https:\/\/schema.org","@graph":[{"@type":"Article","@id":"https:\/\/www.jokeme.fr\/actus\/cardi-b-se-demande-suis-je-le-drame-sur-son-deuxieme-album-tant-attendu\/#article","isPartOf":{"@id":"https:\/\/www.jokeme.fr\/actus\/cardi-b-se-demande-suis-je-le-drame-sur-son-deuxieme-album-tant-attendu\/"},"author":{"name":"Didier","@id":"https:\/\/www.jokeme.fr\/actus\/#\/schema\/person\/f0c6ad0d33ca144389e81e45a212928f"},"headline":"Cardi B se demande \u00absuis-je le drame? Sur son deuxi\u00e8me album tant attendu","datePublished":"2025-06-24T00:41:22+00:00","dateModified":"2025-06-24T00:41:25+00:00","mainEntityOfPage":{"@id":"https:\/\/www.jokeme.fr\/actus\/cardi-b-se-demande-suis-je-le-drame-sur-son-deuxieme-album-tant-attendu\/"},"wordCount":377,"publisher":{"@id":"https:\/\/www.jokeme.fr\/actus\/#organization"},"keywords":["album","attendu","Cardi","demande","deuxi\u00e8me","drame","son","suisje","sur","tant"],"inLanguage":"fr-FR"},{"@type":"WebPage","@id":"https:\/\/www.jokeme.fr\/actus\/cardi-b-se-demande-suis-je-le-drame-sur-son-deuxieme-album-tant-attendu\/","url":"https:\/\/www.jokeme.fr\/actus\/cardi-b-se-demande-suis-je-le-drame-sur-son-deuxieme-album-tant-attendu\/","name":"Cardi B se demande \u00absuis-je le drame? Sur son deuxi\u00e8me album tant attendu - Actualit\u00e9s - Joke Me","isPartOf":{"@id":"https:\/\/www.jokeme.fr\/actus\/#website"},"datePublished":"2025-06-24T00:41:22+00:00","dateModified":"2025-06-24T00:41:25+00:00","breadcrumb":{"@id":"https:\/\/www.jokeme.fr\/actus\/cardi-b-se-demande-suis-je-le-drame-sur-son-deuxieme-album-tant-attendu\/#breadcrumb"},"inLanguage":"fr-FR","potentialAction":[{"@type":"ReadAction","target":["https:\/\/www.jokeme.fr\/actus\/cardi-b-se-demande-suis-je-le-drame-sur-son-deuxieme-album-tant-attendu\/"]}]},{"@type":"BreadcrumbList","@id":"https:\/\/www.jokeme.fr\/actus\/cardi-b-se-demande-suis-je-le-drame-sur-son-deuxieme-album-tant-attendu\/#breadcrumb","itemListElement":[{"@type":"ListItem","position":1,"name":"Accueil","item":"https:\/\/www.jokeme.fr\/actus\/"},{"@type":"ListItem","position":2,"name":"Cardi B se demande \u00absuis-je le drame? Sur son deuxi\u00e8me album tant attendu"}]},{"@type":"WebSite","@id":"https:\/\/www.jokeme.fr\/actus\/#website","url":"https:\/\/www.jokeme.fr\/actus\/","name":"Actualit\u00e9s - Joke Me","description":"L&#039;actualit\u00e9 du rire","publisher":{"@id":"https:\/\/www.jokeme.fr\/actus\/#organization"},"potentialAction":[{"@type":"SearchAction","target":{"@type":"EntryPoint","urlTemplate":"https:\/\/www.jokeme.fr\/actus\/?s={search_term_string}"},"query-input":"required name=search_term_string"}],"inLanguage":"fr-FR"},{"@type":"Organization","@id":"https:\/\/www.jokeme.fr\/actus\/#organization","name":"Actualit\u00e9s - Joke Me","url":"https:\/\/www.jokeme.fr\/actus\/","logo":{"@type":"ImageObject","inLanguage":"fr-FR","@id":"https:\/\/www.jokeme.fr\/actus\/#\/schema\/logo\/image\/","url":"https:\/\/www.jokeme.fr\/actus\/wp-content\/uploads\/2023\/06\/cropped-Logo-Joke-Me.png","contentUrl":"https:\/\/www.jokeme.fr\/actus\/wp-content\/uploads\/2023\/06\/cropped-Logo-Joke-Me.png","width":499,"height":363,"caption":"Actualit\u00e9s - Joke Me"},"image":{"@id":"https:\/\/www.jokeme.fr\/actus\/#\/schema\/logo\/image\/"}},{"@type":"Person","@id":"https:\/\/www.jokeme.fr\/actus\/#\/schema\/person\/f0c6ad0d33ca144389e81e45a212928f","name":"Didier","image":{"@type":"ImageObject","inLanguage":"fr-FR","@id":"https:\/\/www.jokeme.fr\/actus\/#\/schema\/person\/image\/","url":"https:\/\/www.jokeme.fr\/actus\/wp-content\/uploads\/2024\/03\/jokeme-didier.jpg","contentUrl":"https:\/\/www.jokeme.fr\/actus\/wp-content\/uploads\/2024\/03\/jokeme-didier.jpg","caption":"Didier"},"description":"Didier, passionn\u00e9 de cin\u00e9ma, est un r\u00e9dacteur pour le m\u00e9dia Jokeme, o\u00f9 il partage sa passion \u00e0 travers des articles divertissants et informatifs. Ayant \u00e9tudi\u00e9 le journalisme, il allie sa formation \u00e0 sa passion pour offrir un contenu de qualit\u00e9 sur le monde du cin\u00e9ma.","sameAs":["https:\/\/www.jokeme.fr\/actus"]}]}},"_links":{"self":[{"href":"https:\/\/www.jokeme.fr\/actus\/wp-json\/wp\/v2\/posts\/20552"}],"collection":[{"href":"https:\/\/www.jokeme.fr\/actus\/wp-json\/wp\/v2\/posts"}],"about":[{"href":"https:\/\/www.jokeme.fr\/actus\/wp-json\/wp\/v2\/types\/post"}],"author":[{"embeddable":true,"href":"https:\/\/www.jokeme.fr\/actus\/wp-json\/wp\/v2\/users\/1"}],"replies":[{"embeddable":true,"href":"https:\/\/www.jokeme.fr\/actus\/wp-json\/wp\/v2\/comments?post=20552"}],"version-history":[{"count":1,"href":"https:\/\/www.jokeme.fr\/actus\/wp-json\/wp\/v2\/posts\/20552\/revisions"}],"predecessor-version":[{"id":20554,"href":"https:\/\/www.jokeme.fr\/actus\/wp-json\/wp\/v2\/posts\/20552\/revisions\/20554"}],"wp:featuredmedia":[{"embeddable":true,"href":"https:\/\/www.jokeme.fr\/actus\/wp-json\/wp\/v2\/media\/20553"}],"wp:attachment":[{"href":"https:\/\/www.jokeme.fr\/actus\/wp-json\/wp\/v2\/media?parent=20552"}],"wp:term":[{"taxonomy":"category","embeddable":true,"href":"https:\/\/www.jokeme.fr\/actus\/wp-json\/wp\/v2\/categories?post=20552"},{"taxonomy":"post_tag","embeddable":true,"href":"https:\/\/www.jokeme.fr\/actus\/wp-json\/wp\/v2\/tags?post=20552"}],"curies":[{"name":"wp","href":"https:\/\/api.w.org\/{rel}","templated":true}]}}