{"id":21592,"date":"2025-08-14T02:41:16","date_gmt":"2025-08-14T00:41:16","guid":{"rendered":"https:\/\/www.jokeme.fr\/actus\/justin-bieber-simpregne-de-la-belle-islande-dans-sa-magnifique-video-first-place\/"},"modified":"2025-08-14T02:41:20","modified_gmt":"2025-08-14T00:41:20","slug":"justin-bieber-simpregne-de-la-belle-islande-dans-sa-magnifique-video-first-place","status":"publish","type":"post","link":"https:\/\/www.jokeme.fr\/actus\/justin-bieber-simpregne-de-la-belle-islande-dans-sa-magnifique-video-first-place\/","title":{"rendered":"Justin Bieber s&#39;impr\u00e8gne de la belle Islande dans sa magnifique vid\u00e9o \u00abFirst Place\u00bb"},"content":{"rendered":"<div class=\"entry-content\">\n<div id=\"upx-cnx-player-wrap\"><\/div>\n<div class=\"post-page\" data-page=\"1\">\n<p>En mai, Justin Bieber a \u00e9t\u00e9 rep\u00e9r\u00e9 en Islande, travaillant sur de nouvelles musiques qui se sont av\u00e9r\u00e9es \u00eatre son dernier album, <em>Guirlande<\/em>. Il n&#39;a pas seulement couch\u00e9 des pistes alors qu&#39;il \u00e9tait dans le c\u00e9l\u00e8bre pays pittoresque, car il a \u00e9galement pris le temps de tourner une vid\u00e9o pour \u00abFirst Place\u00bb, qu&#39;il a partag\u00e9 aujourd&#39;hui (13 ao\u00fbt).<\/p>\n<p>Le visuel en noir et blanc est une tranche de vie sur la fa\u00e7on dont Bieber a pass\u00e9 son temps dans les studios Fl\u00f3ki et dans les environs: faire de la musique, fumer, entrer dans l&#39;eau, sauter dans un h\u00e9licopt\u00e8re pour une excursion de snowboard, faire du v\u00e9lo, explorer et autrement profiter de la nature, de sa compagnie et de lui-m\u00eame.<\/p>\n<p>Cela survient peu de temps apr\u00e8s que Philip Cosores d&#39;Uproxx a visit\u00e9 le studio. Dans une fonction Uproxx, la directrice des studios de Fl\u00f3ki Wade Koeman a discut\u00e9 de l&#39;attrait de l&#39;enregistrement l\u00e0-bas, en disant: \u00abJe pense que certaines personnes, certains artistes, excellent et entrent dans ce lieu de cr\u00e9ativit\u00e9 lorsque toutes les distractions sont parties. chaotique.<\/p>\n<p>Regardez la vid\u00e9o \u00abFirst Place\u00bb ci-dessus et lisez la fonctionnalit\u00e9 d&#39;Uproxx sur Fl\u00f3ki Studios et DePlar Farm ici.<\/p>\n<\/p><\/div>\n<\/p><\/div>\n","protected":false},"excerpt":{"rendered":"<p>En mai, Justin Bieber a \u00e9t\u00e9 rep\u00e9r\u00e9 en Islande, travaillant sur de nouvelles musiques qui se sont av\u00e9r\u00e9es \u00eatre son dernier album, Guirlande. Il n&#39;a pas seulement couch\u00e9 des pistes alors qu&#39;il \u00e9tait dans le c\u00e9l\u00e8bre pays pittoresque, car il a \u00e9galement pris le temps de tourner une vid\u00e9o pour \u00abFirst Place\u00bb, qu&#39;il a partag\u00e9 &#8230; <a title=\"Justin Bieber s&#039;impr\u00e8gne de la belle Islande dans sa magnifique vid\u00e9o \u00abFirst Place\u00bb\" class=\"read-more\" href=\"https:\/\/www.jokeme.fr\/actus\/justin-bieber-simpregne-de-la-belle-islande-dans-sa-magnifique-video-first-place\/\" aria-label=\"Plus sur Justin Bieber s&#039;impr\u00e8gne de la belle Islande dans sa magnifique vid\u00e9o \u00abFirst Place\u00bb\">Lire plus<\/a><\/p>\n","protected":false},"author":1,"featured_media":21593,"comment_status":"closed","ping_status":"open","sticky":false,"template":"","format":"standard","meta":{"footnotes":""},"categories":[1],"tags":[3962,6237,52,14667,3708,11052,592,15657,690],"yoast_head":"<!-- This site is optimized with the Yoast SEO plugin v20.8 - https:\/\/yoast.com\/wordpress\/plugins\/seo\/ -->\n<title>Justin Bieber s&#039;impr\u00e8gne de la belle Islande dans sa magnifique vid\u00e9o \u00abFirst Place\u00bb - Actualit\u00e9s - Joke Me<\/title>\n<meta name=\"robots\" content=\"index, follow, max-snippet:-1, max-image-preview:large, max-video-preview:-1\" \/>\n<link rel=\"canonical\" href=\"https:\/\/www.jokeme.fr\/actus\/justin-bieber-simpregne-de-la-belle-islande-dans-sa-magnifique-video-first-place\/\" \/>\n<meta property=\"og:locale\" content=\"fr_FR\" \/>\n<meta property=\"og:type\" content=\"article\" \/>\n<meta property=\"og:title\" content=\"Justin Bieber s&#039;impr\u00e8gne de la belle Islande dans sa magnifique vid\u00e9o \u00abFirst Place\u00bb - Actualit\u00e9s - Joke Me\" \/>\n<meta property=\"og:description\" content=\"En mai, Justin Bieber a \u00e9t\u00e9 rep\u00e9r\u00e9 en Islande, travaillant sur de nouvelles musiques qui se sont av\u00e9r\u00e9es \u00eatre son dernier album, Guirlande. Il n&#039;a pas seulement couch\u00e9 des pistes alors qu&#039;il \u00e9tait dans le c\u00e9l\u00e8bre pays pittoresque, car il a \u00e9galement pris le temps de tourner une vid\u00e9o pour \u00abFirst Place\u00bb, qu&#039;il a partag\u00e9 ... Lire plus\" \/>\n<meta property=\"og:url\" content=\"https:\/\/www.jokeme.fr\/actus\/justin-bieber-simpregne-de-la-belle-islande-dans-sa-magnifique-video-first-place\/\" \/>\n<meta property=\"og:site_name\" content=\"Actualit\u00e9s - Joke Me\" \/>\n<meta property=\"article:published_time\" content=\"2025-08-14T00:41:16+00:00\" \/>\n<meta property=\"article:modified_time\" content=\"2025-08-14T00:41:20+00:00\" \/>\n<meta property=\"og:image\" content=\"https:\/\/www.jokeme.fr\/actus\/wp-content\/uploads\/2025\/08\/Justin-Bieber-s39impregne-de-la-belle-Islande-dans-sa-magnifique.jpg\" \/>\n\t<meta property=\"og:image:width\" content=\"710\" \/>\n\t<meta property=\"og:image:height\" content=\"400\" \/>\n\t<meta property=\"og:image:type\" content=\"image\/jpeg\" \/>\n<meta name=\"author\" content=\"Didier\" \/>\n<meta name=\"twitter:card\" content=\"summary_large_image\" \/>\n<meta name=\"twitter:label1\" content=\"\u00c9crit par\" \/>\n\t<meta name=\"twitter:data1\" content=\"Didier\" \/>\n\t<meta name=\"twitter:label2\" content=\"Dur\u00e9e de lecture estim\u00e9e\" \/>\n\t<meta name=\"twitter:data2\" content=\"1 minute\" \/>\n<script type=\"application\/ld+json\" class=\"yoast-schema-graph\">{\"@context\":\"https:\/\/schema.org\",\"@graph\":[{\"@type\":\"Article\",\"@id\":\"https:\/\/www.jokeme.fr\/actus\/justin-bieber-simpregne-de-la-belle-islande-dans-sa-magnifique-video-first-place\/#article\",\"isPartOf\":{\"@id\":\"https:\/\/www.jokeme.fr\/actus\/justin-bieber-simpregne-de-la-belle-islande-dans-sa-magnifique-video-first-place\/\"},\"author\":{\"name\":\"Didier\",\"@id\":\"https:\/\/www.jokeme.fr\/actus\/#\/schema\/person\/f0c6ad0d33ca144389e81e45a212928f\"},\"headline\":\"Justin Bieber s&#39;impr\u00e8gne de la belle Islande dans sa magnifique vid\u00e9o \u00abFirst Place\u00bb\",\"datePublished\":\"2025-08-14T00:41:16+00:00\",\"dateModified\":\"2025-08-14T00:41:20+00:00\",\"mainEntityOfPage\":{\"@id\":\"https:\/\/www.jokeme.fr\/actus\/justin-bieber-simpregne-de-la-belle-islande-dans-sa-magnifique-video-first-place\/\"},\"wordCount\":237,\"publisher\":{\"@id\":\"https:\/\/www.jokeme.fr\/actus\/#organization\"},\"keywords\":[\"belle\",\"Bieber\",\"dans\",\"Islande\",\"Justin\",\"magnifique\",\"place\",\"s39impr\u00e8gne\",\"vid\u00e9o\"],\"inLanguage\":\"fr-FR\"},{\"@type\":\"WebPage\",\"@id\":\"https:\/\/www.jokeme.fr\/actus\/justin-bieber-simpregne-de-la-belle-islande-dans-sa-magnifique-video-first-place\/\",\"url\":\"https:\/\/www.jokeme.fr\/actus\/justin-bieber-simpregne-de-la-belle-islande-dans-sa-magnifique-video-first-place\/\",\"name\":\"Justin Bieber s&#39;impr\u00e8gne de la belle Islande dans sa magnifique vid\u00e9o \u00abFirst Place\u00bb - Actualit\u00e9s - Joke Me\",\"isPartOf\":{\"@id\":\"https:\/\/www.jokeme.fr\/actus\/#website\"},\"datePublished\":\"2025-08-14T00:41:16+00:00\",\"dateModified\":\"2025-08-14T00:41:20+00:00\",\"breadcrumb\":{\"@id\":\"https:\/\/www.jokeme.fr\/actus\/justin-bieber-simpregne-de-la-belle-islande-dans-sa-magnifique-video-first-place\/#breadcrumb\"},\"inLanguage\":\"fr-FR\",\"potentialAction\":[{\"@type\":\"ReadAction\",\"target\":[\"https:\/\/www.jokeme.fr\/actus\/justin-bieber-simpregne-de-la-belle-islande-dans-sa-magnifique-video-first-place\/\"]}]},{\"@type\":\"BreadcrumbList\",\"@id\":\"https:\/\/www.jokeme.fr\/actus\/justin-bieber-simpregne-de-la-belle-islande-dans-sa-magnifique-video-first-place\/#breadcrumb\",\"itemListElement\":[{\"@type\":\"ListItem\",\"position\":1,\"name\":\"Accueil\",\"item\":\"https:\/\/www.jokeme.fr\/actus\/\"},{\"@type\":\"ListItem\",\"position\":2,\"name\":\"Justin Bieber s&#39;impr\u00e8gne de la belle Islande dans sa magnifique vid\u00e9o \u00abFirst Place\u00bb\"}]},{\"@type\":\"WebSite\",\"@id\":\"https:\/\/www.jokeme.fr\/actus\/#website\",\"url\":\"https:\/\/www.jokeme.fr\/actus\/\",\"name\":\"Actualit\u00e9s - Joke Me\",\"description\":\"L&#039;actualit\u00e9 du rire\",\"publisher\":{\"@id\":\"https:\/\/www.jokeme.fr\/actus\/#organization\"},\"potentialAction\":[{\"@type\":\"SearchAction\",\"target\":{\"@type\":\"EntryPoint\",\"urlTemplate\":\"https:\/\/www.jokeme.fr\/actus\/?s={search_term_string}\"},\"query-input\":\"required name=search_term_string\"}],\"inLanguage\":\"fr-FR\"},{\"@type\":\"Organization\",\"@id\":\"https:\/\/www.jokeme.fr\/actus\/#organization\",\"name\":\"Actualit\u00e9s - Joke Me\",\"url\":\"https:\/\/www.jokeme.fr\/actus\/\",\"logo\":{\"@type\":\"ImageObject\",\"inLanguage\":\"fr-FR\",\"@id\":\"https:\/\/www.jokeme.fr\/actus\/#\/schema\/logo\/image\/\",\"url\":\"https:\/\/www.jokeme.fr\/actus\/wp-content\/uploads\/2023\/06\/cropped-Logo-Joke-Me.png\",\"contentUrl\":\"https:\/\/www.jokeme.fr\/actus\/wp-content\/uploads\/2023\/06\/cropped-Logo-Joke-Me.png\",\"width\":499,\"height\":363,\"caption\":\"Actualit\u00e9s - Joke Me\"},\"image\":{\"@id\":\"https:\/\/www.jokeme.fr\/actus\/#\/schema\/logo\/image\/\"}},{\"@type\":\"Person\",\"@id\":\"https:\/\/www.jokeme.fr\/actus\/#\/schema\/person\/f0c6ad0d33ca144389e81e45a212928f\",\"name\":\"Didier\",\"image\":{\"@type\":\"ImageObject\",\"inLanguage\":\"fr-FR\",\"@id\":\"https:\/\/www.jokeme.fr\/actus\/#\/schema\/person\/image\/\",\"url\":\"https:\/\/www.jokeme.fr\/actus\/wp-content\/uploads\/2024\/03\/jokeme-didier.jpg\",\"contentUrl\":\"https:\/\/www.jokeme.fr\/actus\/wp-content\/uploads\/2024\/03\/jokeme-didier.jpg\",\"caption\":\"Didier\"},\"description\":\"Didier, passionn\u00e9 de cin\u00e9ma, est un r\u00e9dacteur pour le m\u00e9dia Jokeme, o\u00f9 il partage sa passion \u00e0 travers des articles divertissants et informatifs. Ayant \u00e9tudi\u00e9 le journalisme, il allie sa formation \u00e0 sa passion pour offrir un contenu de qualit\u00e9 sur le monde du cin\u00e9ma.\",\"sameAs\":[\"https:\/\/www.jokeme.fr\/actus\"]}]}<\/script>\n<!-- \/ Yoast SEO plugin. -->","yoast_head_json":{"title":"Justin Bieber s&#39;impr\u00e8gne de la belle Islande dans sa magnifique vid\u00e9o \u00abFirst Place\u00bb - Actualit\u00e9s - Joke Me","robots":{"index":"index","follow":"follow","max-snippet":"max-snippet:-1","max-image-preview":"max-image-preview:large","max-video-preview":"max-video-preview:-1"},"canonical":"https:\/\/www.jokeme.fr\/actus\/justin-bieber-simpregne-de-la-belle-islande-dans-sa-magnifique-video-first-place\/","og_locale":"fr_FR","og_type":"article","og_title":"Justin Bieber s&#39;impr\u00e8gne de la belle Islande dans sa magnifique vid\u00e9o \u00abFirst Place\u00bb - Actualit\u00e9s - Joke Me","og_description":"En mai, Justin Bieber a \u00e9t\u00e9 rep\u00e9r\u00e9 en Islande, travaillant sur de nouvelles musiques qui se sont av\u00e9r\u00e9es \u00eatre son dernier album, Guirlande. Il n&#39;a pas seulement couch\u00e9 des pistes alors qu&#39;il \u00e9tait dans le c\u00e9l\u00e8bre pays pittoresque, car il a \u00e9galement pris le temps de tourner une vid\u00e9o pour \u00abFirst Place\u00bb, qu&#39;il a partag\u00e9 ... Lire plus","og_url":"https:\/\/www.jokeme.fr\/actus\/justin-bieber-simpregne-de-la-belle-islande-dans-sa-magnifique-video-first-place\/","og_site_name":"Actualit\u00e9s - Joke Me","article_published_time":"2025-08-14T00:41:16+00:00","article_modified_time":"2025-08-14T00:41:20+00:00","og_image":[{"width":710,"height":400,"url":"https:\/\/www.jokeme.fr\/actus\/wp-content\/uploads\/2025\/08\/Justin-Bieber-s39impregne-de-la-belle-Islande-dans-sa-magnifique.jpg","type":"image\/jpeg"}],"author":"Didier","twitter_card":"summary_large_image","twitter_misc":{"\u00c9crit par":"Didier","Dur\u00e9e de lecture estim\u00e9e":"1 minute"},"schema":{"@context":"https:\/\/schema.org","@graph":[{"@type":"Article","@id":"https:\/\/www.jokeme.fr\/actus\/justin-bieber-simpregne-de-la-belle-islande-dans-sa-magnifique-video-first-place\/#article","isPartOf":{"@id":"https:\/\/www.jokeme.fr\/actus\/justin-bieber-simpregne-de-la-belle-islande-dans-sa-magnifique-video-first-place\/"},"author":{"name":"Didier","@id":"https:\/\/www.jokeme.fr\/actus\/#\/schema\/person\/f0c6ad0d33ca144389e81e45a212928f"},"headline":"Justin Bieber s&#39;impr\u00e8gne de la belle Islande dans sa magnifique vid\u00e9o \u00abFirst Place\u00bb","datePublished":"2025-08-14T00:41:16+00:00","dateModified":"2025-08-14T00:41:20+00:00","mainEntityOfPage":{"@id":"https:\/\/www.jokeme.fr\/actus\/justin-bieber-simpregne-de-la-belle-islande-dans-sa-magnifique-video-first-place\/"},"wordCount":237,"publisher":{"@id":"https:\/\/www.jokeme.fr\/actus\/#organization"},"keywords":["belle","Bieber","dans","Islande","Justin","magnifique","place","s39impr\u00e8gne","vid\u00e9o"],"inLanguage":"fr-FR"},{"@type":"WebPage","@id":"https:\/\/www.jokeme.fr\/actus\/justin-bieber-simpregne-de-la-belle-islande-dans-sa-magnifique-video-first-place\/","url":"https:\/\/www.jokeme.fr\/actus\/justin-bieber-simpregne-de-la-belle-islande-dans-sa-magnifique-video-first-place\/","name":"Justin Bieber s&#39;impr\u00e8gne de la belle Islande dans sa magnifique vid\u00e9o \u00abFirst Place\u00bb - Actualit\u00e9s - Joke Me","isPartOf":{"@id":"https:\/\/www.jokeme.fr\/actus\/#website"},"datePublished":"2025-08-14T00:41:16+00:00","dateModified":"2025-08-14T00:41:20+00:00","breadcrumb":{"@id":"https:\/\/www.jokeme.fr\/actus\/justin-bieber-simpregne-de-la-belle-islande-dans-sa-magnifique-video-first-place\/#breadcrumb"},"inLanguage":"fr-FR","potentialAction":[{"@type":"ReadAction","target":["https:\/\/www.jokeme.fr\/actus\/justin-bieber-simpregne-de-la-belle-islande-dans-sa-magnifique-video-first-place\/"]}]},{"@type":"BreadcrumbList","@id":"https:\/\/www.jokeme.fr\/actus\/justin-bieber-simpregne-de-la-belle-islande-dans-sa-magnifique-video-first-place\/#breadcrumb","itemListElement":[{"@type":"ListItem","position":1,"name":"Accueil","item":"https:\/\/www.jokeme.fr\/actus\/"},{"@type":"ListItem","position":2,"name":"Justin Bieber s&#39;impr\u00e8gne de la belle Islande dans sa magnifique vid\u00e9o \u00abFirst Place\u00bb"}]},{"@type":"WebSite","@id":"https:\/\/www.jokeme.fr\/actus\/#website","url":"https:\/\/www.jokeme.fr\/actus\/","name":"Actualit\u00e9s - Joke Me","description":"L&#039;actualit\u00e9 du rire","publisher":{"@id":"https:\/\/www.jokeme.fr\/actus\/#organization"},"potentialAction":[{"@type":"SearchAction","target":{"@type":"EntryPoint","urlTemplate":"https:\/\/www.jokeme.fr\/actus\/?s={search_term_string}"},"query-input":"required name=search_term_string"}],"inLanguage":"fr-FR"},{"@type":"Organization","@id":"https:\/\/www.jokeme.fr\/actus\/#organization","name":"Actualit\u00e9s - Joke Me","url":"https:\/\/www.jokeme.fr\/actus\/","logo":{"@type":"ImageObject","inLanguage":"fr-FR","@id":"https:\/\/www.jokeme.fr\/actus\/#\/schema\/logo\/image\/","url":"https:\/\/www.jokeme.fr\/actus\/wp-content\/uploads\/2023\/06\/cropped-Logo-Joke-Me.png","contentUrl":"https:\/\/www.jokeme.fr\/actus\/wp-content\/uploads\/2023\/06\/cropped-Logo-Joke-Me.png","width":499,"height":363,"caption":"Actualit\u00e9s - Joke Me"},"image":{"@id":"https:\/\/www.jokeme.fr\/actus\/#\/schema\/logo\/image\/"}},{"@type":"Person","@id":"https:\/\/www.jokeme.fr\/actus\/#\/schema\/person\/f0c6ad0d33ca144389e81e45a212928f","name":"Didier","image":{"@type":"ImageObject","inLanguage":"fr-FR","@id":"https:\/\/www.jokeme.fr\/actus\/#\/schema\/person\/image\/","url":"https:\/\/www.jokeme.fr\/actus\/wp-content\/uploads\/2024\/03\/jokeme-didier.jpg","contentUrl":"https:\/\/www.jokeme.fr\/actus\/wp-content\/uploads\/2024\/03\/jokeme-didier.jpg","caption":"Didier"},"description":"Didier, passionn\u00e9 de cin\u00e9ma, est un r\u00e9dacteur pour le m\u00e9dia Jokeme, o\u00f9 il partage sa passion \u00e0 travers des articles divertissants et informatifs. Ayant \u00e9tudi\u00e9 le journalisme, il allie sa formation \u00e0 sa passion pour offrir un contenu de qualit\u00e9 sur le monde du cin\u00e9ma.","sameAs":["https:\/\/www.jokeme.fr\/actus"]}]}},"_links":{"self":[{"href":"https:\/\/www.jokeme.fr\/actus\/wp-json\/wp\/v2\/posts\/21592"}],"collection":[{"href":"https:\/\/www.jokeme.fr\/actus\/wp-json\/wp\/v2\/posts"}],"about":[{"href":"https:\/\/www.jokeme.fr\/actus\/wp-json\/wp\/v2\/types\/post"}],"author":[{"embeddable":true,"href":"https:\/\/www.jokeme.fr\/actus\/wp-json\/wp\/v2\/users\/1"}],"replies":[{"embeddable":true,"href":"https:\/\/www.jokeme.fr\/actus\/wp-json\/wp\/v2\/comments?post=21592"}],"version-history":[{"count":1,"href":"https:\/\/www.jokeme.fr\/actus\/wp-json\/wp\/v2\/posts\/21592\/revisions"}],"predecessor-version":[{"id":21594,"href":"https:\/\/www.jokeme.fr\/actus\/wp-json\/wp\/v2\/posts\/21592\/revisions\/21594"}],"wp:featuredmedia":[{"embeddable":true,"href":"https:\/\/www.jokeme.fr\/actus\/wp-json\/wp\/v2\/media\/21593"}],"wp:attachment":[{"href":"https:\/\/www.jokeme.fr\/actus\/wp-json\/wp\/v2\/media?parent=21592"}],"wp:term":[{"taxonomy":"category","embeddable":true,"href":"https:\/\/www.jokeme.fr\/actus\/wp-json\/wp\/v2\/categories?post=21592"},{"taxonomy":"post_tag","embeddable":true,"href":"https:\/\/www.jokeme.fr\/actus\/wp-json\/wp\/v2\/tags?post=21592"}],"curies":[{"name":"wp","href":"https:\/\/api.w.org\/{rel}","templated":true}]}}