{"id":21612,"date":"2025-08-14T15:40:48","date_gmt":"2025-08-14T13:40:48","guid":{"rendered":"https:\/\/www.jokeme.fr\/actus\/lisa-de-blackpink-confronte-lamour-et-la-perte-dans-sa-nouvelle-video-cinematographique-dream\/"},"modified":"2025-08-14T15:40:49","modified_gmt":"2025-08-14T13:40:49","slug":"lisa-de-blackpink-confronte-lamour-et-la-perte-dans-sa-nouvelle-video-cinematographique-dream","status":"publish","type":"post","link":"https:\/\/www.jokeme.fr\/actus\/lisa-de-blackpink-confronte-lamour-et-la-perte-dans-sa-nouvelle-video-cinematographique-dream\/","title":{"rendered":"Lisa de Blackpink confronte l&#39;amour et la perte dans sa nouvelle vid\u00e9o cin\u00e9matographique \u00abDream\u00bb"},"content":{"rendered":"<div class=\"entry-content\">\n<div id=\"upx-cnx-player-wrap\"><\/div>\n<div class=\"post-page\" data-page=\"1\">\n<p>BlackPink se pr\u00e9pare actuellement \u00e0 reprendre le stade embl\u00e9matique de Londres Wembley le week-end prochain. Avant cela, cependant, Lisa a d\u00fb lui donner une carri\u00e8re en solo un peu d&#39;amour: hier soir (13 ao\u00fbt), Lisa a partag\u00e9 un nouveau court m\u00e9trage pour \u00ab\u00a0Dream\u00a0\u00bb, un moment fort de son album <em>Alter ego<\/em>.<\/p>\n<p>La vid\u00e9o \u00e9vocatrice co-stars de l&#39;acteur japonais Kentaro Sakaguchi, et en elle, les deux naviguent dans leur pass\u00e9 romantique doux-amer.<\/p>\n<p>Lisa a d\u00e9j\u00e0 dit \u00e0 propos du lancement d&#39;une carri\u00e8re en solo: \u00abAu d\u00e9but, j&#39;\u00e9tais effray\u00e9 et nerveux parce que je ne suis jamais vraiment sorti ici pour faire mes propres affaires. Et maintenant je m&#39;amuse. Quand (mes singles) sont sortis, la r\u00e9action des fans, \u00e7a me gu\u00e9rit.<\/p>\n<p>Regardez la vid\u00e9o \u00abDream\u00bb ci-dessus et consultez les prochaines dates de tourn\u00e9e de BlackPink ci-dessous.<\/p>\n<\/p><\/div>\n<div class=\"htlad-incontent upx-ad-lazy incontent\" data-ad-unit=\"incontent\" data-ad-provider=\"htlbid\" data-unit=\"\/23101112908\/uproxx\/music\/article\/incontent\" data-targeting='{\"position\":\"incontent\"}'><\/div>\n<div class=\"post-page\" data-page=\"2\">\n<h2>Dates de tourn\u00e9e en 2025 et 2026 de BlackPink: <em>Tour de date du monde<\/em><\/h2>\n<p>15\/08\/2025 &#8211; Londres, UK @ Wembley Stadium<br \/>\n16\/08\/2025 &#8211; Londres, UK @ Wembley Stadium<br \/>\n18\/10\/2025 &#8211; Kaohsiung, Taiwan @ Kaohsiung National Stadium<br \/>\n10\/19\/2025 &#8211; Kaohsiung, Taiwan @ Kaohsiung National Stadium<br \/>\n24\/10\/2025 &#8211; Bangkok, Tha\u00eflande @ Rajmangala National Stadium<br \/>\n25\/10\/2025 &#8211; Bangkok, Tha\u00eflande @ Rajmangala National Stadium<br \/>\n26\/10\/2025 &#8211; Bangkok, Tha\u00eflande @ Rajmangala National Stadium<br \/>\n11\/01\/2025 &#8211; Jakarta, Indon\u00e9sie @ Gelora Bung Karno Stadium<br \/>\n11\/02\/2025 &#8211; Jakarta, Indon\u00e9sie @ Gelora Bung Karno Stadium<br \/>\n22\/11\/2025 &#8211; Bocaue, Philippines @ Philippine Arena<br \/>\n23\/11\/2025 &#8211; Bocaue, Philippines @ Philippine Arena<br \/>\n29\/11\/2025 &#8211; Singapour @ National Stadium<br \/>\n30\/11\/2025 &#8211; Singapour @ National Stadium<br \/>\n16\/01\/2026 &#8211; Tokyo, Japon @ Tokyo Dome<br \/>\n17\/01\/2026 &#8211; Tokyo, Japon @ Tokyo Dome<br \/>\n18\/01\/2026 &#8211; Tokyo, Japon @ Tokyo Dome<br \/>\n24\/01\/2026 &#8211; Hong Kong @ Kai Tak Stadium<br \/>\n25\/01\/2026 &#8211; Hong Kong @ Kai Tak Stadium<\/p>\n<p><em>Alter ego<\/em> est maintenant via Lloud Co.\/RCA Records. Trouvez plus d&#39;informations ici.<\/p>\n<\/p><\/div>\n<\/p><\/div>\n","protected":false},"excerpt":{"rendered":"<p>BlackPink se pr\u00e9pare actuellement \u00e0 reprendre le stade embl\u00e9matique de Londres Wembley le week-end prochain. Avant cela, cependant, Lisa a d\u00fb lui donner une carri\u00e8re en solo un peu d&#39;amour: hier soir (13 ao\u00fbt), Lisa a partag\u00e9 un nouveau court m\u00e9trage pour \u00ab\u00a0Dream\u00a0\u00bb, un moment fort de son album Alter ego. La vid\u00e9o \u00e9vocatrice co-stars &#8230; <a title=\"Lisa de Blackpink confronte l&#039;amour et la perte dans sa nouvelle vid\u00e9o cin\u00e9matographique \u00abDream\u00bb\" class=\"read-more\" href=\"https:\/\/www.jokeme.fr\/actus\/lisa-de-blackpink-confronte-lamour-et-la-perte-dans-sa-nouvelle-video-cinematographique-dream\/\" aria-label=\"Plus sur Lisa de Blackpink confronte l&#039;amour et la perte dans sa nouvelle vid\u00e9o cin\u00e9matographique \u00abDream\u00bb\">Lire plus<\/a><\/p>\n","protected":false},"author":1,"featured_media":21613,"comment_status":"closed","ping_status":"open","sticky":false,"template":"","format":"standard","meta":{"footnotes":""},"categories":[1],"tags":[5478,8835,11606,52,9330,5956,5477,35,1376,690],"yoast_head":"<!-- This site is optimized with the Yoast SEO plugin v20.8 - https:\/\/yoast.com\/wordpress\/plugins\/seo\/ -->\n<title>Lisa de Blackpink confronte l&#039;amour et la perte dans sa nouvelle vid\u00e9o cin\u00e9matographique \u00abDream\u00bb - Actualit\u00e9s - Joke Me<\/title>\n<meta name=\"robots\" content=\"index, follow, max-snippet:-1, max-image-preview:large, max-video-preview:-1\" \/>\n<link rel=\"canonical\" href=\"https:\/\/www.jokeme.fr\/actus\/lisa-de-blackpink-confronte-lamour-et-la-perte-dans-sa-nouvelle-video-cinematographique-dream\/\" \/>\n<meta property=\"og:locale\" content=\"fr_FR\" \/>\n<meta property=\"og:type\" content=\"article\" \/>\n<meta property=\"og:title\" content=\"Lisa de Blackpink confronte l&#039;amour et la perte dans sa nouvelle vid\u00e9o cin\u00e9matographique \u00abDream\u00bb - Actualit\u00e9s - Joke Me\" \/>\n<meta property=\"og:description\" content=\"BlackPink se pr\u00e9pare actuellement \u00e0 reprendre le stade embl\u00e9matique de Londres Wembley le week-end prochain. Avant cela, cependant, Lisa a d\u00fb lui donner une carri\u00e8re en solo un peu d&#039;amour: hier soir (13 ao\u00fbt), Lisa a partag\u00e9 un nouveau court m\u00e9trage pour \u00ab\u00a0Dream\u00a0\u00bb, un moment fort de son album Alter ego. La vid\u00e9o \u00e9vocatrice co-stars ... Lire plus\" \/>\n<meta property=\"og:url\" content=\"https:\/\/www.jokeme.fr\/actus\/lisa-de-blackpink-confronte-lamour-et-la-perte-dans-sa-nouvelle-video-cinematographique-dream\/\" \/>\n<meta property=\"og:site_name\" content=\"Actualit\u00e9s - Joke Me\" \/>\n<meta property=\"article:published_time\" content=\"2025-08-14T13:40:48+00:00\" \/>\n<meta property=\"article:modified_time\" content=\"2025-08-14T13:40:49+00:00\" \/>\n<meta property=\"og:image\" content=\"https:\/\/www.jokeme.fr\/actus\/wp-content\/uploads\/2025\/08\/Lisa-de-Blackpink-confronte-l39amour-et-la-perte-dans-sa.jpg\" \/>\n\t<meta property=\"og:image:width\" content=\"710\" \/>\n\t<meta property=\"og:image:height\" content=\"400\" \/>\n\t<meta property=\"og:image:type\" content=\"image\/jpeg\" \/>\n<meta name=\"author\" content=\"Didier\" \/>\n<meta name=\"twitter:card\" content=\"summary_large_image\" \/>\n<meta name=\"twitter:label1\" content=\"\u00c9crit par\" \/>\n\t<meta name=\"twitter:data1\" content=\"Didier\" \/>\n\t<meta name=\"twitter:label2\" content=\"Dur\u00e9e de lecture estim\u00e9e\" \/>\n\t<meta name=\"twitter:data2\" content=\"1 minute\" \/>\n<script type=\"application\/ld+json\" class=\"yoast-schema-graph\">{\"@context\":\"https:\/\/schema.org\",\"@graph\":[{\"@type\":\"Article\",\"@id\":\"https:\/\/www.jokeme.fr\/actus\/lisa-de-blackpink-confronte-lamour-et-la-perte-dans-sa-nouvelle-video-cinematographique-dream\/#article\",\"isPartOf\":{\"@id\":\"https:\/\/www.jokeme.fr\/actus\/lisa-de-blackpink-confronte-lamour-et-la-perte-dans-sa-nouvelle-video-cinematographique-dream\/\"},\"author\":{\"name\":\"Didier\",\"@id\":\"https:\/\/www.jokeme.fr\/actus\/#\/schema\/person\/f0c6ad0d33ca144389e81e45a212928f\"},\"headline\":\"Lisa de Blackpink confronte l&#39;amour et la perte dans sa nouvelle vid\u00e9o cin\u00e9matographique \u00abDream\u00bb\",\"datePublished\":\"2025-08-14T13:40:48+00:00\",\"dateModified\":\"2025-08-14T13:40:49+00:00\",\"mainEntityOfPage\":{\"@id\":\"https:\/\/www.jokeme.fr\/actus\/lisa-de-blackpink-confronte-lamour-et-la-perte-dans-sa-nouvelle-video-cinematographique-dream\/\"},\"wordCount\":297,\"publisher\":{\"@id\":\"https:\/\/www.jokeme.fr\/actus\/#organization\"},\"keywords\":[\"Blackpink\",\"cin\u00e9matographique\",\"confront\u00e9\",\"dans\",\"Dream\",\"L39amour\",\"Lisa\",\"nouvelle\",\"perte\",\"vid\u00e9o\"],\"inLanguage\":\"fr-FR\"},{\"@type\":\"WebPage\",\"@id\":\"https:\/\/www.jokeme.fr\/actus\/lisa-de-blackpink-confronte-lamour-et-la-perte-dans-sa-nouvelle-video-cinematographique-dream\/\",\"url\":\"https:\/\/www.jokeme.fr\/actus\/lisa-de-blackpink-confronte-lamour-et-la-perte-dans-sa-nouvelle-video-cinematographique-dream\/\",\"name\":\"Lisa de Blackpink confronte l&#39;amour et la perte dans sa nouvelle vid\u00e9o cin\u00e9matographique \u00abDream\u00bb - Actualit\u00e9s - Joke Me\",\"isPartOf\":{\"@id\":\"https:\/\/www.jokeme.fr\/actus\/#website\"},\"datePublished\":\"2025-08-14T13:40:48+00:00\",\"dateModified\":\"2025-08-14T13:40:49+00:00\",\"breadcrumb\":{\"@id\":\"https:\/\/www.jokeme.fr\/actus\/lisa-de-blackpink-confronte-lamour-et-la-perte-dans-sa-nouvelle-video-cinematographique-dream\/#breadcrumb\"},\"inLanguage\":\"fr-FR\",\"potentialAction\":[{\"@type\":\"ReadAction\",\"target\":[\"https:\/\/www.jokeme.fr\/actus\/lisa-de-blackpink-confronte-lamour-et-la-perte-dans-sa-nouvelle-video-cinematographique-dream\/\"]}]},{\"@type\":\"BreadcrumbList\",\"@id\":\"https:\/\/www.jokeme.fr\/actus\/lisa-de-blackpink-confronte-lamour-et-la-perte-dans-sa-nouvelle-video-cinematographique-dream\/#breadcrumb\",\"itemListElement\":[{\"@type\":\"ListItem\",\"position\":1,\"name\":\"Accueil\",\"item\":\"https:\/\/www.jokeme.fr\/actus\/\"},{\"@type\":\"ListItem\",\"position\":2,\"name\":\"Lisa de Blackpink confronte l&#39;amour et la perte dans sa nouvelle vid\u00e9o cin\u00e9matographique \u00abDream\u00bb\"}]},{\"@type\":\"WebSite\",\"@id\":\"https:\/\/www.jokeme.fr\/actus\/#website\",\"url\":\"https:\/\/www.jokeme.fr\/actus\/\",\"name\":\"Actualit\u00e9s - Joke Me\",\"description\":\"L&#039;actualit\u00e9 du rire\",\"publisher\":{\"@id\":\"https:\/\/www.jokeme.fr\/actus\/#organization\"},\"potentialAction\":[{\"@type\":\"SearchAction\",\"target\":{\"@type\":\"EntryPoint\",\"urlTemplate\":\"https:\/\/www.jokeme.fr\/actus\/?s={search_term_string}\"},\"query-input\":\"required name=search_term_string\"}],\"inLanguage\":\"fr-FR\"},{\"@type\":\"Organization\",\"@id\":\"https:\/\/www.jokeme.fr\/actus\/#organization\",\"name\":\"Actualit\u00e9s - Joke Me\",\"url\":\"https:\/\/www.jokeme.fr\/actus\/\",\"logo\":{\"@type\":\"ImageObject\",\"inLanguage\":\"fr-FR\",\"@id\":\"https:\/\/www.jokeme.fr\/actus\/#\/schema\/logo\/image\/\",\"url\":\"https:\/\/www.jokeme.fr\/actus\/wp-content\/uploads\/2023\/06\/cropped-Logo-Joke-Me.png\",\"contentUrl\":\"https:\/\/www.jokeme.fr\/actus\/wp-content\/uploads\/2023\/06\/cropped-Logo-Joke-Me.png\",\"width\":499,\"height\":363,\"caption\":\"Actualit\u00e9s - Joke Me\"},\"image\":{\"@id\":\"https:\/\/www.jokeme.fr\/actus\/#\/schema\/logo\/image\/\"}},{\"@type\":\"Person\",\"@id\":\"https:\/\/www.jokeme.fr\/actus\/#\/schema\/person\/f0c6ad0d33ca144389e81e45a212928f\",\"name\":\"Didier\",\"image\":{\"@type\":\"ImageObject\",\"inLanguage\":\"fr-FR\",\"@id\":\"https:\/\/www.jokeme.fr\/actus\/#\/schema\/person\/image\/\",\"url\":\"https:\/\/www.jokeme.fr\/actus\/wp-content\/uploads\/2024\/03\/jokeme-didier.jpg\",\"contentUrl\":\"https:\/\/www.jokeme.fr\/actus\/wp-content\/uploads\/2024\/03\/jokeme-didier.jpg\",\"caption\":\"Didier\"},\"description\":\"Didier, passionn\u00e9 de cin\u00e9ma, est un r\u00e9dacteur pour le m\u00e9dia Jokeme, o\u00f9 il partage sa passion \u00e0 travers des articles divertissants et informatifs. Ayant \u00e9tudi\u00e9 le journalisme, il allie sa formation \u00e0 sa passion pour offrir un contenu de qualit\u00e9 sur le monde du cin\u00e9ma.\",\"sameAs\":[\"https:\/\/www.jokeme.fr\/actus\"]}]}<\/script>\n<!-- \/ Yoast SEO plugin. -->","yoast_head_json":{"title":"Lisa de Blackpink confronte l&#39;amour et la perte dans sa nouvelle vid\u00e9o cin\u00e9matographique \u00abDream\u00bb - Actualit\u00e9s - Joke Me","robots":{"index":"index","follow":"follow","max-snippet":"max-snippet:-1","max-image-preview":"max-image-preview:large","max-video-preview":"max-video-preview:-1"},"canonical":"https:\/\/www.jokeme.fr\/actus\/lisa-de-blackpink-confronte-lamour-et-la-perte-dans-sa-nouvelle-video-cinematographique-dream\/","og_locale":"fr_FR","og_type":"article","og_title":"Lisa de Blackpink confronte l&#39;amour et la perte dans sa nouvelle vid\u00e9o cin\u00e9matographique \u00abDream\u00bb - Actualit\u00e9s - Joke Me","og_description":"BlackPink se pr\u00e9pare actuellement \u00e0 reprendre le stade embl\u00e9matique de Londres Wembley le week-end prochain. Avant cela, cependant, Lisa a d\u00fb lui donner une carri\u00e8re en solo un peu d&#39;amour: hier soir (13 ao\u00fbt), Lisa a partag\u00e9 un nouveau court m\u00e9trage pour \u00ab\u00a0Dream\u00a0\u00bb, un moment fort de son album Alter ego. La vid\u00e9o \u00e9vocatrice co-stars ... Lire plus","og_url":"https:\/\/www.jokeme.fr\/actus\/lisa-de-blackpink-confronte-lamour-et-la-perte-dans-sa-nouvelle-video-cinematographique-dream\/","og_site_name":"Actualit\u00e9s - Joke Me","article_published_time":"2025-08-14T13:40:48+00:00","article_modified_time":"2025-08-14T13:40:49+00:00","og_image":[{"width":710,"height":400,"url":"https:\/\/www.jokeme.fr\/actus\/wp-content\/uploads\/2025\/08\/Lisa-de-Blackpink-confronte-l39amour-et-la-perte-dans-sa.jpg","type":"image\/jpeg"}],"author":"Didier","twitter_card":"summary_large_image","twitter_misc":{"\u00c9crit par":"Didier","Dur\u00e9e de lecture estim\u00e9e":"1 minute"},"schema":{"@context":"https:\/\/schema.org","@graph":[{"@type":"Article","@id":"https:\/\/www.jokeme.fr\/actus\/lisa-de-blackpink-confronte-lamour-et-la-perte-dans-sa-nouvelle-video-cinematographique-dream\/#article","isPartOf":{"@id":"https:\/\/www.jokeme.fr\/actus\/lisa-de-blackpink-confronte-lamour-et-la-perte-dans-sa-nouvelle-video-cinematographique-dream\/"},"author":{"name":"Didier","@id":"https:\/\/www.jokeme.fr\/actus\/#\/schema\/person\/f0c6ad0d33ca144389e81e45a212928f"},"headline":"Lisa de Blackpink confronte l&#39;amour et la perte dans sa nouvelle vid\u00e9o cin\u00e9matographique \u00abDream\u00bb","datePublished":"2025-08-14T13:40:48+00:00","dateModified":"2025-08-14T13:40:49+00:00","mainEntityOfPage":{"@id":"https:\/\/www.jokeme.fr\/actus\/lisa-de-blackpink-confronte-lamour-et-la-perte-dans-sa-nouvelle-video-cinematographique-dream\/"},"wordCount":297,"publisher":{"@id":"https:\/\/www.jokeme.fr\/actus\/#organization"},"keywords":["Blackpink","cin\u00e9matographique","confront\u00e9","dans","Dream","L39amour","Lisa","nouvelle","perte","vid\u00e9o"],"inLanguage":"fr-FR"},{"@type":"WebPage","@id":"https:\/\/www.jokeme.fr\/actus\/lisa-de-blackpink-confronte-lamour-et-la-perte-dans-sa-nouvelle-video-cinematographique-dream\/","url":"https:\/\/www.jokeme.fr\/actus\/lisa-de-blackpink-confronte-lamour-et-la-perte-dans-sa-nouvelle-video-cinematographique-dream\/","name":"Lisa de Blackpink confronte l&#39;amour et la perte dans sa nouvelle vid\u00e9o cin\u00e9matographique \u00abDream\u00bb - Actualit\u00e9s - Joke Me","isPartOf":{"@id":"https:\/\/www.jokeme.fr\/actus\/#website"},"datePublished":"2025-08-14T13:40:48+00:00","dateModified":"2025-08-14T13:40:49+00:00","breadcrumb":{"@id":"https:\/\/www.jokeme.fr\/actus\/lisa-de-blackpink-confronte-lamour-et-la-perte-dans-sa-nouvelle-video-cinematographique-dream\/#breadcrumb"},"inLanguage":"fr-FR","potentialAction":[{"@type":"ReadAction","target":["https:\/\/www.jokeme.fr\/actus\/lisa-de-blackpink-confronte-lamour-et-la-perte-dans-sa-nouvelle-video-cinematographique-dream\/"]}]},{"@type":"BreadcrumbList","@id":"https:\/\/www.jokeme.fr\/actus\/lisa-de-blackpink-confronte-lamour-et-la-perte-dans-sa-nouvelle-video-cinematographique-dream\/#breadcrumb","itemListElement":[{"@type":"ListItem","position":1,"name":"Accueil","item":"https:\/\/www.jokeme.fr\/actus\/"},{"@type":"ListItem","position":2,"name":"Lisa de Blackpink confronte l&#39;amour et la perte dans sa nouvelle vid\u00e9o cin\u00e9matographique \u00abDream\u00bb"}]},{"@type":"WebSite","@id":"https:\/\/www.jokeme.fr\/actus\/#website","url":"https:\/\/www.jokeme.fr\/actus\/","name":"Actualit\u00e9s - Joke Me","description":"L&#039;actualit\u00e9 du rire","publisher":{"@id":"https:\/\/www.jokeme.fr\/actus\/#organization"},"potentialAction":[{"@type":"SearchAction","target":{"@type":"EntryPoint","urlTemplate":"https:\/\/www.jokeme.fr\/actus\/?s={search_term_string}"},"query-input":"required name=search_term_string"}],"inLanguage":"fr-FR"},{"@type":"Organization","@id":"https:\/\/www.jokeme.fr\/actus\/#organization","name":"Actualit\u00e9s - Joke Me","url":"https:\/\/www.jokeme.fr\/actus\/","logo":{"@type":"ImageObject","inLanguage":"fr-FR","@id":"https:\/\/www.jokeme.fr\/actus\/#\/schema\/logo\/image\/","url":"https:\/\/www.jokeme.fr\/actus\/wp-content\/uploads\/2023\/06\/cropped-Logo-Joke-Me.png","contentUrl":"https:\/\/www.jokeme.fr\/actus\/wp-content\/uploads\/2023\/06\/cropped-Logo-Joke-Me.png","width":499,"height":363,"caption":"Actualit\u00e9s - Joke Me"},"image":{"@id":"https:\/\/www.jokeme.fr\/actus\/#\/schema\/logo\/image\/"}},{"@type":"Person","@id":"https:\/\/www.jokeme.fr\/actus\/#\/schema\/person\/f0c6ad0d33ca144389e81e45a212928f","name":"Didier","image":{"@type":"ImageObject","inLanguage":"fr-FR","@id":"https:\/\/www.jokeme.fr\/actus\/#\/schema\/person\/image\/","url":"https:\/\/www.jokeme.fr\/actus\/wp-content\/uploads\/2024\/03\/jokeme-didier.jpg","contentUrl":"https:\/\/www.jokeme.fr\/actus\/wp-content\/uploads\/2024\/03\/jokeme-didier.jpg","caption":"Didier"},"description":"Didier, passionn\u00e9 de cin\u00e9ma, est un r\u00e9dacteur pour le m\u00e9dia Jokeme, o\u00f9 il partage sa passion \u00e0 travers des articles divertissants et informatifs. Ayant \u00e9tudi\u00e9 le journalisme, il allie sa formation \u00e0 sa passion pour offrir un contenu de qualit\u00e9 sur le monde du cin\u00e9ma.","sameAs":["https:\/\/www.jokeme.fr\/actus"]}]}},"_links":{"self":[{"href":"https:\/\/www.jokeme.fr\/actus\/wp-json\/wp\/v2\/posts\/21612"}],"collection":[{"href":"https:\/\/www.jokeme.fr\/actus\/wp-json\/wp\/v2\/posts"}],"about":[{"href":"https:\/\/www.jokeme.fr\/actus\/wp-json\/wp\/v2\/types\/post"}],"author":[{"embeddable":true,"href":"https:\/\/www.jokeme.fr\/actus\/wp-json\/wp\/v2\/users\/1"}],"replies":[{"embeddable":true,"href":"https:\/\/www.jokeme.fr\/actus\/wp-json\/wp\/v2\/comments?post=21612"}],"version-history":[{"count":1,"href":"https:\/\/www.jokeme.fr\/actus\/wp-json\/wp\/v2\/posts\/21612\/revisions"}],"predecessor-version":[{"id":21614,"href":"https:\/\/www.jokeme.fr\/actus\/wp-json\/wp\/v2\/posts\/21612\/revisions\/21614"}],"wp:featuredmedia":[{"embeddable":true,"href":"https:\/\/www.jokeme.fr\/actus\/wp-json\/wp\/v2\/media\/21613"}],"wp:attachment":[{"href":"https:\/\/www.jokeme.fr\/actus\/wp-json\/wp\/v2\/media?parent=21612"}],"wp:term":[{"taxonomy":"category","embeddable":true,"href":"https:\/\/www.jokeme.fr\/actus\/wp-json\/wp\/v2\/categories?post=21612"},{"taxonomy":"post_tag","embeddable":true,"href":"https:\/\/www.jokeme.fr\/actus\/wp-json\/wp\/v2\/tags?post=21612"}],"curies":[{"name":"wp","href":"https:\/\/api.w.org\/{rel}","templated":true}]}}