{"id":21631,"date":"2025-08-15T03:41:57","date_gmt":"2025-08-15T01:41:57","guid":{"rendered":"https:\/\/www.jokeme.fr\/actus\/ll-cool-j-reviendra-comme-lhote-des-vma-mtv-2025\/"},"modified":"2025-08-15T03:41:58","modified_gmt":"2025-08-15T01:41:58","slug":"ll-cool-j-reviendra-comme-lhote-des-vma-mtv-2025","status":"publish","type":"post","link":"https:\/\/www.jokeme.fr\/actus\/ll-cool-j-reviendra-comme-lhote-des-vma-mtv-2025\/","title":{"rendered":"Ll Cool J reviendra comme l&#39;h\u00f4te des VMA MTV 2025"},"content":{"rendered":"<div class=\"entry-content\">\n<div id=\"upx-cnx-player-wrap\"><\/div>\n<div class=\"post-page\" data-page=\"1\">\n<p>Les MTV Video Music Awards 2025 sont dans un mois, ce qui semble \u00eatre un moment opportun pour MTV d&#39;annoncer l&#39;h\u00f4te de la c\u00e9r\u00e9monie de cette ann\u00e9e. LL Cool J, qui a co-organis\u00e9 en 2022 pour la derni\u00e8re fois avec Nicki Minaj et Jack Harlow, revient apr\u00e8s avoir jou\u00e9 un m\u00e9lange de ses succ\u00e8s lors de l&#39;\u00e9mission de l&#39;ann\u00e9e derni\u00e8re.<\/p>\n<p>L&#39;oncle L est \u00e9galement l&#39;un des candidats de cette ann\u00e9e; son <em>La force<\/em> Le single \u00ab\u00a0Murdergram Deuux\u00a0\u00bb avec Eminem est nomin\u00e9 pour un prix du meilleur hip-hop, qui est un excellent exemple d&#39;\u00eatre un alli\u00e9 et de redonner la part d&#39;Eminem (les t\u00e9l\u00e9spectateurs du MTV d&#39;aujourd&#39;hui savent m\u00eame qui est cool j est?). Les deux anciens hip-hop sont en concurrence avec un champ qui comprend \u00e9galement Doechii (qui devrait gagner), Drake, Glorilla, Kendrick Lamar et Travis Scott, avec Em \u00e9galement nomm\u00e9 en tant que soliste pour \u00abSomebody Save Me\u00bb avec Jelly Roll. <\/p>\n<p>Les nomin\u00e9s de cette ann\u00e9e pour le Big Award, vid\u00e9o de l&#39;ann\u00e9e, incluent \u00abBrighter Days Ahead\u00bb d&#39;Ariana Grande, \u00abBirds of A Feather\u00bb de Billie Eilish, \u00abDie with a Smile\u00bb de Kendrick Lamar, Ros\u00e9 &#038; Bruno Mars \u00abAPT.\u00bb \u00ab\u00a0Timeless.\u00a0\u00bb <\/p>\n<p>Le spectacle lui-m\u00eame sera diffus\u00e9 le dimanche 7 septembre \u00e0 20 h HE sur CBS, MTV et Paramount Plus. Le vote des fans est ouvert jusqu&#39;au 5 septembre \u00e0 18 h HE sur vote.mtv.com.<\/p>\n<\/p><\/div>\n<\/p><\/div>\n","protected":false},"excerpt":{"rendered":"<p>Les MTV Video Music Awards 2025 sont dans un mois, ce qui semble \u00eatre un moment opportun pour MTV d&#39;annoncer l&#39;h\u00f4te de la c\u00e9r\u00e9monie de cette ann\u00e9e. LL Cool J, qui a co-organis\u00e9 en 2022 pour la derni\u00e8re fois avec Nicki Minaj et Jack Harlow, revient apr\u00e8s avoir jou\u00e9 un m\u00e9lange de ses succ\u00e8s lors &#8230; <a title=\"Ll Cool J reviendra comme l&#039;h\u00f4te des VMA MTV 2025\" class=\"read-more\" href=\"https:\/\/www.jokeme.fr\/actus\/ll-cool-j-reviendra-comme-lhote-des-vma-mtv-2025\/\" aria-label=\"Plus sur Ll Cool J reviendra comme l&#039;h\u00f4te des VMA MTV 2025\">Lire plus<\/a><\/p>\n","protected":false},"author":1,"featured_media":21632,"comment_status":"closed","ping_status":"open","sticky":false,"template":"","format":"standard","meta":{"footnotes":""},"categories":[1],"tags":[1031,2599,20,12143,9377,3915,9378],"yoast_head":"<!-- This site is optimized with the Yoast SEO plugin v20.8 - https:\/\/yoast.com\/wordpress\/plugins\/seo\/ -->\n<title>Ll Cool J reviendra comme l&#039;h\u00f4te des VMA MTV 2025 - Actualit\u00e9s - Joke Me<\/title>\n<meta name=\"robots\" content=\"index, follow, max-snippet:-1, max-image-preview:large, max-video-preview:-1\" \/>\n<link rel=\"canonical\" href=\"https:\/\/www.jokeme.fr\/actus\/ll-cool-j-reviendra-comme-lhote-des-vma-mtv-2025\/\" \/>\n<meta property=\"og:locale\" content=\"fr_FR\" \/>\n<meta property=\"og:type\" content=\"article\" \/>\n<meta property=\"og:title\" content=\"Ll Cool J reviendra comme l&#039;h\u00f4te des VMA MTV 2025 - Actualit\u00e9s - Joke Me\" \/>\n<meta property=\"og:description\" content=\"Les MTV Video Music Awards 2025 sont dans un mois, ce qui semble \u00eatre un moment opportun pour MTV d&#039;annoncer l&#039;h\u00f4te de la c\u00e9r\u00e9monie de cette ann\u00e9e. LL Cool J, qui a co-organis\u00e9 en 2022 pour la derni\u00e8re fois avec Nicki Minaj et Jack Harlow, revient apr\u00e8s avoir jou\u00e9 un m\u00e9lange de ses succ\u00e8s lors ... Lire plus\" \/>\n<meta property=\"og:url\" content=\"https:\/\/www.jokeme.fr\/actus\/ll-cool-j-reviendra-comme-lhote-des-vma-mtv-2025\/\" \/>\n<meta property=\"og:site_name\" content=\"Actualit\u00e9s - Joke Me\" \/>\n<meta property=\"article:published_time\" content=\"2025-08-15T01:41:57+00:00\" \/>\n<meta property=\"article:modified_time\" content=\"2025-08-15T01:41:58+00:00\" \/>\n<meta property=\"og:image\" content=\"https:\/\/www.jokeme.fr\/actus\/wp-content\/uploads\/2025\/08\/Ll-Cool-J-reviendra-comme-l39hote-des-VMA-MTV-2025.jpeg\" \/>\n\t<meta property=\"og:image:width\" content=\"710\" \/>\n\t<meta property=\"og:image:height\" content=\"400\" \/>\n\t<meta property=\"og:image:type\" content=\"image\/jpeg\" \/>\n<meta name=\"author\" content=\"Didier\" \/>\n<meta name=\"twitter:card\" content=\"summary_large_image\" \/>\n<meta name=\"twitter:label1\" content=\"\u00c9crit par\" \/>\n\t<meta name=\"twitter:data1\" content=\"Didier\" \/>\n\t<meta name=\"twitter:label2\" content=\"Dur\u00e9e de lecture estim\u00e9e\" \/>\n\t<meta name=\"twitter:data2\" content=\"1 minute\" \/>\n<script type=\"application\/ld+json\" class=\"yoast-schema-graph\">{\"@context\":\"https:\/\/schema.org\",\"@graph\":[{\"@type\":\"Article\",\"@id\":\"https:\/\/www.jokeme.fr\/actus\/ll-cool-j-reviendra-comme-lhote-des-vma-mtv-2025\/#article\",\"isPartOf\":{\"@id\":\"https:\/\/www.jokeme.fr\/actus\/ll-cool-j-reviendra-comme-lhote-des-vma-mtv-2025\/\"},\"author\":{\"name\":\"Didier\",\"@id\":\"https:\/\/www.jokeme.fr\/actus\/#\/schema\/person\/f0c6ad0d33ca144389e81e45a212928f\"},\"headline\":\"Ll Cool J reviendra comme l&#39;h\u00f4te des VMA MTV 2025\",\"datePublished\":\"2025-08-15T01:41:57+00:00\",\"dateModified\":\"2025-08-15T01:41:58+00:00\",\"mainEntityOfPage\":{\"@id\":\"https:\/\/www.jokeme.fr\/actus\/ll-cool-j-reviendra-comme-lhote-des-vma-mtv-2025\/\"},\"wordCount\":260,\"publisher\":{\"@id\":\"https:\/\/www.jokeme.fr\/actus\/#organization\"},\"keywords\":[\"comme\",\"cool\",\"des\",\"l39h\u00f4te\",\"MTV\",\"reviendra\",\"VMA\"],\"inLanguage\":\"fr-FR\"},{\"@type\":\"WebPage\",\"@id\":\"https:\/\/www.jokeme.fr\/actus\/ll-cool-j-reviendra-comme-lhote-des-vma-mtv-2025\/\",\"url\":\"https:\/\/www.jokeme.fr\/actus\/ll-cool-j-reviendra-comme-lhote-des-vma-mtv-2025\/\",\"name\":\"Ll Cool J reviendra comme l&#39;h\u00f4te des VMA MTV 2025 - Actualit\u00e9s - Joke Me\",\"isPartOf\":{\"@id\":\"https:\/\/www.jokeme.fr\/actus\/#website\"},\"datePublished\":\"2025-08-15T01:41:57+00:00\",\"dateModified\":\"2025-08-15T01:41:58+00:00\",\"breadcrumb\":{\"@id\":\"https:\/\/www.jokeme.fr\/actus\/ll-cool-j-reviendra-comme-lhote-des-vma-mtv-2025\/#breadcrumb\"},\"inLanguage\":\"fr-FR\",\"potentialAction\":[{\"@type\":\"ReadAction\",\"target\":[\"https:\/\/www.jokeme.fr\/actus\/ll-cool-j-reviendra-comme-lhote-des-vma-mtv-2025\/\"]}]},{\"@type\":\"BreadcrumbList\",\"@id\":\"https:\/\/www.jokeme.fr\/actus\/ll-cool-j-reviendra-comme-lhote-des-vma-mtv-2025\/#breadcrumb\",\"itemListElement\":[{\"@type\":\"ListItem\",\"position\":1,\"name\":\"Accueil\",\"item\":\"https:\/\/www.jokeme.fr\/actus\/\"},{\"@type\":\"ListItem\",\"position\":2,\"name\":\"Ll Cool J reviendra comme l&#39;h\u00f4te des VMA MTV 2025\"}]},{\"@type\":\"WebSite\",\"@id\":\"https:\/\/www.jokeme.fr\/actus\/#website\",\"url\":\"https:\/\/www.jokeme.fr\/actus\/\",\"name\":\"Actualit\u00e9s - Joke Me\",\"description\":\"L&#039;actualit\u00e9 du rire\",\"publisher\":{\"@id\":\"https:\/\/www.jokeme.fr\/actus\/#organization\"},\"potentialAction\":[{\"@type\":\"SearchAction\",\"target\":{\"@type\":\"EntryPoint\",\"urlTemplate\":\"https:\/\/www.jokeme.fr\/actus\/?s={search_term_string}\"},\"query-input\":\"required name=search_term_string\"}],\"inLanguage\":\"fr-FR\"},{\"@type\":\"Organization\",\"@id\":\"https:\/\/www.jokeme.fr\/actus\/#organization\",\"name\":\"Actualit\u00e9s - Joke Me\",\"url\":\"https:\/\/www.jokeme.fr\/actus\/\",\"logo\":{\"@type\":\"ImageObject\",\"inLanguage\":\"fr-FR\",\"@id\":\"https:\/\/www.jokeme.fr\/actus\/#\/schema\/logo\/image\/\",\"url\":\"https:\/\/www.jokeme.fr\/actus\/wp-content\/uploads\/2023\/06\/cropped-Logo-Joke-Me.png\",\"contentUrl\":\"https:\/\/www.jokeme.fr\/actus\/wp-content\/uploads\/2023\/06\/cropped-Logo-Joke-Me.png\",\"width\":499,\"height\":363,\"caption\":\"Actualit\u00e9s - Joke Me\"},\"image\":{\"@id\":\"https:\/\/www.jokeme.fr\/actus\/#\/schema\/logo\/image\/\"}},{\"@type\":\"Person\",\"@id\":\"https:\/\/www.jokeme.fr\/actus\/#\/schema\/person\/f0c6ad0d33ca144389e81e45a212928f\",\"name\":\"Didier\",\"image\":{\"@type\":\"ImageObject\",\"inLanguage\":\"fr-FR\",\"@id\":\"https:\/\/www.jokeme.fr\/actus\/#\/schema\/person\/image\/\",\"url\":\"https:\/\/www.jokeme.fr\/actus\/wp-content\/uploads\/2024\/03\/jokeme-didier.jpg\",\"contentUrl\":\"https:\/\/www.jokeme.fr\/actus\/wp-content\/uploads\/2024\/03\/jokeme-didier.jpg\",\"caption\":\"Didier\"},\"description\":\"Didier, passionn\u00e9 de cin\u00e9ma, est un r\u00e9dacteur pour le m\u00e9dia Jokeme, o\u00f9 il partage sa passion \u00e0 travers des articles divertissants et informatifs. Ayant \u00e9tudi\u00e9 le journalisme, il allie sa formation \u00e0 sa passion pour offrir un contenu de qualit\u00e9 sur le monde du cin\u00e9ma.\",\"sameAs\":[\"https:\/\/www.jokeme.fr\/actus\"]}]}<\/script>\n<!-- \/ Yoast SEO plugin. -->","yoast_head_json":{"title":"Ll Cool J reviendra comme l&#39;h\u00f4te des VMA MTV 2025 - Actualit\u00e9s - Joke Me","robots":{"index":"index","follow":"follow","max-snippet":"max-snippet:-1","max-image-preview":"max-image-preview:large","max-video-preview":"max-video-preview:-1"},"canonical":"https:\/\/www.jokeme.fr\/actus\/ll-cool-j-reviendra-comme-lhote-des-vma-mtv-2025\/","og_locale":"fr_FR","og_type":"article","og_title":"Ll Cool J reviendra comme l&#39;h\u00f4te des VMA MTV 2025 - Actualit\u00e9s - Joke Me","og_description":"Les MTV Video Music Awards 2025 sont dans un mois, ce qui semble \u00eatre un moment opportun pour MTV d&#39;annoncer l&#39;h\u00f4te de la c\u00e9r\u00e9monie de cette ann\u00e9e. LL Cool J, qui a co-organis\u00e9 en 2022 pour la derni\u00e8re fois avec Nicki Minaj et Jack Harlow, revient apr\u00e8s avoir jou\u00e9 un m\u00e9lange de ses succ\u00e8s lors ... Lire plus","og_url":"https:\/\/www.jokeme.fr\/actus\/ll-cool-j-reviendra-comme-lhote-des-vma-mtv-2025\/","og_site_name":"Actualit\u00e9s - Joke Me","article_published_time":"2025-08-15T01:41:57+00:00","article_modified_time":"2025-08-15T01:41:58+00:00","og_image":[{"width":710,"height":400,"url":"https:\/\/www.jokeme.fr\/actus\/wp-content\/uploads\/2025\/08\/Ll-Cool-J-reviendra-comme-l39hote-des-VMA-MTV-2025.jpeg","type":"image\/jpeg"}],"author":"Didier","twitter_card":"summary_large_image","twitter_misc":{"\u00c9crit par":"Didier","Dur\u00e9e de lecture estim\u00e9e":"1 minute"},"schema":{"@context":"https:\/\/schema.org","@graph":[{"@type":"Article","@id":"https:\/\/www.jokeme.fr\/actus\/ll-cool-j-reviendra-comme-lhote-des-vma-mtv-2025\/#article","isPartOf":{"@id":"https:\/\/www.jokeme.fr\/actus\/ll-cool-j-reviendra-comme-lhote-des-vma-mtv-2025\/"},"author":{"name":"Didier","@id":"https:\/\/www.jokeme.fr\/actus\/#\/schema\/person\/f0c6ad0d33ca144389e81e45a212928f"},"headline":"Ll Cool J reviendra comme l&#39;h\u00f4te des VMA MTV 2025","datePublished":"2025-08-15T01:41:57+00:00","dateModified":"2025-08-15T01:41:58+00:00","mainEntityOfPage":{"@id":"https:\/\/www.jokeme.fr\/actus\/ll-cool-j-reviendra-comme-lhote-des-vma-mtv-2025\/"},"wordCount":260,"publisher":{"@id":"https:\/\/www.jokeme.fr\/actus\/#organization"},"keywords":["comme","cool","des","l39h\u00f4te","MTV","reviendra","VMA"],"inLanguage":"fr-FR"},{"@type":"WebPage","@id":"https:\/\/www.jokeme.fr\/actus\/ll-cool-j-reviendra-comme-lhote-des-vma-mtv-2025\/","url":"https:\/\/www.jokeme.fr\/actus\/ll-cool-j-reviendra-comme-lhote-des-vma-mtv-2025\/","name":"Ll Cool J reviendra comme l&#39;h\u00f4te des VMA MTV 2025 - Actualit\u00e9s - Joke Me","isPartOf":{"@id":"https:\/\/www.jokeme.fr\/actus\/#website"},"datePublished":"2025-08-15T01:41:57+00:00","dateModified":"2025-08-15T01:41:58+00:00","breadcrumb":{"@id":"https:\/\/www.jokeme.fr\/actus\/ll-cool-j-reviendra-comme-lhote-des-vma-mtv-2025\/#breadcrumb"},"inLanguage":"fr-FR","potentialAction":[{"@type":"ReadAction","target":["https:\/\/www.jokeme.fr\/actus\/ll-cool-j-reviendra-comme-lhote-des-vma-mtv-2025\/"]}]},{"@type":"BreadcrumbList","@id":"https:\/\/www.jokeme.fr\/actus\/ll-cool-j-reviendra-comme-lhote-des-vma-mtv-2025\/#breadcrumb","itemListElement":[{"@type":"ListItem","position":1,"name":"Accueil","item":"https:\/\/www.jokeme.fr\/actus\/"},{"@type":"ListItem","position":2,"name":"Ll Cool J reviendra comme l&#39;h\u00f4te des VMA MTV 2025"}]},{"@type":"WebSite","@id":"https:\/\/www.jokeme.fr\/actus\/#website","url":"https:\/\/www.jokeme.fr\/actus\/","name":"Actualit\u00e9s - Joke Me","description":"L&#039;actualit\u00e9 du rire","publisher":{"@id":"https:\/\/www.jokeme.fr\/actus\/#organization"},"potentialAction":[{"@type":"SearchAction","target":{"@type":"EntryPoint","urlTemplate":"https:\/\/www.jokeme.fr\/actus\/?s={search_term_string}"},"query-input":"required name=search_term_string"}],"inLanguage":"fr-FR"},{"@type":"Organization","@id":"https:\/\/www.jokeme.fr\/actus\/#organization","name":"Actualit\u00e9s - Joke Me","url":"https:\/\/www.jokeme.fr\/actus\/","logo":{"@type":"ImageObject","inLanguage":"fr-FR","@id":"https:\/\/www.jokeme.fr\/actus\/#\/schema\/logo\/image\/","url":"https:\/\/www.jokeme.fr\/actus\/wp-content\/uploads\/2023\/06\/cropped-Logo-Joke-Me.png","contentUrl":"https:\/\/www.jokeme.fr\/actus\/wp-content\/uploads\/2023\/06\/cropped-Logo-Joke-Me.png","width":499,"height":363,"caption":"Actualit\u00e9s - Joke Me"},"image":{"@id":"https:\/\/www.jokeme.fr\/actus\/#\/schema\/logo\/image\/"}},{"@type":"Person","@id":"https:\/\/www.jokeme.fr\/actus\/#\/schema\/person\/f0c6ad0d33ca144389e81e45a212928f","name":"Didier","image":{"@type":"ImageObject","inLanguage":"fr-FR","@id":"https:\/\/www.jokeme.fr\/actus\/#\/schema\/person\/image\/","url":"https:\/\/www.jokeme.fr\/actus\/wp-content\/uploads\/2024\/03\/jokeme-didier.jpg","contentUrl":"https:\/\/www.jokeme.fr\/actus\/wp-content\/uploads\/2024\/03\/jokeme-didier.jpg","caption":"Didier"},"description":"Didier, passionn\u00e9 de cin\u00e9ma, est un r\u00e9dacteur pour le m\u00e9dia Jokeme, o\u00f9 il partage sa passion \u00e0 travers des articles divertissants et informatifs. Ayant \u00e9tudi\u00e9 le journalisme, il allie sa formation \u00e0 sa passion pour offrir un contenu de qualit\u00e9 sur le monde du cin\u00e9ma.","sameAs":["https:\/\/www.jokeme.fr\/actus"]}]}},"_links":{"self":[{"href":"https:\/\/www.jokeme.fr\/actus\/wp-json\/wp\/v2\/posts\/21631"}],"collection":[{"href":"https:\/\/www.jokeme.fr\/actus\/wp-json\/wp\/v2\/posts"}],"about":[{"href":"https:\/\/www.jokeme.fr\/actus\/wp-json\/wp\/v2\/types\/post"}],"author":[{"embeddable":true,"href":"https:\/\/www.jokeme.fr\/actus\/wp-json\/wp\/v2\/users\/1"}],"replies":[{"embeddable":true,"href":"https:\/\/www.jokeme.fr\/actus\/wp-json\/wp\/v2\/comments?post=21631"}],"version-history":[{"count":1,"href":"https:\/\/www.jokeme.fr\/actus\/wp-json\/wp\/v2\/posts\/21631\/revisions"}],"predecessor-version":[{"id":21633,"href":"https:\/\/www.jokeme.fr\/actus\/wp-json\/wp\/v2\/posts\/21631\/revisions\/21633"}],"wp:featuredmedia":[{"embeddable":true,"href":"https:\/\/www.jokeme.fr\/actus\/wp-json\/wp\/v2\/media\/21632"}],"wp:attachment":[{"href":"https:\/\/www.jokeme.fr\/actus\/wp-json\/wp\/v2\/media?parent=21631"}],"wp:term":[{"taxonomy":"category","embeddable":true,"href":"https:\/\/www.jokeme.fr\/actus\/wp-json\/wp\/v2\/categories?post=21631"},{"taxonomy":"post_tag","embeddable":true,"href":"https:\/\/www.jokeme.fr\/actus\/wp-json\/wp\/v2\/tags?post=21631"}],"curies":[{"name":"wp","href":"https:\/\/api.w.org\/{rel}","templated":true}]}}