{"id":21643,"date":"2025-08-15T11:40:39","date_gmt":"2025-08-15T09:40:39","guid":{"rendered":"https:\/\/www.jokeme.fr\/actus\/le-documentaire-stans-deminem-diffusera-bientot-sur-paramount\/"},"modified":"2025-08-15T11:40:40","modified_gmt":"2025-08-15T09:40:40","slug":"le-documentaire-stans-deminem-diffusera-bientot-sur-paramount","status":"publish","type":"post","link":"https:\/\/www.jokeme.fr\/actus\/le-documentaire-stans-deminem-diffusera-bientot-sur-paramount\/","title":{"rendered":"Le documentaire \u00abStans\u00bb d&#39;Eminem diffusera bient\u00f4t sur Paramount +"},"content":{"rendered":"<div class=\"entry-content\">\n<div id=\"upx-cnx-player-wrap\"><\/div>\n<div class=\"post-page\" data-page=\"1\">\n<p>Si vous avez manqu\u00e9 l&#39;engagement d&#39;une semaine uniquement du documentaire <em> Stans d&#39;Eminem dans les salles, n&#39;ayez pas peur. <em>Stans<\/em> est d\u00e9j\u00e0 en route pour le streaming. Vous pourrez regarder l&#39;emballage de 102 minutes dans le monde du fandom du rappeur de D\u00e9troit \u00e0 la maison, \u00e0 partir du 26 ao\u00fbt via Paramount +. L&#39;application de streaming donne \u00e9galement acc\u00e8s \u00e0 la programmation originale, aux catalogues de CBS, MTV et Nickelodeon, et acc\u00e9der \u00e0 des \u00e9v\u00e9nements en direct comme les VMA pour 7,99 $ \/ mois avec des publicit\u00e9s ou 12,99 $ \/ mois sans publicit\u00e9, apr\u00e8s un essai gratuit d&#39;une semaine. Vous pouvez trouver plus d&#39;informations ici.<\/p>\n<p><em>Stans<\/em> porte le nom d&#39;apr\u00e8s le single 2000 d&#39;Eminem, \u00abStan\u00bb, de son troisi\u00e8me album studio, <em>Le Marshall Mathers LP<\/em>. Construit autour d&#39;une interpolation de la chanson de 1998 de la chanteuse britannique de 1998 \u00abMerci\u00bb du <em>Portes coulissantes<\/em> La bande originale, \u00abStan\u00bb raconte l&#39;histoire du superfan titulaire et perturb\u00e9 d&#39;un point de vue \u00e0 la premi\u00e8re personne dans le format d&#39;une s\u00e9rie de lettres \u00e0 Eminem. Au cours de trois versets, Stan devient de plus en plus d\u00e9sarticul\u00e9 par un manque de correspondance de retour de son h\u00e9ros, culminant dans un meurtre-suicide \u00e0 la fin du troisi\u00e8me verset. Dans un quatri\u00e8me verset, Eminem \u00e9crit de son propre point de vue, car il arrive enfin aux lettres de Stan et se rend compte qu&#39;il est trop tard pour freiner les effets de l&#39;obsession unilat\u00e9rale du fan.<\/p>\n<p>La chanson, qui a atteint le n \u00b0 51 sur le <em>Panneau d&#39;affichage<\/em> Hot 100, est devenu l&#39;une des chansons de signature d&#39;Eminem. Plus important encore, cela nous a donn\u00e9 un terme pour le ph\u00e9nom\u00e8ne de personnes se livrant \u00e0 des relations parasociales avec des c\u00e9l\u00e9brit\u00e9s apr\u00e8s que NAS ait transform\u00e9 le titre de la chanson en insulte pendant sa bataille avec Jay-Z. Dans sa piste Diss de 2001 \u00ab\u00a0Ether\u00a0\u00bb, Nas a d\u00e9clar\u00e9 \u00e0 Jay: \u00ab\u00a0Vous un fan, un faux, un faux, une chatte, un stan\u00a0\u00bb, marquant officiellement la premi\u00e8re utilisation du personnage pour d\u00e9crire une personne r\u00e9elle avec une fixation d\u00e9lirante sur un artiste. <\/p>\n<p>Depuis lors, les \u00abstans\u00bb en ligne &#8211; y compris ceux d&#39;Eminem lui-m\u00eame &#8211; se sont engag\u00e9s dans des guerres de mots les uns avec les autres sur lesquelles de leurs stars pr\u00e9f\u00e9r\u00e9es sont les meilleures campagnes d&#39;intimidation contre les critiques qu&#39;ils per\u00e7oivent comme ayant attaqu\u00e9 leurs favoris. Certaines c\u00e9l\u00e9brit\u00e9s donnent m\u00eame \u00e0 ces fan clubs des surnoms fantaisistes, comme Barbz ou Beyonc\u00e9 Beyhive de Nicki Minaj, tandis que le ph\u00e9nom\u00e8ne a saut\u00e9 pour inclure des musiciens au-del\u00e0 du hip-hop, comme Swifties, Arianators et Little Monsters. Ils ont certainement aid\u00e9 \u00e0 ruiner le journalisme musical en tant que profession, mais bon\u2026 au moins ils en ont sorti un film. <\/p>\n<\/p><\/div>\n<\/p><\/div>\n","protected":false},"excerpt":{"rendered":"<p>Si vous avez manqu\u00e9 l&#39;engagement d&#39;une semaine uniquement du documentaire Stans d&#39;Eminem dans les salles, n&#39;ayez pas peur. Stans est d\u00e9j\u00e0 en route pour le streaming. Vous pourrez regarder l&#39;emballage de 102 minutes dans le monde du fandom du rappeur de D\u00e9troit \u00e0 la maison, \u00e0 partir du 26 ao\u00fbt via Paramount +. L&#39;application de &#8230; <a title=\"Le documentaire \u00abStans\u00bb d&#039;Eminem diffusera bient\u00f4t sur Paramount +\" class=\"read-more\" href=\"https:\/\/www.jokeme.fr\/actus\/le-documentaire-stans-deminem-diffusera-bientot-sur-paramount\/\" aria-label=\"Plus sur Le documentaire \u00abStans\u00bb d&#039;Eminem diffusera bient\u00f4t sur Paramount +\">Lire plus<\/a><\/p>\n","protected":false},"author":1,"featured_media":21644,"comment_status":"closed","ping_status":"open","sticky":false,"template":"","format":"standard","meta":{"footnotes":""},"categories":[1],"tags":[476,5623,7036,1670,11626,15405,7],"yoast_head":"<!-- This site is optimized with the Yoast SEO plugin v20.8 - https:\/\/yoast.com\/wordpress\/plugins\/seo\/ -->\n<title>Le documentaire \u00abStans\u00bb d&#039;Eminem diffusera bient\u00f4t sur Paramount + - Actualit\u00e9s - Joke Me<\/title>\n<meta name=\"robots\" content=\"index, follow, max-snippet:-1, max-image-preview:large, max-video-preview:-1\" \/>\n<link rel=\"canonical\" href=\"https:\/\/www.jokeme.fr\/actus\/le-documentaire-stans-deminem-diffusera-bientot-sur-paramount\/\" \/>\n<meta property=\"og:locale\" content=\"fr_FR\" \/>\n<meta property=\"og:type\" content=\"article\" \/>\n<meta property=\"og:title\" content=\"Le documentaire \u00abStans\u00bb d&#039;Eminem diffusera bient\u00f4t sur Paramount + - Actualit\u00e9s - Joke Me\" \/>\n<meta property=\"og:description\" content=\"Si vous avez manqu\u00e9 l&#039;engagement d&#039;une semaine uniquement du documentaire Stans d&#039;Eminem dans les salles, n&#039;ayez pas peur. Stans est d\u00e9j\u00e0 en route pour le streaming. Vous pourrez regarder l&#039;emballage de 102 minutes dans le monde du fandom du rappeur de D\u00e9troit \u00e0 la maison, \u00e0 partir du 26 ao\u00fbt via Paramount +. L&#039;application de ... Lire plus\" \/>\n<meta property=\"og:url\" content=\"https:\/\/www.jokeme.fr\/actus\/le-documentaire-stans-deminem-diffusera-bientot-sur-paramount\/\" \/>\n<meta property=\"og:site_name\" content=\"Actualit\u00e9s - Joke Me\" \/>\n<meta property=\"article:published_time\" content=\"2025-08-15T09:40:39+00:00\" \/>\n<meta property=\"article:modified_time\" content=\"2025-08-15T09:40:40+00:00\" \/>\n<meta property=\"og:image\" content=\"https:\/\/www.jokeme.fr\/actus\/wp-content\/uploads\/2025\/08\/Le-documentaire-Stans-d39Eminem-diffusera-bientot-sur-Paramount.jpeg\" \/>\n\t<meta property=\"og:image:width\" content=\"710\" \/>\n\t<meta property=\"og:image:height\" content=\"400\" \/>\n\t<meta property=\"og:image:type\" content=\"image\/jpeg\" \/>\n<meta name=\"author\" content=\"Didier\" \/>\n<meta name=\"twitter:card\" content=\"summary_large_image\" \/>\n<meta name=\"twitter:label1\" content=\"\u00c9crit par\" \/>\n\t<meta name=\"twitter:data1\" content=\"Didier\" \/>\n\t<meta name=\"twitter:label2\" content=\"Dur\u00e9e de lecture estim\u00e9e\" \/>\n\t<meta name=\"twitter:data2\" content=\"2 minutes\" \/>\n<script type=\"application\/ld+json\" class=\"yoast-schema-graph\">{\"@context\":\"https:\/\/schema.org\",\"@graph\":[{\"@type\":\"Article\",\"@id\":\"https:\/\/www.jokeme.fr\/actus\/le-documentaire-stans-deminem-diffusera-bientot-sur-paramount\/#article\",\"isPartOf\":{\"@id\":\"https:\/\/www.jokeme.fr\/actus\/le-documentaire-stans-deminem-diffusera-bientot-sur-paramount\/\"},\"author\":{\"name\":\"Didier\",\"@id\":\"https:\/\/www.jokeme.fr\/actus\/#\/schema\/person\/f0c6ad0d33ca144389e81e45a212928f\"},\"headline\":\"Le documentaire \u00abStans\u00bb d&#39;Eminem diffusera bient\u00f4t sur Paramount +\",\"datePublished\":\"2025-08-15T09:40:39+00:00\",\"dateModified\":\"2025-08-15T09:40:40+00:00\",\"mainEntityOfPage\":{\"@id\":\"https:\/\/www.jokeme.fr\/actus\/le-documentaire-stans-deminem-diffusera-bientot-sur-paramount\/\"},\"wordCount\":500,\"publisher\":{\"@id\":\"https:\/\/www.jokeme.fr\/actus\/#organization\"},\"keywords\":[\"bient\u00f4t\",\"d39Eminem\",\"diffusera\",\"documentaire\",\"Paramount\",\"Stans\",\"sur\"],\"inLanguage\":\"fr-FR\"},{\"@type\":\"WebPage\",\"@id\":\"https:\/\/www.jokeme.fr\/actus\/le-documentaire-stans-deminem-diffusera-bientot-sur-paramount\/\",\"url\":\"https:\/\/www.jokeme.fr\/actus\/le-documentaire-stans-deminem-diffusera-bientot-sur-paramount\/\",\"name\":\"Le documentaire \u00abStans\u00bb d&#39;Eminem diffusera bient\u00f4t sur Paramount + - Actualit\u00e9s - Joke Me\",\"isPartOf\":{\"@id\":\"https:\/\/www.jokeme.fr\/actus\/#website\"},\"datePublished\":\"2025-08-15T09:40:39+00:00\",\"dateModified\":\"2025-08-15T09:40:40+00:00\",\"breadcrumb\":{\"@id\":\"https:\/\/www.jokeme.fr\/actus\/le-documentaire-stans-deminem-diffusera-bientot-sur-paramount\/#breadcrumb\"},\"inLanguage\":\"fr-FR\",\"potentialAction\":[{\"@type\":\"ReadAction\",\"target\":[\"https:\/\/www.jokeme.fr\/actus\/le-documentaire-stans-deminem-diffusera-bientot-sur-paramount\/\"]}]},{\"@type\":\"BreadcrumbList\",\"@id\":\"https:\/\/www.jokeme.fr\/actus\/le-documentaire-stans-deminem-diffusera-bientot-sur-paramount\/#breadcrumb\",\"itemListElement\":[{\"@type\":\"ListItem\",\"position\":1,\"name\":\"Accueil\",\"item\":\"https:\/\/www.jokeme.fr\/actus\/\"},{\"@type\":\"ListItem\",\"position\":2,\"name\":\"Le documentaire \u00abStans\u00bb d&#39;Eminem diffusera bient\u00f4t sur Paramount +\"}]},{\"@type\":\"WebSite\",\"@id\":\"https:\/\/www.jokeme.fr\/actus\/#website\",\"url\":\"https:\/\/www.jokeme.fr\/actus\/\",\"name\":\"Actualit\u00e9s - Joke Me\",\"description\":\"L&#039;actualit\u00e9 du rire\",\"publisher\":{\"@id\":\"https:\/\/www.jokeme.fr\/actus\/#organization\"},\"potentialAction\":[{\"@type\":\"SearchAction\",\"target\":{\"@type\":\"EntryPoint\",\"urlTemplate\":\"https:\/\/www.jokeme.fr\/actus\/?s={search_term_string}\"},\"query-input\":\"required name=search_term_string\"}],\"inLanguage\":\"fr-FR\"},{\"@type\":\"Organization\",\"@id\":\"https:\/\/www.jokeme.fr\/actus\/#organization\",\"name\":\"Actualit\u00e9s - Joke Me\",\"url\":\"https:\/\/www.jokeme.fr\/actus\/\",\"logo\":{\"@type\":\"ImageObject\",\"inLanguage\":\"fr-FR\",\"@id\":\"https:\/\/www.jokeme.fr\/actus\/#\/schema\/logo\/image\/\",\"url\":\"https:\/\/www.jokeme.fr\/actus\/wp-content\/uploads\/2023\/06\/cropped-Logo-Joke-Me.png\",\"contentUrl\":\"https:\/\/www.jokeme.fr\/actus\/wp-content\/uploads\/2023\/06\/cropped-Logo-Joke-Me.png\",\"width\":499,\"height\":363,\"caption\":\"Actualit\u00e9s - Joke Me\"},\"image\":{\"@id\":\"https:\/\/www.jokeme.fr\/actus\/#\/schema\/logo\/image\/\"}},{\"@type\":\"Person\",\"@id\":\"https:\/\/www.jokeme.fr\/actus\/#\/schema\/person\/f0c6ad0d33ca144389e81e45a212928f\",\"name\":\"Didier\",\"image\":{\"@type\":\"ImageObject\",\"inLanguage\":\"fr-FR\",\"@id\":\"https:\/\/www.jokeme.fr\/actus\/#\/schema\/person\/image\/\",\"url\":\"https:\/\/www.jokeme.fr\/actus\/wp-content\/uploads\/2024\/03\/jokeme-didier.jpg\",\"contentUrl\":\"https:\/\/www.jokeme.fr\/actus\/wp-content\/uploads\/2024\/03\/jokeme-didier.jpg\",\"caption\":\"Didier\"},\"description\":\"Didier, passionn\u00e9 de cin\u00e9ma, est un r\u00e9dacteur pour le m\u00e9dia Jokeme, o\u00f9 il partage sa passion \u00e0 travers des articles divertissants et informatifs. Ayant \u00e9tudi\u00e9 le journalisme, il allie sa formation \u00e0 sa passion pour offrir un contenu de qualit\u00e9 sur le monde du cin\u00e9ma.\",\"sameAs\":[\"https:\/\/www.jokeme.fr\/actus\"]}]}<\/script>\n<!-- \/ Yoast SEO plugin. -->","yoast_head_json":{"title":"Le documentaire \u00abStans\u00bb d&#39;Eminem diffusera bient\u00f4t sur Paramount + - Actualit\u00e9s - Joke Me","robots":{"index":"index","follow":"follow","max-snippet":"max-snippet:-1","max-image-preview":"max-image-preview:large","max-video-preview":"max-video-preview:-1"},"canonical":"https:\/\/www.jokeme.fr\/actus\/le-documentaire-stans-deminem-diffusera-bientot-sur-paramount\/","og_locale":"fr_FR","og_type":"article","og_title":"Le documentaire \u00abStans\u00bb d&#39;Eminem diffusera bient\u00f4t sur Paramount + - Actualit\u00e9s - Joke Me","og_description":"Si vous avez manqu\u00e9 l&#39;engagement d&#39;une semaine uniquement du documentaire Stans d&#39;Eminem dans les salles, n&#39;ayez pas peur. Stans est d\u00e9j\u00e0 en route pour le streaming. Vous pourrez regarder l&#39;emballage de 102 minutes dans le monde du fandom du rappeur de D\u00e9troit \u00e0 la maison, \u00e0 partir du 26 ao\u00fbt via Paramount +. L&#39;application de ... Lire plus","og_url":"https:\/\/www.jokeme.fr\/actus\/le-documentaire-stans-deminem-diffusera-bientot-sur-paramount\/","og_site_name":"Actualit\u00e9s - Joke Me","article_published_time":"2025-08-15T09:40:39+00:00","article_modified_time":"2025-08-15T09:40:40+00:00","og_image":[{"width":710,"height":400,"url":"https:\/\/www.jokeme.fr\/actus\/wp-content\/uploads\/2025\/08\/Le-documentaire-Stans-d39Eminem-diffusera-bientot-sur-Paramount.jpeg","type":"image\/jpeg"}],"author":"Didier","twitter_card":"summary_large_image","twitter_misc":{"\u00c9crit par":"Didier","Dur\u00e9e de lecture estim\u00e9e":"2 minutes"},"schema":{"@context":"https:\/\/schema.org","@graph":[{"@type":"Article","@id":"https:\/\/www.jokeme.fr\/actus\/le-documentaire-stans-deminem-diffusera-bientot-sur-paramount\/#article","isPartOf":{"@id":"https:\/\/www.jokeme.fr\/actus\/le-documentaire-stans-deminem-diffusera-bientot-sur-paramount\/"},"author":{"name":"Didier","@id":"https:\/\/www.jokeme.fr\/actus\/#\/schema\/person\/f0c6ad0d33ca144389e81e45a212928f"},"headline":"Le documentaire \u00abStans\u00bb d&#39;Eminem diffusera bient\u00f4t sur Paramount +","datePublished":"2025-08-15T09:40:39+00:00","dateModified":"2025-08-15T09:40:40+00:00","mainEntityOfPage":{"@id":"https:\/\/www.jokeme.fr\/actus\/le-documentaire-stans-deminem-diffusera-bientot-sur-paramount\/"},"wordCount":500,"publisher":{"@id":"https:\/\/www.jokeme.fr\/actus\/#organization"},"keywords":["bient\u00f4t","d39Eminem","diffusera","documentaire","Paramount","Stans","sur"],"inLanguage":"fr-FR"},{"@type":"WebPage","@id":"https:\/\/www.jokeme.fr\/actus\/le-documentaire-stans-deminem-diffusera-bientot-sur-paramount\/","url":"https:\/\/www.jokeme.fr\/actus\/le-documentaire-stans-deminem-diffusera-bientot-sur-paramount\/","name":"Le documentaire \u00abStans\u00bb d&#39;Eminem diffusera bient\u00f4t sur Paramount + - Actualit\u00e9s - Joke Me","isPartOf":{"@id":"https:\/\/www.jokeme.fr\/actus\/#website"},"datePublished":"2025-08-15T09:40:39+00:00","dateModified":"2025-08-15T09:40:40+00:00","breadcrumb":{"@id":"https:\/\/www.jokeme.fr\/actus\/le-documentaire-stans-deminem-diffusera-bientot-sur-paramount\/#breadcrumb"},"inLanguage":"fr-FR","potentialAction":[{"@type":"ReadAction","target":["https:\/\/www.jokeme.fr\/actus\/le-documentaire-stans-deminem-diffusera-bientot-sur-paramount\/"]}]},{"@type":"BreadcrumbList","@id":"https:\/\/www.jokeme.fr\/actus\/le-documentaire-stans-deminem-diffusera-bientot-sur-paramount\/#breadcrumb","itemListElement":[{"@type":"ListItem","position":1,"name":"Accueil","item":"https:\/\/www.jokeme.fr\/actus\/"},{"@type":"ListItem","position":2,"name":"Le documentaire \u00abStans\u00bb d&#39;Eminem diffusera bient\u00f4t sur Paramount +"}]},{"@type":"WebSite","@id":"https:\/\/www.jokeme.fr\/actus\/#website","url":"https:\/\/www.jokeme.fr\/actus\/","name":"Actualit\u00e9s - Joke Me","description":"L&#039;actualit\u00e9 du rire","publisher":{"@id":"https:\/\/www.jokeme.fr\/actus\/#organization"},"potentialAction":[{"@type":"SearchAction","target":{"@type":"EntryPoint","urlTemplate":"https:\/\/www.jokeme.fr\/actus\/?s={search_term_string}"},"query-input":"required name=search_term_string"}],"inLanguage":"fr-FR"},{"@type":"Organization","@id":"https:\/\/www.jokeme.fr\/actus\/#organization","name":"Actualit\u00e9s - Joke Me","url":"https:\/\/www.jokeme.fr\/actus\/","logo":{"@type":"ImageObject","inLanguage":"fr-FR","@id":"https:\/\/www.jokeme.fr\/actus\/#\/schema\/logo\/image\/","url":"https:\/\/www.jokeme.fr\/actus\/wp-content\/uploads\/2023\/06\/cropped-Logo-Joke-Me.png","contentUrl":"https:\/\/www.jokeme.fr\/actus\/wp-content\/uploads\/2023\/06\/cropped-Logo-Joke-Me.png","width":499,"height":363,"caption":"Actualit\u00e9s - Joke Me"},"image":{"@id":"https:\/\/www.jokeme.fr\/actus\/#\/schema\/logo\/image\/"}},{"@type":"Person","@id":"https:\/\/www.jokeme.fr\/actus\/#\/schema\/person\/f0c6ad0d33ca144389e81e45a212928f","name":"Didier","image":{"@type":"ImageObject","inLanguage":"fr-FR","@id":"https:\/\/www.jokeme.fr\/actus\/#\/schema\/person\/image\/","url":"https:\/\/www.jokeme.fr\/actus\/wp-content\/uploads\/2024\/03\/jokeme-didier.jpg","contentUrl":"https:\/\/www.jokeme.fr\/actus\/wp-content\/uploads\/2024\/03\/jokeme-didier.jpg","caption":"Didier"},"description":"Didier, passionn\u00e9 de cin\u00e9ma, est un r\u00e9dacteur pour le m\u00e9dia Jokeme, o\u00f9 il partage sa passion \u00e0 travers des articles divertissants et informatifs. Ayant \u00e9tudi\u00e9 le journalisme, il allie sa formation \u00e0 sa passion pour offrir un contenu de qualit\u00e9 sur le monde du cin\u00e9ma.","sameAs":["https:\/\/www.jokeme.fr\/actus"]}]}},"_links":{"self":[{"href":"https:\/\/www.jokeme.fr\/actus\/wp-json\/wp\/v2\/posts\/21643"}],"collection":[{"href":"https:\/\/www.jokeme.fr\/actus\/wp-json\/wp\/v2\/posts"}],"about":[{"href":"https:\/\/www.jokeme.fr\/actus\/wp-json\/wp\/v2\/types\/post"}],"author":[{"embeddable":true,"href":"https:\/\/www.jokeme.fr\/actus\/wp-json\/wp\/v2\/users\/1"}],"replies":[{"embeddable":true,"href":"https:\/\/www.jokeme.fr\/actus\/wp-json\/wp\/v2\/comments?post=21643"}],"version-history":[{"count":1,"href":"https:\/\/www.jokeme.fr\/actus\/wp-json\/wp\/v2\/posts\/21643\/revisions"}],"predecessor-version":[{"id":21645,"href":"https:\/\/www.jokeme.fr\/actus\/wp-json\/wp\/v2\/posts\/21643\/revisions\/21645"}],"wp:featuredmedia":[{"embeddable":true,"href":"https:\/\/www.jokeme.fr\/actus\/wp-json\/wp\/v2\/media\/21644"}],"wp:attachment":[{"href":"https:\/\/www.jokeme.fr\/actus\/wp-json\/wp\/v2\/media?parent=21643"}],"wp:term":[{"taxonomy":"category","embeddable":true,"href":"https:\/\/www.jokeme.fr\/actus\/wp-json\/wp\/v2\/categories?post=21643"},{"taxonomy":"post_tag","embeddable":true,"href":"https:\/\/www.jokeme.fr\/actus\/wp-json\/wp\/v2\/tags?post=21643"}],"curies":[{"name":"wp","href":"https:\/\/api.w.org\/{rel}","templated":true}]}}