{"id":21646,"date":"2025-08-15T13:41:01","date_gmt":"2025-08-15T11:41:01","guid":{"rendered":"https:\/\/www.jokeme.fr\/actus\/indiecast-discute-ethel-cain-et-chance-the-rapper\/"},"modified":"2025-08-15T13:41:02","modified_gmt":"2025-08-15T11:41:02","slug":"indiecast-discute-ethel-cain-et-chance-the-rapper","status":"publish","type":"post","link":"https:\/\/www.jokeme.fr\/actus\/indiecast-discute-ethel-cain-et-chance-the-rapper\/","title":{"rendered":"Indiecast discute Ethel Cain et Chance the Rapper"},"content":{"rendered":"<div class=\"entry-content\">\n<div id=\"upx-cnx-player-wrap\"><\/div>\n<div class=\"post-page\" data-page=\"1\">\n<p>Steven et Ian ouvrent avec une reconnaissance du cinqui\u00e8me anniversaire de l&#39;\u00e9mission, qui s&#39;est r\u00e9ellement produit il y a quelques semaines. De l\u00e0, ils notent l&#39;annonce d&#39;un autre nouvel album de Taylor Swift et la comparent au MCU. Ils parlent \u00e9galement du fils de Steven r\u00e9cemment entrant dans Eminem et de la raret\u00e9 de la musique \u00abcod\u00e9e par le danger\u00bb maintenant. Apr\u00e8s cela, ils parlent du nouvel album Ethel Cain et ne sont pas d&#39;accord sur ses forces et ses faiblesses. Ils notent \u00e9galement l&#39;arriv\u00e9e d&#39;une nouvelle chance de l&#39;album du rappeur, et comment de telles nouvelles auraient \u00e9t\u00e9 beaucoup plus importantes il y a 10 ans. Ensuite, ils font un \u00abyay ou non\u00bb sur ma romance chimique.<\/p>\n<p>Dans Recommandation Corner, Ian parle de la bande lente de dents et Steven va pour la rocker indie v\u00e9t\u00e9ran Cass McCombs.<\/p>\n<p>Nouveaux \u00e9pisodes de <em>Indiecast<\/em> tombez tous les vendredis. \u00c9coutez l&#39;\u00e9pisode 252 ici et abonnez-vous partout o\u00f9 vous obtenez vos podcasts. Vous pouvez soumettre des questions pour Steve et Ian \u00e0 indiecastmailbag@gmail.com, et assurez-vous de nous suivre sur Instagram et <a rel=\"nofollow noopener\" href=\"https:\/\/twitter.com\/Indie_Mixtape\" target=\"_blank\">X (anciennement Twitter)<\/a> Pour toutes les derni\u00e8res nouvelles. Nous avons \u00e9galement r\u00e9cemment lanc\u00e9 un visualiseur pour notre pr\u00e9f\u00e9r\u00e9 <em>Indiecast<\/em> moments. V\u00e9rifiez-les ici.<\/p>\n<p><iframe class=\"optanon-category-C0003\" data-src=\"https:\/\/art19.com\/shows\/4b15b5a1-1663-4281-9ee2-29413f733a6d\/episodes\/15e97118-596d-4c3a-a57d-83e8e0e92b3b\/embed\" style=\"width: 100%;height: 200px;border: 0 none\" scrolling=\"no\"><\/iframe><\/p>\n<\/p><\/div>\n<\/p><\/div>\n<p><script async src=\"https:\/\/platform.twitter.com\/widgets.js\" charset=\"utf-8\"><\/script><script async src=\"\/\/www.instagram.com\/embed.js\"><\/script><\/p>\n","protected":false},"excerpt":{"rendered":"<p>Steven et Ian ouvrent avec une reconnaissance du cinqui\u00e8me anniversaire de l&#39;\u00e9mission, qui s&#39;est r\u00e9ellement produit il y a quelques semaines. De l\u00e0, ils notent l&#39;annonce d&#39;un autre nouvel album de Taylor Swift et la comparent au MCU. Ils parlent \u00e9galement du fils de Steven r\u00e9cemment entrant dans Eminem et de la raret\u00e9 de la &#8230; <a title=\"Indiecast discute Ethel Cain et Chance the Rapper\" class=\"read-more\" href=\"https:\/\/www.jokeme.fr\/actus\/indiecast-discute-ethel-cain-et-chance-the-rapper\/\" aria-label=\"Plus sur Indiecast discute Ethel Cain et Chance the Rapper\">Lire plus<\/a><\/p>\n","protected":false},"author":1,"featured_media":20761,"comment_status":"closed","ping_status":"open","sticky":false,"template":"","format":"standard","meta":{"footnotes":""},"categories":[1],"tags":[10016,365,3796,10015,3795,3421],"yoast_head":"<!-- This site is optimized with the Yoast SEO plugin v20.8 - https:\/\/yoast.com\/wordpress\/plugins\/seo\/ -->\n<title>Indiecast discute Ethel Cain et Chance the Rapper - Actualit\u00e9s - Joke Me<\/title>\n<meta name=\"robots\" content=\"index, follow, max-snippet:-1, max-image-preview:large, max-video-preview:-1\" \/>\n<link rel=\"canonical\" href=\"https:\/\/www.jokeme.fr\/actus\/indiecast-discute-ethel-cain-et-chance-the-rapper\/\" \/>\n<meta property=\"og:locale\" content=\"fr_FR\" \/>\n<meta property=\"og:type\" content=\"article\" \/>\n<meta property=\"og:title\" content=\"Indiecast discute Ethel Cain et Chance the Rapper - Actualit\u00e9s - Joke Me\" \/>\n<meta property=\"og:description\" content=\"Steven et Ian ouvrent avec une reconnaissance du cinqui\u00e8me anniversaire de l&#039;\u00e9mission, qui s&#039;est r\u00e9ellement produit il y a quelques semaines. De l\u00e0, ils notent l&#039;annonce d&#039;un autre nouvel album de Taylor Swift et la comparent au MCU. Ils parlent \u00e9galement du fils de Steven r\u00e9cemment entrant dans Eminem et de la raret\u00e9 de la ... Lire plus\" \/>\n<meta property=\"og:url\" content=\"https:\/\/www.jokeme.fr\/actus\/indiecast-discute-ethel-cain-et-chance-the-rapper\/\" \/>\n<meta property=\"og:site_name\" content=\"Actualit\u00e9s - Joke Me\" \/>\n<meta property=\"article:published_time\" content=\"2025-08-15T11:41:01+00:00\" \/>\n<meta property=\"article:modified_time\" content=\"2025-08-15T11:41:02+00:00\" \/>\n<meta property=\"og:image\" content=\"https:\/\/www.jokeme.fr\/actus\/wp-content\/uploads\/2025\/07\/Ethel-Cain-partage-le-nouveau-single-expansif-F-CK.jpg\" \/>\n\t<meta property=\"og:image:width\" content=\"710\" \/>\n\t<meta property=\"og:image:height\" content=\"400\" \/>\n\t<meta property=\"og:image:type\" content=\"image\/jpeg\" \/>\n<meta name=\"author\" content=\"Didier\" \/>\n<meta name=\"twitter:card\" content=\"summary_large_image\" \/>\n<meta name=\"twitter:label1\" content=\"\u00c9crit par\" \/>\n\t<meta name=\"twitter:data1\" content=\"Didier\" \/>\n\t<meta name=\"twitter:label2\" content=\"Dur\u00e9e de lecture estim\u00e9e\" \/>\n\t<meta name=\"twitter:data2\" content=\"1 minute\" \/>\n<script type=\"application\/ld+json\" class=\"yoast-schema-graph\">{\"@context\":\"https:\/\/schema.org\",\"@graph\":[{\"@type\":\"Article\",\"@id\":\"https:\/\/www.jokeme.fr\/actus\/indiecast-discute-ethel-cain-et-chance-the-rapper\/#article\",\"isPartOf\":{\"@id\":\"https:\/\/www.jokeme.fr\/actus\/indiecast-discute-ethel-cain-et-chance-the-rapper\/\"},\"author\":{\"name\":\"Didier\",\"@id\":\"https:\/\/www.jokeme.fr\/actus\/#\/schema\/person\/f0c6ad0d33ca144389e81e45a212928f\"},\"headline\":\"Indiecast discute Ethel Cain et Chance the Rapper\",\"datePublished\":\"2025-08-15T11:41:01+00:00\",\"dateModified\":\"2025-08-15T11:41:02+00:00\",\"mainEntityOfPage\":{\"@id\":\"https:\/\/www.jokeme.fr\/actus\/indiecast-discute-ethel-cain-et-chance-the-rapper\/\"},\"wordCount\":229,\"publisher\":{\"@id\":\"https:\/\/www.jokeme.fr\/actus\/#organization\"},\"keywords\":[\"Cain\",\"chance\",\"discute\",\"Ethel\",\"Indiecast\",\"Rapper\"],\"inLanguage\":\"fr-FR\"},{\"@type\":\"WebPage\",\"@id\":\"https:\/\/www.jokeme.fr\/actus\/indiecast-discute-ethel-cain-et-chance-the-rapper\/\",\"url\":\"https:\/\/www.jokeme.fr\/actus\/indiecast-discute-ethel-cain-et-chance-the-rapper\/\",\"name\":\"Indiecast discute Ethel Cain et Chance the Rapper - Actualit\u00e9s - Joke Me\",\"isPartOf\":{\"@id\":\"https:\/\/www.jokeme.fr\/actus\/#website\"},\"datePublished\":\"2025-08-15T11:41:01+00:00\",\"dateModified\":\"2025-08-15T11:41:02+00:00\",\"breadcrumb\":{\"@id\":\"https:\/\/www.jokeme.fr\/actus\/indiecast-discute-ethel-cain-et-chance-the-rapper\/#breadcrumb\"},\"inLanguage\":\"fr-FR\",\"potentialAction\":[{\"@type\":\"ReadAction\",\"target\":[\"https:\/\/www.jokeme.fr\/actus\/indiecast-discute-ethel-cain-et-chance-the-rapper\/\"]}]},{\"@type\":\"BreadcrumbList\",\"@id\":\"https:\/\/www.jokeme.fr\/actus\/indiecast-discute-ethel-cain-et-chance-the-rapper\/#breadcrumb\",\"itemListElement\":[{\"@type\":\"ListItem\",\"position\":1,\"name\":\"Accueil\",\"item\":\"https:\/\/www.jokeme.fr\/actus\/\"},{\"@type\":\"ListItem\",\"position\":2,\"name\":\"Indiecast discute Ethel Cain et Chance the Rapper\"}]},{\"@type\":\"WebSite\",\"@id\":\"https:\/\/www.jokeme.fr\/actus\/#website\",\"url\":\"https:\/\/www.jokeme.fr\/actus\/\",\"name\":\"Actualit\u00e9s - Joke Me\",\"description\":\"L&#039;actualit\u00e9 du rire\",\"publisher\":{\"@id\":\"https:\/\/www.jokeme.fr\/actus\/#organization\"},\"potentialAction\":[{\"@type\":\"SearchAction\",\"target\":{\"@type\":\"EntryPoint\",\"urlTemplate\":\"https:\/\/www.jokeme.fr\/actus\/?s={search_term_string}\"},\"query-input\":\"required name=search_term_string\"}],\"inLanguage\":\"fr-FR\"},{\"@type\":\"Organization\",\"@id\":\"https:\/\/www.jokeme.fr\/actus\/#organization\",\"name\":\"Actualit\u00e9s - Joke Me\",\"url\":\"https:\/\/www.jokeme.fr\/actus\/\",\"logo\":{\"@type\":\"ImageObject\",\"inLanguage\":\"fr-FR\",\"@id\":\"https:\/\/www.jokeme.fr\/actus\/#\/schema\/logo\/image\/\",\"url\":\"https:\/\/www.jokeme.fr\/actus\/wp-content\/uploads\/2023\/06\/cropped-Logo-Joke-Me.png\",\"contentUrl\":\"https:\/\/www.jokeme.fr\/actus\/wp-content\/uploads\/2023\/06\/cropped-Logo-Joke-Me.png\",\"width\":499,\"height\":363,\"caption\":\"Actualit\u00e9s - Joke Me\"},\"image\":{\"@id\":\"https:\/\/www.jokeme.fr\/actus\/#\/schema\/logo\/image\/\"}},{\"@type\":\"Person\",\"@id\":\"https:\/\/www.jokeme.fr\/actus\/#\/schema\/person\/f0c6ad0d33ca144389e81e45a212928f\",\"name\":\"Didier\",\"image\":{\"@type\":\"ImageObject\",\"inLanguage\":\"fr-FR\",\"@id\":\"https:\/\/www.jokeme.fr\/actus\/#\/schema\/person\/image\/\",\"url\":\"https:\/\/www.jokeme.fr\/actus\/wp-content\/uploads\/2024\/03\/jokeme-didier.jpg\",\"contentUrl\":\"https:\/\/www.jokeme.fr\/actus\/wp-content\/uploads\/2024\/03\/jokeme-didier.jpg\",\"caption\":\"Didier\"},\"description\":\"Didier, passionn\u00e9 de cin\u00e9ma, est un r\u00e9dacteur pour le m\u00e9dia Jokeme, o\u00f9 il partage sa passion \u00e0 travers des articles divertissants et informatifs. Ayant \u00e9tudi\u00e9 le journalisme, il allie sa formation \u00e0 sa passion pour offrir un contenu de qualit\u00e9 sur le monde du cin\u00e9ma.\",\"sameAs\":[\"https:\/\/www.jokeme.fr\/actus\"]}]}<\/script>\n<!-- \/ Yoast SEO plugin. -->","yoast_head_json":{"title":"Indiecast discute Ethel Cain et Chance the Rapper - Actualit\u00e9s - Joke Me","robots":{"index":"index","follow":"follow","max-snippet":"max-snippet:-1","max-image-preview":"max-image-preview:large","max-video-preview":"max-video-preview:-1"},"canonical":"https:\/\/www.jokeme.fr\/actus\/indiecast-discute-ethel-cain-et-chance-the-rapper\/","og_locale":"fr_FR","og_type":"article","og_title":"Indiecast discute Ethel Cain et Chance the Rapper - Actualit\u00e9s - Joke Me","og_description":"Steven et Ian ouvrent avec une reconnaissance du cinqui\u00e8me anniversaire de l&#39;\u00e9mission, qui s&#39;est r\u00e9ellement produit il y a quelques semaines. De l\u00e0, ils notent l&#39;annonce d&#39;un autre nouvel album de Taylor Swift et la comparent au MCU. Ils parlent \u00e9galement du fils de Steven r\u00e9cemment entrant dans Eminem et de la raret\u00e9 de la ... Lire plus","og_url":"https:\/\/www.jokeme.fr\/actus\/indiecast-discute-ethel-cain-et-chance-the-rapper\/","og_site_name":"Actualit\u00e9s - Joke Me","article_published_time":"2025-08-15T11:41:01+00:00","article_modified_time":"2025-08-15T11:41:02+00:00","og_image":[{"width":710,"height":400,"url":"https:\/\/www.jokeme.fr\/actus\/wp-content\/uploads\/2025\/07\/Ethel-Cain-partage-le-nouveau-single-expansif-F-CK.jpg","type":"image\/jpeg"}],"author":"Didier","twitter_card":"summary_large_image","twitter_misc":{"\u00c9crit par":"Didier","Dur\u00e9e de lecture estim\u00e9e":"1 minute"},"schema":{"@context":"https:\/\/schema.org","@graph":[{"@type":"Article","@id":"https:\/\/www.jokeme.fr\/actus\/indiecast-discute-ethel-cain-et-chance-the-rapper\/#article","isPartOf":{"@id":"https:\/\/www.jokeme.fr\/actus\/indiecast-discute-ethel-cain-et-chance-the-rapper\/"},"author":{"name":"Didier","@id":"https:\/\/www.jokeme.fr\/actus\/#\/schema\/person\/f0c6ad0d33ca144389e81e45a212928f"},"headline":"Indiecast discute Ethel Cain et Chance the Rapper","datePublished":"2025-08-15T11:41:01+00:00","dateModified":"2025-08-15T11:41:02+00:00","mainEntityOfPage":{"@id":"https:\/\/www.jokeme.fr\/actus\/indiecast-discute-ethel-cain-et-chance-the-rapper\/"},"wordCount":229,"publisher":{"@id":"https:\/\/www.jokeme.fr\/actus\/#organization"},"keywords":["Cain","chance","discute","Ethel","Indiecast","Rapper"],"inLanguage":"fr-FR"},{"@type":"WebPage","@id":"https:\/\/www.jokeme.fr\/actus\/indiecast-discute-ethel-cain-et-chance-the-rapper\/","url":"https:\/\/www.jokeme.fr\/actus\/indiecast-discute-ethel-cain-et-chance-the-rapper\/","name":"Indiecast discute Ethel Cain et Chance the Rapper - Actualit\u00e9s - Joke Me","isPartOf":{"@id":"https:\/\/www.jokeme.fr\/actus\/#website"},"datePublished":"2025-08-15T11:41:01+00:00","dateModified":"2025-08-15T11:41:02+00:00","breadcrumb":{"@id":"https:\/\/www.jokeme.fr\/actus\/indiecast-discute-ethel-cain-et-chance-the-rapper\/#breadcrumb"},"inLanguage":"fr-FR","potentialAction":[{"@type":"ReadAction","target":["https:\/\/www.jokeme.fr\/actus\/indiecast-discute-ethel-cain-et-chance-the-rapper\/"]}]},{"@type":"BreadcrumbList","@id":"https:\/\/www.jokeme.fr\/actus\/indiecast-discute-ethel-cain-et-chance-the-rapper\/#breadcrumb","itemListElement":[{"@type":"ListItem","position":1,"name":"Accueil","item":"https:\/\/www.jokeme.fr\/actus\/"},{"@type":"ListItem","position":2,"name":"Indiecast discute Ethel Cain et Chance the Rapper"}]},{"@type":"WebSite","@id":"https:\/\/www.jokeme.fr\/actus\/#website","url":"https:\/\/www.jokeme.fr\/actus\/","name":"Actualit\u00e9s - Joke Me","description":"L&#039;actualit\u00e9 du rire","publisher":{"@id":"https:\/\/www.jokeme.fr\/actus\/#organization"},"potentialAction":[{"@type":"SearchAction","target":{"@type":"EntryPoint","urlTemplate":"https:\/\/www.jokeme.fr\/actus\/?s={search_term_string}"},"query-input":"required name=search_term_string"}],"inLanguage":"fr-FR"},{"@type":"Organization","@id":"https:\/\/www.jokeme.fr\/actus\/#organization","name":"Actualit\u00e9s - Joke Me","url":"https:\/\/www.jokeme.fr\/actus\/","logo":{"@type":"ImageObject","inLanguage":"fr-FR","@id":"https:\/\/www.jokeme.fr\/actus\/#\/schema\/logo\/image\/","url":"https:\/\/www.jokeme.fr\/actus\/wp-content\/uploads\/2023\/06\/cropped-Logo-Joke-Me.png","contentUrl":"https:\/\/www.jokeme.fr\/actus\/wp-content\/uploads\/2023\/06\/cropped-Logo-Joke-Me.png","width":499,"height":363,"caption":"Actualit\u00e9s - Joke Me"},"image":{"@id":"https:\/\/www.jokeme.fr\/actus\/#\/schema\/logo\/image\/"}},{"@type":"Person","@id":"https:\/\/www.jokeme.fr\/actus\/#\/schema\/person\/f0c6ad0d33ca144389e81e45a212928f","name":"Didier","image":{"@type":"ImageObject","inLanguage":"fr-FR","@id":"https:\/\/www.jokeme.fr\/actus\/#\/schema\/person\/image\/","url":"https:\/\/www.jokeme.fr\/actus\/wp-content\/uploads\/2024\/03\/jokeme-didier.jpg","contentUrl":"https:\/\/www.jokeme.fr\/actus\/wp-content\/uploads\/2024\/03\/jokeme-didier.jpg","caption":"Didier"},"description":"Didier, passionn\u00e9 de cin\u00e9ma, est un r\u00e9dacteur pour le m\u00e9dia Jokeme, o\u00f9 il partage sa passion \u00e0 travers des articles divertissants et informatifs. Ayant \u00e9tudi\u00e9 le journalisme, il allie sa formation \u00e0 sa passion pour offrir un contenu de qualit\u00e9 sur le monde du cin\u00e9ma.","sameAs":["https:\/\/www.jokeme.fr\/actus"]}]}},"_links":{"self":[{"href":"https:\/\/www.jokeme.fr\/actus\/wp-json\/wp\/v2\/posts\/21646"}],"collection":[{"href":"https:\/\/www.jokeme.fr\/actus\/wp-json\/wp\/v2\/posts"}],"about":[{"href":"https:\/\/www.jokeme.fr\/actus\/wp-json\/wp\/v2\/types\/post"}],"author":[{"embeddable":true,"href":"https:\/\/www.jokeme.fr\/actus\/wp-json\/wp\/v2\/users\/1"}],"replies":[{"embeddable":true,"href":"https:\/\/www.jokeme.fr\/actus\/wp-json\/wp\/v2\/comments?post=21646"}],"version-history":[{"count":1,"href":"https:\/\/www.jokeme.fr\/actus\/wp-json\/wp\/v2\/posts\/21646\/revisions"}],"predecessor-version":[{"id":21647,"href":"https:\/\/www.jokeme.fr\/actus\/wp-json\/wp\/v2\/posts\/21646\/revisions\/21647"}],"wp:featuredmedia":[{"embeddable":true,"href":"https:\/\/www.jokeme.fr\/actus\/wp-json\/wp\/v2\/media\/20761"}],"wp:attachment":[{"href":"https:\/\/www.jokeme.fr\/actus\/wp-json\/wp\/v2\/media?parent=21646"}],"wp:term":[{"taxonomy":"category","embeddable":true,"href":"https:\/\/www.jokeme.fr\/actus\/wp-json\/wp\/v2\/categories?post=21646"},{"taxonomy":"post_tag","embeddable":true,"href":"https:\/\/www.jokeme.fr\/actus\/wp-json\/wp\/v2\/tags?post=21646"}],"curies":[{"name":"wp","href":"https:\/\/api.w.org\/{rel}","templated":true}]}}