{"id":22249,"date":"2025-09-14T00:40:44","date_gmt":"2025-09-13T22:40:44","guid":{"rendered":"https:\/\/www.jokeme.fr\/actus\/indiecast-plonge-dans-le-phenomene-en-ligne-sombre\/"},"modified":"2025-09-14T00:40:45","modified_gmt":"2025-09-13T22:40:45","slug":"indiecast-plonge-dans-le-phenomene-en-ligne-sombre","status":"publish","type":"post","link":"https:\/\/www.jokeme.fr\/actus\/indiecast-plonge-dans-le-phenomene-en-ligne-sombre\/","title":{"rendered":"Indiecast plonge dans le ph\u00e9nom\u00e8ne en ligne sombre"},"content":{"rendered":"<div class=\"entry-content\">\n<div id=\"upx-cnx-player-wrap\"><\/div>\n<div class=\"post-page\" data-page=\"1\">\n<p>Steven et Ian commencent par une conversation rapide sur la vie \u00e0 une \u00e9poque de violence politique et des vid\u00e9os horribles qui apparaissent librement sur les flux de m\u00e9dias sociaux. De l\u00e0, ils font un pivot dur \u00e0 une conversation sur les r\u00e9cents prix de musique vid\u00e9o MTV (qui continuent d&#39;exister pour une raison quelconque) et l&#39;ascension rapide du chanteur pop-rock Sombr, dont le r\u00e9cent LP <em>Je la connais \u00e0 peine<\/em> abandonn\u00e9 le mois dernier.<\/p>\n<p>Apr\u00e8s cela, ils font un segment \u00abyay ou non\u00bb sur Freak Folk. Ils trouvent \u00e9galement le temps de plonger enfin dans le sac de messagerie, o\u00f9 ils r\u00e9pondent aux e-mails sur les meilleurs groupes de \u00abjour\u00bb et s&#39;il est normal de porter un t-shirt de groupe au concert de ce groupe.<\/p>\n<p>Dans Recommandation Corner, Ian parle du groupe Emo Algernon Cadwallader et Steven opte pour la tenue de rock du Michigan Liquid Mike.<\/p>\n<p>Nouveaux \u00e9pisodes de <em>Indiecast<\/em> tombez tous les vendredis. \u00c9coutez l&#39;\u00e9pisode 256 ici et abonnez-vous partout o\u00f9 vous obtenez vos podcasts. Vous pouvez soumettre des questions pour Steve et Ian \u00e0 indiecastmailbag@gmail.com, et assurez-vous de nous suivre sur Instagram et <a rel=\"nofollow noopener\" href=\"https:\/\/twitter.com\/Indie_Mixtape\" target=\"_blank\">X (anciennement Twitter)<\/a> Pour toutes les derni\u00e8res nouvelles. Nous avons \u00e9galement r\u00e9cemment lanc\u00e9 un visualiseur pour notre pr\u00e9f\u00e9r\u00e9 <em>Indiecast<\/em> moments. V\u00e9rifiez-les ici.<\/p>\n<p><iframe class=\"optanon-category-C0003\" data-src=\"https:\/\/art19.com\/shows\/4b15b5a1-1663-4281-9ee2-29413f733a6d\/episodes\/50f416ed-af63-463e-86d5-e960b64a7754\/embed\" style=\"width: 100%;height: 200px;border: 0 none\" scrolling=\"no\"><\/iframe><\/p>\n<\/p><\/div>\n<\/p><\/div>\n<p><script async src=\"https:\/\/platform.twitter.com\/widgets.js\" charset=\"utf-8\"><\/script><script async src=\"\/\/www.instagram.com\/embed.js\"><\/script><\/p>\n","protected":false},"excerpt":{"rendered":"<p>Steven et Ian commencent par une conversation rapide sur la vie \u00e0 une \u00e9poque de violence politique et des vid\u00e9os horribles qui apparaissent librement sur les flux de m\u00e9dias sociaux. De l\u00e0, ils font un pivot dur \u00e0 une conversation sur les r\u00e9cents prix de musique vid\u00e9o MTV (qui continuent d&#39;exister pour une raison quelconque) &#8230; <a title=\"Indiecast plonge dans le ph\u00e9nom\u00e8ne en ligne sombre\" class=\"read-more\" href=\"https:\/\/www.jokeme.fr\/actus\/indiecast-plonge-dans-le-phenomene-en-ligne-sombre\/\" aria-label=\"Plus sur Indiecast plonge dans le ph\u00e9nom\u00e8ne en ligne sombre\">Lire plus<\/a><\/p>\n","protected":false},"author":1,"featured_media":21532,"comment_status":"closed","ping_status":"open","sticky":false,"template":"","format":"standard","meta":{"footnotes":""},"categories":[1],"tags":[52,3795,2485,805,3227,918],"yoast_head":"<!-- This site is optimized with the Yoast SEO plugin v20.8 - https:\/\/yoast.com\/wordpress\/plugins\/seo\/ -->\n<title>Indiecast plonge dans le ph\u00e9nom\u00e8ne en ligne sombre - Actualit\u00e9s - Joke Me<\/title>\n<meta name=\"robots\" content=\"index, follow, max-snippet:-1, max-image-preview:large, max-video-preview:-1\" \/>\n<link rel=\"canonical\" href=\"https:\/\/www.jokeme.fr\/actus\/indiecast-plonge-dans-le-phenomene-en-ligne-sombre\/\" \/>\n<meta property=\"og:locale\" content=\"fr_FR\" \/>\n<meta property=\"og:type\" content=\"article\" \/>\n<meta property=\"og:title\" content=\"Indiecast plonge dans le ph\u00e9nom\u00e8ne en ligne sombre - Actualit\u00e9s - Joke Me\" \/>\n<meta property=\"og:description\" content=\"Steven et Ian commencent par une conversation rapide sur la vie \u00e0 une \u00e9poque de violence politique et des vid\u00e9os horribles qui apparaissent librement sur les flux de m\u00e9dias sociaux. De l\u00e0, ils font un pivot dur \u00e0 une conversation sur les r\u00e9cents prix de musique vid\u00e9o MTV (qui continuent d&#039;exister pour une raison quelconque) ... Lire plus\" \/>\n<meta property=\"og:url\" content=\"https:\/\/www.jokeme.fr\/actus\/indiecast-plonge-dans-le-phenomene-en-ligne-sombre\/\" \/>\n<meta property=\"og:site_name\" content=\"Actualit\u00e9s - Joke Me\" \/>\n<meta property=\"article:published_time\" content=\"2025-09-13T22:40:44+00:00\" \/>\n<meta property=\"article:modified_time\" content=\"2025-09-13T22:40:45+00:00\" \/>\n<meta property=\"og:image\" content=\"https:\/\/www.jokeme.fr\/actus\/wp-content\/uploads\/2025\/08\/1754962843_Apres-ses-deux-succes-en-petits-groupes-Sombre-annonce-Je.jpeg\" \/>\n\t<meta property=\"og:image:width\" content=\"710\" \/>\n\t<meta property=\"og:image:height\" content=\"400\" \/>\n\t<meta property=\"og:image:type\" content=\"image\/jpeg\" \/>\n<meta name=\"author\" content=\"Didier\" \/>\n<meta name=\"twitter:card\" content=\"summary_large_image\" \/>\n<meta name=\"twitter:label1\" content=\"\u00c9crit par\" \/>\n\t<meta name=\"twitter:data1\" content=\"Didier\" \/>\n\t<meta name=\"twitter:label2\" content=\"Dur\u00e9e de lecture estim\u00e9e\" \/>\n\t<meta name=\"twitter:data2\" content=\"1 minute\" \/>\n<script type=\"application\/ld+json\" class=\"yoast-schema-graph\">{\"@context\":\"https:\/\/schema.org\",\"@graph\":[{\"@type\":\"Article\",\"@id\":\"https:\/\/www.jokeme.fr\/actus\/indiecast-plonge-dans-le-phenomene-en-ligne-sombre\/#article\",\"isPartOf\":{\"@id\":\"https:\/\/www.jokeme.fr\/actus\/indiecast-plonge-dans-le-phenomene-en-ligne-sombre\/\"},\"author\":{\"name\":\"Didier\",\"@id\":\"https:\/\/www.jokeme.fr\/actus\/#\/schema\/person\/f0c6ad0d33ca144389e81e45a212928f\"},\"headline\":\"Indiecast plonge dans le ph\u00e9nom\u00e8ne en ligne sombre\",\"datePublished\":\"2025-09-13T22:40:44+00:00\",\"dateModified\":\"2025-09-13T22:40:45+00:00\",\"mainEntityOfPage\":{\"@id\":\"https:\/\/www.jokeme.fr\/actus\/indiecast-plonge-dans-le-phenomene-en-ligne-sombre\/\"},\"wordCount\":232,\"publisher\":{\"@id\":\"https:\/\/www.jokeme.fr\/actus\/#organization\"},\"keywords\":[\"dans\",\"Indiecast\",\"ligne\",\"Ph\u00e9nom\u00e8ne\",\"plonge\",\"sombre\"],\"inLanguage\":\"fr-FR\"},{\"@type\":\"WebPage\",\"@id\":\"https:\/\/www.jokeme.fr\/actus\/indiecast-plonge-dans-le-phenomene-en-ligne-sombre\/\",\"url\":\"https:\/\/www.jokeme.fr\/actus\/indiecast-plonge-dans-le-phenomene-en-ligne-sombre\/\",\"name\":\"Indiecast plonge dans le ph\u00e9nom\u00e8ne en ligne sombre - Actualit\u00e9s - Joke Me\",\"isPartOf\":{\"@id\":\"https:\/\/www.jokeme.fr\/actus\/#website\"},\"datePublished\":\"2025-09-13T22:40:44+00:00\",\"dateModified\":\"2025-09-13T22:40:45+00:00\",\"breadcrumb\":{\"@id\":\"https:\/\/www.jokeme.fr\/actus\/indiecast-plonge-dans-le-phenomene-en-ligne-sombre\/#breadcrumb\"},\"inLanguage\":\"fr-FR\",\"potentialAction\":[{\"@type\":\"ReadAction\",\"target\":[\"https:\/\/www.jokeme.fr\/actus\/indiecast-plonge-dans-le-phenomene-en-ligne-sombre\/\"]}]},{\"@type\":\"BreadcrumbList\",\"@id\":\"https:\/\/www.jokeme.fr\/actus\/indiecast-plonge-dans-le-phenomene-en-ligne-sombre\/#breadcrumb\",\"itemListElement\":[{\"@type\":\"ListItem\",\"position\":1,\"name\":\"Accueil\",\"item\":\"https:\/\/www.jokeme.fr\/actus\/\"},{\"@type\":\"ListItem\",\"position\":2,\"name\":\"Indiecast plonge dans le ph\u00e9nom\u00e8ne en ligne sombre\"}]},{\"@type\":\"WebSite\",\"@id\":\"https:\/\/www.jokeme.fr\/actus\/#website\",\"url\":\"https:\/\/www.jokeme.fr\/actus\/\",\"name\":\"Actualit\u00e9s - Joke Me\",\"description\":\"L&#039;actualit\u00e9 du rire\",\"publisher\":{\"@id\":\"https:\/\/www.jokeme.fr\/actus\/#organization\"},\"potentialAction\":[{\"@type\":\"SearchAction\",\"target\":{\"@type\":\"EntryPoint\",\"urlTemplate\":\"https:\/\/www.jokeme.fr\/actus\/?s={search_term_string}\"},\"query-input\":\"required name=search_term_string\"}],\"inLanguage\":\"fr-FR\"},{\"@type\":\"Organization\",\"@id\":\"https:\/\/www.jokeme.fr\/actus\/#organization\",\"name\":\"Actualit\u00e9s - Joke Me\",\"url\":\"https:\/\/www.jokeme.fr\/actus\/\",\"logo\":{\"@type\":\"ImageObject\",\"inLanguage\":\"fr-FR\",\"@id\":\"https:\/\/www.jokeme.fr\/actus\/#\/schema\/logo\/image\/\",\"url\":\"https:\/\/www.jokeme.fr\/actus\/wp-content\/uploads\/2023\/06\/cropped-Logo-Joke-Me.png\",\"contentUrl\":\"https:\/\/www.jokeme.fr\/actus\/wp-content\/uploads\/2023\/06\/cropped-Logo-Joke-Me.png\",\"width\":499,\"height\":363,\"caption\":\"Actualit\u00e9s - Joke Me\"},\"image\":{\"@id\":\"https:\/\/www.jokeme.fr\/actus\/#\/schema\/logo\/image\/\"}},{\"@type\":\"Person\",\"@id\":\"https:\/\/www.jokeme.fr\/actus\/#\/schema\/person\/f0c6ad0d33ca144389e81e45a212928f\",\"name\":\"Didier\",\"image\":{\"@type\":\"ImageObject\",\"inLanguage\":\"fr-FR\",\"@id\":\"https:\/\/www.jokeme.fr\/actus\/#\/schema\/person\/image\/\",\"url\":\"https:\/\/www.jokeme.fr\/actus\/wp-content\/uploads\/2024\/03\/jokeme-didier.jpg\",\"contentUrl\":\"https:\/\/www.jokeme.fr\/actus\/wp-content\/uploads\/2024\/03\/jokeme-didier.jpg\",\"caption\":\"Didier\"},\"description\":\"Didier, passionn\u00e9 de cin\u00e9ma, est un r\u00e9dacteur pour le m\u00e9dia Jokeme, o\u00f9 il partage sa passion \u00e0 travers des articles divertissants et informatifs. Ayant \u00e9tudi\u00e9 le journalisme, il allie sa formation \u00e0 sa passion pour offrir un contenu de qualit\u00e9 sur le monde du cin\u00e9ma.\",\"sameAs\":[\"https:\/\/www.jokeme.fr\/actus\"]}]}<\/script>\n<!-- \/ Yoast SEO plugin. -->","yoast_head_json":{"title":"Indiecast plonge dans le ph\u00e9nom\u00e8ne en ligne sombre - Actualit\u00e9s - Joke Me","robots":{"index":"index","follow":"follow","max-snippet":"max-snippet:-1","max-image-preview":"max-image-preview:large","max-video-preview":"max-video-preview:-1"},"canonical":"https:\/\/www.jokeme.fr\/actus\/indiecast-plonge-dans-le-phenomene-en-ligne-sombre\/","og_locale":"fr_FR","og_type":"article","og_title":"Indiecast plonge dans le ph\u00e9nom\u00e8ne en ligne sombre - Actualit\u00e9s - Joke Me","og_description":"Steven et Ian commencent par une conversation rapide sur la vie \u00e0 une \u00e9poque de violence politique et des vid\u00e9os horribles qui apparaissent librement sur les flux de m\u00e9dias sociaux. De l\u00e0, ils font un pivot dur \u00e0 une conversation sur les r\u00e9cents prix de musique vid\u00e9o MTV (qui continuent d&#39;exister pour une raison quelconque) ... Lire plus","og_url":"https:\/\/www.jokeme.fr\/actus\/indiecast-plonge-dans-le-phenomene-en-ligne-sombre\/","og_site_name":"Actualit\u00e9s - Joke Me","article_published_time":"2025-09-13T22:40:44+00:00","article_modified_time":"2025-09-13T22:40:45+00:00","og_image":[{"width":710,"height":400,"url":"https:\/\/www.jokeme.fr\/actus\/wp-content\/uploads\/2025\/08\/1754962843_Apres-ses-deux-succes-en-petits-groupes-Sombre-annonce-Je.jpeg","type":"image\/jpeg"}],"author":"Didier","twitter_card":"summary_large_image","twitter_misc":{"\u00c9crit par":"Didier","Dur\u00e9e de lecture estim\u00e9e":"1 minute"},"schema":{"@context":"https:\/\/schema.org","@graph":[{"@type":"Article","@id":"https:\/\/www.jokeme.fr\/actus\/indiecast-plonge-dans-le-phenomene-en-ligne-sombre\/#article","isPartOf":{"@id":"https:\/\/www.jokeme.fr\/actus\/indiecast-plonge-dans-le-phenomene-en-ligne-sombre\/"},"author":{"name":"Didier","@id":"https:\/\/www.jokeme.fr\/actus\/#\/schema\/person\/f0c6ad0d33ca144389e81e45a212928f"},"headline":"Indiecast plonge dans le ph\u00e9nom\u00e8ne en ligne sombre","datePublished":"2025-09-13T22:40:44+00:00","dateModified":"2025-09-13T22:40:45+00:00","mainEntityOfPage":{"@id":"https:\/\/www.jokeme.fr\/actus\/indiecast-plonge-dans-le-phenomene-en-ligne-sombre\/"},"wordCount":232,"publisher":{"@id":"https:\/\/www.jokeme.fr\/actus\/#organization"},"keywords":["dans","Indiecast","ligne","Ph\u00e9nom\u00e8ne","plonge","sombre"],"inLanguage":"fr-FR"},{"@type":"WebPage","@id":"https:\/\/www.jokeme.fr\/actus\/indiecast-plonge-dans-le-phenomene-en-ligne-sombre\/","url":"https:\/\/www.jokeme.fr\/actus\/indiecast-plonge-dans-le-phenomene-en-ligne-sombre\/","name":"Indiecast plonge dans le ph\u00e9nom\u00e8ne en ligne sombre - Actualit\u00e9s - Joke Me","isPartOf":{"@id":"https:\/\/www.jokeme.fr\/actus\/#website"},"datePublished":"2025-09-13T22:40:44+00:00","dateModified":"2025-09-13T22:40:45+00:00","breadcrumb":{"@id":"https:\/\/www.jokeme.fr\/actus\/indiecast-plonge-dans-le-phenomene-en-ligne-sombre\/#breadcrumb"},"inLanguage":"fr-FR","potentialAction":[{"@type":"ReadAction","target":["https:\/\/www.jokeme.fr\/actus\/indiecast-plonge-dans-le-phenomene-en-ligne-sombre\/"]}]},{"@type":"BreadcrumbList","@id":"https:\/\/www.jokeme.fr\/actus\/indiecast-plonge-dans-le-phenomene-en-ligne-sombre\/#breadcrumb","itemListElement":[{"@type":"ListItem","position":1,"name":"Accueil","item":"https:\/\/www.jokeme.fr\/actus\/"},{"@type":"ListItem","position":2,"name":"Indiecast plonge dans le ph\u00e9nom\u00e8ne en ligne sombre"}]},{"@type":"WebSite","@id":"https:\/\/www.jokeme.fr\/actus\/#website","url":"https:\/\/www.jokeme.fr\/actus\/","name":"Actualit\u00e9s - Joke Me","description":"L&#039;actualit\u00e9 du rire","publisher":{"@id":"https:\/\/www.jokeme.fr\/actus\/#organization"},"potentialAction":[{"@type":"SearchAction","target":{"@type":"EntryPoint","urlTemplate":"https:\/\/www.jokeme.fr\/actus\/?s={search_term_string}"},"query-input":"required name=search_term_string"}],"inLanguage":"fr-FR"},{"@type":"Organization","@id":"https:\/\/www.jokeme.fr\/actus\/#organization","name":"Actualit\u00e9s - Joke Me","url":"https:\/\/www.jokeme.fr\/actus\/","logo":{"@type":"ImageObject","inLanguage":"fr-FR","@id":"https:\/\/www.jokeme.fr\/actus\/#\/schema\/logo\/image\/","url":"https:\/\/www.jokeme.fr\/actus\/wp-content\/uploads\/2023\/06\/cropped-Logo-Joke-Me.png","contentUrl":"https:\/\/www.jokeme.fr\/actus\/wp-content\/uploads\/2023\/06\/cropped-Logo-Joke-Me.png","width":499,"height":363,"caption":"Actualit\u00e9s - Joke Me"},"image":{"@id":"https:\/\/www.jokeme.fr\/actus\/#\/schema\/logo\/image\/"}},{"@type":"Person","@id":"https:\/\/www.jokeme.fr\/actus\/#\/schema\/person\/f0c6ad0d33ca144389e81e45a212928f","name":"Didier","image":{"@type":"ImageObject","inLanguage":"fr-FR","@id":"https:\/\/www.jokeme.fr\/actus\/#\/schema\/person\/image\/","url":"https:\/\/www.jokeme.fr\/actus\/wp-content\/uploads\/2024\/03\/jokeme-didier.jpg","contentUrl":"https:\/\/www.jokeme.fr\/actus\/wp-content\/uploads\/2024\/03\/jokeme-didier.jpg","caption":"Didier"},"description":"Didier, passionn\u00e9 de cin\u00e9ma, est un r\u00e9dacteur pour le m\u00e9dia Jokeme, o\u00f9 il partage sa passion \u00e0 travers des articles divertissants et informatifs. Ayant \u00e9tudi\u00e9 le journalisme, il allie sa formation \u00e0 sa passion pour offrir un contenu de qualit\u00e9 sur le monde du cin\u00e9ma.","sameAs":["https:\/\/www.jokeme.fr\/actus"]}]}},"_links":{"self":[{"href":"https:\/\/www.jokeme.fr\/actus\/wp-json\/wp\/v2\/posts\/22249"}],"collection":[{"href":"https:\/\/www.jokeme.fr\/actus\/wp-json\/wp\/v2\/posts"}],"about":[{"href":"https:\/\/www.jokeme.fr\/actus\/wp-json\/wp\/v2\/types\/post"}],"author":[{"embeddable":true,"href":"https:\/\/www.jokeme.fr\/actus\/wp-json\/wp\/v2\/users\/1"}],"replies":[{"embeddable":true,"href":"https:\/\/www.jokeme.fr\/actus\/wp-json\/wp\/v2\/comments?post=22249"}],"version-history":[{"count":1,"href":"https:\/\/www.jokeme.fr\/actus\/wp-json\/wp\/v2\/posts\/22249\/revisions"}],"predecessor-version":[{"id":22250,"href":"https:\/\/www.jokeme.fr\/actus\/wp-json\/wp\/v2\/posts\/22249\/revisions\/22250"}],"wp:featuredmedia":[{"embeddable":true,"href":"https:\/\/www.jokeme.fr\/actus\/wp-json\/wp\/v2\/media\/21532"}],"wp:attachment":[{"href":"https:\/\/www.jokeme.fr\/actus\/wp-json\/wp\/v2\/media?parent=22249"}],"wp:term":[{"taxonomy":"category","embeddable":true,"href":"https:\/\/www.jokeme.fr\/actus\/wp-json\/wp\/v2\/categories?post=22249"},{"taxonomy":"post_tag","embeddable":true,"href":"https:\/\/www.jokeme.fr\/actus\/wp-json\/wp\/v2\/tags?post=22249"}],"curies":[{"name":"wp","href":"https:\/\/api.w.org\/{rel}","templated":true}]}}