{"id":22284,"date":"2025-09-16T16:40:55","date_gmt":"2025-09-16T14:40:55","guid":{"rendered":"https:\/\/www.jokeme.fr\/actus\/cardi-b-a-annonce-les-dates-de-sa-toute-premiere-tournee-en-tete-daffiche-little-miss-drama\/"},"modified":"2025-09-16T16:40:56","modified_gmt":"2025-09-16T14:40:56","slug":"cardi-b-a-annonce-les-dates-de-sa-toute-premiere-tournee-en-tete-daffiche-little-miss-drama","status":"publish","type":"post","link":"https:\/\/www.jokeme.fr\/actus\/cardi-b-a-annonce-les-dates-de-sa-toute-premiere-tournee-en-tete-daffiche-little-miss-drama\/","title":{"rendered":"Cardi B a annonc\u00e9 les dates de sa toute premi\u00e8re tourn\u00e9e en t\u00eate d&#39;affiche, \u00abLittle Miss Drama\u00bb"},"content":{"rendered":"<div class=\"entry-content\">\n<div id=\"upx-cnx-player-wrap\"><\/div>\n<div class=\"post-page\" data-page=\"1\">\n<p>Cela peut sembler un peu incroyable, compte tenu de l&#39;omnipr\u00e9sence culturelle de Cardi B au cours des huit derni\u00e8res ann\u00e9es, mais saviez-vous qu&#39;elle n&#39;a jamais \u00e9t\u00e9 en tourn\u00e9e? C&#39;est vrai! Malgr\u00e9 le succ\u00e8s historique de son premier album, <em>Invasion de la vie priv\u00e9e<\/em>Cardi n&#39;a jamais fait de tourn\u00e9e pour promouvoir ce projet, en raison d&#39;une chose ou d&#39;une autre.<\/p>\n<p>Mais maintenant que son suivi tant attendu, <em><Suis-je le drame? \/ Em>, est enfin en route, Cardi l&#39;a annonc\u00e9e <em>Little Miss Drama<\/em> Dates de tourn\u00e9e pour l&#39;accompagner. <\/em><\/p>\n<p>Les billets seront mis en vente le jeudi 25 septembre \u00e0 10 h local; Les clients Citi Cardmembers et Verizon auront acc\u00e8s aux billets de pr\u00e9vente \u00e0 partir du lundi 22 septembre \u00e0 7 h. Vous pouvez trouver plus d&#39;informations sur cardib.com\/tour. <\/p>\n<\/p><\/div>\n<div class=\"htlad-incontent upx-ad-lazy incontent\" data-ad-unit=\"incontent\" data-ad-provider=\"htlbid\" data-unit=\"\/23101112908\/uproxx\/music\/article\/incontent\" data-targeting='{\"position\":\"incontent\"}'><\/div>\n<div class=\"post-page\" data-page=\"2\">\n<h2>Dates de la tourn\u00e9e cardi b 2026: <em>Little Miss Drama<\/em><\/h2>\n<p>02\/11 &#8211; Palm Desert, CA @ Acrisure Arena<br \/>\n02\/13 &#8211; Las Vegas, NV @ T-Mobile Arena<br \/>\n02\/15 &#8211; Los Angeles, CA @ Kia Forum<br \/>\n02\/19 &#8211; Portland ou @ moda Center<br \/>\n02\/21 &#8211; Vancouver, BC @ Rogers Arena<br \/>\n02\/22 &#8211; Seattle, WA @ Climate Gled Arena<br \/>\n02\/25 &#8211; Sacramento, CA @ Golden 1 Centre<br \/>\n02\/27 &#8211; San Francisco, CA @ Chase Center<br \/>\n03\/01 &#8211; Phoenix, AZ @ Phx Arena<br \/>\n03\/04 &#8211; Houston, TX @ Toyota Center<br \/>\n03\/06 &#8211; Austin, TX @ Moody Center<br \/>\n03\/07 &#8211; Dallas, TX @ American Airlines Center<br \/>\n03\/09 &#8211; Denver, CO @ Ball Arena<br \/>\n03\/12 &#8211; Minneapolis, MN @ Target Center<br \/>\n03\/14 &#8211; Indianapolis, dans @ gainbridge fieldhouse<br \/>\n03\/15 &#8211; Detroit, MI @ Little Caesars Arena<br \/>\n03\/17 &#8211; Kansas City, MO @ T-Mobile Center<br \/>\n03\/19 &#8211; Cincinnati, OH @ Heritage Bank Center<br \/>\n03\/21 &#8211; Chicago, IL @ United Center<br \/>\n03\/25 &#8211; New York, NY @ Madison Square Garden<br \/>\n03\/28 &#8211; Newark, NJ @ Prudential Center<br \/>\n03\/03 &#8211; Toronto, sur @ ScotiaKan Arena<br \/>\n04\/02 &#8211; Boston, MA @ TD Garden<br \/>\n04\/03 &#8211; Hartford, CT @ Peoplesbank Arena<br \/>\n04\/04 &#8211; Baltimore, MD @ CFG Bank Arena<br \/>\n04\/07 &#8211; Philadelphie, PA @ Xfinity Mobile Arena<br \/>\n04\/08 &#8211; Washington, DC @ Capital One Arena<br \/>\n04\/11 &#8211; Raleigh, NC @ Lenovo Center<br \/>\n04\/12 &#8211; Charlotte, NC @ Spectrum Center<br \/>\n04\/14 &#8211; Sunrise, FL @ Amerant Bank Arena<br \/>\n04\/17 &#8211; Atlanta, GA @ State Farm Arena<\/p>\n<figure id=\"attachment_404282798\" class=\"wp-caption alignnone\"><\/figure>\n<\/p><\/div>\n<\/p><\/div>\n","protected":false},"excerpt":{"rendered":"<p>Cela peut sembler un peu incroyable, compte tenu de l&#39;omnipr\u00e9sence culturelle de Cardi B au cours des huit derni\u00e8res ann\u00e9es, mais saviez-vous qu&#39;elle n&#39;a jamais \u00e9t\u00e9 en tourn\u00e9e? C&#39;est vrai! Malgr\u00e9 le succ\u00e8s historique de son premier album, Invasion de la vie priv\u00e9eCardi n&#39;a jamais fait de tourn\u00e9e pour promouvoir ce projet, en raison d&#39;une &#8230; <a title=\"Cardi B a annonc\u00e9 les dates de sa toute premi\u00e8re tourn\u00e9e en t\u00eate d&#039;affiche, \u00abLittle Miss Drama\u00bb\" class=\"read-more\" href=\"https:\/\/www.jokeme.fr\/actus\/cardi-b-a-annonce-les-dates-de-sa-toute-premiere-tournee-en-tete-daffiche-little-miss-drama\/\" aria-label=\"Plus sur Cardi B a annonc\u00e9 les dates de sa toute premi\u00e8re tourn\u00e9e en t\u00eate d&#039;affiche, \u00abLittle Miss Drama\u00bb\">Lire plus<\/a><\/p>\n","protected":false},"author":1,"featured_media":22285,"comment_status":"closed","ping_status":"open","sticky":false,"template":"","format":"standard","meta":{"footnotes":""},"categories":[1],"tags":[3575,3493,5665,4007,11343,66,1702,113,3385,1402],"yoast_head":"<!-- This site is optimized with the Yoast SEO plugin v20.8 - https:\/\/yoast.com\/wordpress\/plugins\/seo\/ -->\n<title>Cardi B a annonc\u00e9 les dates de sa toute premi\u00e8re tourn\u00e9e en t\u00eate d&#039;affiche, \u00abLittle Miss Drama\u00bb - Actualit\u00e9s - Joke Me<\/title>\n<meta name=\"robots\" content=\"index, follow, max-snippet:-1, max-image-preview:large, max-video-preview:-1\" \/>\n<link rel=\"canonical\" href=\"https:\/\/www.jokeme.fr\/actus\/cardi-b-a-annonce-les-dates-de-sa-toute-premiere-tournee-en-tete-daffiche-little-miss-drama\/\" \/>\n<meta property=\"og:locale\" content=\"fr_FR\" \/>\n<meta property=\"og:type\" content=\"article\" \/>\n<meta property=\"og:title\" content=\"Cardi B a annonc\u00e9 les dates de sa toute premi\u00e8re tourn\u00e9e en t\u00eate d&#039;affiche, \u00abLittle Miss Drama\u00bb - Actualit\u00e9s - Joke Me\" \/>\n<meta property=\"og:description\" content=\"Cela peut sembler un peu incroyable, compte tenu de l&#039;omnipr\u00e9sence culturelle de Cardi B au cours des huit derni\u00e8res ann\u00e9es, mais saviez-vous qu&#039;elle n&#039;a jamais \u00e9t\u00e9 en tourn\u00e9e? C&#039;est vrai! Malgr\u00e9 le succ\u00e8s historique de son premier album, Invasion de la vie priv\u00e9eCardi n&#039;a jamais fait de tourn\u00e9e pour promouvoir ce projet, en raison d&#039;une ... Lire plus\" \/>\n<meta property=\"og:url\" content=\"https:\/\/www.jokeme.fr\/actus\/cardi-b-a-annonce-les-dates-de-sa-toute-premiere-tournee-en-tete-daffiche-little-miss-drama\/\" \/>\n<meta property=\"og:site_name\" content=\"Actualit\u00e9s - Joke Me\" \/>\n<meta property=\"article:published_time\" content=\"2025-09-16T14:40:55+00:00\" \/>\n<meta property=\"article:modified_time\" content=\"2025-09-16T14:40:56+00:00\" \/>\n<meta property=\"og:image\" content=\"https:\/\/www.jokeme.fr\/actus\/wp-content\/uploads\/2025\/09\/1758033655_Cardi-B-a-annonce-les-dates-de-sa-toute-premiere.jpg\" \/>\n\t<meta property=\"og:image:width\" content=\"710\" \/>\n\t<meta property=\"og:image:height\" content=\"400\" \/>\n\t<meta property=\"og:image:type\" content=\"image\/jpeg\" \/>\n<meta name=\"author\" content=\"Didier\" \/>\n<meta name=\"twitter:card\" content=\"summary_large_image\" \/>\n<meta name=\"twitter:label1\" content=\"\u00c9crit par\" \/>\n\t<meta name=\"twitter:data1\" content=\"Didier\" \/>\n\t<meta name=\"twitter:label2\" content=\"Dur\u00e9e de lecture estim\u00e9e\" \/>\n\t<meta name=\"twitter:data2\" content=\"2 minutes\" \/>\n<script type=\"application\/ld+json\" class=\"yoast-schema-graph\">{\"@context\":\"https:\/\/schema.org\",\"@graph\":[{\"@type\":\"Article\",\"@id\":\"https:\/\/www.jokeme.fr\/actus\/cardi-b-a-annonce-les-dates-de-sa-toute-premiere-tournee-en-tete-daffiche-little-miss-drama\/#article\",\"isPartOf\":{\"@id\":\"https:\/\/www.jokeme.fr\/actus\/cardi-b-a-annonce-les-dates-de-sa-toute-premiere-tournee-en-tete-daffiche-little-miss-drama\/\"},\"author\":{\"name\":\"Didier\",\"@id\":\"https:\/\/www.jokeme.fr\/actus\/#\/schema\/person\/f0c6ad0d33ca144389e81e45a212928f\"},\"headline\":\"Cardi B a annonc\u00e9 les dates de sa toute premi\u00e8re tourn\u00e9e en t\u00eate d&#39;affiche, \u00abLittle Miss Drama\u00bb\",\"datePublished\":\"2025-09-16T14:40:55+00:00\",\"dateModified\":\"2025-09-16T14:40:56+00:00\",\"mainEntityOfPage\":{\"@id\":\"https:\/\/www.jokeme.fr\/actus\/cardi-b-a-annonce-les-dates-de-sa-toute-premiere-tournee-en-tete-daffiche-little-miss-drama\/\"},\"wordCount\":341,\"publisher\":{\"@id\":\"https:\/\/www.jokeme.fr\/actus\/#organization\"},\"keywords\":[\"annonce\",\"Cardi\",\"d39affiche\",\"dates\",\"Drama\",\"les\",\"premi\u00e8re\",\"t\u00eate\",\"tourn\u00e9e\",\"toute\"],\"inLanguage\":\"fr-FR\"},{\"@type\":\"WebPage\",\"@id\":\"https:\/\/www.jokeme.fr\/actus\/cardi-b-a-annonce-les-dates-de-sa-toute-premiere-tournee-en-tete-daffiche-little-miss-drama\/\",\"url\":\"https:\/\/www.jokeme.fr\/actus\/cardi-b-a-annonce-les-dates-de-sa-toute-premiere-tournee-en-tete-daffiche-little-miss-drama\/\",\"name\":\"Cardi B a annonc\u00e9 les dates de sa toute premi\u00e8re tourn\u00e9e en t\u00eate d&#39;affiche, \u00abLittle Miss Drama\u00bb - Actualit\u00e9s - Joke Me\",\"isPartOf\":{\"@id\":\"https:\/\/www.jokeme.fr\/actus\/#website\"},\"datePublished\":\"2025-09-16T14:40:55+00:00\",\"dateModified\":\"2025-09-16T14:40:56+00:00\",\"breadcrumb\":{\"@id\":\"https:\/\/www.jokeme.fr\/actus\/cardi-b-a-annonce-les-dates-de-sa-toute-premiere-tournee-en-tete-daffiche-little-miss-drama\/#breadcrumb\"},\"inLanguage\":\"fr-FR\",\"potentialAction\":[{\"@type\":\"ReadAction\",\"target\":[\"https:\/\/www.jokeme.fr\/actus\/cardi-b-a-annonce-les-dates-de-sa-toute-premiere-tournee-en-tete-daffiche-little-miss-drama\/\"]}]},{\"@type\":\"BreadcrumbList\",\"@id\":\"https:\/\/www.jokeme.fr\/actus\/cardi-b-a-annonce-les-dates-de-sa-toute-premiere-tournee-en-tete-daffiche-little-miss-drama\/#breadcrumb\",\"itemListElement\":[{\"@type\":\"ListItem\",\"position\":1,\"name\":\"Accueil\",\"item\":\"https:\/\/www.jokeme.fr\/actus\/\"},{\"@type\":\"ListItem\",\"position\":2,\"name\":\"Cardi B a annonc\u00e9 les dates de sa toute premi\u00e8re tourn\u00e9e en t\u00eate d&#39;affiche, \u00abLittle Miss Drama\u00bb\"}]},{\"@type\":\"WebSite\",\"@id\":\"https:\/\/www.jokeme.fr\/actus\/#website\",\"url\":\"https:\/\/www.jokeme.fr\/actus\/\",\"name\":\"Actualit\u00e9s - Joke Me\",\"description\":\"L&#039;actualit\u00e9 du rire\",\"publisher\":{\"@id\":\"https:\/\/www.jokeme.fr\/actus\/#organization\"},\"potentialAction\":[{\"@type\":\"SearchAction\",\"target\":{\"@type\":\"EntryPoint\",\"urlTemplate\":\"https:\/\/www.jokeme.fr\/actus\/?s={search_term_string}\"},\"query-input\":\"required name=search_term_string\"}],\"inLanguage\":\"fr-FR\"},{\"@type\":\"Organization\",\"@id\":\"https:\/\/www.jokeme.fr\/actus\/#organization\",\"name\":\"Actualit\u00e9s - Joke Me\",\"url\":\"https:\/\/www.jokeme.fr\/actus\/\",\"logo\":{\"@type\":\"ImageObject\",\"inLanguage\":\"fr-FR\",\"@id\":\"https:\/\/www.jokeme.fr\/actus\/#\/schema\/logo\/image\/\",\"url\":\"https:\/\/www.jokeme.fr\/actus\/wp-content\/uploads\/2023\/06\/cropped-Logo-Joke-Me.png\",\"contentUrl\":\"https:\/\/www.jokeme.fr\/actus\/wp-content\/uploads\/2023\/06\/cropped-Logo-Joke-Me.png\",\"width\":499,\"height\":363,\"caption\":\"Actualit\u00e9s - Joke Me\"},\"image\":{\"@id\":\"https:\/\/www.jokeme.fr\/actus\/#\/schema\/logo\/image\/\"}},{\"@type\":\"Person\",\"@id\":\"https:\/\/www.jokeme.fr\/actus\/#\/schema\/person\/f0c6ad0d33ca144389e81e45a212928f\",\"name\":\"Didier\",\"image\":{\"@type\":\"ImageObject\",\"inLanguage\":\"fr-FR\",\"@id\":\"https:\/\/www.jokeme.fr\/actus\/#\/schema\/person\/image\/\",\"url\":\"https:\/\/www.jokeme.fr\/actus\/wp-content\/uploads\/2024\/03\/jokeme-didier.jpg\",\"contentUrl\":\"https:\/\/www.jokeme.fr\/actus\/wp-content\/uploads\/2024\/03\/jokeme-didier.jpg\",\"caption\":\"Didier\"},\"description\":\"Didier, passionn\u00e9 de cin\u00e9ma, est un r\u00e9dacteur pour le m\u00e9dia Jokeme, o\u00f9 il partage sa passion \u00e0 travers des articles divertissants et informatifs. Ayant \u00e9tudi\u00e9 le journalisme, il allie sa formation \u00e0 sa passion pour offrir un contenu de qualit\u00e9 sur le monde du cin\u00e9ma.\",\"sameAs\":[\"https:\/\/www.jokeme.fr\/actus\"]}]}<\/script>\n<!-- \/ Yoast SEO plugin. -->","yoast_head_json":{"title":"Cardi B a annonc\u00e9 les dates de sa toute premi\u00e8re tourn\u00e9e en t\u00eate d&#39;affiche, \u00abLittle Miss Drama\u00bb - Actualit\u00e9s - Joke Me","robots":{"index":"index","follow":"follow","max-snippet":"max-snippet:-1","max-image-preview":"max-image-preview:large","max-video-preview":"max-video-preview:-1"},"canonical":"https:\/\/www.jokeme.fr\/actus\/cardi-b-a-annonce-les-dates-de-sa-toute-premiere-tournee-en-tete-daffiche-little-miss-drama\/","og_locale":"fr_FR","og_type":"article","og_title":"Cardi B a annonc\u00e9 les dates de sa toute premi\u00e8re tourn\u00e9e en t\u00eate d&#39;affiche, \u00abLittle Miss Drama\u00bb - Actualit\u00e9s - Joke Me","og_description":"Cela peut sembler un peu incroyable, compte tenu de l&#39;omnipr\u00e9sence culturelle de Cardi B au cours des huit derni\u00e8res ann\u00e9es, mais saviez-vous qu&#39;elle n&#39;a jamais \u00e9t\u00e9 en tourn\u00e9e? C&#39;est vrai! Malgr\u00e9 le succ\u00e8s historique de son premier album, Invasion de la vie priv\u00e9eCardi n&#39;a jamais fait de tourn\u00e9e pour promouvoir ce projet, en raison d&#39;une ... Lire plus","og_url":"https:\/\/www.jokeme.fr\/actus\/cardi-b-a-annonce-les-dates-de-sa-toute-premiere-tournee-en-tete-daffiche-little-miss-drama\/","og_site_name":"Actualit\u00e9s - Joke Me","article_published_time":"2025-09-16T14:40:55+00:00","article_modified_time":"2025-09-16T14:40:56+00:00","og_image":[{"width":710,"height":400,"url":"https:\/\/www.jokeme.fr\/actus\/wp-content\/uploads\/2025\/09\/1758033655_Cardi-B-a-annonce-les-dates-de-sa-toute-premiere.jpg","type":"image\/jpeg"}],"author":"Didier","twitter_card":"summary_large_image","twitter_misc":{"\u00c9crit par":"Didier","Dur\u00e9e de lecture estim\u00e9e":"2 minutes"},"schema":{"@context":"https:\/\/schema.org","@graph":[{"@type":"Article","@id":"https:\/\/www.jokeme.fr\/actus\/cardi-b-a-annonce-les-dates-de-sa-toute-premiere-tournee-en-tete-daffiche-little-miss-drama\/#article","isPartOf":{"@id":"https:\/\/www.jokeme.fr\/actus\/cardi-b-a-annonce-les-dates-de-sa-toute-premiere-tournee-en-tete-daffiche-little-miss-drama\/"},"author":{"name":"Didier","@id":"https:\/\/www.jokeme.fr\/actus\/#\/schema\/person\/f0c6ad0d33ca144389e81e45a212928f"},"headline":"Cardi B a annonc\u00e9 les dates de sa toute premi\u00e8re tourn\u00e9e en t\u00eate d&#39;affiche, \u00abLittle Miss Drama\u00bb","datePublished":"2025-09-16T14:40:55+00:00","dateModified":"2025-09-16T14:40:56+00:00","mainEntityOfPage":{"@id":"https:\/\/www.jokeme.fr\/actus\/cardi-b-a-annonce-les-dates-de-sa-toute-premiere-tournee-en-tete-daffiche-little-miss-drama\/"},"wordCount":341,"publisher":{"@id":"https:\/\/www.jokeme.fr\/actus\/#organization"},"keywords":["annonce","Cardi","d39affiche","dates","Drama","les","premi\u00e8re","t\u00eate","tourn\u00e9e","toute"],"inLanguage":"fr-FR"},{"@type":"WebPage","@id":"https:\/\/www.jokeme.fr\/actus\/cardi-b-a-annonce-les-dates-de-sa-toute-premiere-tournee-en-tete-daffiche-little-miss-drama\/","url":"https:\/\/www.jokeme.fr\/actus\/cardi-b-a-annonce-les-dates-de-sa-toute-premiere-tournee-en-tete-daffiche-little-miss-drama\/","name":"Cardi B a annonc\u00e9 les dates de sa toute premi\u00e8re tourn\u00e9e en t\u00eate d&#39;affiche, \u00abLittle Miss Drama\u00bb - Actualit\u00e9s - Joke Me","isPartOf":{"@id":"https:\/\/www.jokeme.fr\/actus\/#website"},"datePublished":"2025-09-16T14:40:55+00:00","dateModified":"2025-09-16T14:40:56+00:00","breadcrumb":{"@id":"https:\/\/www.jokeme.fr\/actus\/cardi-b-a-annonce-les-dates-de-sa-toute-premiere-tournee-en-tete-daffiche-little-miss-drama\/#breadcrumb"},"inLanguage":"fr-FR","potentialAction":[{"@type":"ReadAction","target":["https:\/\/www.jokeme.fr\/actus\/cardi-b-a-annonce-les-dates-de-sa-toute-premiere-tournee-en-tete-daffiche-little-miss-drama\/"]}]},{"@type":"BreadcrumbList","@id":"https:\/\/www.jokeme.fr\/actus\/cardi-b-a-annonce-les-dates-de-sa-toute-premiere-tournee-en-tete-daffiche-little-miss-drama\/#breadcrumb","itemListElement":[{"@type":"ListItem","position":1,"name":"Accueil","item":"https:\/\/www.jokeme.fr\/actus\/"},{"@type":"ListItem","position":2,"name":"Cardi B a annonc\u00e9 les dates de sa toute premi\u00e8re tourn\u00e9e en t\u00eate d&#39;affiche, \u00abLittle Miss Drama\u00bb"}]},{"@type":"WebSite","@id":"https:\/\/www.jokeme.fr\/actus\/#website","url":"https:\/\/www.jokeme.fr\/actus\/","name":"Actualit\u00e9s - Joke Me","description":"L&#039;actualit\u00e9 du rire","publisher":{"@id":"https:\/\/www.jokeme.fr\/actus\/#organization"},"potentialAction":[{"@type":"SearchAction","target":{"@type":"EntryPoint","urlTemplate":"https:\/\/www.jokeme.fr\/actus\/?s={search_term_string}"},"query-input":"required name=search_term_string"}],"inLanguage":"fr-FR"},{"@type":"Organization","@id":"https:\/\/www.jokeme.fr\/actus\/#organization","name":"Actualit\u00e9s - Joke Me","url":"https:\/\/www.jokeme.fr\/actus\/","logo":{"@type":"ImageObject","inLanguage":"fr-FR","@id":"https:\/\/www.jokeme.fr\/actus\/#\/schema\/logo\/image\/","url":"https:\/\/www.jokeme.fr\/actus\/wp-content\/uploads\/2023\/06\/cropped-Logo-Joke-Me.png","contentUrl":"https:\/\/www.jokeme.fr\/actus\/wp-content\/uploads\/2023\/06\/cropped-Logo-Joke-Me.png","width":499,"height":363,"caption":"Actualit\u00e9s - Joke Me"},"image":{"@id":"https:\/\/www.jokeme.fr\/actus\/#\/schema\/logo\/image\/"}},{"@type":"Person","@id":"https:\/\/www.jokeme.fr\/actus\/#\/schema\/person\/f0c6ad0d33ca144389e81e45a212928f","name":"Didier","image":{"@type":"ImageObject","inLanguage":"fr-FR","@id":"https:\/\/www.jokeme.fr\/actus\/#\/schema\/person\/image\/","url":"https:\/\/www.jokeme.fr\/actus\/wp-content\/uploads\/2024\/03\/jokeme-didier.jpg","contentUrl":"https:\/\/www.jokeme.fr\/actus\/wp-content\/uploads\/2024\/03\/jokeme-didier.jpg","caption":"Didier"},"description":"Didier, passionn\u00e9 de cin\u00e9ma, est un r\u00e9dacteur pour le m\u00e9dia Jokeme, o\u00f9 il partage sa passion \u00e0 travers des articles divertissants et informatifs. Ayant \u00e9tudi\u00e9 le journalisme, il allie sa formation \u00e0 sa passion pour offrir un contenu de qualit\u00e9 sur le monde du cin\u00e9ma.","sameAs":["https:\/\/www.jokeme.fr\/actus"]}]}},"_links":{"self":[{"href":"https:\/\/www.jokeme.fr\/actus\/wp-json\/wp\/v2\/posts\/22284"}],"collection":[{"href":"https:\/\/www.jokeme.fr\/actus\/wp-json\/wp\/v2\/posts"}],"about":[{"href":"https:\/\/www.jokeme.fr\/actus\/wp-json\/wp\/v2\/types\/post"}],"author":[{"embeddable":true,"href":"https:\/\/www.jokeme.fr\/actus\/wp-json\/wp\/v2\/users\/1"}],"replies":[{"embeddable":true,"href":"https:\/\/www.jokeme.fr\/actus\/wp-json\/wp\/v2\/comments?post=22284"}],"version-history":[{"count":1,"href":"https:\/\/www.jokeme.fr\/actus\/wp-json\/wp\/v2\/posts\/22284\/revisions"}],"predecessor-version":[{"id":22286,"href":"https:\/\/www.jokeme.fr\/actus\/wp-json\/wp\/v2\/posts\/22284\/revisions\/22286"}],"wp:featuredmedia":[{"embeddable":true,"href":"https:\/\/www.jokeme.fr\/actus\/wp-json\/wp\/v2\/media\/22285"}],"wp:attachment":[{"href":"https:\/\/www.jokeme.fr\/actus\/wp-json\/wp\/v2\/media?parent=22284"}],"wp:term":[{"taxonomy":"category","embeddable":true,"href":"https:\/\/www.jokeme.fr\/actus\/wp-json\/wp\/v2\/categories?post=22284"},{"taxonomy":"post_tag","embeddable":true,"href":"https:\/\/www.jokeme.fr\/actus\/wp-json\/wp\/v2\/tags?post=22284"}],"curies":[{"name":"wp","href":"https:\/\/api.w.org\/{rel}","templated":true}]}}