{"id":22935,"date":"2025-10-14T14:40:37","date_gmt":"2025-10-14T12:40:37","guid":{"rendered":"https:\/\/www.jokeme.fr\/actus\/apres-avoir-ete-arretee-lors-dun-concert-billie-eilish-a-remercie-un-fan-qui-a-affronte-lagresseur\/"},"modified":"2025-10-14T14:40:38","modified_gmt":"2025-10-14T12:40:38","slug":"apres-avoir-ete-arretee-lors-dun-concert-billie-eilish-a-remercie-un-fan-qui-a-affronte-lagresseur","status":"publish","type":"post","link":"https:\/\/www.jokeme.fr\/actus\/apres-avoir-ete-arretee-lors-dun-concert-billie-eilish-a-remercie-un-fan-qui-a-affronte-lagresseur\/","title":{"rendered":"Apr\u00e8s avoir \u00e9t\u00e9 arr\u00eat\u00e9e lors d&#39;un concert, Billie Eilish a remerci\u00e9 un fan qui a affront\u00e9 l&#39;agresseur"},"content":{"rendered":"<div class=\"entry-content\">\n<div id=\"upx-cnx-player-wrap\"><\/div>\n<div class=\"post-page\" data-page=\"1\">\n<p>Au cas o\u00f9 vous l&#39;auriez manqu\u00e9, Billie Eilish a v\u00e9cu un moment un peu effrayant la semaine derni\u00e8re. Lors d&#39;un concert \u00e0 Miami jeudi dernier, Eilish marchait pr\u00e8s d&#39;une barricade lorsqu&#39;un participant l&#39;a agressivement attrap\u00e9e et l&#39;a tir\u00e9e vers la foule. Finalement, la situation a \u00e9t\u00e9 rapidement r\u00e9solue et Eilish allait bien. Selon ABC News, la personne a \u00e9t\u00e9 expuls\u00e9e de la salle et aucune autre mesure n&#39;a \u00e9t\u00e9 prise.<\/p>\n<p>Vid\u00e9os de l&#39;incident (<a rel=\"nofollow noopener\" href=\"https:\/\/twitter.com\/bizzleeilish\/status\/1976500876228567176\" target=\"_blank\">comme celui-ci<\/a>) a circul\u00e9, et un \u00e9l\u00e9ment que les t\u00e9l\u00e9spectateurs ont remarqu\u00e9 \u00e9tait un fan portant un bandana rouge, alors qu&#39;ils se sont rapidement retrouv\u00e9s face \u00e0 l&#39;agresseur et l&#39;ont abord\u00e9.<\/p>\n<p>Ce fan a re\u00e7u des accessoires importants. Finneas l&#39;a cri\u00e9e sur son histoire Instagram, <a rel=\"nofollow noopener\" href=\"https:\/\/twitter.com\/idleavealone\/status\/1976687633293340952\" target=\"_blank\">en \u00e9crivant<\/a>\u00ab\u00a0Fille au bandana rouge des r\u00e8gles du spectacle d&#39;hier soir.\u00a0\u00bb<\/p>\n<p>Comme le note Stereogum, Eilish a envoy\u00e9 au fan des cadeaux, dont un sweat-shirt, et avait l&#39;air excit\u00e9e lorsqu&#39;elle l&#39;a reconnue lors d&#39;un concert ult\u00e9rieur.<\/p>\n<p>D\u00e9couvrez ci-dessous les prochaines dates de tourn\u00e9e d\u2019Eilish.<\/p>\n<\/p><\/div>\n<div class=\"htlad-incontent upx-ad-lazy incontent\" data-ad-unit=\"incontent\" data-ad-provider=\"htlbid\" data-unit=\"\/23101112908\/uproxx\/music\/article\/incontent\" data-targeting='{\"position\":\"incontent\"}'><\/div>\n<div class=\"post-page\" data-page=\"2\">\n<h2>Dates de la tourn\u00e9e 2025 de Billie Eilish : <em>Frappe-moi fort et doucement\u00a0: la tourn\u00e9e<\/em><\/h2>\n<p>14\/10 \u2014 Orlando, Floride @ Kia Center<br \/>\n16\/10 \u2014 Raleigh, Caroline du Nord @ Lenovo Center<br \/>\n17\/10 \u2014 Raleigh, Caroline du Nord @ Lenovo Center<br \/>\n19\/10 \u2014 Charlotte, Caroline du Nord @ Spectrum Center<br \/>\n10\/20 \u2014 Charlotte, Caroline du Nord @ Spectrum Center<br \/>\n23\/10 \u2013 Philadelphie, Pennsylvanie @ Wells Fargo Center<br \/>\n25\/10 \u2013 Long Island, New York @ UBS Arena<br \/>\n26\/10 \u2013 Long Island, New York @ UBS Arena<br \/>\n11\/07 \u2014 Nouvelle-Orl\u00e9ans, LA @ Smoothie King Center<br \/>\n11\/08 \u2014 Nouvelle-Orl\u00e9ans, LA @ Smoothie King Center<br \/>\n11\/10 \u2013 Tulsa, OK @ BOK Center<br \/>\n11\/11 \u2013 Tulsa, OK @ BOK Center<br \/>\n13\/11 \u2014 Austin, Texas @ Moody Center ATX<br \/>\n14\/11 \u2014 Austin, Texas @ Moody Center ATX<br \/>\n18\/11 \u2013 Phoenix, Arizona @ PHX Arena<br \/>\n19\/11 \u2013 Phoenix, Arizona @ PHX Arena<br \/>\n22\/11 \u2014 San Francisco, Californie @ Chase Center<br \/>\n23\/11 \u2014 San Francisco, Californie @ Chase Center<\/p>\n<\/p><\/div>\n<\/p><\/div>\n<p><script async src=\"https:\/\/platform.twitter.com\/widgets.js\" charset=\"utf-8\"><\/script><\/p>\n","protected":false},"excerpt":{"rendered":"<p>Au cas o\u00f9 vous l&#39;auriez manqu\u00e9, Billie Eilish a v\u00e9cu un moment un peu effrayant la semaine derni\u00e8re. Lors d&#39;un concert \u00e0 Miami jeudi dernier, Eilish marchait pr\u00e8s d&#39;une barricade lorsqu&#39;un participant l&#39;a agressivement attrap\u00e9e et l&#39;a tir\u00e9e vers la foule. Finalement, la situation a \u00e9t\u00e9 rapidement r\u00e9solue et Eilish allait bien. Selon ABC News, &#8230; <a title=\"Apr\u00e8s avoir \u00e9t\u00e9 arr\u00eat\u00e9e lors d&#039;un concert, Billie Eilish a remerci\u00e9 un fan qui a affront\u00e9 l&#039;agresseur\" class=\"read-more\" href=\"https:\/\/www.jokeme.fr\/actus\/apres-avoir-ete-arretee-lors-dun-concert-billie-eilish-a-remercie-un-fan-qui-a-affronte-lagresseur\/\" aria-label=\"Plus sur Apr\u00e8s avoir \u00e9t\u00e9 arr\u00eat\u00e9e lors d&#039;un concert, Billie Eilish a remerci\u00e9 un fan qui a affront\u00e9 l&#039;agresseur\">Lire plus<\/a><\/p>\n","protected":false},"author":1,"featured_media":22936,"comment_status":"closed","ping_status":"open","sticky":false,"template":"","format":"standard","meta":{"footnotes":""},"categories":[1],"tags":[11295,152,7131,71,3378,836,4648,3379,352,834,16164,674,293,11781],"yoast_head":"<!-- This site is optimized with the Yoast SEO plugin v20.8 - https:\/\/yoast.com\/wordpress\/plugins\/seo\/ -->\n<title>Apr\u00e8s avoir \u00e9t\u00e9 arr\u00eat\u00e9e lors d&#039;un concert, Billie Eilish a remerci\u00e9 un fan qui a affront\u00e9 l&#039;agresseur - Actualit\u00e9s - Joke Me<\/title>\n<meta name=\"robots\" content=\"index, follow, max-snippet:-1, max-image-preview:large, max-video-preview:-1\" \/>\n<link rel=\"canonical\" href=\"https:\/\/www.jokeme.fr\/actus\/apres-avoir-ete-arretee-lors-dun-concert-billie-eilish-a-remercie-un-fan-qui-a-affronte-lagresseur\/\" \/>\n<meta property=\"og:locale\" content=\"fr_FR\" \/>\n<meta property=\"og:type\" content=\"article\" \/>\n<meta property=\"og:title\" content=\"Apr\u00e8s avoir \u00e9t\u00e9 arr\u00eat\u00e9e lors d&#039;un concert, Billie Eilish a remerci\u00e9 un fan qui a affront\u00e9 l&#039;agresseur - Actualit\u00e9s - Joke Me\" \/>\n<meta property=\"og:description\" content=\"Au cas o\u00f9 vous l&#039;auriez manqu\u00e9, Billie Eilish a v\u00e9cu un moment un peu effrayant la semaine derni\u00e8re. Lors d&#039;un concert \u00e0 Miami jeudi dernier, Eilish marchait pr\u00e8s d&#039;une barricade lorsqu&#039;un participant l&#039;a agressivement attrap\u00e9e et l&#039;a tir\u00e9e vers la foule. Finalement, la situation a \u00e9t\u00e9 rapidement r\u00e9solue et Eilish allait bien. Selon ABC News, ... Lire plus\" \/>\n<meta property=\"og:url\" content=\"https:\/\/www.jokeme.fr\/actus\/apres-avoir-ete-arretee-lors-dun-concert-billie-eilish-a-remercie-un-fan-qui-a-affronte-lagresseur\/\" \/>\n<meta property=\"og:site_name\" content=\"Actualit\u00e9s - Joke Me\" \/>\n<meta property=\"article:published_time\" content=\"2025-10-14T12:40:37+00:00\" \/>\n<meta property=\"article:modified_time\" content=\"2025-10-14T12:40:38+00:00\" \/>\n<meta property=\"og:image\" content=\"https:\/\/www.jokeme.fr\/actus\/wp-content\/uploads\/2025\/10\/Apres-avoir-ete-arretee-lors-d39un-concert-Billie-Eilish-a.jpeg\" \/>\n\t<meta property=\"og:image:width\" content=\"710\" \/>\n\t<meta property=\"og:image:height\" content=\"400\" \/>\n\t<meta property=\"og:image:type\" content=\"image\/jpeg\" \/>\n<meta name=\"author\" content=\"Didier\" \/>\n<meta name=\"twitter:card\" content=\"summary_large_image\" \/>\n<meta name=\"twitter:label1\" content=\"\u00c9crit par\" \/>\n\t<meta name=\"twitter:data1\" content=\"Didier\" \/>\n\t<meta name=\"twitter:label2\" content=\"Dur\u00e9e de lecture estim\u00e9e\" \/>\n\t<meta name=\"twitter:data2\" content=\"2 minutes\" \/>\n<script type=\"application\/ld+json\" class=\"yoast-schema-graph\">{\"@context\":\"https:\/\/schema.org\",\"@graph\":[{\"@type\":\"Article\",\"@id\":\"https:\/\/www.jokeme.fr\/actus\/apres-avoir-ete-arretee-lors-dun-concert-billie-eilish-a-remercie-un-fan-qui-a-affronte-lagresseur\/#article\",\"isPartOf\":{\"@id\":\"https:\/\/www.jokeme.fr\/actus\/apres-avoir-ete-arretee-lors-dun-concert-billie-eilish-a-remercie-un-fan-qui-a-affronte-lagresseur\/\"},\"author\":{\"name\":\"Didier\",\"@id\":\"https:\/\/www.jokeme.fr\/actus\/#\/schema\/person\/f0c6ad0d33ca144389e81e45a212928f\"},\"headline\":\"Apr\u00e8s avoir \u00e9t\u00e9 arr\u00eat\u00e9e lors d&#39;un concert, Billie Eilish a remerci\u00e9 un fan qui a affront\u00e9 l&#39;agresseur\",\"datePublished\":\"2025-10-14T12:40:37+00:00\",\"dateModified\":\"2025-10-14T12:40:38+00:00\",\"mainEntityOfPage\":{\"@id\":\"https:\/\/www.jokeme.fr\/actus\/apres-avoir-ete-arretee-lors-dun-concert-billie-eilish-a-remercie-un-fan-qui-a-affronte-lagresseur\/\"},\"wordCount\":328,\"publisher\":{\"@id\":\"https:\/\/www.jokeme.fr\/actus\/#organization\"},\"keywords\":[\"affronte\",\"apr\u00e8s\",\"arr\u00eat\u00e9e\",\"avoir\",\"Billie\",\"concert\",\"d39un\",\"Eilish\",\"\u00e9t\u00e9\",\"fan\",\"l39agresseur\",\"lors\",\"qui\",\"remerci\u00e9\"],\"inLanguage\":\"fr-FR\"},{\"@type\":\"WebPage\",\"@id\":\"https:\/\/www.jokeme.fr\/actus\/apres-avoir-ete-arretee-lors-dun-concert-billie-eilish-a-remercie-un-fan-qui-a-affronte-lagresseur\/\",\"url\":\"https:\/\/www.jokeme.fr\/actus\/apres-avoir-ete-arretee-lors-dun-concert-billie-eilish-a-remercie-un-fan-qui-a-affronte-lagresseur\/\",\"name\":\"Apr\u00e8s avoir \u00e9t\u00e9 arr\u00eat\u00e9e lors d&#39;un concert, Billie Eilish a remerci\u00e9 un fan qui a affront\u00e9 l&#39;agresseur - Actualit\u00e9s - Joke Me\",\"isPartOf\":{\"@id\":\"https:\/\/www.jokeme.fr\/actus\/#website\"},\"datePublished\":\"2025-10-14T12:40:37+00:00\",\"dateModified\":\"2025-10-14T12:40:38+00:00\",\"breadcrumb\":{\"@id\":\"https:\/\/www.jokeme.fr\/actus\/apres-avoir-ete-arretee-lors-dun-concert-billie-eilish-a-remercie-un-fan-qui-a-affronte-lagresseur\/#breadcrumb\"},\"inLanguage\":\"fr-FR\",\"potentialAction\":[{\"@type\":\"ReadAction\",\"target\":[\"https:\/\/www.jokeme.fr\/actus\/apres-avoir-ete-arretee-lors-dun-concert-billie-eilish-a-remercie-un-fan-qui-a-affronte-lagresseur\/\"]}]},{\"@type\":\"BreadcrumbList\",\"@id\":\"https:\/\/www.jokeme.fr\/actus\/apres-avoir-ete-arretee-lors-dun-concert-billie-eilish-a-remercie-un-fan-qui-a-affronte-lagresseur\/#breadcrumb\",\"itemListElement\":[{\"@type\":\"ListItem\",\"position\":1,\"name\":\"Accueil\",\"item\":\"https:\/\/www.jokeme.fr\/actus\/\"},{\"@type\":\"ListItem\",\"position\":2,\"name\":\"Apr\u00e8s avoir \u00e9t\u00e9 arr\u00eat\u00e9e lors d&#39;un concert, Billie Eilish a remerci\u00e9 un fan qui a affront\u00e9 l&#39;agresseur\"}]},{\"@type\":\"WebSite\",\"@id\":\"https:\/\/www.jokeme.fr\/actus\/#website\",\"url\":\"https:\/\/www.jokeme.fr\/actus\/\",\"name\":\"Actualit\u00e9s - Joke Me\",\"description\":\"L&#039;actualit\u00e9 du rire\",\"publisher\":{\"@id\":\"https:\/\/www.jokeme.fr\/actus\/#organization\"},\"potentialAction\":[{\"@type\":\"SearchAction\",\"target\":{\"@type\":\"EntryPoint\",\"urlTemplate\":\"https:\/\/www.jokeme.fr\/actus\/?s={search_term_string}\"},\"query-input\":\"required name=search_term_string\"}],\"inLanguage\":\"fr-FR\"},{\"@type\":\"Organization\",\"@id\":\"https:\/\/www.jokeme.fr\/actus\/#organization\",\"name\":\"Actualit\u00e9s - Joke Me\",\"url\":\"https:\/\/www.jokeme.fr\/actus\/\",\"logo\":{\"@type\":\"ImageObject\",\"inLanguage\":\"fr-FR\",\"@id\":\"https:\/\/www.jokeme.fr\/actus\/#\/schema\/logo\/image\/\",\"url\":\"https:\/\/www.jokeme.fr\/actus\/wp-content\/uploads\/2023\/06\/cropped-Logo-Joke-Me.png\",\"contentUrl\":\"https:\/\/www.jokeme.fr\/actus\/wp-content\/uploads\/2023\/06\/cropped-Logo-Joke-Me.png\",\"width\":499,\"height\":363,\"caption\":\"Actualit\u00e9s - Joke Me\"},\"image\":{\"@id\":\"https:\/\/www.jokeme.fr\/actus\/#\/schema\/logo\/image\/\"}},{\"@type\":\"Person\",\"@id\":\"https:\/\/www.jokeme.fr\/actus\/#\/schema\/person\/f0c6ad0d33ca144389e81e45a212928f\",\"name\":\"Didier\",\"image\":{\"@type\":\"ImageObject\",\"inLanguage\":\"fr-FR\",\"@id\":\"https:\/\/www.jokeme.fr\/actus\/#\/schema\/person\/image\/\",\"url\":\"https:\/\/www.jokeme.fr\/actus\/wp-content\/uploads\/2024\/03\/jokeme-didier.jpg\",\"contentUrl\":\"https:\/\/www.jokeme.fr\/actus\/wp-content\/uploads\/2024\/03\/jokeme-didier.jpg\",\"caption\":\"Didier\"},\"description\":\"Didier, passionn\u00e9 de cin\u00e9ma, est un r\u00e9dacteur pour le m\u00e9dia Jokeme, o\u00f9 il partage sa passion \u00e0 travers des articles divertissants et informatifs. Ayant \u00e9tudi\u00e9 le journalisme, il allie sa formation \u00e0 sa passion pour offrir un contenu de qualit\u00e9 sur le monde du cin\u00e9ma.\",\"sameAs\":[\"https:\/\/www.jokeme.fr\/actus\"]}]}<\/script>\n<!-- \/ Yoast SEO plugin. -->","yoast_head_json":{"title":"Apr\u00e8s avoir \u00e9t\u00e9 arr\u00eat\u00e9e lors d&#39;un concert, Billie Eilish a remerci\u00e9 un fan qui a affront\u00e9 l&#39;agresseur - Actualit\u00e9s - Joke Me","robots":{"index":"index","follow":"follow","max-snippet":"max-snippet:-1","max-image-preview":"max-image-preview:large","max-video-preview":"max-video-preview:-1"},"canonical":"https:\/\/www.jokeme.fr\/actus\/apres-avoir-ete-arretee-lors-dun-concert-billie-eilish-a-remercie-un-fan-qui-a-affronte-lagresseur\/","og_locale":"fr_FR","og_type":"article","og_title":"Apr\u00e8s avoir \u00e9t\u00e9 arr\u00eat\u00e9e lors d&#39;un concert, Billie Eilish a remerci\u00e9 un fan qui a affront\u00e9 l&#39;agresseur - Actualit\u00e9s - Joke Me","og_description":"Au cas o\u00f9 vous l&#39;auriez manqu\u00e9, Billie Eilish a v\u00e9cu un moment un peu effrayant la semaine derni\u00e8re. Lors d&#39;un concert \u00e0 Miami jeudi dernier, Eilish marchait pr\u00e8s d&#39;une barricade lorsqu&#39;un participant l&#39;a agressivement attrap\u00e9e et l&#39;a tir\u00e9e vers la foule. Finalement, la situation a \u00e9t\u00e9 rapidement r\u00e9solue et Eilish allait bien. Selon ABC News, ... Lire plus","og_url":"https:\/\/www.jokeme.fr\/actus\/apres-avoir-ete-arretee-lors-dun-concert-billie-eilish-a-remercie-un-fan-qui-a-affronte-lagresseur\/","og_site_name":"Actualit\u00e9s - Joke Me","article_published_time":"2025-10-14T12:40:37+00:00","article_modified_time":"2025-10-14T12:40:38+00:00","og_image":[{"width":710,"height":400,"url":"https:\/\/www.jokeme.fr\/actus\/wp-content\/uploads\/2025\/10\/Apres-avoir-ete-arretee-lors-d39un-concert-Billie-Eilish-a.jpeg","type":"image\/jpeg"}],"author":"Didier","twitter_card":"summary_large_image","twitter_misc":{"\u00c9crit par":"Didier","Dur\u00e9e de lecture estim\u00e9e":"2 minutes"},"schema":{"@context":"https:\/\/schema.org","@graph":[{"@type":"Article","@id":"https:\/\/www.jokeme.fr\/actus\/apres-avoir-ete-arretee-lors-dun-concert-billie-eilish-a-remercie-un-fan-qui-a-affronte-lagresseur\/#article","isPartOf":{"@id":"https:\/\/www.jokeme.fr\/actus\/apres-avoir-ete-arretee-lors-dun-concert-billie-eilish-a-remercie-un-fan-qui-a-affronte-lagresseur\/"},"author":{"name":"Didier","@id":"https:\/\/www.jokeme.fr\/actus\/#\/schema\/person\/f0c6ad0d33ca144389e81e45a212928f"},"headline":"Apr\u00e8s avoir \u00e9t\u00e9 arr\u00eat\u00e9e lors d&#39;un concert, Billie Eilish a remerci\u00e9 un fan qui a affront\u00e9 l&#39;agresseur","datePublished":"2025-10-14T12:40:37+00:00","dateModified":"2025-10-14T12:40:38+00:00","mainEntityOfPage":{"@id":"https:\/\/www.jokeme.fr\/actus\/apres-avoir-ete-arretee-lors-dun-concert-billie-eilish-a-remercie-un-fan-qui-a-affronte-lagresseur\/"},"wordCount":328,"publisher":{"@id":"https:\/\/www.jokeme.fr\/actus\/#organization"},"keywords":["affronte","apr\u00e8s","arr\u00eat\u00e9e","avoir","Billie","concert","d39un","Eilish","\u00e9t\u00e9","fan","l39agresseur","lors","qui","remerci\u00e9"],"inLanguage":"fr-FR"},{"@type":"WebPage","@id":"https:\/\/www.jokeme.fr\/actus\/apres-avoir-ete-arretee-lors-dun-concert-billie-eilish-a-remercie-un-fan-qui-a-affronte-lagresseur\/","url":"https:\/\/www.jokeme.fr\/actus\/apres-avoir-ete-arretee-lors-dun-concert-billie-eilish-a-remercie-un-fan-qui-a-affronte-lagresseur\/","name":"Apr\u00e8s avoir \u00e9t\u00e9 arr\u00eat\u00e9e lors d&#39;un concert, Billie Eilish a remerci\u00e9 un fan qui a affront\u00e9 l&#39;agresseur - Actualit\u00e9s - Joke Me","isPartOf":{"@id":"https:\/\/www.jokeme.fr\/actus\/#website"},"datePublished":"2025-10-14T12:40:37+00:00","dateModified":"2025-10-14T12:40:38+00:00","breadcrumb":{"@id":"https:\/\/www.jokeme.fr\/actus\/apres-avoir-ete-arretee-lors-dun-concert-billie-eilish-a-remercie-un-fan-qui-a-affronte-lagresseur\/#breadcrumb"},"inLanguage":"fr-FR","potentialAction":[{"@type":"ReadAction","target":["https:\/\/www.jokeme.fr\/actus\/apres-avoir-ete-arretee-lors-dun-concert-billie-eilish-a-remercie-un-fan-qui-a-affronte-lagresseur\/"]}]},{"@type":"BreadcrumbList","@id":"https:\/\/www.jokeme.fr\/actus\/apres-avoir-ete-arretee-lors-dun-concert-billie-eilish-a-remercie-un-fan-qui-a-affronte-lagresseur\/#breadcrumb","itemListElement":[{"@type":"ListItem","position":1,"name":"Accueil","item":"https:\/\/www.jokeme.fr\/actus\/"},{"@type":"ListItem","position":2,"name":"Apr\u00e8s avoir \u00e9t\u00e9 arr\u00eat\u00e9e lors d&#39;un concert, Billie Eilish a remerci\u00e9 un fan qui a affront\u00e9 l&#39;agresseur"}]},{"@type":"WebSite","@id":"https:\/\/www.jokeme.fr\/actus\/#website","url":"https:\/\/www.jokeme.fr\/actus\/","name":"Actualit\u00e9s - Joke Me","description":"L&#039;actualit\u00e9 du rire","publisher":{"@id":"https:\/\/www.jokeme.fr\/actus\/#organization"},"potentialAction":[{"@type":"SearchAction","target":{"@type":"EntryPoint","urlTemplate":"https:\/\/www.jokeme.fr\/actus\/?s={search_term_string}"},"query-input":"required name=search_term_string"}],"inLanguage":"fr-FR"},{"@type":"Organization","@id":"https:\/\/www.jokeme.fr\/actus\/#organization","name":"Actualit\u00e9s - Joke Me","url":"https:\/\/www.jokeme.fr\/actus\/","logo":{"@type":"ImageObject","inLanguage":"fr-FR","@id":"https:\/\/www.jokeme.fr\/actus\/#\/schema\/logo\/image\/","url":"https:\/\/www.jokeme.fr\/actus\/wp-content\/uploads\/2023\/06\/cropped-Logo-Joke-Me.png","contentUrl":"https:\/\/www.jokeme.fr\/actus\/wp-content\/uploads\/2023\/06\/cropped-Logo-Joke-Me.png","width":499,"height":363,"caption":"Actualit\u00e9s - Joke Me"},"image":{"@id":"https:\/\/www.jokeme.fr\/actus\/#\/schema\/logo\/image\/"}},{"@type":"Person","@id":"https:\/\/www.jokeme.fr\/actus\/#\/schema\/person\/f0c6ad0d33ca144389e81e45a212928f","name":"Didier","image":{"@type":"ImageObject","inLanguage":"fr-FR","@id":"https:\/\/www.jokeme.fr\/actus\/#\/schema\/person\/image\/","url":"https:\/\/www.jokeme.fr\/actus\/wp-content\/uploads\/2024\/03\/jokeme-didier.jpg","contentUrl":"https:\/\/www.jokeme.fr\/actus\/wp-content\/uploads\/2024\/03\/jokeme-didier.jpg","caption":"Didier"},"description":"Didier, passionn\u00e9 de cin\u00e9ma, est un r\u00e9dacteur pour le m\u00e9dia Jokeme, o\u00f9 il partage sa passion \u00e0 travers des articles divertissants et informatifs. Ayant \u00e9tudi\u00e9 le journalisme, il allie sa formation \u00e0 sa passion pour offrir un contenu de qualit\u00e9 sur le monde du cin\u00e9ma.","sameAs":["https:\/\/www.jokeme.fr\/actus"]}]}},"_links":{"self":[{"href":"https:\/\/www.jokeme.fr\/actus\/wp-json\/wp\/v2\/posts\/22935"}],"collection":[{"href":"https:\/\/www.jokeme.fr\/actus\/wp-json\/wp\/v2\/posts"}],"about":[{"href":"https:\/\/www.jokeme.fr\/actus\/wp-json\/wp\/v2\/types\/post"}],"author":[{"embeddable":true,"href":"https:\/\/www.jokeme.fr\/actus\/wp-json\/wp\/v2\/users\/1"}],"replies":[{"embeddable":true,"href":"https:\/\/www.jokeme.fr\/actus\/wp-json\/wp\/v2\/comments?post=22935"}],"version-history":[{"count":1,"href":"https:\/\/www.jokeme.fr\/actus\/wp-json\/wp\/v2\/posts\/22935\/revisions"}],"predecessor-version":[{"id":22937,"href":"https:\/\/www.jokeme.fr\/actus\/wp-json\/wp\/v2\/posts\/22935\/revisions\/22937"}],"wp:featuredmedia":[{"embeddable":true,"href":"https:\/\/www.jokeme.fr\/actus\/wp-json\/wp\/v2\/media\/22936"}],"wp:attachment":[{"href":"https:\/\/www.jokeme.fr\/actus\/wp-json\/wp\/v2\/media?parent=22935"}],"wp:term":[{"taxonomy":"category","embeddable":true,"href":"https:\/\/www.jokeme.fr\/actus\/wp-json\/wp\/v2\/categories?post=22935"},{"taxonomy":"post_tag","embeddable":true,"href":"https:\/\/www.jokeme.fr\/actus\/wp-json\/wp\/v2\/tags?post=22935"}],"curies":[{"name":"wp","href":"https:\/\/api.w.org\/{rel}","templated":true}]}}