{"id":23015,"date":"2025-10-16T22:40:42","date_gmt":"2025-10-16T20:40:42","guid":{"rendered":"https:\/\/www.jokeme.fr\/actus\/geese-magdalena-bay-le-pere-john-misty-et-bien-dautres-sont-en-tete-de-la-programmation-2025-du-treefort-music-festival\/"},"modified":"2025-10-16T22:40:42","modified_gmt":"2025-10-16T20:40:42","slug":"geese-magdalena-bay-le-pere-john-misty-et-bien-dautres-sont-en-tete-de-la-programmation-2025-du-treefort-music-festival","status":"publish","type":"post","link":"https:\/\/www.jokeme.fr\/actus\/geese-magdalena-bay-le-pere-john-misty-et-bien-dautres-sont-en-tete-de-la-programmation-2025-du-treefort-music-festival\/","title":{"rendered":"Geese, Magdalena Bay, le p\u00e8re John Misty et bien d&#39;autres sont en t\u00eate de la programmation 2025 du Treefort Music Festival"},"content":{"rendered":"<div class=\"entry-content\">\n<div id=\"upx-cnx-player-wrap\"><\/div>\n<div class=\"post-page\" data-page=\"1\">\n<p>Le Treefort Music Festival am\u00e8ne r\u00e9guli\u00e8rement une grande programmation de talents ind\u00e9pendants dans le nord-ouest du Pacifique. Les fans peuvent commencer \u00e0 se pr\u00e9parer pour l&#39;ann\u00e9e prochaine d\u00e8s maintenant, puisqu&#39;aujourd&#39;hui (16 octobre), les organisateurs du festival ont annonc\u00e9 la premi\u00e8re vague d&#39;artistes pour la programmation 2026.<\/p>\n<p>Il est dirig\u00e9 par les t\u00eates d&#39;affiche Flipturn, Magdalena Bay, Geese, Father John Misty et Amber Mark. La programmation comprend \u00e9galement St. Paul &#038; The Broken Bones, Hemlocke Springs, Evan Honer, Inji, Blondshell, Samia, Nimino, Machine Girl, Cobrah, Maddie Zahm, Son Little, The Wonder Years, Yellow Days, Citizen, Billie Marten, Hannah Cohen, Kishi Bashi, Knuckle Puck, Momma, Rehash, The Belair Lip Bombs, The Nude Party, Porches, Anamanaguchi, Brijean, Chanpan, Hellogoodbye, Kaleena Zanders, Tokyo Tea Room, The Early November, et plus encore.<\/p>\n<p>Pendant ce temps, Joe Pera et Hannibal Buress seront les t\u00eates d&#39;affiche du Comedyfort.<\/p>\n<p>Le festival se d\u00e9roulera au centre-ville de Boise, dans l&#39;Idaho, du 25 au 29 mars. Les billets sont en vente d\u00e8s maintenant et seront disponibles \u00e0 des tarifs \u00e9chelonn\u00e9s. Le niveau 1 est actuellement actif, mais il passera au niveau 2 le 1er janvier 2026 et au niveau 3 le 1er mars 2026. Il existe \u00e9galement des prix r\u00e9duits pour les fans de moins de 21 ans, ainsi que pour les \u00e9tudiants. Plus d\u2019informations sont disponibles sur le site Internet du festival.<\/p>\n<p>Consultez l\u2019affiche compl\u00e8te de la programmation ci-dessous.<\/p>\n<\/p><\/div>\n<div class=\"htlad-incontent upx-ad-lazy incontent\" data-ad-unit=\"incontent\" data-ad-provider=\"htlbid\" data-unit=\"\/23101112908\/uproxx\/music\/indie\/article\/incontent\" data-targeting='{\"position\":\"incontent\"}'><\/div>\n<div class=\"post-page\" data-page=\"2\">\n<h2>Programmation du Treefort Music Fest 2025 Poster<\/h2>\n<figure id=\"attachment_404285087\" class=\"wp-caption alignnone\"><\/figure>\n<\/p><\/div>\n<\/p><\/div>\n","protected":false},"excerpt":{"rendered":"<p>Le Treefort Music Festival am\u00e8ne r\u00e9guli\u00e8rement une grande programmation de talents ind\u00e9pendants dans le nord-ouest du Pacifique. Les fans peuvent commencer \u00e0 se pr\u00e9parer pour l&#39;ann\u00e9e prochaine d\u00e8s maintenant, puisqu&#39;aujourd&#39;hui (16 octobre), les organisateurs du festival ont annonc\u00e9 la premi\u00e8re vague d&#39;artistes pour la programmation 2026. Il est dirig\u00e9 par les t\u00eates d&#39;affiche Flipturn, Magdalena &#8230; <a title=\"Geese, Magdalena Bay, le p\u00e8re John Misty et bien d&#039;autres sont en t\u00eate de la programmation 2025 du Treefort Music Festival\" class=\"read-more\" href=\"https:\/\/www.jokeme.fr\/actus\/geese-magdalena-bay-le-pere-john-misty-et-bien-dautres-sont-en-tete-de-la-programmation-2025-du-treefort-music-festival\/\" aria-label=\"Plus sur Geese, Magdalena Bay, le p\u00e8re John Misty et bien d&#039;autres sont en t\u00eate de la programmation 2025 du Treefort Music Festival\">Lire plus<\/a><\/p>\n","protected":false},"author":1,"featured_media":20837,"comment_status":"closed","ping_status":"open","sticky":false,"template":"","format":"standard","meta":{"footnotes":""},"categories":[1],"tags":[12047,246,6244,825,16002,4205,12046,10359,3627,2287,3446,126,113,16201],"yoast_head":"<!-- This site is optimized with the Yoast SEO plugin v20.8 - https:\/\/yoast.com\/wordpress\/plugins\/seo\/ -->\n<title>Geese, Magdalena Bay, le p\u00e8re John Misty et bien d&#039;autres sont en t\u00eate de la programmation 2025 du Treefort Music Festival - Actualit\u00e9s - Joke Me<\/title>\n<meta name=\"robots\" content=\"index, follow, max-snippet:-1, max-image-preview:large, max-video-preview:-1\" \/>\n<link rel=\"canonical\" href=\"https:\/\/www.jokeme.fr\/actus\/geese-magdalena-bay-le-pere-john-misty-et-bien-dautres-sont-en-tete-de-la-programmation-2025-du-treefort-music-festival\/\" \/>\n<meta property=\"og:locale\" content=\"fr_FR\" \/>\n<meta property=\"og:type\" content=\"article\" \/>\n<meta property=\"og:title\" content=\"Geese, Magdalena Bay, le p\u00e8re John Misty et bien d&#039;autres sont en t\u00eate de la programmation 2025 du Treefort Music Festival - Actualit\u00e9s - Joke Me\" \/>\n<meta property=\"og:description\" content=\"Le Treefort Music Festival am\u00e8ne r\u00e9guli\u00e8rement une grande programmation de talents ind\u00e9pendants dans le nord-ouest du Pacifique. Les fans peuvent commencer \u00e0 se pr\u00e9parer pour l&#039;ann\u00e9e prochaine d\u00e8s maintenant, puisqu&#039;aujourd&#039;hui (16 octobre), les organisateurs du festival ont annonc\u00e9 la premi\u00e8re vague d&#039;artistes pour la programmation 2026. Il est dirig\u00e9 par les t\u00eates d&#039;affiche Flipturn, Magdalena ... Lire plus\" \/>\n<meta property=\"og:url\" content=\"https:\/\/www.jokeme.fr\/actus\/geese-magdalena-bay-le-pere-john-misty-et-bien-dautres-sont-en-tete-de-la-programmation-2025-du-treefort-music-festival\/\" \/>\n<meta property=\"og:site_name\" content=\"Actualit\u00e9s - Joke Me\" \/>\n<meta property=\"article:published_time\" content=\"2025-10-16T20:40:42+00:00\" \/>\n<meta property=\"og:image\" content=\"https:\/\/www.jokeme.fr\/actus\/wp-content\/uploads\/2025\/07\/1752036048_Les-oies-annoncent-Getting-Killed-3939-leur-troisieme-album.jpeg\" \/>\n\t<meta property=\"og:image:width\" content=\"710\" \/>\n\t<meta property=\"og:image:height\" content=\"400\" \/>\n\t<meta property=\"og:image:type\" content=\"image\/jpeg\" \/>\n<meta name=\"author\" content=\"Didier\" \/>\n<meta name=\"twitter:card\" content=\"summary_large_image\" \/>\n<meta name=\"twitter:label1\" content=\"\u00c9crit par\" \/>\n\t<meta name=\"twitter:data1\" content=\"Didier\" \/>\n\t<meta name=\"twitter:label2\" content=\"Dur\u00e9e de lecture estim\u00e9e\" \/>\n\t<meta name=\"twitter:data2\" content=\"1 minute\" \/>\n<script type=\"application\/ld+json\" class=\"yoast-schema-graph\">{\"@context\":\"https:\/\/schema.org\",\"@graph\":[{\"@type\":\"Article\",\"@id\":\"https:\/\/www.jokeme.fr\/actus\/geese-magdalena-bay-le-pere-john-misty-et-bien-dautres-sont-en-tete-de-la-programmation-2025-du-treefort-music-festival\/#article\",\"isPartOf\":{\"@id\":\"https:\/\/www.jokeme.fr\/actus\/geese-magdalena-bay-le-pere-john-misty-et-bien-dautres-sont-en-tete-de-la-programmation-2025-du-treefort-music-festival\/\"},\"author\":{\"name\":\"Didier\",\"@id\":\"https:\/\/www.jokeme.fr\/actus\/#\/schema\/person\/f0c6ad0d33ca144389e81e45a212928f\"},\"headline\":\"Geese, Magdalena Bay, le p\u00e8re John Misty et bien d&#39;autres sont en t\u00eate de la programmation 2025 du Treefort Music Festival\",\"datePublished\":\"2025-10-16T20:40:42+00:00\",\"dateModified\":\"2025-10-16T20:40:42+00:00\",\"mainEntityOfPage\":{\"@id\":\"https:\/\/www.jokeme.fr\/actus\/geese-magdalena-bay-le-pere-john-misty-et-bien-dautres-sont-en-tete-de-la-programmation-2025-du-treefort-music-festival\/\"},\"wordCount\":270,\"publisher\":{\"@id\":\"https:\/\/www.jokeme.fr\/actus\/#organization\"},\"keywords\":[\"Bay\",\"bien\",\"d39autres\",\"Festival\",\"Geese\",\"John\",\"Magdalena\",\"Misty\",\"Music\",\"p\u00e8re\",\"programmation\",\"sont\",\"t\u00eate\",\"Treefort\"],\"inLanguage\":\"fr-FR\"},{\"@type\":\"WebPage\",\"@id\":\"https:\/\/www.jokeme.fr\/actus\/geese-magdalena-bay-le-pere-john-misty-et-bien-dautres-sont-en-tete-de-la-programmation-2025-du-treefort-music-festival\/\",\"url\":\"https:\/\/www.jokeme.fr\/actus\/geese-magdalena-bay-le-pere-john-misty-et-bien-dautres-sont-en-tete-de-la-programmation-2025-du-treefort-music-festival\/\",\"name\":\"Geese, Magdalena Bay, le p\u00e8re John Misty et bien d&#39;autres sont en t\u00eate de la programmation 2025 du Treefort Music Festival - Actualit\u00e9s - Joke Me\",\"isPartOf\":{\"@id\":\"https:\/\/www.jokeme.fr\/actus\/#website\"},\"datePublished\":\"2025-10-16T20:40:42+00:00\",\"dateModified\":\"2025-10-16T20:40:42+00:00\",\"breadcrumb\":{\"@id\":\"https:\/\/www.jokeme.fr\/actus\/geese-magdalena-bay-le-pere-john-misty-et-bien-dautres-sont-en-tete-de-la-programmation-2025-du-treefort-music-festival\/#breadcrumb\"},\"inLanguage\":\"fr-FR\",\"potentialAction\":[{\"@type\":\"ReadAction\",\"target\":[\"https:\/\/www.jokeme.fr\/actus\/geese-magdalena-bay-le-pere-john-misty-et-bien-dautres-sont-en-tete-de-la-programmation-2025-du-treefort-music-festival\/\"]}]},{\"@type\":\"BreadcrumbList\",\"@id\":\"https:\/\/www.jokeme.fr\/actus\/geese-magdalena-bay-le-pere-john-misty-et-bien-dautres-sont-en-tete-de-la-programmation-2025-du-treefort-music-festival\/#breadcrumb\",\"itemListElement\":[{\"@type\":\"ListItem\",\"position\":1,\"name\":\"Accueil\",\"item\":\"https:\/\/www.jokeme.fr\/actus\/\"},{\"@type\":\"ListItem\",\"position\":2,\"name\":\"Geese, Magdalena Bay, le p\u00e8re John Misty et bien d&#39;autres sont en t\u00eate de la programmation 2025 du Treefort Music Festival\"}]},{\"@type\":\"WebSite\",\"@id\":\"https:\/\/www.jokeme.fr\/actus\/#website\",\"url\":\"https:\/\/www.jokeme.fr\/actus\/\",\"name\":\"Actualit\u00e9s - Joke Me\",\"description\":\"L&#039;actualit\u00e9 du rire\",\"publisher\":{\"@id\":\"https:\/\/www.jokeme.fr\/actus\/#organization\"},\"potentialAction\":[{\"@type\":\"SearchAction\",\"target\":{\"@type\":\"EntryPoint\",\"urlTemplate\":\"https:\/\/www.jokeme.fr\/actus\/?s={search_term_string}\"},\"query-input\":\"required name=search_term_string\"}],\"inLanguage\":\"fr-FR\"},{\"@type\":\"Organization\",\"@id\":\"https:\/\/www.jokeme.fr\/actus\/#organization\",\"name\":\"Actualit\u00e9s - Joke Me\",\"url\":\"https:\/\/www.jokeme.fr\/actus\/\",\"logo\":{\"@type\":\"ImageObject\",\"inLanguage\":\"fr-FR\",\"@id\":\"https:\/\/www.jokeme.fr\/actus\/#\/schema\/logo\/image\/\",\"url\":\"https:\/\/www.jokeme.fr\/actus\/wp-content\/uploads\/2023\/06\/cropped-Logo-Joke-Me.png\",\"contentUrl\":\"https:\/\/www.jokeme.fr\/actus\/wp-content\/uploads\/2023\/06\/cropped-Logo-Joke-Me.png\",\"width\":499,\"height\":363,\"caption\":\"Actualit\u00e9s - Joke Me\"},\"image\":{\"@id\":\"https:\/\/www.jokeme.fr\/actus\/#\/schema\/logo\/image\/\"}},{\"@type\":\"Person\",\"@id\":\"https:\/\/www.jokeme.fr\/actus\/#\/schema\/person\/f0c6ad0d33ca144389e81e45a212928f\",\"name\":\"Didier\",\"image\":{\"@type\":\"ImageObject\",\"inLanguage\":\"fr-FR\",\"@id\":\"https:\/\/www.jokeme.fr\/actus\/#\/schema\/person\/image\/\",\"url\":\"https:\/\/www.jokeme.fr\/actus\/wp-content\/uploads\/2024\/03\/jokeme-didier.jpg\",\"contentUrl\":\"https:\/\/www.jokeme.fr\/actus\/wp-content\/uploads\/2024\/03\/jokeme-didier.jpg\",\"caption\":\"Didier\"},\"description\":\"Didier, passionn\u00e9 de cin\u00e9ma, est un r\u00e9dacteur pour le m\u00e9dia Jokeme, o\u00f9 il partage sa passion \u00e0 travers des articles divertissants et informatifs. Ayant \u00e9tudi\u00e9 le journalisme, il allie sa formation \u00e0 sa passion pour offrir un contenu de qualit\u00e9 sur le monde du cin\u00e9ma.\",\"sameAs\":[\"https:\/\/www.jokeme.fr\/actus\"]}]}<\/script>\n<!-- \/ Yoast SEO plugin. -->","yoast_head_json":{"title":"Geese, Magdalena Bay, le p\u00e8re John Misty et bien d&#39;autres sont en t\u00eate de la programmation 2025 du Treefort Music Festival - Actualit\u00e9s - Joke Me","robots":{"index":"index","follow":"follow","max-snippet":"max-snippet:-1","max-image-preview":"max-image-preview:large","max-video-preview":"max-video-preview:-1"},"canonical":"https:\/\/www.jokeme.fr\/actus\/geese-magdalena-bay-le-pere-john-misty-et-bien-dautres-sont-en-tete-de-la-programmation-2025-du-treefort-music-festival\/","og_locale":"fr_FR","og_type":"article","og_title":"Geese, Magdalena Bay, le p\u00e8re John Misty et bien d&#39;autres sont en t\u00eate de la programmation 2025 du Treefort Music Festival - Actualit\u00e9s - Joke Me","og_description":"Le Treefort Music Festival am\u00e8ne r\u00e9guli\u00e8rement une grande programmation de talents ind\u00e9pendants dans le nord-ouest du Pacifique. Les fans peuvent commencer \u00e0 se pr\u00e9parer pour l&#39;ann\u00e9e prochaine d\u00e8s maintenant, puisqu&#39;aujourd&#39;hui (16 octobre), les organisateurs du festival ont annonc\u00e9 la premi\u00e8re vague d&#39;artistes pour la programmation 2026. Il est dirig\u00e9 par les t\u00eates d&#39;affiche Flipturn, Magdalena ... Lire plus","og_url":"https:\/\/www.jokeme.fr\/actus\/geese-magdalena-bay-le-pere-john-misty-et-bien-dautres-sont-en-tete-de-la-programmation-2025-du-treefort-music-festival\/","og_site_name":"Actualit\u00e9s - Joke Me","article_published_time":"2025-10-16T20:40:42+00:00","og_image":[{"width":710,"height":400,"url":"https:\/\/www.jokeme.fr\/actus\/wp-content\/uploads\/2025\/07\/1752036048_Les-oies-annoncent-Getting-Killed-3939-leur-troisieme-album.jpeg","type":"image\/jpeg"}],"author":"Didier","twitter_card":"summary_large_image","twitter_misc":{"\u00c9crit par":"Didier","Dur\u00e9e de lecture estim\u00e9e":"1 minute"},"schema":{"@context":"https:\/\/schema.org","@graph":[{"@type":"Article","@id":"https:\/\/www.jokeme.fr\/actus\/geese-magdalena-bay-le-pere-john-misty-et-bien-dautres-sont-en-tete-de-la-programmation-2025-du-treefort-music-festival\/#article","isPartOf":{"@id":"https:\/\/www.jokeme.fr\/actus\/geese-magdalena-bay-le-pere-john-misty-et-bien-dautres-sont-en-tete-de-la-programmation-2025-du-treefort-music-festival\/"},"author":{"name":"Didier","@id":"https:\/\/www.jokeme.fr\/actus\/#\/schema\/person\/f0c6ad0d33ca144389e81e45a212928f"},"headline":"Geese, Magdalena Bay, le p\u00e8re John Misty et bien d&#39;autres sont en t\u00eate de la programmation 2025 du Treefort Music Festival","datePublished":"2025-10-16T20:40:42+00:00","dateModified":"2025-10-16T20:40:42+00:00","mainEntityOfPage":{"@id":"https:\/\/www.jokeme.fr\/actus\/geese-magdalena-bay-le-pere-john-misty-et-bien-dautres-sont-en-tete-de-la-programmation-2025-du-treefort-music-festival\/"},"wordCount":270,"publisher":{"@id":"https:\/\/www.jokeme.fr\/actus\/#organization"},"keywords":["Bay","bien","d39autres","Festival","Geese","John","Magdalena","Misty","Music","p\u00e8re","programmation","sont","t\u00eate","Treefort"],"inLanguage":"fr-FR"},{"@type":"WebPage","@id":"https:\/\/www.jokeme.fr\/actus\/geese-magdalena-bay-le-pere-john-misty-et-bien-dautres-sont-en-tete-de-la-programmation-2025-du-treefort-music-festival\/","url":"https:\/\/www.jokeme.fr\/actus\/geese-magdalena-bay-le-pere-john-misty-et-bien-dautres-sont-en-tete-de-la-programmation-2025-du-treefort-music-festival\/","name":"Geese, Magdalena Bay, le p\u00e8re John Misty et bien d&#39;autres sont en t\u00eate de la programmation 2025 du Treefort Music Festival - Actualit\u00e9s - Joke Me","isPartOf":{"@id":"https:\/\/www.jokeme.fr\/actus\/#website"},"datePublished":"2025-10-16T20:40:42+00:00","dateModified":"2025-10-16T20:40:42+00:00","breadcrumb":{"@id":"https:\/\/www.jokeme.fr\/actus\/geese-magdalena-bay-le-pere-john-misty-et-bien-dautres-sont-en-tete-de-la-programmation-2025-du-treefort-music-festival\/#breadcrumb"},"inLanguage":"fr-FR","potentialAction":[{"@type":"ReadAction","target":["https:\/\/www.jokeme.fr\/actus\/geese-magdalena-bay-le-pere-john-misty-et-bien-dautres-sont-en-tete-de-la-programmation-2025-du-treefort-music-festival\/"]}]},{"@type":"BreadcrumbList","@id":"https:\/\/www.jokeme.fr\/actus\/geese-magdalena-bay-le-pere-john-misty-et-bien-dautres-sont-en-tete-de-la-programmation-2025-du-treefort-music-festival\/#breadcrumb","itemListElement":[{"@type":"ListItem","position":1,"name":"Accueil","item":"https:\/\/www.jokeme.fr\/actus\/"},{"@type":"ListItem","position":2,"name":"Geese, Magdalena Bay, le p\u00e8re John Misty et bien d&#39;autres sont en t\u00eate de la programmation 2025 du Treefort Music Festival"}]},{"@type":"WebSite","@id":"https:\/\/www.jokeme.fr\/actus\/#website","url":"https:\/\/www.jokeme.fr\/actus\/","name":"Actualit\u00e9s - Joke Me","description":"L&#039;actualit\u00e9 du rire","publisher":{"@id":"https:\/\/www.jokeme.fr\/actus\/#organization"},"potentialAction":[{"@type":"SearchAction","target":{"@type":"EntryPoint","urlTemplate":"https:\/\/www.jokeme.fr\/actus\/?s={search_term_string}"},"query-input":"required name=search_term_string"}],"inLanguage":"fr-FR"},{"@type":"Organization","@id":"https:\/\/www.jokeme.fr\/actus\/#organization","name":"Actualit\u00e9s - Joke Me","url":"https:\/\/www.jokeme.fr\/actus\/","logo":{"@type":"ImageObject","inLanguage":"fr-FR","@id":"https:\/\/www.jokeme.fr\/actus\/#\/schema\/logo\/image\/","url":"https:\/\/www.jokeme.fr\/actus\/wp-content\/uploads\/2023\/06\/cropped-Logo-Joke-Me.png","contentUrl":"https:\/\/www.jokeme.fr\/actus\/wp-content\/uploads\/2023\/06\/cropped-Logo-Joke-Me.png","width":499,"height":363,"caption":"Actualit\u00e9s - Joke Me"},"image":{"@id":"https:\/\/www.jokeme.fr\/actus\/#\/schema\/logo\/image\/"}},{"@type":"Person","@id":"https:\/\/www.jokeme.fr\/actus\/#\/schema\/person\/f0c6ad0d33ca144389e81e45a212928f","name":"Didier","image":{"@type":"ImageObject","inLanguage":"fr-FR","@id":"https:\/\/www.jokeme.fr\/actus\/#\/schema\/person\/image\/","url":"https:\/\/www.jokeme.fr\/actus\/wp-content\/uploads\/2024\/03\/jokeme-didier.jpg","contentUrl":"https:\/\/www.jokeme.fr\/actus\/wp-content\/uploads\/2024\/03\/jokeme-didier.jpg","caption":"Didier"},"description":"Didier, passionn\u00e9 de cin\u00e9ma, est un r\u00e9dacteur pour le m\u00e9dia Jokeme, o\u00f9 il partage sa passion \u00e0 travers des articles divertissants et informatifs. Ayant \u00e9tudi\u00e9 le journalisme, il allie sa formation \u00e0 sa passion pour offrir un contenu de qualit\u00e9 sur le monde du cin\u00e9ma.","sameAs":["https:\/\/www.jokeme.fr\/actus"]}]}},"_links":{"self":[{"href":"https:\/\/www.jokeme.fr\/actus\/wp-json\/wp\/v2\/posts\/23015"}],"collection":[{"href":"https:\/\/www.jokeme.fr\/actus\/wp-json\/wp\/v2\/posts"}],"about":[{"href":"https:\/\/www.jokeme.fr\/actus\/wp-json\/wp\/v2\/types\/post"}],"author":[{"embeddable":true,"href":"https:\/\/www.jokeme.fr\/actus\/wp-json\/wp\/v2\/users\/1"}],"replies":[{"embeddable":true,"href":"https:\/\/www.jokeme.fr\/actus\/wp-json\/wp\/v2\/comments?post=23015"}],"version-history":[{"count":1,"href":"https:\/\/www.jokeme.fr\/actus\/wp-json\/wp\/v2\/posts\/23015\/revisions"}],"predecessor-version":[{"id":23016,"href":"https:\/\/www.jokeme.fr\/actus\/wp-json\/wp\/v2\/posts\/23015\/revisions\/23016"}],"wp:featuredmedia":[{"embeddable":true,"href":"https:\/\/www.jokeme.fr\/actus\/wp-json\/wp\/v2\/media\/20837"}],"wp:attachment":[{"href":"https:\/\/www.jokeme.fr\/actus\/wp-json\/wp\/v2\/media?parent=23015"}],"wp:term":[{"taxonomy":"category","embeddable":true,"href":"https:\/\/www.jokeme.fr\/actus\/wp-json\/wp\/v2\/categories?post=23015"},{"taxonomy":"post_tag","embeddable":true,"href":"https:\/\/www.jokeme.fr\/actus\/wp-json\/wp\/v2\/tags?post=23015"}],"curies":[{"name":"wp","href":"https:\/\/api.w.org\/{rel}","templated":true}]}}