{"id":24795,"date":"2026-04-06T22:41:40","date_gmt":"2026-04-06T20:41:40","guid":{"rendered":"https:\/\/www.jokeme.fr\/actus\/la-jeune-miko-suivra-son-enorme-2025-avec-la-tournee-de-depart-tardif-cet-automne\/"},"modified":"2026-04-06T22:41:41","modified_gmt":"2026-04-06T20:41:41","slug":"la-jeune-miko-suivra-son-enorme-2025-avec-la-tournee-de-depart-tardif-cet-automne","status":"publish","type":"post","link":"https:\/\/www.jokeme.fr\/actus\/la-jeune-miko-suivra-son-enorme-2025-avec-la-tournee-de-depart-tardif-cet-automne\/","title":{"rendered":"La jeune Miko suivra son \u00e9norme 2025 avec la \u00ab\u00a0tourn\u00e9e de d\u00e9part tardif\u00a0\u00bb cet automne"},"content":{"rendered":"<div class=\"entry-content\">\n<div id=\"upx-cnx-player-wrap\"><\/div>\n<div class=\"post-page\" data-page=\"1\">\n<p>La jeune Miko vient de sortir d\u2019une grande ann\u00e9e 2025 qui l\u2019a vue suivre son premier album <em>Att.<\/em> avec son dernier LP, <em>Ne pas d\u00e9ranger<\/em>. D&#39;ailleurs, elle a \u00e9galement fait la premi\u00e8re partie de la tourn\u00e9e de Billie Eilish. Maintenant, Miko va faire sa propre tourn\u00e9e, puisqu&#39;aujourd&#39;hui (6 avril), elle a annonc\u00e9 le <em>Visite de d\u00e9part tardif<\/em>. La tourn\u00e9e se d\u00e9roule de septembre \u00e0 novembre et sera pr\u00e9c\u00e9d\u00e9e d&#39;une s\u00e9rie de festivals en juillet.<\/p>\n<p>Les billets seront mis en vente \u00e0 partir des pr\u00e9ventes le 7 avril \u00e0 10 h, heure locale. Des pr\u00e9ventes suppl\u00e9mentaires auront lieu avant la mise en vente g\u00e9n\u00e9rale qui d\u00e9butera le 10 avril \u00e0 10 heures, heure locale. Plus d\u2019informations sont disponibles sur le site Web de Miko.<\/p>\n<p>Dans une interview avec Uproxx plus t\u00f4t cette ann\u00e9e, Miko a d\u00e9clar\u00e9 \u00e0 propos de ce qu&#39;elle a fait r\u00e9cemment : \u00ab\u00a0Je vis dans une \u00e9poque tr\u00e8s domestique. Je profite de mon loyer et je passe du temps avec mes parents. Et j&#39;aime dessiner. Je dessine beaucoup. Honn\u00eatement, j&#39;ai tout ce coin dans ma maison o\u00f9 il n&#39;y a qu&#39;un tas de papier, de cahiers et de marqueurs. J&#39;essaie toujours de garder mon c\u00f4t\u00e9 cr\u00e9atif stimul\u00e9.\u00a0\u00bb<\/p>\n<p>D\u00e9couvrez ci-dessous les prochaines dates de tourn\u00e9e de Miko.<\/p>\n<\/p><\/div>\n<div class=\"htlad-incontent upx-ad-lazy incontent\" data-ad-unit=\"incontent\" data-ad-provider=\"htlbid\" data-unit=\"\/23101112908\/uproxx\/music\/article\/incontent\" data-targeting='{\"position\":\"incontent\"}'><\/div>\n<div class=\"post-page\" data-page=\"2\">\n<h2>Dates de la tourn\u00e9e 2026 de Young Miko\u00a0: <em>Visite de d\u00e9part tardif<\/em><\/h2>\n<p>07\/03 \u2014 Roskilde, Danemark @ Festival de Roskilde<br \/>\n07\/04 \u2014 Nuremberg, DE @ Latin Airport Festival<br \/>\n07\/05 \u2014 Cologne, DE @ Carlswerk Victoria<br \/>\n07\/08 \u2014 Amsterdam, Pays-Bas @ Melkweg Max<br \/>\n07\/10 \u2014 Londres, Royaume-Uni @ Ici sur Outernet<br \/>\n07\/11 \u2014 Malaga, ES @ \u00e0 d\u00e9terminer<br \/>\n07\/12 \u2014 Paris, FR @ Bataclan<br \/>\n15\/07 \u2014 Montreux, CH @ Montreux Jazz Festival<br \/>\n16\/07 \u2014 Berne, CH @ Gurtenfestival<br \/>\n18\/07 \u2014 Berlin, DE @ Lollapalooza<br \/>\n19\/07 \u2014 Dour, DE @ Dour Festival<br \/>\n23\/07 \u2014 Milan, informatique @ Magnolia Club<br \/>\n25\/07 \u2014 La Corogne, ES @ Morri\u00f1a Festival<br \/>\n27\/07 \u2014 Valence, ES @ Far Val\u00e8ncia<br \/>\n08\/02 \u2014 St Charles, IA @ Hinterland Music Festival<br \/>\n17\/09 \u2014 Guadalajara, MX @ Arena VFG<br \/>\n19\/09 \u2014 Monterrey, MX @ Arena Monterrey<br \/>\n22\/09 \u2014 Mexico, MX @ Palacio de los Deportes<br \/>\n25\/09 \u2014 M\u00e9rida, MX @ Forum GNP<br \/>\n13\/10 \u2013 Seattle, Washington @ Climate Pledge Arena<br \/>\n15\/10 \u2014 San Francisco, Californie @ Chase Center<br \/>\n17\/10 \u2014 Inglewood, Californie @ Intuit Dome<br \/>\n18\/10 \u2013 Phoenix, Arizona @ Mortgage Matchup Center<br \/>\n22\/10 \u2014 San Antonio, Texas @ Freeman Coliseum<br \/>\n24\/10 \u2014 Houston, Texas @ Toyota Center<br \/>\n28\/10 \u2014 Miami, Floride @ Kaseya Center<br \/>\n29\/10 \u2014 Orlando, Floride @ Kia Center<br \/>\n31\/10 \u2013 Atlanta, G\u00e9orgie @ State Farm Arena<br \/>\n11\/01 \u2014 Charlotte, Caroline du Nord @ Spectrum Center<br \/>\n11\/04 \u2013 Philadelphie, Pennsylvanie @ Xfinity Mobile Arena<br \/>\n11\/05 \u2014 Brooklyn, New York @ Barclays Center<\/p>\n<\/p><\/div>\n<\/p><\/div>\n","protected":false},"excerpt":{"rendered":"<p>La jeune Miko vient de sortir d\u2019une grande ann\u00e9e 2025 qui l\u2019a vue suivre son premier album Att. avec son dernier LP, Ne pas d\u00e9ranger. D&#39;ailleurs, elle a \u00e9galement fait la premi\u00e8re partie de la tourn\u00e9e de Billie Eilish. Maintenant, Miko va faire sa propre tourn\u00e9e, puisqu&#39;aujourd&#39;hui (6 avril), elle a annonc\u00e9 le Visite de &#8230; <a title=\"La jeune Miko suivra son \u00e9norme 2025 avec la \u00ab\u00a0tourn\u00e9e de d\u00e9part tardif\u00a0\u00bb cet automne\" class=\"read-more\" href=\"https:\/\/www.jokeme.fr\/actus\/la-jeune-miko-suivra-son-enorme-2025-avec-la-tournee-de-depart-tardif-cet-automne\/\" aria-label=\"Plus sur La jeune Miko suivra son \u00e9norme 2025 avec la \u00ab\u00a0tourn\u00e9e de d\u00e9part tardif\u00a0\u00bb cet automne\">Lire plus<\/a><\/p>\n","protected":false},"author":1,"featured_media":24796,"comment_status":"closed","ping_status":"open","sticky":false,"template":"","format":"standard","meta":{"footnotes":""},"categories":[1],"tags":[8856,193,4227,2020,92,339,7790,44,15125,7026,3385],"yoast_head":"<!-- This site is optimized with the Yoast SEO plugin v20.8 - https:\/\/yoast.com\/wordpress\/plugins\/seo\/ -->\n<title>La jeune Miko suivra son \u00e9norme 2025 avec la \u00ab\u00a0tourn\u00e9e de d\u00e9part tardif\u00a0\u00bb cet automne - Actualit\u00e9s - Joke Me<\/title>\n<meta name=\"robots\" content=\"index, follow, max-snippet:-1, max-image-preview:large, max-video-preview:-1\" \/>\n<link rel=\"canonical\" href=\"https:\/\/www.jokeme.fr\/actus\/la-jeune-miko-suivra-son-enorme-2025-avec-la-tournee-de-depart-tardif-cet-automne\/\" \/>\n<meta property=\"og:locale\" content=\"fr_FR\" \/>\n<meta property=\"og:type\" content=\"article\" \/>\n<meta property=\"og:title\" content=\"La jeune Miko suivra son \u00e9norme 2025 avec la \u00ab\u00a0tourn\u00e9e de d\u00e9part tardif\u00a0\u00bb cet automne - Actualit\u00e9s - Joke Me\" \/>\n<meta property=\"og:description\" content=\"La jeune Miko vient de sortir d\u2019une grande ann\u00e9e 2025 qui l\u2019a vue suivre son premier album Att. avec son dernier LP, Ne pas d\u00e9ranger. D&#039;ailleurs, elle a \u00e9galement fait la premi\u00e8re partie de la tourn\u00e9e de Billie Eilish. Maintenant, Miko va faire sa propre tourn\u00e9e, puisqu&#039;aujourd&#039;hui (6 avril), elle a annonc\u00e9 le Visite de ... Lire plus\" \/>\n<meta property=\"og:url\" content=\"https:\/\/www.jokeme.fr\/actus\/la-jeune-miko-suivra-son-enorme-2025-avec-la-tournee-de-depart-tardif-cet-automne\/\" \/>\n<meta property=\"og:site_name\" content=\"Actualit\u00e9s - Joke Me\" \/>\n<meta property=\"article:published_time\" content=\"2026-04-06T20:41:40+00:00\" \/>\n<meta property=\"article:modified_time\" content=\"2026-04-06T20:41:41+00:00\" \/>\n<meta property=\"og:image\" content=\"https:\/\/www.jokeme.fr\/actus\/wp-content\/uploads\/2026\/04\/La-jeune-Miko-suivra-son-enorme-2025-avec-la-tournee.jpeg\" \/>\n\t<meta property=\"og:image:width\" content=\"710\" \/>\n\t<meta property=\"og:image:height\" content=\"400\" \/>\n\t<meta property=\"og:image:type\" content=\"image\/jpeg\" \/>\n<meta name=\"author\" content=\"Didier\" \/>\n<meta name=\"twitter:card\" content=\"summary_large_image\" \/>\n<meta name=\"twitter:label1\" content=\"\u00c9crit par\" \/>\n\t<meta name=\"twitter:data1\" content=\"Didier\" \/>\n\t<meta name=\"twitter:label2\" content=\"Dur\u00e9e de lecture estim\u00e9e\" \/>\n\t<meta name=\"twitter:data2\" content=\"2 minutes\" \/>\n<script type=\"application\/ld+json\" class=\"yoast-schema-graph\">{\"@context\":\"https:\/\/schema.org\",\"@graph\":[{\"@type\":\"Article\",\"@id\":\"https:\/\/www.jokeme.fr\/actus\/la-jeune-miko-suivra-son-enorme-2025-avec-la-tournee-de-depart-tardif-cet-automne\/#article\",\"isPartOf\":{\"@id\":\"https:\/\/www.jokeme.fr\/actus\/la-jeune-miko-suivra-son-enorme-2025-avec-la-tournee-de-depart-tardif-cet-automne\/\"},\"author\":{\"name\":\"Didier\",\"@id\":\"https:\/\/www.jokeme.fr\/actus\/#\/schema\/person\/f0c6ad0d33ca144389e81e45a212928f\"},\"headline\":\"La jeune Miko suivra son \u00e9norme 2025 avec la \u00ab\u00a0tourn\u00e9e de d\u00e9part tardif\u00a0\u00bb cet automne\",\"datePublished\":\"2026-04-06T20:41:40+00:00\",\"dateModified\":\"2026-04-06T20:41:41+00:00\",\"mainEntityOfPage\":{\"@id\":\"https:\/\/www.jokeme.fr\/actus\/la-jeune-miko-suivra-son-enorme-2025-avec-la-tournee-de-depart-tardif-cet-automne\/\"},\"wordCount\":409,\"publisher\":{\"@id\":\"https:\/\/www.jokeme.fr\/actus\/#organization\"},\"keywords\":[\"automne\",\"avec\",\"cet\",\"d\u00e9part\",\"\u00e9norme\",\"jeune\",\"Miko\",\"son\",\"suivra\",\"tardif\",\"tourn\u00e9e\"],\"inLanguage\":\"fr-FR\"},{\"@type\":\"WebPage\",\"@id\":\"https:\/\/www.jokeme.fr\/actus\/la-jeune-miko-suivra-son-enorme-2025-avec-la-tournee-de-depart-tardif-cet-automne\/\",\"url\":\"https:\/\/www.jokeme.fr\/actus\/la-jeune-miko-suivra-son-enorme-2025-avec-la-tournee-de-depart-tardif-cet-automne\/\",\"name\":\"La jeune Miko suivra son \u00e9norme 2025 avec la \u00ab\u00a0tourn\u00e9e de d\u00e9part tardif\u00a0\u00bb cet automne - Actualit\u00e9s - Joke Me\",\"isPartOf\":{\"@id\":\"https:\/\/www.jokeme.fr\/actus\/#website\"},\"datePublished\":\"2026-04-06T20:41:40+00:00\",\"dateModified\":\"2026-04-06T20:41:41+00:00\",\"breadcrumb\":{\"@id\":\"https:\/\/www.jokeme.fr\/actus\/la-jeune-miko-suivra-son-enorme-2025-avec-la-tournee-de-depart-tardif-cet-automne\/#breadcrumb\"},\"inLanguage\":\"fr-FR\",\"potentialAction\":[{\"@type\":\"ReadAction\",\"target\":[\"https:\/\/www.jokeme.fr\/actus\/la-jeune-miko-suivra-son-enorme-2025-avec-la-tournee-de-depart-tardif-cet-automne\/\"]}]},{\"@type\":\"BreadcrumbList\",\"@id\":\"https:\/\/www.jokeme.fr\/actus\/la-jeune-miko-suivra-son-enorme-2025-avec-la-tournee-de-depart-tardif-cet-automne\/#breadcrumb\",\"itemListElement\":[{\"@type\":\"ListItem\",\"position\":1,\"name\":\"Accueil\",\"item\":\"https:\/\/www.jokeme.fr\/actus\/\"},{\"@type\":\"ListItem\",\"position\":2,\"name\":\"La jeune Miko suivra son \u00e9norme 2025 avec la \u00ab\u00a0tourn\u00e9e de d\u00e9part tardif\u00a0\u00bb cet automne\"}]},{\"@type\":\"WebSite\",\"@id\":\"https:\/\/www.jokeme.fr\/actus\/#website\",\"url\":\"https:\/\/www.jokeme.fr\/actus\/\",\"name\":\"Actualit\u00e9s - Joke Me\",\"description\":\"L&#039;actualit\u00e9 du rire\",\"publisher\":{\"@id\":\"https:\/\/www.jokeme.fr\/actus\/#organization\"},\"potentialAction\":[{\"@type\":\"SearchAction\",\"target\":{\"@type\":\"EntryPoint\",\"urlTemplate\":\"https:\/\/www.jokeme.fr\/actus\/?s={search_term_string}\"},\"query-input\":\"required name=search_term_string\"}],\"inLanguage\":\"fr-FR\"},{\"@type\":\"Organization\",\"@id\":\"https:\/\/www.jokeme.fr\/actus\/#organization\",\"name\":\"Actualit\u00e9s - Joke Me\",\"url\":\"https:\/\/www.jokeme.fr\/actus\/\",\"logo\":{\"@type\":\"ImageObject\",\"inLanguage\":\"fr-FR\",\"@id\":\"https:\/\/www.jokeme.fr\/actus\/#\/schema\/logo\/image\/\",\"url\":\"https:\/\/www.jokeme.fr\/actus\/wp-content\/uploads\/2023\/06\/cropped-Logo-Joke-Me.png\",\"contentUrl\":\"https:\/\/www.jokeme.fr\/actus\/wp-content\/uploads\/2023\/06\/cropped-Logo-Joke-Me.png\",\"width\":499,\"height\":363,\"caption\":\"Actualit\u00e9s - Joke Me\"},\"image\":{\"@id\":\"https:\/\/www.jokeme.fr\/actus\/#\/schema\/logo\/image\/\"}},{\"@type\":\"Person\",\"@id\":\"https:\/\/www.jokeme.fr\/actus\/#\/schema\/person\/f0c6ad0d33ca144389e81e45a212928f\",\"name\":\"Didier\",\"image\":{\"@type\":\"ImageObject\",\"inLanguage\":\"fr-FR\",\"@id\":\"https:\/\/www.jokeme.fr\/actus\/#\/schema\/person\/image\/\",\"url\":\"https:\/\/www.jokeme.fr\/actus\/wp-content\/uploads\/2024\/03\/jokeme-didier.jpg\",\"contentUrl\":\"https:\/\/www.jokeme.fr\/actus\/wp-content\/uploads\/2024\/03\/jokeme-didier.jpg\",\"caption\":\"Didier\"},\"description\":\"Didier, passionn\u00e9 de cin\u00e9ma, est un r\u00e9dacteur pour le m\u00e9dia Jokeme, o\u00f9 il partage sa passion \u00e0 travers des articles divertissants et informatifs. Ayant \u00e9tudi\u00e9 le journalisme, il allie sa formation \u00e0 sa passion pour offrir un contenu de qualit\u00e9 sur le monde du cin\u00e9ma.\",\"sameAs\":[\"https:\/\/www.jokeme.fr\/actus\"]}]}<\/script>\n<!-- \/ Yoast SEO plugin. -->","yoast_head_json":{"title":"La jeune Miko suivra son \u00e9norme 2025 avec la \u00ab\u00a0tourn\u00e9e de d\u00e9part tardif\u00a0\u00bb cet automne - Actualit\u00e9s - Joke Me","robots":{"index":"index","follow":"follow","max-snippet":"max-snippet:-1","max-image-preview":"max-image-preview:large","max-video-preview":"max-video-preview:-1"},"canonical":"https:\/\/www.jokeme.fr\/actus\/la-jeune-miko-suivra-son-enorme-2025-avec-la-tournee-de-depart-tardif-cet-automne\/","og_locale":"fr_FR","og_type":"article","og_title":"La jeune Miko suivra son \u00e9norme 2025 avec la \u00ab\u00a0tourn\u00e9e de d\u00e9part tardif\u00a0\u00bb cet automne - Actualit\u00e9s - Joke Me","og_description":"La jeune Miko vient de sortir d\u2019une grande ann\u00e9e 2025 qui l\u2019a vue suivre son premier album Att. avec son dernier LP, Ne pas d\u00e9ranger. D&#39;ailleurs, elle a \u00e9galement fait la premi\u00e8re partie de la tourn\u00e9e de Billie Eilish. Maintenant, Miko va faire sa propre tourn\u00e9e, puisqu&#39;aujourd&#39;hui (6 avril), elle a annonc\u00e9 le Visite de ... Lire plus","og_url":"https:\/\/www.jokeme.fr\/actus\/la-jeune-miko-suivra-son-enorme-2025-avec-la-tournee-de-depart-tardif-cet-automne\/","og_site_name":"Actualit\u00e9s - Joke Me","article_published_time":"2026-04-06T20:41:40+00:00","article_modified_time":"2026-04-06T20:41:41+00:00","og_image":[{"width":710,"height":400,"url":"https:\/\/www.jokeme.fr\/actus\/wp-content\/uploads\/2026\/04\/La-jeune-Miko-suivra-son-enorme-2025-avec-la-tournee.jpeg","type":"image\/jpeg"}],"author":"Didier","twitter_card":"summary_large_image","twitter_misc":{"\u00c9crit par":"Didier","Dur\u00e9e de lecture estim\u00e9e":"2 minutes"},"schema":{"@context":"https:\/\/schema.org","@graph":[{"@type":"Article","@id":"https:\/\/www.jokeme.fr\/actus\/la-jeune-miko-suivra-son-enorme-2025-avec-la-tournee-de-depart-tardif-cet-automne\/#article","isPartOf":{"@id":"https:\/\/www.jokeme.fr\/actus\/la-jeune-miko-suivra-son-enorme-2025-avec-la-tournee-de-depart-tardif-cet-automne\/"},"author":{"name":"Didier","@id":"https:\/\/www.jokeme.fr\/actus\/#\/schema\/person\/f0c6ad0d33ca144389e81e45a212928f"},"headline":"La jeune Miko suivra son \u00e9norme 2025 avec la \u00ab\u00a0tourn\u00e9e de d\u00e9part tardif\u00a0\u00bb cet automne","datePublished":"2026-04-06T20:41:40+00:00","dateModified":"2026-04-06T20:41:41+00:00","mainEntityOfPage":{"@id":"https:\/\/www.jokeme.fr\/actus\/la-jeune-miko-suivra-son-enorme-2025-avec-la-tournee-de-depart-tardif-cet-automne\/"},"wordCount":409,"publisher":{"@id":"https:\/\/www.jokeme.fr\/actus\/#organization"},"keywords":["automne","avec","cet","d\u00e9part","\u00e9norme","jeune","Miko","son","suivra","tardif","tourn\u00e9e"],"inLanguage":"fr-FR"},{"@type":"WebPage","@id":"https:\/\/www.jokeme.fr\/actus\/la-jeune-miko-suivra-son-enorme-2025-avec-la-tournee-de-depart-tardif-cet-automne\/","url":"https:\/\/www.jokeme.fr\/actus\/la-jeune-miko-suivra-son-enorme-2025-avec-la-tournee-de-depart-tardif-cet-automne\/","name":"La jeune Miko suivra son \u00e9norme 2025 avec la \u00ab\u00a0tourn\u00e9e de d\u00e9part tardif\u00a0\u00bb cet automne - Actualit\u00e9s - Joke Me","isPartOf":{"@id":"https:\/\/www.jokeme.fr\/actus\/#website"},"datePublished":"2026-04-06T20:41:40+00:00","dateModified":"2026-04-06T20:41:41+00:00","breadcrumb":{"@id":"https:\/\/www.jokeme.fr\/actus\/la-jeune-miko-suivra-son-enorme-2025-avec-la-tournee-de-depart-tardif-cet-automne\/#breadcrumb"},"inLanguage":"fr-FR","potentialAction":[{"@type":"ReadAction","target":["https:\/\/www.jokeme.fr\/actus\/la-jeune-miko-suivra-son-enorme-2025-avec-la-tournee-de-depart-tardif-cet-automne\/"]}]},{"@type":"BreadcrumbList","@id":"https:\/\/www.jokeme.fr\/actus\/la-jeune-miko-suivra-son-enorme-2025-avec-la-tournee-de-depart-tardif-cet-automne\/#breadcrumb","itemListElement":[{"@type":"ListItem","position":1,"name":"Accueil","item":"https:\/\/www.jokeme.fr\/actus\/"},{"@type":"ListItem","position":2,"name":"La jeune Miko suivra son \u00e9norme 2025 avec la \u00ab\u00a0tourn\u00e9e de d\u00e9part tardif\u00a0\u00bb cet automne"}]},{"@type":"WebSite","@id":"https:\/\/www.jokeme.fr\/actus\/#website","url":"https:\/\/www.jokeme.fr\/actus\/","name":"Actualit\u00e9s - Joke Me","description":"L&#039;actualit\u00e9 du rire","publisher":{"@id":"https:\/\/www.jokeme.fr\/actus\/#organization"},"potentialAction":[{"@type":"SearchAction","target":{"@type":"EntryPoint","urlTemplate":"https:\/\/www.jokeme.fr\/actus\/?s={search_term_string}"},"query-input":"required name=search_term_string"}],"inLanguage":"fr-FR"},{"@type":"Organization","@id":"https:\/\/www.jokeme.fr\/actus\/#organization","name":"Actualit\u00e9s - Joke Me","url":"https:\/\/www.jokeme.fr\/actus\/","logo":{"@type":"ImageObject","inLanguage":"fr-FR","@id":"https:\/\/www.jokeme.fr\/actus\/#\/schema\/logo\/image\/","url":"https:\/\/www.jokeme.fr\/actus\/wp-content\/uploads\/2023\/06\/cropped-Logo-Joke-Me.png","contentUrl":"https:\/\/www.jokeme.fr\/actus\/wp-content\/uploads\/2023\/06\/cropped-Logo-Joke-Me.png","width":499,"height":363,"caption":"Actualit\u00e9s - Joke Me"},"image":{"@id":"https:\/\/www.jokeme.fr\/actus\/#\/schema\/logo\/image\/"}},{"@type":"Person","@id":"https:\/\/www.jokeme.fr\/actus\/#\/schema\/person\/f0c6ad0d33ca144389e81e45a212928f","name":"Didier","image":{"@type":"ImageObject","inLanguage":"fr-FR","@id":"https:\/\/www.jokeme.fr\/actus\/#\/schema\/person\/image\/","url":"https:\/\/www.jokeme.fr\/actus\/wp-content\/uploads\/2024\/03\/jokeme-didier.jpg","contentUrl":"https:\/\/www.jokeme.fr\/actus\/wp-content\/uploads\/2024\/03\/jokeme-didier.jpg","caption":"Didier"},"description":"Didier, passionn\u00e9 de cin\u00e9ma, est un r\u00e9dacteur pour le m\u00e9dia Jokeme, o\u00f9 il partage sa passion \u00e0 travers des articles divertissants et informatifs. Ayant \u00e9tudi\u00e9 le journalisme, il allie sa formation \u00e0 sa passion pour offrir un contenu de qualit\u00e9 sur le monde du cin\u00e9ma.","sameAs":["https:\/\/www.jokeme.fr\/actus"]}]}},"_links":{"self":[{"href":"https:\/\/www.jokeme.fr\/actus\/wp-json\/wp\/v2\/posts\/24795"}],"collection":[{"href":"https:\/\/www.jokeme.fr\/actus\/wp-json\/wp\/v2\/posts"}],"about":[{"href":"https:\/\/www.jokeme.fr\/actus\/wp-json\/wp\/v2\/types\/post"}],"author":[{"embeddable":true,"href":"https:\/\/www.jokeme.fr\/actus\/wp-json\/wp\/v2\/users\/1"}],"replies":[{"embeddable":true,"href":"https:\/\/www.jokeme.fr\/actus\/wp-json\/wp\/v2\/comments?post=24795"}],"version-history":[{"count":1,"href":"https:\/\/www.jokeme.fr\/actus\/wp-json\/wp\/v2\/posts\/24795\/revisions"}],"predecessor-version":[{"id":24797,"href":"https:\/\/www.jokeme.fr\/actus\/wp-json\/wp\/v2\/posts\/24795\/revisions\/24797"}],"wp:featuredmedia":[{"embeddable":true,"href":"https:\/\/www.jokeme.fr\/actus\/wp-json\/wp\/v2\/media\/24796"}],"wp:attachment":[{"href":"https:\/\/www.jokeme.fr\/actus\/wp-json\/wp\/v2\/media?parent=24795"}],"wp:term":[{"taxonomy":"category","embeddable":true,"href":"https:\/\/www.jokeme.fr\/actus\/wp-json\/wp\/v2\/categories?post=24795"},{"taxonomy":"post_tag","embeddable":true,"href":"https:\/\/www.jokeme.fr\/actus\/wp-json\/wp\/v2\/tags?post=24795"}],"curies":[{"name":"wp","href":"https:\/\/api.w.org\/{rel}","templated":true}]}}