{"id":24800,"date":"2026-04-07T20:40:50","date_gmt":"2026-04-07T18:40:50","guid":{"rendered":"https:\/\/www.jokeme.fr\/actus\/julia-wolf-sattaquera-a-lamerique-du-nord-et-au-dela-avec-sa-tournee-mondiale-deep-end\/"},"modified":"2026-04-07T20:40:50","modified_gmt":"2026-04-07T18:40:50","slug":"julia-wolf-sattaquera-a-lamerique-du-nord-et-au-dela-avec-sa-tournee-mondiale-deep-end","status":"publish","type":"post","link":"https:\/\/www.jokeme.fr\/actus\/julia-wolf-sattaquera-a-lamerique-du-nord-et-au-dela-avec-sa-tournee-mondiale-deep-end\/","title":{"rendered":"Julia Wolf s&#39;attaquera \u00e0 l&#39;Am\u00e9rique du Nord et au-del\u00e0 avec sa \u00ab tourn\u00e9e mondiale Deep End \u00bb"},"content":{"rendered":"<div class=\"entry-content\">\n<div id=\"upx-cnx-player-wrap\"><\/div>\n<div class=\"post-page\" data-page=\"1\">\n<p>Julia Wolf a connu une belle ann\u00e9e 2025. Elle a sorti un album intitul\u00e9 <em>Pression<\/em>elle a sorti un EP de remix et elle a aid\u00e9 Machine Gun Kelly \u00e0 reprendre \u00ab Iris \u00bb de Goo Goo Dolls. Bient\u00f4t, il sera temps pour elle de monter sur sc\u00e8ne, puisqu&#39;aujourd&#39;hui (7 avril), elle a annonc\u00e9 le <em>Tourn\u00e9e mondiale profonde<\/em>qui se d\u00e9roule de septembre \u00e0 novembre et touche l\u2019Am\u00e9rique du Nord, le Royaume-Uni et l\u2019Europe.<\/p>\n<p>Les billets seront disponibles \u00e0 partir d&#39;une pr\u00e9vente le 8 avril \u00e0 10 h, heure locale. Une mise en vente g\u00e9n\u00e9rale pour tous les billets restants suivra le 0 avril \u00e0 10h00, heure locale. Plus d\u2019informations sur les billets peuvent \u00eatre trouv\u00e9es ici.<\/p>\n<p>Wolf dit dans un communiqu\u00e9 :<\/p>\n<blockquote>\n<p>\u00ab\u00a0Je suis tellement excit\u00e9 de pouvoir enfin revenir en Am\u00e9rique du Nord, au Royaume-Uni et en Europe pour faire ma propre tourn\u00e9e ! J&#39;ai h\u00e2te d&#39;avoir une salle pleine de gens chantant mes chansons et d&#39;en jouer de nouvelles pour tout le monde aussi !\u00a0\u00bb<\/p>\n<\/blockquote>\n<p>D\u00e9couvrez les dates de tourn\u00e9e de Wolf ci-dessous.<\/p>\n<\/p><\/div>\n<div class=\"htlad-incontent upx-ad-lazy incontent\" data-ad-unit=\"incontent\" data-ad-provider=\"htlbid\" data-unit=\"\/23101112908\/uproxx\/music\/article\/incontent\" data-targeting='{\"position\":\"incontent\"}'><\/div>\n<div class=\"post-page\" data-page=\"2\">\n<h2>Dates de la tourn\u00e9e 2026 de Julia Wolf\u00a0: <em>Tourn\u00e9e mondiale profonde<\/em><\/h2>\n<p>31\/07 \u2014 Chicago, Illinois @ Lollapalooza<br \/>\n08\/01 \u2014 Saint Charles, IA @ Hinterland Music Festival<br \/>\n28\/08 \u2014 Leeds, Royaume-Uni @ Festival de Leeds<br \/>\n30\/08 \u2014 Reading, Royaume-Uni @ Reading Festival<br \/>\n09\/10 \u2014 Forks, Washington au Forever Twilight in Forks Festival<br \/>\n17\/09 \u2014 Austin, Texas @ Mohawk *<br \/>\n18\/09 \u2014 Dallas, Texas @ The Bomb Factory *<br \/>\n19\/09 \u2014 Houston, Texas @ Warehouse Live *<br \/>\n21\/09 \u2014 Orlando, FL @ House of Blues *<br \/>\n23\/09 \u2014 Atlanta, G\u00e9orgie @ Masquerade (Paradis) *<br \/>\n25\/09 \u2014 Charlotte, Caroline du Nord @ The Underground *<br \/>\n26\/09 \u2013 Nashville, Tennessee @ Eastside Bowl *<br \/>\n28\/09 \u2013 Washington, DC \u00e0 9h30 Club *<br \/>\n30\/09 \u2014 Philadelphie, PA @ Union Transfer *<br \/>\n10\/02 \u2014 New York, NY @ Irving Plaza *<br \/>\n10\/05 \u2014 Boston, MA au Paradise Rock Club *<br \/>\n10\/07 \u2014 Toronto, ON @ L&#39;Op\u00e9ra *<br \/>\n10\/09 \u2014 Columbus, OH au Newport Music Hall *<br \/>\n10\/10 \u2014 Cleveland, OH @ The Roxy chez Mahall&#39;s *<br \/>\n10\/12 \u2014 Grand Rapids, MI @ \u00c9l\u00e9vation *<br \/>\n13\/10 \u2014 Indianapolis, IN @ Annexe Hi-Fi *<br \/>\n16\/10 \u2014 Denver, CO @ Sommet *<br \/>\n17\/10 \u2014 Salt Lake City, UT @ The Depot *<br \/>\n20\/10 \u2014 Portland, Oregon @ Wonder Ballroom *<br \/>\n21\/10 \u2014 Seattle, WA @ The Showbox *<br \/>\n23\/10 \u2014 San Francisco, Californie au Great American Music Hall *<br \/>\n25\/10 \u2014 Los Angeles, Californie @ Fonda Theatre *<br \/>\n17\/11 \u2014 Dublin, IE @ Button Factory ^<br \/>\n19\/11 \u2014 Glasgow, Royaume-Uni @ Garage ^<br \/>\n20\/11 \u2014 Leeds, Royaume-Uni @ Stylus ^<br \/>\n22\/11 \u2014 Birmingham, Royaume-Uni @ O2 Institute 2 ^<br \/>\n23\/11 \u2014 Manchester, Royaume-Uni @ Academy 2 ^<br \/>\n25\/11 \u2014 Londres, Royaume-Uni @ KOKO ^<br \/>\n28\/11 \u2014 Cologne, DE @ Louxor ^<br \/>\n30\/11 \u2014 Paris, FR @ La Maroquinerie ^<br \/>\n12\/01 \u2014 Amsterdam, Pays-Bas @ Tolhuistuin ^<br \/>\n12\/02 \u2014 Bruxelles, BE @ Botanique ^<br \/>\n12\/04 \u2014 Berlin, DE @ Trou 44 ^<\/p>\n<p>*avec Bee Blackwell<br \/>\n^ avec SCRO<\/p>\n<\/p><\/div>\n<\/p><\/div>\n","protected":false},"excerpt":{"rendered":"<p>Julia Wolf a connu une belle ann\u00e9e 2025. Elle a sorti un album intitul\u00e9 Pressionelle a sorti un EP de remix et elle a aid\u00e9 Machine Gun Kelly \u00e0 reprendre \u00ab Iris \u00bb de Goo Goo Dolls. Bient\u00f4t, il sera temps pour elle de monter sur sc\u00e8ne, puisqu&#39;aujourd&#39;hui (7 avril), elle a annonc\u00e9 le Tourn\u00e9e &#8230; <a title=\"Julia Wolf s&#039;attaquera \u00e0 l&#039;Am\u00e9rique du Nord et au-del\u00e0 avec sa \u00ab tourn\u00e9e mondiale Deep End \u00bb\" class=\"read-more\" href=\"https:\/\/www.jokeme.fr\/actus\/julia-wolf-sattaquera-a-lamerique-du-nord-et-au-dela-avec-sa-tournee-mondiale-deep-end\/\" aria-label=\"Plus sur Julia Wolf s&#039;attaquera \u00e0 l&#039;Am\u00e9rique du Nord et au-del\u00e0 avec sa \u00ab tourn\u00e9e mondiale Deep End \u00bb\">Lire plus<\/a><\/p>\n","protected":false},"author":1,"featured_media":24801,"comment_status":"closed","ping_status":"open","sticky":false,"template":"","format":"standard","meta":{"footnotes":""},"categories":[1],"tags":[6548,193,2478,6669,8217,4416,4187,16852,3385,9599],"yoast_head":"<!-- This site is optimized with the Yoast SEO plugin v20.8 - https:\/\/yoast.com\/wordpress\/plugins\/seo\/ -->\n<title>Julia Wolf s&#039;attaquera \u00e0 l&#039;Am\u00e9rique du Nord et au-del\u00e0 avec sa \u00ab tourn\u00e9e mondiale Deep End \u00bb - Actualit\u00e9s - Joke Me<\/title>\n<meta name=\"robots\" content=\"index, follow, max-snippet:-1, max-image-preview:large, max-video-preview:-1\" \/>\n<link rel=\"canonical\" href=\"https:\/\/www.jokeme.fr\/actus\/julia-wolf-sattaquera-a-lamerique-du-nord-et-au-dela-avec-sa-tournee-mondiale-deep-end\/\" \/>\n<meta property=\"og:locale\" content=\"fr_FR\" \/>\n<meta property=\"og:type\" content=\"article\" \/>\n<meta property=\"og:title\" content=\"Julia Wolf s&#039;attaquera \u00e0 l&#039;Am\u00e9rique du Nord et au-del\u00e0 avec sa \u00ab tourn\u00e9e mondiale Deep End \u00bb - Actualit\u00e9s - Joke Me\" \/>\n<meta property=\"og:description\" content=\"Julia Wolf a connu une belle ann\u00e9e 2025. Elle a sorti un album intitul\u00e9 Pressionelle a sorti un EP de remix et elle a aid\u00e9 Machine Gun Kelly \u00e0 reprendre \u00ab Iris \u00bb de Goo Goo Dolls. Bient\u00f4t, il sera temps pour elle de monter sur sc\u00e8ne, puisqu&#039;aujourd&#039;hui (7 avril), elle a annonc\u00e9 le Tourn\u00e9e ... Lire plus\" \/>\n<meta property=\"og:url\" content=\"https:\/\/www.jokeme.fr\/actus\/julia-wolf-sattaquera-a-lamerique-du-nord-et-au-dela-avec-sa-tournee-mondiale-deep-end\/\" \/>\n<meta property=\"og:site_name\" content=\"Actualit\u00e9s - Joke Me\" \/>\n<meta property=\"article:published_time\" content=\"2026-04-07T18:40:50+00:00\" \/>\n<meta property=\"og:image\" content=\"https:\/\/www.jokeme.fr\/actus\/wp-content\/uploads\/2026\/04\/Julia-Wolf-s39attaquera-a-l39Amerique-du-Nord-et-au-dela-avec.jpeg\" \/>\n\t<meta property=\"og:image:width\" content=\"710\" \/>\n\t<meta property=\"og:image:height\" content=\"400\" \/>\n\t<meta property=\"og:image:type\" content=\"image\/jpeg\" \/>\n<meta name=\"author\" content=\"Didier\" \/>\n<meta name=\"twitter:card\" content=\"summary_large_image\" \/>\n<meta name=\"twitter:label1\" content=\"\u00c9crit par\" \/>\n\t<meta name=\"twitter:data1\" content=\"Didier\" \/>\n\t<meta name=\"twitter:label2\" content=\"Dur\u00e9e de lecture estim\u00e9e\" \/>\n\t<meta name=\"twitter:data2\" content=\"2 minutes\" \/>\n<script type=\"application\/ld+json\" class=\"yoast-schema-graph\">{\"@context\":\"https:\/\/schema.org\",\"@graph\":[{\"@type\":\"Article\",\"@id\":\"https:\/\/www.jokeme.fr\/actus\/julia-wolf-sattaquera-a-lamerique-du-nord-et-au-dela-avec-sa-tournee-mondiale-deep-end\/#article\",\"isPartOf\":{\"@id\":\"https:\/\/www.jokeme.fr\/actus\/julia-wolf-sattaquera-a-lamerique-du-nord-et-au-dela-avec-sa-tournee-mondiale-deep-end\/\"},\"author\":{\"name\":\"Didier\",\"@id\":\"https:\/\/www.jokeme.fr\/actus\/#\/schema\/person\/f0c6ad0d33ca144389e81e45a212928f\"},\"headline\":\"Julia Wolf s&#39;attaquera \u00e0 l&#39;Am\u00e9rique du Nord et au-del\u00e0 avec sa \u00ab tourn\u00e9e mondiale Deep End \u00bb\",\"datePublished\":\"2026-04-07T18:40:50+00:00\",\"dateModified\":\"2026-04-07T18:40:50+00:00\",\"mainEntityOfPage\":{\"@id\":\"https:\/\/www.jokeme.fr\/actus\/julia-wolf-sattaquera-a-lamerique-du-nord-et-au-dela-avec-sa-tournee-mondiale-deep-end\/\"},\"wordCount\":388,\"publisher\":{\"@id\":\"https:\/\/www.jokeme.fr\/actus\/#organization\"},\"keywords\":[\"audel\u00e0\",\"avec\",\"Deep\",\"Julia\",\"l39Am\u00e9rique\",\"mondiale\",\"Nord\",\"s39attaquera\",\"tourn\u00e9e\",\"Wolf\"],\"inLanguage\":\"fr-FR\"},{\"@type\":\"WebPage\",\"@id\":\"https:\/\/www.jokeme.fr\/actus\/julia-wolf-sattaquera-a-lamerique-du-nord-et-au-dela-avec-sa-tournee-mondiale-deep-end\/\",\"url\":\"https:\/\/www.jokeme.fr\/actus\/julia-wolf-sattaquera-a-lamerique-du-nord-et-au-dela-avec-sa-tournee-mondiale-deep-end\/\",\"name\":\"Julia Wolf s&#39;attaquera \u00e0 l&#39;Am\u00e9rique du Nord et au-del\u00e0 avec sa \u00ab tourn\u00e9e mondiale Deep End \u00bb - Actualit\u00e9s - Joke Me\",\"isPartOf\":{\"@id\":\"https:\/\/www.jokeme.fr\/actus\/#website\"},\"datePublished\":\"2026-04-07T18:40:50+00:00\",\"dateModified\":\"2026-04-07T18:40:50+00:00\",\"breadcrumb\":{\"@id\":\"https:\/\/www.jokeme.fr\/actus\/julia-wolf-sattaquera-a-lamerique-du-nord-et-au-dela-avec-sa-tournee-mondiale-deep-end\/#breadcrumb\"},\"inLanguage\":\"fr-FR\",\"potentialAction\":[{\"@type\":\"ReadAction\",\"target\":[\"https:\/\/www.jokeme.fr\/actus\/julia-wolf-sattaquera-a-lamerique-du-nord-et-au-dela-avec-sa-tournee-mondiale-deep-end\/\"]}]},{\"@type\":\"BreadcrumbList\",\"@id\":\"https:\/\/www.jokeme.fr\/actus\/julia-wolf-sattaquera-a-lamerique-du-nord-et-au-dela-avec-sa-tournee-mondiale-deep-end\/#breadcrumb\",\"itemListElement\":[{\"@type\":\"ListItem\",\"position\":1,\"name\":\"Accueil\",\"item\":\"https:\/\/www.jokeme.fr\/actus\/\"},{\"@type\":\"ListItem\",\"position\":2,\"name\":\"Julia Wolf s&#39;attaquera \u00e0 l&#39;Am\u00e9rique du Nord et au-del\u00e0 avec sa \u00ab tourn\u00e9e mondiale Deep End \u00bb\"}]},{\"@type\":\"WebSite\",\"@id\":\"https:\/\/www.jokeme.fr\/actus\/#website\",\"url\":\"https:\/\/www.jokeme.fr\/actus\/\",\"name\":\"Actualit\u00e9s - Joke Me\",\"description\":\"L&#039;actualit\u00e9 du rire\",\"publisher\":{\"@id\":\"https:\/\/www.jokeme.fr\/actus\/#organization\"},\"potentialAction\":[{\"@type\":\"SearchAction\",\"target\":{\"@type\":\"EntryPoint\",\"urlTemplate\":\"https:\/\/www.jokeme.fr\/actus\/?s={search_term_string}\"},\"query-input\":\"required name=search_term_string\"}],\"inLanguage\":\"fr-FR\"},{\"@type\":\"Organization\",\"@id\":\"https:\/\/www.jokeme.fr\/actus\/#organization\",\"name\":\"Actualit\u00e9s - Joke Me\",\"url\":\"https:\/\/www.jokeme.fr\/actus\/\",\"logo\":{\"@type\":\"ImageObject\",\"inLanguage\":\"fr-FR\",\"@id\":\"https:\/\/www.jokeme.fr\/actus\/#\/schema\/logo\/image\/\",\"url\":\"https:\/\/www.jokeme.fr\/actus\/wp-content\/uploads\/2023\/06\/cropped-Logo-Joke-Me.png\",\"contentUrl\":\"https:\/\/www.jokeme.fr\/actus\/wp-content\/uploads\/2023\/06\/cropped-Logo-Joke-Me.png\",\"width\":499,\"height\":363,\"caption\":\"Actualit\u00e9s - Joke Me\"},\"image\":{\"@id\":\"https:\/\/www.jokeme.fr\/actus\/#\/schema\/logo\/image\/\"}},{\"@type\":\"Person\",\"@id\":\"https:\/\/www.jokeme.fr\/actus\/#\/schema\/person\/f0c6ad0d33ca144389e81e45a212928f\",\"name\":\"Didier\",\"image\":{\"@type\":\"ImageObject\",\"inLanguage\":\"fr-FR\",\"@id\":\"https:\/\/www.jokeme.fr\/actus\/#\/schema\/person\/image\/\",\"url\":\"https:\/\/www.jokeme.fr\/actus\/wp-content\/uploads\/2024\/03\/jokeme-didier.jpg\",\"contentUrl\":\"https:\/\/www.jokeme.fr\/actus\/wp-content\/uploads\/2024\/03\/jokeme-didier.jpg\",\"caption\":\"Didier\"},\"description\":\"Didier, passionn\u00e9 de cin\u00e9ma, est un r\u00e9dacteur pour le m\u00e9dia Jokeme, o\u00f9 il partage sa passion \u00e0 travers des articles divertissants et informatifs. Ayant \u00e9tudi\u00e9 le journalisme, il allie sa formation \u00e0 sa passion pour offrir un contenu de qualit\u00e9 sur le monde du cin\u00e9ma.\",\"sameAs\":[\"https:\/\/www.jokeme.fr\/actus\"]}]}<\/script>\n<!-- \/ Yoast SEO plugin. -->","yoast_head_json":{"title":"Julia Wolf s&#39;attaquera \u00e0 l&#39;Am\u00e9rique du Nord et au-del\u00e0 avec sa \u00ab tourn\u00e9e mondiale Deep End \u00bb - Actualit\u00e9s - Joke Me","robots":{"index":"index","follow":"follow","max-snippet":"max-snippet:-1","max-image-preview":"max-image-preview:large","max-video-preview":"max-video-preview:-1"},"canonical":"https:\/\/www.jokeme.fr\/actus\/julia-wolf-sattaquera-a-lamerique-du-nord-et-au-dela-avec-sa-tournee-mondiale-deep-end\/","og_locale":"fr_FR","og_type":"article","og_title":"Julia Wolf s&#39;attaquera \u00e0 l&#39;Am\u00e9rique du Nord et au-del\u00e0 avec sa \u00ab tourn\u00e9e mondiale Deep End \u00bb - Actualit\u00e9s - Joke Me","og_description":"Julia Wolf a connu une belle ann\u00e9e 2025. Elle a sorti un album intitul\u00e9 Pressionelle a sorti un EP de remix et elle a aid\u00e9 Machine Gun Kelly \u00e0 reprendre \u00ab Iris \u00bb de Goo Goo Dolls. Bient\u00f4t, il sera temps pour elle de monter sur sc\u00e8ne, puisqu&#39;aujourd&#39;hui (7 avril), elle a annonc\u00e9 le Tourn\u00e9e ... Lire plus","og_url":"https:\/\/www.jokeme.fr\/actus\/julia-wolf-sattaquera-a-lamerique-du-nord-et-au-dela-avec-sa-tournee-mondiale-deep-end\/","og_site_name":"Actualit\u00e9s - Joke Me","article_published_time":"2026-04-07T18:40:50+00:00","og_image":[{"width":710,"height":400,"url":"https:\/\/www.jokeme.fr\/actus\/wp-content\/uploads\/2026\/04\/Julia-Wolf-s39attaquera-a-l39Amerique-du-Nord-et-au-dela-avec.jpeg","type":"image\/jpeg"}],"author":"Didier","twitter_card":"summary_large_image","twitter_misc":{"\u00c9crit par":"Didier","Dur\u00e9e de lecture estim\u00e9e":"2 minutes"},"schema":{"@context":"https:\/\/schema.org","@graph":[{"@type":"Article","@id":"https:\/\/www.jokeme.fr\/actus\/julia-wolf-sattaquera-a-lamerique-du-nord-et-au-dela-avec-sa-tournee-mondiale-deep-end\/#article","isPartOf":{"@id":"https:\/\/www.jokeme.fr\/actus\/julia-wolf-sattaquera-a-lamerique-du-nord-et-au-dela-avec-sa-tournee-mondiale-deep-end\/"},"author":{"name":"Didier","@id":"https:\/\/www.jokeme.fr\/actus\/#\/schema\/person\/f0c6ad0d33ca144389e81e45a212928f"},"headline":"Julia Wolf s&#39;attaquera \u00e0 l&#39;Am\u00e9rique du Nord et au-del\u00e0 avec sa \u00ab tourn\u00e9e mondiale Deep End \u00bb","datePublished":"2026-04-07T18:40:50+00:00","dateModified":"2026-04-07T18:40:50+00:00","mainEntityOfPage":{"@id":"https:\/\/www.jokeme.fr\/actus\/julia-wolf-sattaquera-a-lamerique-du-nord-et-au-dela-avec-sa-tournee-mondiale-deep-end\/"},"wordCount":388,"publisher":{"@id":"https:\/\/www.jokeme.fr\/actus\/#organization"},"keywords":["audel\u00e0","avec","Deep","Julia","l39Am\u00e9rique","mondiale","Nord","s39attaquera","tourn\u00e9e","Wolf"],"inLanguage":"fr-FR"},{"@type":"WebPage","@id":"https:\/\/www.jokeme.fr\/actus\/julia-wolf-sattaquera-a-lamerique-du-nord-et-au-dela-avec-sa-tournee-mondiale-deep-end\/","url":"https:\/\/www.jokeme.fr\/actus\/julia-wolf-sattaquera-a-lamerique-du-nord-et-au-dela-avec-sa-tournee-mondiale-deep-end\/","name":"Julia Wolf s&#39;attaquera \u00e0 l&#39;Am\u00e9rique du Nord et au-del\u00e0 avec sa \u00ab tourn\u00e9e mondiale Deep End \u00bb - Actualit\u00e9s - Joke Me","isPartOf":{"@id":"https:\/\/www.jokeme.fr\/actus\/#website"},"datePublished":"2026-04-07T18:40:50+00:00","dateModified":"2026-04-07T18:40:50+00:00","breadcrumb":{"@id":"https:\/\/www.jokeme.fr\/actus\/julia-wolf-sattaquera-a-lamerique-du-nord-et-au-dela-avec-sa-tournee-mondiale-deep-end\/#breadcrumb"},"inLanguage":"fr-FR","potentialAction":[{"@type":"ReadAction","target":["https:\/\/www.jokeme.fr\/actus\/julia-wolf-sattaquera-a-lamerique-du-nord-et-au-dela-avec-sa-tournee-mondiale-deep-end\/"]}]},{"@type":"BreadcrumbList","@id":"https:\/\/www.jokeme.fr\/actus\/julia-wolf-sattaquera-a-lamerique-du-nord-et-au-dela-avec-sa-tournee-mondiale-deep-end\/#breadcrumb","itemListElement":[{"@type":"ListItem","position":1,"name":"Accueil","item":"https:\/\/www.jokeme.fr\/actus\/"},{"@type":"ListItem","position":2,"name":"Julia Wolf s&#39;attaquera \u00e0 l&#39;Am\u00e9rique du Nord et au-del\u00e0 avec sa \u00ab tourn\u00e9e mondiale Deep End \u00bb"}]},{"@type":"WebSite","@id":"https:\/\/www.jokeme.fr\/actus\/#website","url":"https:\/\/www.jokeme.fr\/actus\/","name":"Actualit\u00e9s - Joke Me","description":"L&#039;actualit\u00e9 du rire","publisher":{"@id":"https:\/\/www.jokeme.fr\/actus\/#organization"},"potentialAction":[{"@type":"SearchAction","target":{"@type":"EntryPoint","urlTemplate":"https:\/\/www.jokeme.fr\/actus\/?s={search_term_string}"},"query-input":"required name=search_term_string"}],"inLanguage":"fr-FR"},{"@type":"Organization","@id":"https:\/\/www.jokeme.fr\/actus\/#organization","name":"Actualit\u00e9s - Joke Me","url":"https:\/\/www.jokeme.fr\/actus\/","logo":{"@type":"ImageObject","inLanguage":"fr-FR","@id":"https:\/\/www.jokeme.fr\/actus\/#\/schema\/logo\/image\/","url":"https:\/\/www.jokeme.fr\/actus\/wp-content\/uploads\/2023\/06\/cropped-Logo-Joke-Me.png","contentUrl":"https:\/\/www.jokeme.fr\/actus\/wp-content\/uploads\/2023\/06\/cropped-Logo-Joke-Me.png","width":499,"height":363,"caption":"Actualit\u00e9s - Joke Me"},"image":{"@id":"https:\/\/www.jokeme.fr\/actus\/#\/schema\/logo\/image\/"}},{"@type":"Person","@id":"https:\/\/www.jokeme.fr\/actus\/#\/schema\/person\/f0c6ad0d33ca144389e81e45a212928f","name":"Didier","image":{"@type":"ImageObject","inLanguage":"fr-FR","@id":"https:\/\/www.jokeme.fr\/actus\/#\/schema\/person\/image\/","url":"https:\/\/www.jokeme.fr\/actus\/wp-content\/uploads\/2024\/03\/jokeme-didier.jpg","contentUrl":"https:\/\/www.jokeme.fr\/actus\/wp-content\/uploads\/2024\/03\/jokeme-didier.jpg","caption":"Didier"},"description":"Didier, passionn\u00e9 de cin\u00e9ma, est un r\u00e9dacteur pour le m\u00e9dia Jokeme, o\u00f9 il partage sa passion \u00e0 travers des articles divertissants et informatifs. Ayant \u00e9tudi\u00e9 le journalisme, il allie sa formation \u00e0 sa passion pour offrir un contenu de qualit\u00e9 sur le monde du cin\u00e9ma.","sameAs":["https:\/\/www.jokeme.fr\/actus"]}]}},"_links":{"self":[{"href":"https:\/\/www.jokeme.fr\/actus\/wp-json\/wp\/v2\/posts\/24800"}],"collection":[{"href":"https:\/\/www.jokeme.fr\/actus\/wp-json\/wp\/v2\/posts"}],"about":[{"href":"https:\/\/www.jokeme.fr\/actus\/wp-json\/wp\/v2\/types\/post"}],"author":[{"embeddable":true,"href":"https:\/\/www.jokeme.fr\/actus\/wp-json\/wp\/v2\/users\/1"}],"replies":[{"embeddable":true,"href":"https:\/\/www.jokeme.fr\/actus\/wp-json\/wp\/v2\/comments?post=24800"}],"version-history":[{"count":1,"href":"https:\/\/www.jokeme.fr\/actus\/wp-json\/wp\/v2\/posts\/24800\/revisions"}],"predecessor-version":[{"id":24802,"href":"https:\/\/www.jokeme.fr\/actus\/wp-json\/wp\/v2\/posts\/24800\/revisions\/24802"}],"wp:featuredmedia":[{"embeddable":true,"href":"https:\/\/www.jokeme.fr\/actus\/wp-json\/wp\/v2\/media\/24801"}],"wp:attachment":[{"href":"https:\/\/www.jokeme.fr\/actus\/wp-json\/wp\/v2\/media?parent=24800"}],"wp:term":[{"taxonomy":"category","embeddable":true,"href":"https:\/\/www.jokeme.fr\/actus\/wp-json\/wp\/v2\/categories?post=24800"},{"taxonomy":"post_tag","embeddable":true,"href":"https:\/\/www.jokeme.fr\/actus\/wp-json\/wp\/v2\/tags?post=24800"}],"curies":[{"name":"wp","href":"https:\/\/api.w.org\/{rel}","templated":true}]}}