{"id":24875,"date":"2026-04-21T22:40:43","date_gmt":"2026-04-21T20:40:43","guid":{"rendered":"https:\/\/www.jokeme.fr\/actus\/apres-avoir-ete-la-tete-daffiche-de-coachella-karol-g-prendra-le-controle-du-reste-du-monde-avec-une-enorme-tournee\/"},"modified":"2026-04-21T22:40:44","modified_gmt":"2026-04-21T20:40:44","slug":"apres-avoir-ete-la-tete-daffiche-de-coachella-karol-g-prendra-le-controle-du-reste-du-monde-avec-une-enorme-tournee","status":"publish","type":"post","link":"https:\/\/www.jokeme.fr\/actus\/apres-avoir-ete-la-tete-daffiche-de-coachella-karol-g-prendra-le-controle-du-reste-du-monde-avec-une-enorme-tournee\/","title":{"rendered":"Apr\u00e8s avoir \u00e9t\u00e9 la t\u00eate d&#39;affiche de Coachella, Karol G prendra le contr\u00f4le du reste du monde avec une \u00e9norme tourn\u00e9e"},"content":{"rendered":"<div class=\"entry-content\">\n<div id=\"upx-cnx-player-wrap\"><\/div>\n<div class=\"post-page\" data-page=\"1\">\n<p>Karol G a connu un mois d&#39;avril fantastique jusqu&#39;\u00e0 pr\u00e9sent. Elle a notamment \u00e9t\u00e9 la t\u00eate d&#39;affiche des deux week-ends de Coachella (aux c\u00f4t\u00e9s de Sabrina Carpenter et Justin Bieber). Maintenant, elle continue de s&#39;amuser <em>Viajando Por El Mundo Tropitour<\/em>une tourn\u00e9e qu&#39;elle vient d&#39;annoncer aujourd&#39;hui (21 avril).<\/p>\n<p>Cette course occupera Karol pendant une ann\u00e9e enti\u00e8re, de juillet 2026 \u00e0 juillet 2027. Les spectacles nord-am\u00e9ricains s&#39;\u00e9tendront de juillet \u00e0 novembre, tandis qu&#39;en d\u00e9cembre, elle visitera l&#39;Am\u00e9rique du Sud et l&#39;Europe.<\/p>\n<p>Il y a une pr\u00e9vente commen\u00e7ant le 27 avril, dont les inscriptions sont ouvertes jusqu&#39;au 24 avril \u00e0 10 h HE. Le calendrier de la mise en vente g\u00e9n\u00e9rale varie selon le march\u00e9 et plus d&#39;informations peuvent \u00eatre trouv\u00e9es sur le site Web de Karol.<\/p>\n<p>Retrouvez la liste compl\u00e8te des dates ci-dessous.<\/p>\n<\/p><\/div>\n<div class=\"htlad-incontent upx-ad-lazy incontent\" data-ad-unit=\"incontent\" data-ad-provider=\"htlbid\" data-unit=\"\/23101112908\/uproxx\/music\/article\/incontent\" data-targeting='{\"position\":\"incontent\"}'><\/div>\n<div class=\"post-page\" data-page=\"2\">\n<h2>Dates des tourn\u00e9es 2026 et 2027 de Karol G\u00a0: <em>Viajando Por El Mundo Tropitour<\/em><\/h2>\n<p>24\/07\/2026 \u2014 Chicago, Illinois @ Soldier Field<br \/>\n29\/07\/2026 \u2014 Toronto, ON @ Stade Rogers<br \/>\n08\/02\/2026 \u2014 Washington, DC @ Stade Nord-Ouest<br \/>\n08\/07\/2026 \u2014 Las Vegas, NV @ Allegiant Stadium<br \/>\n14\/08\/2026 \u2014 Los Angeles, Californie @ SoFi Stadium<br \/>\n21\/08\/2026 \u2014 San Francisco, Californie @ Levi&#39;s Stadium<br \/>\n26\/08\/2026 \u2014 Seattle, Washington @ Lumen Field<br \/>\n29\/08\/2026 \u2014 Phoenix, Arizona au State Farm Stadium<br \/>\n02\/09\/2026 \u2014 San Antonio, Texas @ Alamodome<br \/>\n06\/09\/2026 \u2014 El Paso, Texas @ Stade Sun Bowl<br \/>\n12\/09\/2026 \u2014 Boston, MA @ Stade Gillette<br \/>\n17\/09\/2026 \u2014 New York, NY @ Stade MetLife<br \/>\n24\/09\/2026 \u2014 Atlanta, G\u00e9orgie @ Stade Mercedes-Benz<br \/>\n27\/09\/2026 \u2014 Houston, Texas @ Reliant Stadium<br \/>\n10\/02\/2026 \u2014 Miami, FL @ Hard Rock Stadium<br \/>\n10\/09\/2026 \u2014 Tampa, FL @ Stade Raymond James<br \/>\n15\/10\/2026 \u2014 Dallas, Texas @ AT&#038;T Stadium<br \/>\n11\/06\/2026 \u2014 Monterrey, MEX @ Estadio BBVA<br \/>\n13\/11\/2026 \u2014 Mexico, MEX @ Stade GNP Seguros<br \/>\n27\/11\/2026 \u2014 San Jos\u00e9, CRI @ Estadio Nacional de Costa Rica<br \/>\n12\/04\/2026 \u2014 Bogota, COL @ Stade Nemesio Camacho El Camp\u00edn<br \/>\n15\/01\/2027 \u2014 Quito, ECU @ Estadio Ol\u00edmpico Atahualpa<br \/>\n22\/01\/2027 \u2014 Lima, PER @ Estadio San Marcos<br \/>\n28\/01\/2027 \u2014 Santiago, CHL @ Estadio Nacional Julio Mart\u00ednez Pradanos<br \/>\n02\/05\/2027 \u2014 Buenos Aires, ARG @ Lieu \u00e0 d\u00e9terminer<br \/>\n02\/12\/2027 \u2014 S\u00e3o Paulo, BR @ Mercado Livre Arena Pacaembu<br \/>\n19\/02\/2027 \u2014 Saint-Domingue, DOM @ Estadio Ol\u00edmpico<br \/>\n26\/02\/2027 \u2014 San Juan, PRI @ Estadio Hiram Bithorn Sosa<br \/>\n03\/06\/2027 \u2014 Barcelone, ESP @ Estadi Olimpic<br \/>\n06\/11\/2027 \u2014 S\u00e9ville, ESP @ Estadio La Cartuja<br \/>\n18\/06\/2027 \u2014 Lisbonne, PRT @ Estadio Da Luz<br \/>\n24\/06\/2027 \u2014 Madrid, ESP @ Riyad Air Metropolitano<br \/>\n07\/01\/2027 \u2014 Paris, FRA @ La D\u00e9fense Arena<br \/>\n07\/06\/2027 \u2014 Londres, GBR @ Tottenham Hotspur Stadium<br \/>\n10\/07\/2027 \u2014 Amsterdam, NLD @ Johan Cruijff ArenA<br \/>\n14\/07\/2027 \u2014 Varsovie, POL @ PGE Narodowy<br \/>\n17\/07\/2027 \u2014 D\u00fcsseldorf, DEU @ Merkur Spiel-Arena<br \/>\n21\/07\/2027 \u2014 Lyon, FRA @ Groupama Stadium<br \/>\n24\/07\/2027 \u2014 Milan, ITA @ Stade San Siro<\/p>\n<\/p><\/div>\n<\/p><\/div>\n","protected":false},"excerpt":{"rendered":"<p>Karol G a connu un mois d&#39;avril fantastique jusqu&#39;\u00e0 pr\u00e9sent. Elle a notamment \u00e9t\u00e9 la t\u00eate d&#39;affiche des deux week-ends de Coachella (aux c\u00f4t\u00e9s de Sabrina Carpenter et Justin Bieber). Maintenant, elle continue de s&#39;amuser Viajando Por El Mundo Tropitourune tourn\u00e9e qu&#39;elle vient d&#39;annoncer aujourd&#39;hui (21 avril). Cette course occupera Karol pendant une ann\u00e9e enti\u00e8re, &#8230; <a title=\"Apr\u00e8s avoir \u00e9t\u00e9 la t\u00eate d&#039;affiche de Coachella, Karol G prendra le contr\u00f4le du reste du monde avec une \u00e9norme tourn\u00e9e\" class=\"read-more\" href=\"https:\/\/www.jokeme.fr\/actus\/apres-avoir-ete-la-tete-daffiche-de-coachella-karol-g-prendra-le-controle-du-reste-du-monde-avec-une-enorme-tournee\/\" aria-label=\"Plus sur Apr\u00e8s avoir \u00e9t\u00e9 la t\u00eate d&#039;affiche de Coachella, Karol G prendra le contr\u00f4le du reste du monde avec une \u00e9norme tourn\u00e9e\">Lire plus<\/a><\/p>\n","protected":false},"author":1,"featured_media":24876,"comment_status":"closed","ping_status":"open","sticky":false,"template":"","format":"standard","meta":{"footnotes":""},"categories":[1],"tags":[152,193,71,5440,741,5665,92,352,11515,239,6527,803,113,3385,33],"yoast_head":"<!-- This site is optimized with the Yoast SEO plugin v20.8 - https:\/\/yoast.com\/wordpress\/plugins\/seo\/ -->\n<title>Apr\u00e8s avoir \u00e9t\u00e9 la t\u00eate d&#039;affiche de Coachella, Karol G prendra le contr\u00f4le du reste du monde avec une \u00e9norme tourn\u00e9e - Actualit\u00e9s - Joke Me<\/title>\n<meta name=\"robots\" content=\"index, follow, max-snippet:-1, max-image-preview:large, max-video-preview:-1\" \/>\n<link rel=\"canonical\" href=\"https:\/\/www.jokeme.fr\/actus\/apres-avoir-ete-la-tete-daffiche-de-coachella-karol-g-prendra-le-controle-du-reste-du-monde-avec-une-enorme-tournee\/\" \/>\n<meta property=\"og:locale\" content=\"fr_FR\" \/>\n<meta property=\"og:type\" content=\"article\" \/>\n<meta property=\"og:title\" content=\"Apr\u00e8s avoir \u00e9t\u00e9 la t\u00eate d&#039;affiche de Coachella, Karol G prendra le contr\u00f4le du reste du monde avec une \u00e9norme tourn\u00e9e - Actualit\u00e9s - Joke Me\" \/>\n<meta property=\"og:description\" content=\"Karol G a connu un mois d&#039;avril fantastique jusqu&#039;\u00e0 pr\u00e9sent. Elle a notamment \u00e9t\u00e9 la t\u00eate d&#039;affiche des deux week-ends de Coachella (aux c\u00f4t\u00e9s de Sabrina Carpenter et Justin Bieber). Maintenant, elle continue de s&#039;amuser Viajando Por El Mundo Tropitourune tourn\u00e9e qu&#039;elle vient d&#039;annoncer aujourd&#039;hui (21 avril). Cette course occupera Karol pendant une ann\u00e9e enti\u00e8re, ... Lire plus\" \/>\n<meta property=\"og:url\" content=\"https:\/\/www.jokeme.fr\/actus\/apres-avoir-ete-la-tete-daffiche-de-coachella-karol-g-prendra-le-controle-du-reste-du-monde-avec-une-enorme-tournee\/\" \/>\n<meta property=\"og:site_name\" content=\"Actualit\u00e9s - Joke Me\" \/>\n<meta property=\"article:published_time\" content=\"2026-04-21T20:40:43+00:00\" \/>\n<meta property=\"article:modified_time\" content=\"2026-04-21T20:40:44+00:00\" \/>\n<meta property=\"og:image\" content=\"https:\/\/www.jokeme.fr\/actus\/wp-content\/uploads\/2026\/04\/Apres-avoir-ete-la-tete-d39affiche-de-Coachella-Karol-G.jpg\" \/>\n\t<meta property=\"og:image:width\" content=\"710\" \/>\n\t<meta property=\"og:image:height\" content=\"400\" \/>\n\t<meta property=\"og:image:type\" content=\"image\/jpeg\" \/>\n<meta name=\"author\" content=\"Didier\" \/>\n<meta name=\"twitter:card\" content=\"summary_large_image\" \/>\n<meta name=\"twitter:label1\" content=\"\u00c9crit par\" \/>\n\t<meta name=\"twitter:data1\" content=\"Didier\" \/>\n\t<meta name=\"twitter:label2\" content=\"Dur\u00e9e de lecture estim\u00e9e\" \/>\n\t<meta name=\"twitter:data2\" content=\"2 minutes\" \/>\n<script type=\"application\/ld+json\" class=\"yoast-schema-graph\">{\"@context\":\"https:\/\/schema.org\",\"@graph\":[{\"@type\":\"Article\",\"@id\":\"https:\/\/www.jokeme.fr\/actus\/apres-avoir-ete-la-tete-daffiche-de-coachella-karol-g-prendra-le-controle-du-reste-du-monde-avec-une-enorme-tournee\/#article\",\"isPartOf\":{\"@id\":\"https:\/\/www.jokeme.fr\/actus\/apres-avoir-ete-la-tete-daffiche-de-coachella-karol-g-prendra-le-controle-du-reste-du-monde-avec-une-enorme-tournee\/\"},\"author\":{\"name\":\"Didier\",\"@id\":\"https:\/\/www.jokeme.fr\/actus\/#\/schema\/person\/f0c6ad0d33ca144389e81e45a212928f\"},\"headline\":\"Apr\u00e8s avoir \u00e9t\u00e9 la t\u00eate d&#39;affiche de Coachella, Karol G prendra le contr\u00f4le du reste du monde avec une \u00e9norme tourn\u00e9e\",\"datePublished\":\"2026-04-21T20:40:43+00:00\",\"dateModified\":\"2026-04-21T20:40:44+00:00\",\"mainEntityOfPage\":{\"@id\":\"https:\/\/www.jokeme.fr\/actus\/apres-avoir-ete-la-tete-daffiche-de-coachella-karol-g-prendra-le-controle-du-reste-du-monde-avec-une-enorme-tournee\/\"},\"wordCount\":394,\"publisher\":{\"@id\":\"https:\/\/www.jokeme.fr\/actus\/#organization\"},\"keywords\":[\"apr\u00e8s\",\"avec\",\"avoir\",\"Coachella\",\"contr\u00f4le\",\"d39affiche\",\"\u00e9norme\",\"\u00e9t\u00e9\",\"Karol\",\"monde\",\"prendra\",\"rest\u00e9\",\"t\u00eate\",\"tourn\u00e9e\",\"une\"],\"inLanguage\":\"fr-FR\"},{\"@type\":\"WebPage\",\"@id\":\"https:\/\/www.jokeme.fr\/actus\/apres-avoir-ete-la-tete-daffiche-de-coachella-karol-g-prendra-le-controle-du-reste-du-monde-avec-une-enorme-tournee\/\",\"url\":\"https:\/\/www.jokeme.fr\/actus\/apres-avoir-ete-la-tete-daffiche-de-coachella-karol-g-prendra-le-controle-du-reste-du-monde-avec-une-enorme-tournee\/\",\"name\":\"Apr\u00e8s avoir \u00e9t\u00e9 la t\u00eate d&#39;affiche de Coachella, Karol G prendra le contr\u00f4le du reste du monde avec une \u00e9norme tourn\u00e9e - Actualit\u00e9s - Joke Me\",\"isPartOf\":{\"@id\":\"https:\/\/www.jokeme.fr\/actus\/#website\"},\"datePublished\":\"2026-04-21T20:40:43+00:00\",\"dateModified\":\"2026-04-21T20:40:44+00:00\",\"breadcrumb\":{\"@id\":\"https:\/\/www.jokeme.fr\/actus\/apres-avoir-ete-la-tete-daffiche-de-coachella-karol-g-prendra-le-controle-du-reste-du-monde-avec-une-enorme-tournee\/#breadcrumb\"},\"inLanguage\":\"fr-FR\",\"potentialAction\":[{\"@type\":\"ReadAction\",\"target\":[\"https:\/\/www.jokeme.fr\/actus\/apres-avoir-ete-la-tete-daffiche-de-coachella-karol-g-prendra-le-controle-du-reste-du-monde-avec-une-enorme-tournee\/\"]}]},{\"@type\":\"BreadcrumbList\",\"@id\":\"https:\/\/www.jokeme.fr\/actus\/apres-avoir-ete-la-tete-daffiche-de-coachella-karol-g-prendra-le-controle-du-reste-du-monde-avec-une-enorme-tournee\/#breadcrumb\",\"itemListElement\":[{\"@type\":\"ListItem\",\"position\":1,\"name\":\"Accueil\",\"item\":\"https:\/\/www.jokeme.fr\/actus\/\"},{\"@type\":\"ListItem\",\"position\":2,\"name\":\"Apr\u00e8s avoir \u00e9t\u00e9 la t\u00eate d&#39;affiche de Coachella, Karol G prendra le contr\u00f4le du reste du monde avec une \u00e9norme tourn\u00e9e\"}]},{\"@type\":\"WebSite\",\"@id\":\"https:\/\/www.jokeme.fr\/actus\/#website\",\"url\":\"https:\/\/www.jokeme.fr\/actus\/\",\"name\":\"Actualit\u00e9s - Joke Me\",\"description\":\"L&#039;actualit\u00e9 du rire\",\"publisher\":{\"@id\":\"https:\/\/www.jokeme.fr\/actus\/#organization\"},\"potentialAction\":[{\"@type\":\"SearchAction\",\"target\":{\"@type\":\"EntryPoint\",\"urlTemplate\":\"https:\/\/www.jokeme.fr\/actus\/?s={search_term_string}\"},\"query-input\":\"required name=search_term_string\"}],\"inLanguage\":\"fr-FR\"},{\"@type\":\"Organization\",\"@id\":\"https:\/\/www.jokeme.fr\/actus\/#organization\",\"name\":\"Actualit\u00e9s - Joke Me\",\"url\":\"https:\/\/www.jokeme.fr\/actus\/\",\"logo\":{\"@type\":\"ImageObject\",\"inLanguage\":\"fr-FR\",\"@id\":\"https:\/\/www.jokeme.fr\/actus\/#\/schema\/logo\/image\/\",\"url\":\"https:\/\/www.jokeme.fr\/actus\/wp-content\/uploads\/2023\/06\/cropped-Logo-Joke-Me.png\",\"contentUrl\":\"https:\/\/www.jokeme.fr\/actus\/wp-content\/uploads\/2023\/06\/cropped-Logo-Joke-Me.png\",\"width\":499,\"height\":363,\"caption\":\"Actualit\u00e9s - Joke Me\"},\"image\":{\"@id\":\"https:\/\/www.jokeme.fr\/actus\/#\/schema\/logo\/image\/\"}},{\"@type\":\"Person\",\"@id\":\"https:\/\/www.jokeme.fr\/actus\/#\/schema\/person\/f0c6ad0d33ca144389e81e45a212928f\",\"name\":\"Didier\",\"image\":{\"@type\":\"ImageObject\",\"inLanguage\":\"fr-FR\",\"@id\":\"https:\/\/www.jokeme.fr\/actus\/#\/schema\/person\/image\/\",\"url\":\"https:\/\/www.jokeme.fr\/actus\/wp-content\/uploads\/2024\/03\/jokeme-didier.jpg\",\"contentUrl\":\"https:\/\/www.jokeme.fr\/actus\/wp-content\/uploads\/2024\/03\/jokeme-didier.jpg\",\"caption\":\"Didier\"},\"description\":\"Didier, passionn\u00e9 de cin\u00e9ma, est un r\u00e9dacteur pour le m\u00e9dia Jokeme, o\u00f9 il partage sa passion \u00e0 travers des articles divertissants et informatifs. Ayant \u00e9tudi\u00e9 le journalisme, il allie sa formation \u00e0 sa passion pour offrir un contenu de qualit\u00e9 sur le monde du cin\u00e9ma.\",\"sameAs\":[\"https:\/\/www.jokeme.fr\/actus\"]}]}<\/script>\n<!-- \/ Yoast SEO plugin. -->","yoast_head_json":{"title":"Apr\u00e8s avoir \u00e9t\u00e9 la t\u00eate d&#39;affiche de Coachella, Karol G prendra le contr\u00f4le du reste du monde avec une \u00e9norme tourn\u00e9e - Actualit\u00e9s - Joke Me","robots":{"index":"index","follow":"follow","max-snippet":"max-snippet:-1","max-image-preview":"max-image-preview:large","max-video-preview":"max-video-preview:-1"},"canonical":"https:\/\/www.jokeme.fr\/actus\/apres-avoir-ete-la-tete-daffiche-de-coachella-karol-g-prendra-le-controle-du-reste-du-monde-avec-une-enorme-tournee\/","og_locale":"fr_FR","og_type":"article","og_title":"Apr\u00e8s avoir \u00e9t\u00e9 la t\u00eate d&#39;affiche de Coachella, Karol G prendra le contr\u00f4le du reste du monde avec une \u00e9norme tourn\u00e9e - Actualit\u00e9s - Joke Me","og_description":"Karol G a connu un mois d&#39;avril fantastique jusqu&#39;\u00e0 pr\u00e9sent. Elle a notamment \u00e9t\u00e9 la t\u00eate d&#39;affiche des deux week-ends de Coachella (aux c\u00f4t\u00e9s de Sabrina Carpenter et Justin Bieber). Maintenant, elle continue de s&#39;amuser Viajando Por El Mundo Tropitourune tourn\u00e9e qu&#39;elle vient d&#39;annoncer aujourd&#39;hui (21 avril). Cette course occupera Karol pendant une ann\u00e9e enti\u00e8re, ... Lire plus","og_url":"https:\/\/www.jokeme.fr\/actus\/apres-avoir-ete-la-tete-daffiche-de-coachella-karol-g-prendra-le-controle-du-reste-du-monde-avec-une-enorme-tournee\/","og_site_name":"Actualit\u00e9s - Joke Me","article_published_time":"2026-04-21T20:40:43+00:00","article_modified_time":"2026-04-21T20:40:44+00:00","og_image":[{"width":710,"height":400,"url":"https:\/\/www.jokeme.fr\/actus\/wp-content\/uploads\/2026\/04\/Apres-avoir-ete-la-tete-d39affiche-de-Coachella-Karol-G.jpg","type":"image\/jpeg"}],"author":"Didier","twitter_card":"summary_large_image","twitter_misc":{"\u00c9crit par":"Didier","Dur\u00e9e de lecture estim\u00e9e":"2 minutes"},"schema":{"@context":"https:\/\/schema.org","@graph":[{"@type":"Article","@id":"https:\/\/www.jokeme.fr\/actus\/apres-avoir-ete-la-tete-daffiche-de-coachella-karol-g-prendra-le-controle-du-reste-du-monde-avec-une-enorme-tournee\/#article","isPartOf":{"@id":"https:\/\/www.jokeme.fr\/actus\/apres-avoir-ete-la-tete-daffiche-de-coachella-karol-g-prendra-le-controle-du-reste-du-monde-avec-une-enorme-tournee\/"},"author":{"name":"Didier","@id":"https:\/\/www.jokeme.fr\/actus\/#\/schema\/person\/f0c6ad0d33ca144389e81e45a212928f"},"headline":"Apr\u00e8s avoir \u00e9t\u00e9 la t\u00eate d&#39;affiche de Coachella, Karol G prendra le contr\u00f4le du reste du monde avec une \u00e9norme tourn\u00e9e","datePublished":"2026-04-21T20:40:43+00:00","dateModified":"2026-04-21T20:40:44+00:00","mainEntityOfPage":{"@id":"https:\/\/www.jokeme.fr\/actus\/apres-avoir-ete-la-tete-daffiche-de-coachella-karol-g-prendra-le-controle-du-reste-du-monde-avec-une-enorme-tournee\/"},"wordCount":394,"publisher":{"@id":"https:\/\/www.jokeme.fr\/actus\/#organization"},"keywords":["apr\u00e8s","avec","avoir","Coachella","contr\u00f4le","d39affiche","\u00e9norme","\u00e9t\u00e9","Karol","monde","prendra","rest\u00e9","t\u00eate","tourn\u00e9e","une"],"inLanguage":"fr-FR"},{"@type":"WebPage","@id":"https:\/\/www.jokeme.fr\/actus\/apres-avoir-ete-la-tete-daffiche-de-coachella-karol-g-prendra-le-controle-du-reste-du-monde-avec-une-enorme-tournee\/","url":"https:\/\/www.jokeme.fr\/actus\/apres-avoir-ete-la-tete-daffiche-de-coachella-karol-g-prendra-le-controle-du-reste-du-monde-avec-une-enorme-tournee\/","name":"Apr\u00e8s avoir \u00e9t\u00e9 la t\u00eate d&#39;affiche de Coachella, Karol G prendra le contr\u00f4le du reste du monde avec une \u00e9norme tourn\u00e9e - Actualit\u00e9s - Joke Me","isPartOf":{"@id":"https:\/\/www.jokeme.fr\/actus\/#website"},"datePublished":"2026-04-21T20:40:43+00:00","dateModified":"2026-04-21T20:40:44+00:00","breadcrumb":{"@id":"https:\/\/www.jokeme.fr\/actus\/apres-avoir-ete-la-tete-daffiche-de-coachella-karol-g-prendra-le-controle-du-reste-du-monde-avec-une-enorme-tournee\/#breadcrumb"},"inLanguage":"fr-FR","potentialAction":[{"@type":"ReadAction","target":["https:\/\/www.jokeme.fr\/actus\/apres-avoir-ete-la-tete-daffiche-de-coachella-karol-g-prendra-le-controle-du-reste-du-monde-avec-une-enorme-tournee\/"]}]},{"@type":"BreadcrumbList","@id":"https:\/\/www.jokeme.fr\/actus\/apres-avoir-ete-la-tete-daffiche-de-coachella-karol-g-prendra-le-controle-du-reste-du-monde-avec-une-enorme-tournee\/#breadcrumb","itemListElement":[{"@type":"ListItem","position":1,"name":"Accueil","item":"https:\/\/www.jokeme.fr\/actus\/"},{"@type":"ListItem","position":2,"name":"Apr\u00e8s avoir \u00e9t\u00e9 la t\u00eate d&#39;affiche de Coachella, Karol G prendra le contr\u00f4le du reste du monde avec une \u00e9norme tourn\u00e9e"}]},{"@type":"WebSite","@id":"https:\/\/www.jokeme.fr\/actus\/#website","url":"https:\/\/www.jokeme.fr\/actus\/","name":"Actualit\u00e9s - Joke Me","description":"L&#039;actualit\u00e9 du rire","publisher":{"@id":"https:\/\/www.jokeme.fr\/actus\/#organization"},"potentialAction":[{"@type":"SearchAction","target":{"@type":"EntryPoint","urlTemplate":"https:\/\/www.jokeme.fr\/actus\/?s={search_term_string}"},"query-input":"required name=search_term_string"}],"inLanguage":"fr-FR"},{"@type":"Organization","@id":"https:\/\/www.jokeme.fr\/actus\/#organization","name":"Actualit\u00e9s - Joke Me","url":"https:\/\/www.jokeme.fr\/actus\/","logo":{"@type":"ImageObject","inLanguage":"fr-FR","@id":"https:\/\/www.jokeme.fr\/actus\/#\/schema\/logo\/image\/","url":"https:\/\/www.jokeme.fr\/actus\/wp-content\/uploads\/2023\/06\/cropped-Logo-Joke-Me.png","contentUrl":"https:\/\/www.jokeme.fr\/actus\/wp-content\/uploads\/2023\/06\/cropped-Logo-Joke-Me.png","width":499,"height":363,"caption":"Actualit\u00e9s - Joke Me"},"image":{"@id":"https:\/\/www.jokeme.fr\/actus\/#\/schema\/logo\/image\/"}},{"@type":"Person","@id":"https:\/\/www.jokeme.fr\/actus\/#\/schema\/person\/f0c6ad0d33ca144389e81e45a212928f","name":"Didier","image":{"@type":"ImageObject","inLanguage":"fr-FR","@id":"https:\/\/www.jokeme.fr\/actus\/#\/schema\/person\/image\/","url":"https:\/\/www.jokeme.fr\/actus\/wp-content\/uploads\/2024\/03\/jokeme-didier.jpg","contentUrl":"https:\/\/www.jokeme.fr\/actus\/wp-content\/uploads\/2024\/03\/jokeme-didier.jpg","caption":"Didier"},"description":"Didier, passionn\u00e9 de cin\u00e9ma, est un r\u00e9dacteur pour le m\u00e9dia Jokeme, o\u00f9 il partage sa passion \u00e0 travers des articles divertissants et informatifs. Ayant \u00e9tudi\u00e9 le journalisme, il allie sa formation \u00e0 sa passion pour offrir un contenu de qualit\u00e9 sur le monde du cin\u00e9ma.","sameAs":["https:\/\/www.jokeme.fr\/actus"]}]}},"_links":{"self":[{"href":"https:\/\/www.jokeme.fr\/actus\/wp-json\/wp\/v2\/posts\/24875"}],"collection":[{"href":"https:\/\/www.jokeme.fr\/actus\/wp-json\/wp\/v2\/posts"}],"about":[{"href":"https:\/\/www.jokeme.fr\/actus\/wp-json\/wp\/v2\/types\/post"}],"author":[{"embeddable":true,"href":"https:\/\/www.jokeme.fr\/actus\/wp-json\/wp\/v2\/users\/1"}],"replies":[{"embeddable":true,"href":"https:\/\/www.jokeme.fr\/actus\/wp-json\/wp\/v2\/comments?post=24875"}],"version-history":[{"count":1,"href":"https:\/\/www.jokeme.fr\/actus\/wp-json\/wp\/v2\/posts\/24875\/revisions"}],"predecessor-version":[{"id":24877,"href":"https:\/\/www.jokeme.fr\/actus\/wp-json\/wp\/v2\/posts\/24875\/revisions\/24877"}],"wp:featuredmedia":[{"embeddable":true,"href":"https:\/\/www.jokeme.fr\/actus\/wp-json\/wp\/v2\/media\/24876"}],"wp:attachment":[{"href":"https:\/\/www.jokeme.fr\/actus\/wp-json\/wp\/v2\/media?parent=24875"}],"wp:term":[{"taxonomy":"category","embeddable":true,"href":"https:\/\/www.jokeme.fr\/actus\/wp-json\/wp\/v2\/categories?post=24875"},{"taxonomy":"post_tag","embeddable":true,"href":"https:\/\/www.jokeme.fr\/actus\/wp-json\/wp\/v2\/tags?post=24875"}],"curies":[{"name":"wp","href":"https:\/\/api.w.org\/{rel}","templated":true}]}}