{"id":24881,"date":"2026-04-24T20:40:41","date_gmt":"2026-04-24T18:40:41","guid":{"rendered":"https:\/\/www.jokeme.fr\/actus\/fenceline-de-mildred-est-le-dormeur-independant-de-2026\/"},"modified":"2026-04-24T20:40:44","modified_gmt":"2026-04-24T18:40:44","slug":"fenceline-de-mildred-est-le-dormeur-independant-de-2026","status":"publish","type":"post","link":"https:\/\/www.jokeme.fr\/actus\/fenceline-de-mildred-est-le-dormeur-independant-de-2026\/","title":{"rendered":"\u00ab\u00a0Fenceline\u00a0\u00bb de Mildred est le dormeur ind\u00e9pendant de 2026"},"content":{"rendered":"<div class=\"entry-content\">\n<div class=\"post-page\" data-page=\"1\">\n<p>D&#39;apr\u00e8s les gars de Mildred, leur groupe ne s&#39;est pas vraiment form\u00e9. Vers 2022, trois des quatre membres \u2013 les chanteurs-guitaristes Henry Easton Koehler et Jack Schrott, et le chanteur-bassiste Matt Palmquist \u2013 vivaient ensemble dans une maison \u00e0 Berkeley et se liaient autour de bi\u00e8res et de chansons de Silver Jewish. Ils avaient tous environ 30 ans, \u00e0 quelques ann\u00e9es pr\u00e8s, et travaillaient quotidiennement ou poursuivaient des \u00e9tudes universitaires. M\u00eame si, comme le reste du monde, ils venaient d\u2019\u00eatre temporairement clou\u00e9s au sol \u00e0 cause de la pand\u00e9mie. <\/p>\n<p>\u00c0 cette \u00e9poque, chaque fois que le batteur Will Fortna venait de l&#39;ext\u00e9rieur de la ville, leurs parties se d\u00e9roulaient parfois avec des instruments \u00e0 la main. Au fil du temps, des chansons ont commenc\u00e9 \u00e0 sortir de ces jams impromptus. Encore plus progressivement, ces morceaux ont \u00e9t\u00e9 affin\u00e9s pour devenir quelque chose de bon, puis quelque chose de plut\u00f4t g\u00e9nial, en fait. <\/p>\n<p>Vous pouvez entendre le r\u00e9sultat de ces s\u00e9ances de taureaux confortables et sinueuses sur le premier album de Mildred, <em>Cl\u00f4ture<\/em>l&#39;un des dormeurs les plus attachants de 2026. Comme un disque de David Berman si le regrett\u00e9 grand auteur-compositeur-interpr\u00e8te avait d\u00e9m\u00e9nag\u00e9 dans le nord de la Californie et avait commenc\u00e9 \u00e0 imiter The Band et CSNY, <em>Cl\u00f4ture<\/em> est compos\u00e9 d&#39;\u00e9tudes de personnages discr\u00e8tes et hautement observationnelles sur un folk-rock tranquillement revigorant. On dirait que tout a \u00e9t\u00e9 jou\u00e9 en direct dans une pi\u00e8ce. C&#39;est pour mieux capturer la chimie naturelle comme la respiration entre les quatre protagonistes, dont les parties instrumentales semblent organiquement rendues tout en s&#39;embo\u00eetent les unes dans les autres comme une broderie complexe. <\/p>\n<p>Je l&#39;\u00e9coute constamment depuis qu&#39;il est apparu dans ma bo\u00eete de r\u00e9ception avant sa sortie fin avril. Un disque de plaisirs simples et sans pr\u00e9tention, <em>Cl\u00f4ture<\/em> est charg\u00e9 de petits moments qui retentissent en grand \u00e0 mesure que vous y passez du temps, comme le solo de guitare qui s&#39;arr\u00eate soudainement \u00e0 la fin de \u00ab Fish Sticks \u00bb ou les ch\u0153urs qui r\u00e9sonnent comme un feu de camp en chantant dans \u00ab Charlie \u00bb ou la fa\u00e7on dont le refrain r\u00e9p\u00e9t\u00e9 de \u00ab Aquinas \u00bb (\u00ab Je pensais \u00e0 mourir \u00bb) persiste dans l&#39;esprit longtemps apr\u00e8s la fin du disque. <\/p>\n<div class=\"htlad-incontent upx-ad-lazy incontent\" data-ad-unit=\"incontent\" data-ad-provider=\"htlbid\" data-unit=\"\/23101112908\/uproxx\/music\/indie\/article\/incontent\"><\/div>\n<p>C\u2019est \u00e0 la fois d\u00e9licat et dur, cr\u00e9\u00e9 par un v\u00e9ritable groupe dont les membres semblent v\u00e9ritablement sans ego. Pour <em>Cl\u00f4ture<\/em>les quatre gars ont particip\u00e9 aux chansons \u2013 l\u2019un pourrait apporter le germe d\u2019une id\u00e9e, tandis que les autres ont apport\u00e9 des paroles ou des id\u00e9es d\u2019arrangement. Lorsque j&#39;ai parl\u00e9 avec Koehler et Fortna la semaine derni\u00e8re sur Zoom, ils \u00e9taient cat\u00e9goriques sur le fait que le groupe n&#39;avait ni chef ni hi\u00e9rarchie. Quand j\u2019ai mentionn\u00e9 que la plupart des groupes ont besoin d\u2019une sorte de \u00ab patron \u00bb pour fonctionner, ils ont poliment insist\u00e9 sur le fait que Mildred existait en tant que \u00ab organique \u00bb \u2013 un mot qu\u2019ils ont utilis\u00e9 sept fois au cours d\u2019une interview d\u2019une demi-heure \u2013 une sorte de coop\u00e9rative. <\/p>\n<p>\u00ab\u00a0Juste quatre mecs tranquilles qui tra\u00eenent, boivent de la bi\u00e8re et jouent de la musique ?\u00a0\u00bb J&#39;ai demand\u00e9.<\/p>\n<p>\u00ab\u00a0Assez bien\u00a0\u00bb, r\u00e9pondit Fortna en riant.<\/p>\n<p>\u00ab\u00a0Vous nous avez eu\u00a0\u00bb, a ajout\u00e9 Koehler. <\/p>\n<p><strong>Vous avez tous commenc\u00e9 ce groupe relativement tard dans votre vie. Qu\u2019est-ce qui vous a amen\u00e9 \u00e0 ce point ?<\/strong><\/p>\n<p><strong>Henri:<\/strong> Jack et moi avons grandi ensemble \u00e0 Portland et nous avons grandi en jouant de la musique ensemble. Will et moi sommes en fait cousins, mais je ne savais pas vraiment qu&#39;il existait. Mais nous nous sommes rencontr\u00e9s gr\u00e2ce \u00e0 un cousin commun qui nous a pr\u00e9sent\u00e9 et s&#39;est rapidement li\u00e9 autour de la musique et a commenc\u00e9 \u00e0 jouer de la musique ensemble. Et puis Matt, Jack et moi \u00e9tions colocataires.<\/p>\n<\/p><\/div>\n<div class=\"htlad-incontent upx-ad-lazy incontent\" data-ad-unit=\"incontent\" data-ad-provider=\"htlbid\" data-unit=\"\/23101112908\/uproxx\/music\/indie\/article\/incontent\" data-targeting='{\"position\":\"incontent\"}'><\/div>\n<div class=\"post-page\" data-page=\"2\">\n<p><strong>Volont\u00e9:<\/strong> J&#39;ai jou\u00e9 dans plusieurs groupes \u00e0 Londres et, dans la premi\u00e8re moiti\u00e9 de ma vingtaine, ma vie n&#39;\u00e9tait que musique et j&#39;essayais de vivre en tant que musicien. Et puis j\u2019ai pens\u00e9 que j\u2019avais abandonn\u00e9 \u00e7a pour de bon, en d\u00e9m\u00e9nageant aux \u00c9tats-Unis pour \u00e9tudier le droit dans la seconde moiti\u00e9 de la vingtaine. Mais ensuite je me suis connect\u00e9 avec ces gars. Nous avons juste commenc\u00e9 \u00e0 jouer de la musique dans la maison o\u00f9 ils vivaient, avant le d\u00eener et apr\u00e8s le d\u00eener dans le salon. Nous n&#39;avions pas de v\u00e9ritables projets pour commencer \u00e0 cr\u00e9er un <em>groupe<\/em> groupe ou jouer des spectacles. Tout cela s\u2019est produit de mani\u00e8re tr\u00e8s organique.<\/p>\n<p><strong>Henri:<\/strong> C&#39;\u00e9tait surtout comme si, <em>Mettons tout \u00e7a ensemble et essayons peut-\u00eatre d&#39;avoir des concerts en ville.<\/em>. Mais je pense que nous avons rapidement commenc\u00e9 \u00e0 en profiter de plus en plus. Et puis nous sommes partis en tourn\u00e9e il y a quelques ann\u00e9es, notre premi\u00e8re fois en dehors de la Bay Area, avec notre amie Naima Bock. Et c&#39;\u00e9tait, du moins pour moi, le moment de <em>C&#39;est quelque chose de tr\u00e8s significatif et nous voulons le faire et le prendre beaucoup plus au s\u00e9rieux.<\/em>.<\/p>\n<p><strong>J\u2019entends tout le temps de la bouche des musiciens que la p\u00e9riode de confinement a \u00e9t\u00e9 une p\u00e9riode o\u00f9 beaucoup de projets ont d\u00e9marr\u00e9. On dirait que c&#39;\u00e9tait \u00e9galement vrai pour Mildred ?<\/strong><\/p>\n<p><strong>Henri:<\/strong> Nous avions d\u00e9finitivement des chansons \u00e9crites \u00e0 l\u2019\u00e9poque de la pand\u00e9mie. Une fois que les choses ont commenc\u00e9 \u00e0 s&#39;ouvrir un peu plus, nous avions juste du mat\u00e9riel qui tra\u00eenait et Will vivait soudainement dans le m\u00eame quartier. Donc, c&#39;\u00e9tait facile d&#39;\u00eatre comme, <em>Nous pouvons simplement jouer ces chansons et peut-\u00eatre que nous pourrons ensuite enregistrer ces chansons et ensuite faire une petite tourn\u00e9e de ces chansons.<\/em>. Mais pendant la pand\u00e9mie, nous avons pass\u00e9 beaucoup de temps \u00e0 parler de musique et \u00e0 \u00e9couter de la musique. La musique occupait une grande place dans notre vie dans cette maison.<\/p>\n<p><strong>Sur quelle musique \u00e9tiez-vous en contact ?<\/strong><\/p>\n<p><strong>Henri:<\/strong> J\u2019\u00e9tais assez maniaque des Juifs d\u2019Argent. Will venait de me pr\u00e9senter David Berman, peu de temps apr\u00e8s <em>Montagnes violettes<\/em> est sorti. Je me souviens que nous traversions le Golden Gate Bridge et Will disait : \u00ab\u00a0C&#39;est l&#39;un de mes groupes pr\u00e9f\u00e9r\u00e9s. Ils s&#39;appellent Silver Jewish.\u00a0\u00bb Et je me suis dit : \u00ab\u00a0C&#39;est quoi cette musique indie terne ? Cela ne me parle pas du tout.\u00a0\u00bb C&#39;\u00e9tait peu de temps apr\u00e8s notre rencontre. Et puis j\u2019ai continu\u00e9 \u00e0 en entendre parler et je suis vite devenu accro. <\/p>\n<div class=\"htlad-incontent upx-ad-lazy incontent\" data-ad-unit=\"incontent\" data-ad-provider=\"htlbid\" data-unit=\"\/23101112908\/uproxx\/music\/indie\/article\/incontent\"><\/div>\n<p>Le plus grand souvenir musical que j\u2019ai de la pand\u00e9mie est de me promener sans rel\u00e2che dans notre maison avec des distiques de David Berman en t\u00eate et de les chanter d\u2019une mani\u00e8re un peu folle. Il y avait beaucoup de gens assis et buvant des bi\u00e8res. Et nous avions une batterie dans le salon et des guitares qui tra\u00eenaient. Les gens entraient et sortaient du salon et jouaient de la musique, des reprises, des originaux, des petites chansons sur lesquelles ils travaillaient. Et de temps en temps, nous finissions par jouer ensemble tous les trois. <\/p>\n<p><strong>Votre disque me rappelle les Silver Jewish si David Berman vivait dans le nord de la Californie et \u00e9tait \u00e9galement influenc\u00e9 par le CSNY.<\/strong><\/p>\n<p><strong>Volont\u00e9:<\/strong> J&#39;adore cette description. <\/p>\n<p><strong>Henri:<\/strong> Je dirais qu&#39;aucun d&#39;entre nous n&#39;est un grand chef du CSNY, mais nous avons un peu fait cette comparaison au fil des ans et je la prends comme un compliment. Et je pense que nous aimons tous chanter ensemble et harmoniser.<\/p>\n<\/p><\/div>\n<div class=\"htlad-incontent upx-ad-lazy incontent\" data-ad-unit=\"incontent\" data-ad-provider=\"htlbid\" data-unit=\"\/23101112908\/uproxx\/music\/indie\/article\/incontent\" data-targeting='{\"position\":\"incontent\"}'><\/div>\n<div class=\"post-page\" data-page=\"3\">\n<p><strong>Votre groupe est unique dans le sens o\u00f9 vous n&#39;avez pas qu&#39;un ou deux auteurs-compositeurs principaux. Comment se d\u00e9roule exactement votre collaboration ?<\/strong><\/p>\n<p><strong>Henri:<\/strong> Le processus tournait vraiment autour du fait que nous jouions ensemble chaque semaine. Les membres du groupe apportaient des extraits de chansons assez bruts et inachev\u00e9s et nous les \u00e9toffions ensemble et nous nous encourageions mutuellement \u00e0 terminer lesdites chansons. Parfois, Will, Jack ou Matt disaient : \u00ab\u00a0J&#39;aime vraiment cette phrase. Tu devrais la garder.\u00a0\u00bb Ou sugg\u00e9rez de nouvelles lignes. Donc, m\u00eame si chacun de nous \u00e9crivait des chansons individuelles, ce genre de paternit\u00e9 \u00e9tait, je pense, poreux.<\/p>\n<p><strong>M\u00eame s\u2019il n\u2019y a pas de \u00ab leader \u00bb en soi, est-ce que vous jouez des r\u00f4les diff\u00e9rents\u00a0?<\/strong><\/p>\n<p><strong>Henri:<\/strong> Au moins pour cet album, Jack et moi \u00e9tions un peu plus concentr\u00e9s sur les chansons et Matt et Will apportaient un peu plus le cerveau \u00ab des arrangements et du producteur \u00bb. Mais ces r\u00f4les ne sont d\u00e9finitivement pas fixes. Nous travaillons actuellement sur notre prochain lot de chansons et Will \u00e9crit \u00e9galement beaucoup de chansons. Donc, je pense que tout le monde fait un peu de tout, ce qui rend \u00e7a vraiment amusant, du moins pour moi, parce que vous vous retrouvez dans une position du genre : \u00ab H\u00e9, comment puis-je interpr\u00e9ter cette chanson en tant que guitariste ? Mais ensuite, vous devenez aussi un chanteur principal. Cela rend les choses vraiment amusantes et excitantes.<\/p>\n<p><strong>Il y a une raison pour laquelle la plupart des bandes ont une sorte de hi\u00e9rarchie : il peut \u00eatre difficile de fonctionner sans une \u00ab cha\u00eene de commandement \u00bb, pour ainsi dire. D\u2019un simple point de vue interpersonnel, comment faites-vous fonctionner cette d\u00e9mocratie ?<\/strong><\/p>\n<p><strong>Volont\u00e9:<\/strong> J\u2019ai l\u2019impression que les plus gros d\u00e9saccords que nous avons concernent moins la musique que certaines conneries sur les r\u00e9seaux sociaux. Le phras\u00e9 sur une publication Instagram ou quelque chose comme \u00e7a. Mais ce qui est important, c&#39;est la musique, nous sommes tr\u00e8s r\u00e9ceptifs aux id\u00e9es de chacun et cela semble tr\u00e8s naturel.<\/p>\n<p><strong>Henri:<\/strong> Je pense aussi que nous sommes tous assez conscients de nous-m\u00eames et que nous nous d\u00e9valorisons. Nous utilisons \u00e9galement beaucoup d\u2019humour pour surmonter ces probl\u00e8mes lorsqu\u2019ils surviennent.<\/p>\n<div class=\"htlad-incontent upx-ad-lazy incontent\" data-ad-unit=\"incontent\" data-ad-provider=\"htlbid\" data-unit=\"\/23101112908\/uproxx\/music\/indie\/article\/incontent\"><\/div>\n<p><strong>Je voulais vous demander : comment avez-vous atterri sur Mildred en tant que nom de groupe ?<\/strong><\/p>\n<p><strong>Henri:<\/strong> Avant d\u2019avoir vraiment l\u2019id\u00e9e d\u2019\u00eatre un groupe, nous avions beaucoup de noms de groupes plaisant\u00e9s. Et Mildred faisait partie d\u2019un autre groupe farceur. Et puis, quand nous r\u00e9fl\u00e9chissions \u00e0 des noms de groupes plus s\u00e9rieux, je pense que cela nous faisait du bien. Nous projetons peut-\u00eatre tous des choses diff\u00e9rentes sur le nom quant \u00e0 ce qu&#39;il signifie pour nous.<\/p>\n<p><strong>Qu&#39;est-ce que cela signifie pour vous ?<\/strong><\/p>\n<p><strong>Henri:<\/strong> Pour ma part, j&#39;ai toujours aim\u00e9 les vieux pr\u00e9noms gutturaux.<\/p>\n<p><strong>Ce n&#39;est pas guttural pour autant. Cela me fait penser \u00e0 une femme \u00e9l\u00e9gante des ann\u00e9es 1920 ou quelque chose du genre.<\/strong><\/p>\n<p><strong>Volont\u00e9:<\/strong> Totalement. C&#39;est ce que j&#39;imagine. J&#39;aime que ce ne soit ni cool, ni \u00e9nerv\u00e9, ni tape-\u00e0-l&#39;\u0153il parce que j&#39;ai l&#39;impression que nous ne sommes rien de tout cela.<\/p>\n<\/p><\/div>\n<\/p><\/div>\n","protected":false},"excerpt":{"rendered":"<p>D&#39;apr\u00e8s les gars de Mildred, leur groupe ne s&#39;est pas vraiment form\u00e9. Vers 2022, trois des quatre membres \u2013 les chanteurs-guitaristes Henry Easton Koehler et Jack Schrott, et le chanteur-bassiste Matt Palmquist \u2013 vivaient ensemble dans une maison \u00e0 Berkeley et se liaient autour de bi\u00e8res et de chansons de Silver Jewish. Ils avaient tous &#8230; <a title=\"\u00ab\u00a0Fenceline\u00a0\u00bb de Mildred est le dormeur ind\u00e9pendant de 2026\" class=\"read-more\" href=\"https:\/\/www.jokeme.fr\/actus\/fenceline-de-mildred-est-le-dormeur-independant-de-2026\/\" aria-label=\"Plus sur \u00ab\u00a0Fenceline\u00a0\u00bb de Mildred est le dormeur ind\u00e9pendant de 2026\">Lire plus<\/a><\/p>\n","protected":false},"author":1,"featured_media":24882,"comment_status":"closed","ping_status":"open","sticky":false,"template":"","format":"standard","meta":{"footnotes":""},"categories":[1],"tags":[16874,32,16872,10917,16873],"yoast_head":"<!-- This site is optimized with the Yoast SEO plugin v20.8 - https:\/\/yoast.com\/wordpress\/plugins\/seo\/ -->\n<title>&quot;Fenceline&quot; de Mildred est le dormeur ind\u00e9pendant de 2026 - Actualit\u00e9s - Joke Me<\/title>\n<meta name=\"robots\" content=\"index, follow, max-snippet:-1, max-image-preview:large, max-video-preview:-1\" \/>\n<link rel=\"canonical\" href=\"https:\/\/www.jokeme.fr\/actus\/fenceline-de-mildred-est-le-dormeur-independant-de-2026\/\" \/>\n<meta property=\"og:locale\" content=\"fr_FR\" \/>\n<meta property=\"og:type\" content=\"article\" \/>\n<meta property=\"og:title\" content=\"&quot;Fenceline&quot; de Mildred est le dormeur ind\u00e9pendant de 2026 - Actualit\u00e9s - Joke Me\" \/>\n<meta property=\"og:description\" content=\"D&#039;apr\u00e8s les gars de Mildred, leur groupe ne s&#039;est pas vraiment form\u00e9. Vers 2022, trois des quatre membres \u2013 les chanteurs-guitaristes Henry Easton Koehler et Jack Schrott, et le chanteur-bassiste Matt Palmquist \u2013 vivaient ensemble dans une maison \u00e0 Berkeley et se liaient autour de bi\u00e8res et de chansons de Silver Jewish. Ils avaient tous ... Lire plus\" \/>\n<meta property=\"og:url\" content=\"https:\/\/www.jokeme.fr\/actus\/fenceline-de-mildred-est-le-dormeur-independant-de-2026\/\" \/>\n<meta property=\"og:site_name\" content=\"Actualit\u00e9s - Joke Me\" \/>\n<meta property=\"article:published_time\" content=\"2026-04-24T18:40:41+00:00\" \/>\n<meta property=\"article:modified_time\" content=\"2026-04-24T18:40:44+00:00\" \/>\n<meta property=\"og:image\" content=\"https:\/\/www.jokeme.fr\/actus\/wp-content\/uploads\/2026\/04\/Fenceline-de-Mildred-est-le-dormeur-independant-de-2026.png\" \/>\n\t<meta property=\"og:image:width\" content=\"710\" \/>\n\t<meta property=\"og:image:height\" content=\"400\" \/>\n\t<meta property=\"og:image:type\" content=\"image\/png\" \/>\n<meta name=\"author\" content=\"Didier\" \/>\n<meta name=\"twitter:card\" content=\"summary_large_image\" \/>\n<meta name=\"twitter:label1\" content=\"\u00c9crit par\" \/>\n\t<meta name=\"twitter:data1\" content=\"Didier\" \/>\n\t<meta name=\"twitter:label2\" content=\"Dur\u00e9e de lecture estim\u00e9e\" \/>\n\t<meta name=\"twitter:data2\" content=\"9 minutes\" \/>\n<script type=\"application\/ld+json\" class=\"yoast-schema-graph\">{\"@context\":\"https:\/\/schema.org\",\"@graph\":[{\"@type\":\"Article\",\"@id\":\"https:\/\/www.jokeme.fr\/actus\/fenceline-de-mildred-est-le-dormeur-independant-de-2026\/#article\",\"isPartOf\":{\"@id\":\"https:\/\/www.jokeme.fr\/actus\/fenceline-de-mildred-est-le-dormeur-independant-de-2026\/\"},\"author\":{\"name\":\"Didier\",\"@id\":\"https:\/\/www.jokeme.fr\/actus\/#\/schema\/person\/f0c6ad0d33ca144389e81e45a212928f\"},\"headline\":\"\u00ab\u00a0Fenceline\u00a0\u00bb de Mildred est le dormeur ind\u00e9pendant de 2026\",\"datePublished\":\"2026-04-24T18:40:41+00:00\",\"dateModified\":\"2026-04-24T18:40:44+00:00\",\"mainEntityOfPage\":{\"@id\":\"https:\/\/www.jokeme.fr\/actus\/fenceline-de-mildred-est-le-dormeur-independant-de-2026\/\"},\"wordCount\":1865,\"publisher\":{\"@id\":\"https:\/\/www.jokeme.fr\/actus\/#organization\"},\"keywords\":[\"dormeur\",\"est\",\"Fenceline\",\"ind\u00e9pendant\",\"Mildred\"],\"inLanguage\":\"fr-FR\"},{\"@type\":\"WebPage\",\"@id\":\"https:\/\/www.jokeme.fr\/actus\/fenceline-de-mildred-est-le-dormeur-independant-de-2026\/\",\"url\":\"https:\/\/www.jokeme.fr\/actus\/fenceline-de-mildred-est-le-dormeur-independant-de-2026\/\",\"name\":\"\\\"Fenceline\\\" de Mildred est le dormeur ind\u00e9pendant de 2026 - Actualit\u00e9s - Joke Me\",\"isPartOf\":{\"@id\":\"https:\/\/www.jokeme.fr\/actus\/#website\"},\"datePublished\":\"2026-04-24T18:40:41+00:00\",\"dateModified\":\"2026-04-24T18:40:44+00:00\",\"breadcrumb\":{\"@id\":\"https:\/\/www.jokeme.fr\/actus\/fenceline-de-mildred-est-le-dormeur-independant-de-2026\/#breadcrumb\"},\"inLanguage\":\"fr-FR\",\"potentialAction\":[{\"@type\":\"ReadAction\",\"target\":[\"https:\/\/www.jokeme.fr\/actus\/fenceline-de-mildred-est-le-dormeur-independant-de-2026\/\"]}]},{\"@type\":\"BreadcrumbList\",\"@id\":\"https:\/\/www.jokeme.fr\/actus\/fenceline-de-mildred-est-le-dormeur-independant-de-2026\/#breadcrumb\",\"itemListElement\":[{\"@type\":\"ListItem\",\"position\":1,\"name\":\"Accueil\",\"item\":\"https:\/\/www.jokeme.fr\/actus\/\"},{\"@type\":\"ListItem\",\"position\":2,\"name\":\"\u00ab\u00a0Fenceline\u00a0\u00bb de Mildred est le dormeur ind\u00e9pendant de 2026\"}]},{\"@type\":\"WebSite\",\"@id\":\"https:\/\/www.jokeme.fr\/actus\/#website\",\"url\":\"https:\/\/www.jokeme.fr\/actus\/\",\"name\":\"Actualit\u00e9s - Joke Me\",\"description\":\"L&#039;actualit\u00e9 du rire\",\"publisher\":{\"@id\":\"https:\/\/www.jokeme.fr\/actus\/#organization\"},\"potentialAction\":[{\"@type\":\"SearchAction\",\"target\":{\"@type\":\"EntryPoint\",\"urlTemplate\":\"https:\/\/www.jokeme.fr\/actus\/?s={search_term_string}\"},\"query-input\":\"required name=search_term_string\"}],\"inLanguage\":\"fr-FR\"},{\"@type\":\"Organization\",\"@id\":\"https:\/\/www.jokeme.fr\/actus\/#organization\",\"name\":\"Actualit\u00e9s - Joke Me\",\"url\":\"https:\/\/www.jokeme.fr\/actus\/\",\"logo\":{\"@type\":\"ImageObject\",\"inLanguage\":\"fr-FR\",\"@id\":\"https:\/\/www.jokeme.fr\/actus\/#\/schema\/logo\/image\/\",\"url\":\"https:\/\/www.jokeme.fr\/actus\/wp-content\/uploads\/2023\/06\/cropped-Logo-Joke-Me.png\",\"contentUrl\":\"https:\/\/www.jokeme.fr\/actus\/wp-content\/uploads\/2023\/06\/cropped-Logo-Joke-Me.png\",\"width\":499,\"height\":363,\"caption\":\"Actualit\u00e9s - Joke Me\"},\"image\":{\"@id\":\"https:\/\/www.jokeme.fr\/actus\/#\/schema\/logo\/image\/\"}},{\"@type\":\"Person\",\"@id\":\"https:\/\/www.jokeme.fr\/actus\/#\/schema\/person\/f0c6ad0d33ca144389e81e45a212928f\",\"name\":\"Didier\",\"image\":{\"@type\":\"ImageObject\",\"inLanguage\":\"fr-FR\",\"@id\":\"https:\/\/www.jokeme.fr\/actus\/#\/schema\/person\/image\/\",\"url\":\"https:\/\/www.jokeme.fr\/actus\/wp-content\/uploads\/2024\/03\/jokeme-didier.jpg\",\"contentUrl\":\"https:\/\/www.jokeme.fr\/actus\/wp-content\/uploads\/2024\/03\/jokeme-didier.jpg\",\"caption\":\"Didier\"},\"description\":\"Didier, passionn\u00e9 de cin\u00e9ma, est un r\u00e9dacteur pour le m\u00e9dia Jokeme, o\u00f9 il partage sa passion \u00e0 travers des articles divertissants et informatifs. Ayant \u00e9tudi\u00e9 le journalisme, il allie sa formation \u00e0 sa passion pour offrir un contenu de qualit\u00e9 sur le monde du cin\u00e9ma.\",\"sameAs\":[\"https:\/\/www.jokeme.fr\/actus\"]}]}<\/script>\n<!-- \/ Yoast SEO plugin. -->","yoast_head_json":{"title":"\"Fenceline\" de Mildred est le dormeur ind\u00e9pendant de 2026 - Actualit\u00e9s - Joke Me","robots":{"index":"index","follow":"follow","max-snippet":"max-snippet:-1","max-image-preview":"max-image-preview:large","max-video-preview":"max-video-preview:-1"},"canonical":"https:\/\/www.jokeme.fr\/actus\/fenceline-de-mildred-est-le-dormeur-independant-de-2026\/","og_locale":"fr_FR","og_type":"article","og_title":"\"Fenceline\" de Mildred est le dormeur ind\u00e9pendant de 2026 - Actualit\u00e9s - Joke Me","og_description":"D&#39;apr\u00e8s les gars de Mildred, leur groupe ne s&#39;est pas vraiment form\u00e9. Vers 2022, trois des quatre membres \u2013 les chanteurs-guitaristes Henry Easton Koehler et Jack Schrott, et le chanteur-bassiste Matt Palmquist \u2013 vivaient ensemble dans une maison \u00e0 Berkeley et se liaient autour de bi\u00e8res et de chansons de Silver Jewish. Ils avaient tous ... Lire plus","og_url":"https:\/\/www.jokeme.fr\/actus\/fenceline-de-mildred-est-le-dormeur-independant-de-2026\/","og_site_name":"Actualit\u00e9s - Joke Me","article_published_time":"2026-04-24T18:40:41+00:00","article_modified_time":"2026-04-24T18:40:44+00:00","og_image":[{"width":710,"height":400,"url":"https:\/\/www.jokeme.fr\/actus\/wp-content\/uploads\/2026\/04\/Fenceline-de-Mildred-est-le-dormeur-independant-de-2026.png","type":"image\/png"}],"author":"Didier","twitter_card":"summary_large_image","twitter_misc":{"\u00c9crit par":"Didier","Dur\u00e9e de lecture estim\u00e9e":"9 minutes"},"schema":{"@context":"https:\/\/schema.org","@graph":[{"@type":"Article","@id":"https:\/\/www.jokeme.fr\/actus\/fenceline-de-mildred-est-le-dormeur-independant-de-2026\/#article","isPartOf":{"@id":"https:\/\/www.jokeme.fr\/actus\/fenceline-de-mildred-est-le-dormeur-independant-de-2026\/"},"author":{"name":"Didier","@id":"https:\/\/www.jokeme.fr\/actus\/#\/schema\/person\/f0c6ad0d33ca144389e81e45a212928f"},"headline":"\u00ab\u00a0Fenceline\u00a0\u00bb de Mildred est le dormeur ind\u00e9pendant de 2026","datePublished":"2026-04-24T18:40:41+00:00","dateModified":"2026-04-24T18:40:44+00:00","mainEntityOfPage":{"@id":"https:\/\/www.jokeme.fr\/actus\/fenceline-de-mildred-est-le-dormeur-independant-de-2026\/"},"wordCount":1865,"publisher":{"@id":"https:\/\/www.jokeme.fr\/actus\/#organization"},"keywords":["dormeur","est","Fenceline","ind\u00e9pendant","Mildred"],"inLanguage":"fr-FR"},{"@type":"WebPage","@id":"https:\/\/www.jokeme.fr\/actus\/fenceline-de-mildred-est-le-dormeur-independant-de-2026\/","url":"https:\/\/www.jokeme.fr\/actus\/fenceline-de-mildred-est-le-dormeur-independant-de-2026\/","name":"\"Fenceline\" de Mildred est le dormeur ind\u00e9pendant de 2026 - Actualit\u00e9s - Joke Me","isPartOf":{"@id":"https:\/\/www.jokeme.fr\/actus\/#website"},"datePublished":"2026-04-24T18:40:41+00:00","dateModified":"2026-04-24T18:40:44+00:00","breadcrumb":{"@id":"https:\/\/www.jokeme.fr\/actus\/fenceline-de-mildred-est-le-dormeur-independant-de-2026\/#breadcrumb"},"inLanguage":"fr-FR","potentialAction":[{"@type":"ReadAction","target":["https:\/\/www.jokeme.fr\/actus\/fenceline-de-mildred-est-le-dormeur-independant-de-2026\/"]}]},{"@type":"BreadcrumbList","@id":"https:\/\/www.jokeme.fr\/actus\/fenceline-de-mildred-est-le-dormeur-independant-de-2026\/#breadcrumb","itemListElement":[{"@type":"ListItem","position":1,"name":"Accueil","item":"https:\/\/www.jokeme.fr\/actus\/"},{"@type":"ListItem","position":2,"name":"\u00ab\u00a0Fenceline\u00a0\u00bb de Mildred est le dormeur ind\u00e9pendant de 2026"}]},{"@type":"WebSite","@id":"https:\/\/www.jokeme.fr\/actus\/#website","url":"https:\/\/www.jokeme.fr\/actus\/","name":"Actualit\u00e9s - Joke Me","description":"L&#039;actualit\u00e9 du rire","publisher":{"@id":"https:\/\/www.jokeme.fr\/actus\/#organization"},"potentialAction":[{"@type":"SearchAction","target":{"@type":"EntryPoint","urlTemplate":"https:\/\/www.jokeme.fr\/actus\/?s={search_term_string}"},"query-input":"required name=search_term_string"}],"inLanguage":"fr-FR"},{"@type":"Organization","@id":"https:\/\/www.jokeme.fr\/actus\/#organization","name":"Actualit\u00e9s - Joke Me","url":"https:\/\/www.jokeme.fr\/actus\/","logo":{"@type":"ImageObject","inLanguage":"fr-FR","@id":"https:\/\/www.jokeme.fr\/actus\/#\/schema\/logo\/image\/","url":"https:\/\/www.jokeme.fr\/actus\/wp-content\/uploads\/2023\/06\/cropped-Logo-Joke-Me.png","contentUrl":"https:\/\/www.jokeme.fr\/actus\/wp-content\/uploads\/2023\/06\/cropped-Logo-Joke-Me.png","width":499,"height":363,"caption":"Actualit\u00e9s - Joke Me"},"image":{"@id":"https:\/\/www.jokeme.fr\/actus\/#\/schema\/logo\/image\/"}},{"@type":"Person","@id":"https:\/\/www.jokeme.fr\/actus\/#\/schema\/person\/f0c6ad0d33ca144389e81e45a212928f","name":"Didier","image":{"@type":"ImageObject","inLanguage":"fr-FR","@id":"https:\/\/www.jokeme.fr\/actus\/#\/schema\/person\/image\/","url":"https:\/\/www.jokeme.fr\/actus\/wp-content\/uploads\/2024\/03\/jokeme-didier.jpg","contentUrl":"https:\/\/www.jokeme.fr\/actus\/wp-content\/uploads\/2024\/03\/jokeme-didier.jpg","caption":"Didier"},"description":"Didier, passionn\u00e9 de cin\u00e9ma, est un r\u00e9dacteur pour le m\u00e9dia Jokeme, o\u00f9 il partage sa passion \u00e0 travers des articles divertissants et informatifs. Ayant \u00e9tudi\u00e9 le journalisme, il allie sa formation \u00e0 sa passion pour offrir un contenu de qualit\u00e9 sur le monde du cin\u00e9ma.","sameAs":["https:\/\/www.jokeme.fr\/actus"]}]}},"_links":{"self":[{"href":"https:\/\/www.jokeme.fr\/actus\/wp-json\/wp\/v2\/posts\/24881"}],"collection":[{"href":"https:\/\/www.jokeme.fr\/actus\/wp-json\/wp\/v2\/posts"}],"about":[{"href":"https:\/\/www.jokeme.fr\/actus\/wp-json\/wp\/v2\/types\/post"}],"author":[{"embeddable":true,"href":"https:\/\/www.jokeme.fr\/actus\/wp-json\/wp\/v2\/users\/1"}],"replies":[{"embeddable":true,"href":"https:\/\/www.jokeme.fr\/actus\/wp-json\/wp\/v2\/comments?post=24881"}],"version-history":[{"count":1,"href":"https:\/\/www.jokeme.fr\/actus\/wp-json\/wp\/v2\/posts\/24881\/revisions"}],"predecessor-version":[{"id":24883,"href":"https:\/\/www.jokeme.fr\/actus\/wp-json\/wp\/v2\/posts\/24881\/revisions\/24883"}],"wp:featuredmedia":[{"embeddable":true,"href":"https:\/\/www.jokeme.fr\/actus\/wp-json\/wp\/v2\/media\/24882"}],"wp:attachment":[{"href":"https:\/\/www.jokeme.fr\/actus\/wp-json\/wp\/v2\/media?parent=24881"}],"wp:term":[{"taxonomy":"category","embeddable":true,"href":"https:\/\/www.jokeme.fr\/actus\/wp-json\/wp\/v2\/categories?post=24881"},{"taxonomy":"post_tag","embeddable":true,"href":"https:\/\/www.jokeme.fr\/actus\/wp-json\/wp\/v2\/tags?post=24881"}],"curies":[{"name":"wp","href":"https:\/\/api.w.org\/{rel}","templated":true}]}}