{"id":25721,"date":"2026-09-01T05:41:22","date_gmt":"2026-09-01T03:41:22","guid":{"rendered":"https:\/\/www.jokeme.fr\/actus\/ben-mckenzie-et-morena-baccarin-mari-et-femme-dans-la-vie-reelle-en-duo-dans-la-premiere-de-la-saison-2-de-sheriff-country-decouvrez-les-photos\/"},"modified":"2026-09-01T05:41:24","modified_gmt":"2026-09-01T03:41:24","slug":"ben-mckenzie-et-morena-baccarin-mari-et-femme-dans-la-vie-reelle-en-duo-dans-la-premiere-de-la-saison-2-de-sheriff-country-decouvrez-les-photos","status":"publish","type":"post","link":"https:\/\/www.jokeme.fr\/actus\/ben-mckenzie-et-morena-baccarin-mari-et-femme-dans-la-vie-reelle-en-duo-dans-la-premiere-de-la-saison-2-de-sheriff-country-decouvrez-les-photos\/","title":{"rendered":"Ben McKenzie et Morena Baccarin, mari et femme dans la vie r\u00e9elle, en duo dans la premi\u00e8re de la saison 2 de Sheriff Country \u2014 D\u00e9couvrez les photos"},"content":{"rendered":"<div class=\"eg-single-article__block-content\">\n<p id=\"par-1_7\">Ben McKenzie se dirige vers <em>Sheriff Country.<\/em><\/p>\n<p id=\"par-2_20\"><em>The O.C.<\/em> ancien acteur fera une apparition dans la saison 2 du drame de CBS, qui met en vedette sa femme dans la vie r\u00e9elle, Morena Baccarin.<\/p>\n<p id=\"par-3_64\">Dans l\u2019\u00e9pisode de premi\u00e8re saison, intitul\u00e9 \u00ab Cyclone \u00bb, McKenzie incarnera le sh\u00e9rif Wade, un officier de police voisin qui aide le sh\u00e9rif Mickey Fox (Baccarin) sur une affaire. C\u2019est la premi\u00e8re fois que le duo appara\u00eet ensemble \u00e0 l\u2019\u00e9cran dans le spin-off <em>Fire Country<\/em>. Mais ce n\u2019est pas la premi\u00e8re fois qu\u2019ils jouent ensemble. Leur relation a d\u00e9but\u00e9 en 2014, lorsqu\u2019ils partageaient l\u2019affiche dans <em>Gotham<\/em>, la s\u00e9rie de Fox.<\/p>\n<figure class=\"wp-block-image size-full\" id=\"emb-1\"><\/figure>\n<p id=\"par-4_55\">Dans \u00ab Cyclone \u00bb, Mickey peine \u00e0 dig\u00e9rer une r\u00e9v\u00e9lation choquante au sujet de sa famille tout en se d\u00e9p\u00eachant de sauver une jeune femme en difficult\u00e9 qui sombre dans une op\u00e9ration criminelle dangereuse, ce qui r\u00e9v\u00e8le une menace croissante qui p\u00e8se sur Edgewater. Sheriff Wade \u2013 qui cache aussi quelques secrets \u2013 est appel\u00e9 \u00e0 l\u2019aider.<\/p>\n<p id=\"par-5_14\">Baccarin a laiss\u00e9 entrevoir le d\u00e9but de McKenzie dans <em>Sheriff Country<\/em> dans une courte vid\u00e9o publi\u00e9e sur Instagram.<\/p>\n<p id=\"par-6_11\">\u00ab Il y a un nouveau sh\u00e9rif en ville\u2026 \u00bb, a-t-elle \u00e9crit en l\u00e9gende du post.<\/p>\n<p id=\"par-7_39\"><em>Sheriff Country<\/em> Saison 2 d\u00e9bute vendredi 9 octobre \u00e0 20 h, heure de l\u2019Est\/heure du Pacifique sur CBS. Les \u00e9pisodes sont diffus\u00e9s en streaming sur Paramount+ (en direct et \u00e0 la demande pour les abonn\u00e9s du plan Paramount+ Premium, ou \u00e0 la demande pour les abonn\u00e9s Paramount+ Essential, le lendemain de la diffusion).<\/p>\n<\/div>\n","protected":false},"excerpt":{"rendered":"<p>Ben McKenzie se dirige vers Sheriff Country. The O.C. ancien acteur fera une apparition dans la saison 2 du drame de CBS, qui met en vedette sa femme dans la vie r\u00e9elle, Morena Baccarin. Dans l\u2019\u00e9pisode de premi\u00e8re saison, intitul\u00e9 \u00ab Cyclone \u00bb, McKenzie incarnera le sh\u00e9rif Wade, un officier de police voisin qui aide &#8230; <a title=\"Ben McKenzie et Morena Baccarin, mari et femme dans la vie r\u00e9elle, en duo dans la premi\u00e8re de la saison 2 de Sheriff Country \u2014 D\u00e9couvrez les photos\" class=\"read-more\" href=\"https:\/\/www.jokeme.fr\/actus\/ben-mckenzie-et-morena-baccarin-mari-et-femme-dans-la-vie-reelle-en-duo-dans-la-premiere-de-la-saison-2-de-sheriff-country-decouvrez-les-photos\/\" aria-label=\"Plus sur Ben McKenzie et Morena Baccarin, mari et femme dans la vie r\u00e9elle, en duo dans la premi\u00e8re de la saison 2 de Sheriff Country \u2014 D\u00e9couvrez les photos\">Lire plus<\/a><\/p>\n","protected":false},"author":1,"featured_media":25722,"comment_status":"closed","ping_status":"open","sticky":false,"template":"","format":"standard","meta":{"footnotes":""},"categories":[1],"tags":[17508,6492,4343,52,2673,3861,154,66,1363,8038,17507,1584,1702,693,3515,17509,204],"yoast_head":"<!-- This site is optimized with the Yoast SEO plugin v20.8 - https:\/\/yoast.com\/wordpress\/plugins\/seo\/ -->\n<title>Ben McKenzie et Morena Baccarin, mari et femme dans la vie r\u00e9elle, en duo dans la premi\u00e8re de la saison 2 de Sheriff Country \u2014 D\u00e9couvrez les photos - Actualit\u00e9s - Joke Me<\/title>\n<meta name=\"robots\" content=\"index, follow, max-snippet:-1, max-image-preview:large, max-video-preview:-1\" \/>\n<link rel=\"canonical\" href=\"https:\/\/www.jokeme.fr\/actus\/ben-mckenzie-et-morena-baccarin-mari-et-femme-dans-la-vie-reelle-en-duo-dans-la-premiere-de-la-saison-2-de-sheriff-country-decouvrez-les-photos\/\" \/>\n<meta property=\"og:locale\" content=\"fr_FR\" \/>\n<meta property=\"og:type\" content=\"article\" \/>\n<meta property=\"og:title\" content=\"Ben McKenzie et Morena Baccarin, mari et femme dans la vie r\u00e9elle, en duo dans la premi\u00e8re de la saison 2 de Sheriff Country \u2014 D\u00e9couvrez les photos - Actualit\u00e9s - Joke Me\" \/>\n<meta property=\"og:description\" content=\"Ben McKenzie se dirige vers Sheriff Country. The O.C. ancien acteur fera une apparition dans la saison 2 du drame de CBS, qui met en vedette sa femme dans la vie r\u00e9elle, Morena Baccarin. Dans l\u2019\u00e9pisode de premi\u00e8re saison, intitul\u00e9 \u00ab Cyclone \u00bb, McKenzie incarnera le sh\u00e9rif Wade, un officier de police voisin qui aide ... Lire plus\" \/>\n<meta property=\"og:url\" content=\"https:\/\/www.jokeme.fr\/actus\/ben-mckenzie-et-morena-baccarin-mari-et-femme-dans-la-vie-reelle-en-duo-dans-la-premiere-de-la-saison-2-de-sheriff-country-decouvrez-les-photos\/\" \/>\n<meta property=\"og:site_name\" content=\"Actualit\u00e9s - Joke Me\" \/>\n<meta property=\"article:published_time\" content=\"2026-09-01T03:41:22+00:00\" \/>\n<meta property=\"article:modified_time\" content=\"2026-09-01T03:41:24+00:00\" \/>\n<meta property=\"og:image\" content=\"https:\/\/www.jokeme.fr\/actus\/wp-content\/uploads\/2026\/09\/1788234083.webp\" \/>\n\t<meta property=\"og:image:width\" content=\"1200\" \/>\n\t<meta property=\"og:image:height\" content=\"800\" \/>\n\t<meta property=\"og:image:type\" content=\"image\/webp\" \/>\n<meta name=\"author\" content=\"Didier\" \/>\n<meta name=\"twitter:card\" content=\"summary_large_image\" \/>\n<meta name=\"twitter:label1\" content=\"\u00c9crit par\" \/>\n\t<meta name=\"twitter:data1\" content=\"Didier\" \/>\n\t<meta name=\"twitter:label2\" content=\"Dur\u00e9e de lecture estim\u00e9e\" \/>\n\t<meta name=\"twitter:data2\" content=\"1 minute\" \/>\n<script type=\"application\/ld+json\" class=\"yoast-schema-graph\">{\"@context\":\"https:\/\/schema.org\",\"@graph\":[{\"@type\":\"Article\",\"@id\":\"https:\/\/www.jokeme.fr\/actus\/ben-mckenzie-et-morena-baccarin-mari-et-femme-dans-la-vie-reelle-en-duo-dans-la-premiere-de-la-saison-2-de-sheriff-country-decouvrez-les-photos\/#article\",\"isPartOf\":{\"@id\":\"https:\/\/www.jokeme.fr\/actus\/ben-mckenzie-et-morena-baccarin-mari-et-femme-dans-la-vie-reelle-en-duo-dans-la-premiere-de-la-saison-2-de-sheriff-country-decouvrez-les-photos\/\"},\"author\":{\"name\":\"Didier\",\"@id\":\"https:\/\/www.jokeme.fr\/actus\/#\/schema\/person\/f0c6ad0d33ca144389e81e45a212928f\"},\"headline\":\"Ben McKenzie et Morena Baccarin, mari et femme dans la vie r\u00e9elle, en duo dans la premi\u00e8re de la saison 2 de Sheriff Country \u2014 D\u00e9couvrez les photos\",\"datePublished\":\"2026-09-01T03:41:22+00:00\",\"dateModified\":\"2026-09-01T03:41:24+00:00\",\"mainEntityOfPage\":{\"@id\":\"https:\/\/www.jokeme.fr\/actus\/ben-mckenzie-et-morena-baccarin-mari-et-femme-dans-la-vie-reelle-en-duo-dans-la-premiere-de-la-saison-2-de-sheriff-country-decouvrez-les-photos\/\"},\"wordCount\":296,\"publisher\":{\"@id\":\"https:\/\/www.jokeme.fr\/actus\/#organization\"},\"keywords\":[\"Baccarin\",\"Ben\",\"country\",\"dans\",\"D\u00e9couvrez\",\"duo\",\"femme\",\"les\",\"mari\",\"McKenzie\",\"Morena\",\"photos\",\"premi\u00e8re\",\"r\u00e9elle\",\"Saison\",\"Sheriff\",\"vie\"],\"inLanguage\":\"fr-FR\"},{\"@type\":\"WebPage\",\"@id\":\"https:\/\/www.jokeme.fr\/actus\/ben-mckenzie-et-morena-baccarin-mari-et-femme-dans-la-vie-reelle-en-duo-dans-la-premiere-de-la-saison-2-de-sheriff-country-decouvrez-les-photos\/\",\"url\":\"https:\/\/www.jokeme.fr\/actus\/ben-mckenzie-et-morena-baccarin-mari-et-femme-dans-la-vie-reelle-en-duo-dans-la-premiere-de-la-saison-2-de-sheriff-country-decouvrez-les-photos\/\",\"name\":\"Ben McKenzie et Morena Baccarin, mari et femme dans la vie r\u00e9elle, en duo dans la premi\u00e8re de la saison 2 de Sheriff Country \u2014 D\u00e9couvrez les photos - Actualit\u00e9s - Joke Me\",\"isPartOf\":{\"@id\":\"https:\/\/www.jokeme.fr\/actus\/#website\"},\"datePublished\":\"2026-09-01T03:41:22+00:00\",\"dateModified\":\"2026-09-01T03:41:24+00:00\",\"breadcrumb\":{\"@id\":\"https:\/\/www.jokeme.fr\/actus\/ben-mckenzie-et-morena-baccarin-mari-et-femme-dans-la-vie-reelle-en-duo-dans-la-premiere-de-la-saison-2-de-sheriff-country-decouvrez-les-photos\/#breadcrumb\"},\"inLanguage\":\"fr-FR\",\"potentialAction\":[{\"@type\":\"ReadAction\",\"target\":[\"https:\/\/www.jokeme.fr\/actus\/ben-mckenzie-et-morena-baccarin-mari-et-femme-dans-la-vie-reelle-en-duo-dans-la-premiere-de-la-saison-2-de-sheriff-country-decouvrez-les-photos\/\"]}]},{\"@type\":\"BreadcrumbList\",\"@id\":\"https:\/\/www.jokeme.fr\/actus\/ben-mckenzie-et-morena-baccarin-mari-et-femme-dans-la-vie-reelle-en-duo-dans-la-premiere-de-la-saison-2-de-sheriff-country-decouvrez-les-photos\/#breadcrumb\",\"itemListElement\":[{\"@type\":\"ListItem\",\"position\":1,\"name\":\"Accueil\",\"item\":\"https:\/\/www.jokeme.fr\/actus\/\"},{\"@type\":\"ListItem\",\"position\":2,\"name\":\"Ben McKenzie et Morena Baccarin, mari et femme dans la vie r\u00e9elle, en duo dans la premi\u00e8re de la saison 2 de Sheriff Country \u2014 D\u00e9couvrez les photos\"}]},{\"@type\":\"WebSite\",\"@id\":\"https:\/\/www.jokeme.fr\/actus\/#website\",\"url\":\"https:\/\/www.jokeme.fr\/actus\/\",\"name\":\"Actualit\u00e9s - Joke Me\",\"description\":\"L&#039;actualit\u00e9 du rire\",\"publisher\":{\"@id\":\"https:\/\/www.jokeme.fr\/actus\/#organization\"},\"potentialAction\":[{\"@type\":\"SearchAction\",\"target\":{\"@type\":\"EntryPoint\",\"urlTemplate\":\"https:\/\/www.jokeme.fr\/actus\/?s={search_term_string}\"},\"query-input\":\"required name=search_term_string\"}],\"inLanguage\":\"fr-FR\"},{\"@type\":\"Organization\",\"@id\":\"https:\/\/www.jokeme.fr\/actus\/#organization\",\"name\":\"Actualit\u00e9s - Joke Me\",\"url\":\"https:\/\/www.jokeme.fr\/actus\/\",\"logo\":{\"@type\":\"ImageObject\",\"inLanguage\":\"fr-FR\",\"@id\":\"https:\/\/www.jokeme.fr\/actus\/#\/schema\/logo\/image\/\",\"url\":\"https:\/\/www.jokeme.fr\/actus\/wp-content\/uploads\/2023\/06\/cropped-Logo-Joke-Me.png\",\"contentUrl\":\"https:\/\/www.jokeme.fr\/actus\/wp-content\/uploads\/2023\/06\/cropped-Logo-Joke-Me.png\",\"width\":499,\"height\":363,\"caption\":\"Actualit\u00e9s - Joke Me\"},\"image\":{\"@id\":\"https:\/\/www.jokeme.fr\/actus\/#\/schema\/logo\/image\/\"}},{\"@type\":\"Person\",\"@id\":\"https:\/\/www.jokeme.fr\/actus\/#\/schema\/person\/f0c6ad0d33ca144389e81e45a212928f\",\"name\":\"Didier\",\"image\":{\"@type\":\"ImageObject\",\"inLanguage\":\"fr-FR\",\"@id\":\"https:\/\/www.jokeme.fr\/actus\/#\/schema\/person\/image\/\",\"url\":\"https:\/\/www.jokeme.fr\/actus\/wp-content\/uploads\/2024\/03\/jokeme-didier.jpg\",\"contentUrl\":\"https:\/\/www.jokeme.fr\/actus\/wp-content\/uploads\/2024\/03\/jokeme-didier.jpg\",\"caption\":\"Didier\"},\"description\":\"Didier, passionn\u00e9 de cin\u00e9ma, est un r\u00e9dacteur pour le m\u00e9dia Jokeme, o\u00f9 il partage sa passion \u00e0 travers des articles divertissants et informatifs. Ayant \u00e9tudi\u00e9 le journalisme, il allie sa formation \u00e0 sa passion pour offrir un contenu de qualit\u00e9 sur le monde du cin\u00e9ma.\",\"sameAs\":[\"https:\/\/www.jokeme.fr\/actus\"]}]}<\/script>\n<!-- \/ Yoast SEO plugin. -->","yoast_head_json":{"title":"Ben McKenzie et Morena Baccarin, mari et femme dans la vie r\u00e9elle, en duo dans la premi\u00e8re de la saison 2 de Sheriff Country \u2014 D\u00e9couvrez les photos - Actualit\u00e9s - Joke Me","robots":{"index":"index","follow":"follow","max-snippet":"max-snippet:-1","max-image-preview":"max-image-preview:large","max-video-preview":"max-video-preview:-1"},"canonical":"https:\/\/www.jokeme.fr\/actus\/ben-mckenzie-et-morena-baccarin-mari-et-femme-dans-la-vie-reelle-en-duo-dans-la-premiere-de-la-saison-2-de-sheriff-country-decouvrez-les-photos\/","og_locale":"fr_FR","og_type":"article","og_title":"Ben McKenzie et Morena Baccarin, mari et femme dans la vie r\u00e9elle, en duo dans la premi\u00e8re de la saison 2 de Sheriff Country \u2014 D\u00e9couvrez les photos - Actualit\u00e9s - Joke Me","og_description":"Ben McKenzie se dirige vers Sheriff Country. The O.C. ancien acteur fera une apparition dans la saison 2 du drame de CBS, qui met en vedette sa femme dans la vie r\u00e9elle, Morena Baccarin. Dans l\u2019\u00e9pisode de premi\u00e8re saison, intitul\u00e9 \u00ab Cyclone \u00bb, McKenzie incarnera le sh\u00e9rif Wade, un officier de police voisin qui aide ... Lire plus","og_url":"https:\/\/www.jokeme.fr\/actus\/ben-mckenzie-et-morena-baccarin-mari-et-femme-dans-la-vie-reelle-en-duo-dans-la-premiere-de-la-saison-2-de-sheriff-country-decouvrez-les-photos\/","og_site_name":"Actualit\u00e9s - Joke Me","article_published_time":"2026-09-01T03:41:22+00:00","article_modified_time":"2026-09-01T03:41:24+00:00","og_image":[{"width":1200,"height":800,"url":"https:\/\/www.jokeme.fr\/actus\/wp-content\/uploads\/2026\/09\/1788234083.webp","type":"image\/webp"}],"author":"Didier","twitter_card":"summary_large_image","twitter_misc":{"\u00c9crit par":"Didier","Dur\u00e9e de lecture estim\u00e9e":"1 minute"},"schema":{"@context":"https:\/\/schema.org","@graph":[{"@type":"Article","@id":"https:\/\/www.jokeme.fr\/actus\/ben-mckenzie-et-morena-baccarin-mari-et-femme-dans-la-vie-reelle-en-duo-dans-la-premiere-de-la-saison-2-de-sheriff-country-decouvrez-les-photos\/#article","isPartOf":{"@id":"https:\/\/www.jokeme.fr\/actus\/ben-mckenzie-et-morena-baccarin-mari-et-femme-dans-la-vie-reelle-en-duo-dans-la-premiere-de-la-saison-2-de-sheriff-country-decouvrez-les-photos\/"},"author":{"name":"Didier","@id":"https:\/\/www.jokeme.fr\/actus\/#\/schema\/person\/f0c6ad0d33ca144389e81e45a212928f"},"headline":"Ben McKenzie et Morena Baccarin, mari et femme dans la vie r\u00e9elle, en duo dans la premi\u00e8re de la saison 2 de Sheriff Country \u2014 D\u00e9couvrez les photos","datePublished":"2026-09-01T03:41:22+00:00","dateModified":"2026-09-01T03:41:24+00:00","mainEntityOfPage":{"@id":"https:\/\/www.jokeme.fr\/actus\/ben-mckenzie-et-morena-baccarin-mari-et-femme-dans-la-vie-reelle-en-duo-dans-la-premiere-de-la-saison-2-de-sheriff-country-decouvrez-les-photos\/"},"wordCount":296,"publisher":{"@id":"https:\/\/www.jokeme.fr\/actus\/#organization"},"keywords":["Baccarin","Ben","country","dans","D\u00e9couvrez","duo","femme","les","mari","McKenzie","Morena","photos","premi\u00e8re","r\u00e9elle","Saison","Sheriff","vie"],"inLanguage":"fr-FR"},{"@type":"WebPage","@id":"https:\/\/www.jokeme.fr\/actus\/ben-mckenzie-et-morena-baccarin-mari-et-femme-dans-la-vie-reelle-en-duo-dans-la-premiere-de-la-saison-2-de-sheriff-country-decouvrez-les-photos\/","url":"https:\/\/www.jokeme.fr\/actus\/ben-mckenzie-et-morena-baccarin-mari-et-femme-dans-la-vie-reelle-en-duo-dans-la-premiere-de-la-saison-2-de-sheriff-country-decouvrez-les-photos\/","name":"Ben McKenzie et Morena Baccarin, mari et femme dans la vie r\u00e9elle, en duo dans la premi\u00e8re de la saison 2 de Sheriff Country \u2014 D\u00e9couvrez les photos - Actualit\u00e9s - Joke Me","isPartOf":{"@id":"https:\/\/www.jokeme.fr\/actus\/#website"},"datePublished":"2026-09-01T03:41:22+00:00","dateModified":"2026-09-01T03:41:24+00:00","breadcrumb":{"@id":"https:\/\/www.jokeme.fr\/actus\/ben-mckenzie-et-morena-baccarin-mari-et-femme-dans-la-vie-reelle-en-duo-dans-la-premiere-de-la-saison-2-de-sheriff-country-decouvrez-les-photos\/#breadcrumb"},"inLanguage":"fr-FR","potentialAction":[{"@type":"ReadAction","target":["https:\/\/www.jokeme.fr\/actus\/ben-mckenzie-et-morena-baccarin-mari-et-femme-dans-la-vie-reelle-en-duo-dans-la-premiere-de-la-saison-2-de-sheriff-country-decouvrez-les-photos\/"]}]},{"@type":"BreadcrumbList","@id":"https:\/\/www.jokeme.fr\/actus\/ben-mckenzie-et-morena-baccarin-mari-et-femme-dans-la-vie-reelle-en-duo-dans-la-premiere-de-la-saison-2-de-sheriff-country-decouvrez-les-photos\/#breadcrumb","itemListElement":[{"@type":"ListItem","position":1,"name":"Accueil","item":"https:\/\/www.jokeme.fr\/actus\/"},{"@type":"ListItem","position":2,"name":"Ben McKenzie et Morena Baccarin, mari et femme dans la vie r\u00e9elle, en duo dans la premi\u00e8re de la saison 2 de Sheriff Country \u2014 D\u00e9couvrez les photos"}]},{"@type":"WebSite","@id":"https:\/\/www.jokeme.fr\/actus\/#website","url":"https:\/\/www.jokeme.fr\/actus\/","name":"Actualit\u00e9s - Joke Me","description":"L&#039;actualit\u00e9 du rire","publisher":{"@id":"https:\/\/www.jokeme.fr\/actus\/#organization"},"potentialAction":[{"@type":"SearchAction","target":{"@type":"EntryPoint","urlTemplate":"https:\/\/www.jokeme.fr\/actus\/?s={search_term_string}"},"query-input":"required name=search_term_string"}],"inLanguage":"fr-FR"},{"@type":"Organization","@id":"https:\/\/www.jokeme.fr\/actus\/#organization","name":"Actualit\u00e9s - Joke Me","url":"https:\/\/www.jokeme.fr\/actus\/","logo":{"@type":"ImageObject","inLanguage":"fr-FR","@id":"https:\/\/www.jokeme.fr\/actus\/#\/schema\/logo\/image\/","url":"https:\/\/www.jokeme.fr\/actus\/wp-content\/uploads\/2023\/06\/cropped-Logo-Joke-Me.png","contentUrl":"https:\/\/www.jokeme.fr\/actus\/wp-content\/uploads\/2023\/06\/cropped-Logo-Joke-Me.png","width":499,"height":363,"caption":"Actualit\u00e9s - Joke Me"},"image":{"@id":"https:\/\/www.jokeme.fr\/actus\/#\/schema\/logo\/image\/"}},{"@type":"Person","@id":"https:\/\/www.jokeme.fr\/actus\/#\/schema\/person\/f0c6ad0d33ca144389e81e45a212928f","name":"Didier","image":{"@type":"ImageObject","inLanguage":"fr-FR","@id":"https:\/\/www.jokeme.fr\/actus\/#\/schema\/person\/image\/","url":"https:\/\/www.jokeme.fr\/actus\/wp-content\/uploads\/2024\/03\/jokeme-didier.jpg","contentUrl":"https:\/\/www.jokeme.fr\/actus\/wp-content\/uploads\/2024\/03\/jokeme-didier.jpg","caption":"Didier"},"description":"Didier, passionn\u00e9 de cin\u00e9ma, est un r\u00e9dacteur pour le m\u00e9dia Jokeme, o\u00f9 il partage sa passion \u00e0 travers des articles divertissants et informatifs. Ayant \u00e9tudi\u00e9 le journalisme, il allie sa formation \u00e0 sa passion pour offrir un contenu de qualit\u00e9 sur le monde du cin\u00e9ma.","sameAs":["https:\/\/www.jokeme.fr\/actus"]}]}},"_links":{"self":[{"href":"https:\/\/www.jokeme.fr\/actus\/wp-json\/wp\/v2\/posts\/25721"}],"collection":[{"href":"https:\/\/www.jokeme.fr\/actus\/wp-json\/wp\/v2\/posts"}],"about":[{"href":"https:\/\/www.jokeme.fr\/actus\/wp-json\/wp\/v2\/types\/post"}],"author":[{"embeddable":true,"href":"https:\/\/www.jokeme.fr\/actus\/wp-json\/wp\/v2\/users\/1"}],"replies":[{"embeddable":true,"href":"https:\/\/www.jokeme.fr\/actus\/wp-json\/wp\/v2\/comments?post=25721"}],"version-history":[{"count":1,"href":"https:\/\/www.jokeme.fr\/actus\/wp-json\/wp\/v2\/posts\/25721\/revisions"}],"predecessor-version":[{"id":25723,"href":"https:\/\/www.jokeme.fr\/actus\/wp-json\/wp\/v2\/posts\/25721\/revisions\/25723"}],"wp:featuredmedia":[{"embeddable":true,"href":"https:\/\/www.jokeme.fr\/actus\/wp-json\/wp\/v2\/media\/25722"}],"wp:attachment":[{"href":"https:\/\/www.jokeme.fr\/actus\/wp-json\/wp\/v2\/media?parent=25721"}],"wp:term":[{"taxonomy":"category","embeddable":true,"href":"https:\/\/www.jokeme.fr\/actus\/wp-json\/wp\/v2\/categories?post=25721"},{"taxonomy":"post_tag","embeddable":true,"href":"https:\/\/www.jokeme.fr\/actus\/wp-json\/wp\/v2\/tags?post=25721"}],"curies":[{"name":"wp","href":"https:\/\/api.w.org\/{rel}","templated":true}]}}