{"id":25759,"date":"2026-09-02T09:41:37","date_gmt":"2026-09-02T07:41:37","guid":{"rendered":"https:\/\/www.jokeme.fr\/actus\/jenny-et-sumit-de-90-day-fiance-mise-a-jour-devastatrice-sur-sa-sante-impossible-de-parler\/"},"modified":"2026-09-02T09:41:40","modified_gmt":"2026-09-02T07:41:40","slug":"jenny-et-sumit-de-90-day-fiance-mise-a-jour-devastatrice-sur-sa-sante-impossible-de-parler","status":"publish","type":"post","link":"https:\/\/www.jokeme.fr\/actus\/jenny-et-sumit-de-90-day-fiance-mise-a-jour-devastatrice-sur-sa-sante-impossible-de-parler\/","title":{"rendered":"Jenny et Sumit de 90 Day Fianc\u00e9 : mise \u00e0 jour d\u00e9vastatrice sur sa sant\u00e9 \u2014 \u00ab Impossible de parler \u00bb"},"content":{"rendered":"<div class=\"eg-single-article__block-content\">\n<p id=\"par-1_14\">Jenny Slatten et Sumit Singh ont partag\u00e9 une mise \u00e0 jour sobre sur le parcours de Jenny face \u00e0 la SLA.<\/p>\n<p id=\"par-2_88\">Le 30 ao\u00fbt, les stars de <em>90 Day Fianc\u00e9<\/em> ont publi\u00e9 sur Instagram pour parler \u00e0 leurs fans de la suite de leur histoire, alors que Sumit s\u2019emploie \u00e0 obtenir un visa qui lui permettrait de se rendre aux \u00c9tats-Unis avec Jenny, qui a re\u00e7u le diagnostic, \u00e0 la fin de l\u2019ann\u00e9e derni\u00e8re, d\u2019une maladie neurologique progressive et fatale. Alors que son \u00e9tat continue de se d\u00e9grader, le couple garde espoir de pouvoir ramener Jenny dans son pays d\u2019origine depuis l\u2019Inde, Sumit \u00e0 ses c\u00f4t\u00e9s, afin qu\u2019elle puisse alors recevoir un traitement pour sa maladie.<\/p>\n<h2 class=\"wp-block-heading\" id=\"h-jenny-slatten-s-als-is-progressing-sumit-singh-reveals\">L\u2019ALS de Jenny Slatten est en \u00ab progression \u00bb, r\u00e9v\u00e8le Sumit Singh<\/h2>\n<p id=\"par-3_51\">\u00ab Malheureusement, la SLA progresse. On voit les signes s\u2019accentuer \u00bb, a confi\u00e9 Sumit. \u00ab Il est difficile pour elle de parler \u00e0 pr\u00e9sent, et encore plus de marcher et de garder l\u2019\u00e9quilibre\u2026 Jenny perd de la force au niveau de sa colonne vert\u00e9brale et de son cou\u2026 ce qui complique son \u00e9quilibre lorsqu\u2019elle marche ou fait quoi que ce soit. \u00bb<\/p>\n<p id=\"par-4_20\">Jenny a peu parl\u00e9 lors des quatre volets de la mise \u00e0 jour sur les r\u00e9seaux sociaux, mais elle a pu dire qu\u2019elle \u00ab ne peut pas parler \u00bb.\u00a0<\/p>\n<p id=\"par-5_29\">\u00ab Je garde toujours mes espoirs hauts \u00bb, poursuivit Sumit. \u00ab Je sens que l\u2019Am\u00e9rique pourrait offrir quelque chose de mieux pour Jenny et qu\u2019elle pourrait au moins b\u00e9n\u00e9ficier d\u2019un meilleur syst\u00e8me de soutien. \u00bb<\/p>\n<p id=\"par-6_94\">Cependant, le couple TLC se heurte \u00e0 un obstacle majeur dans leurs projets de ramener Jenny aux \u00c9tats\u2011Unis. Sumit n\u2019a pas encore obtenu le visa qui lui permettrait d\u2019accompagner sa femme en Am\u00e9rique. Il a d\u00e9pos\u00e9 une demande de visa touristique d\u2019urgence, mais dans sa derni\u00e8re mise \u00e0 jour, il a d\u00e9clar\u00e9 craindre que son passage dans <em>90 Day Fiance<\/em> puisse en fait diminuer ses chances d\u2019\u00eatre approuv\u00e9. Pendant ce temps, Jenny refuse de voyager sans Sumit, craignant qu\u2019il ne puisse pas la suivre et qu\u2019ils ne soient s\u00e9par\u00e9s d\u00e9finitivement.\u00a0\u00a0<\/p>\n<p id=\"par-7_22\">\u00ab Et si Jenny n\u2019\u00e9tait jamais en mesure de voyager de retour en Inde ? \u2026 Cela signifierait que nous serions s\u00e9par\u00e9s. S\u00e9par\u00e9s pour toujours \u00bb, a expliqu\u00e9 Sumit.<\/p>\n<h2 class=\"wp-block-heading\" id=\"h-90-day-star-says-india-is-her-home\">L\u2019actrice de \u00ab 90 Day \u00bb affirme que l\u2019Inde est son \u00ab chez soi \u00bb<\/h2>\n<p id=\"par-8_37\">Beaucoup de fans du couple de <em>90 Day: The Last Resort<\/em> ont comment\u00e9 en ligne que Jenny devrait revenir aux \u00c9tats\u2011Unis, o\u00f9 elle a des enfants adultes et d\u2019autres membres de la famille. Mais elle ne veut pas faire cela, a-t-elle d\u00e9clar\u00e9.\u00a0<\/p>\n<p id=\"par-9_26\">\u00ab Beaucoup de gens disent que Jenny devrait retourner chez elle, en Am\u00e9rique, aupr\u00e8s de ses filles, de sa famille\u2026 \u00bb, a d\u00e9clar\u00e9 Sumit, pendant que Jenny secouait la t\u00eate.\u00a0<\/p>\n<p id=\"par-10_16\">\u00ab Mon chez moi \u00bb, a-t-elle dit en pointant du doigt l\u2019appartement qu\u2019elle partage en Inde avec Sumit.<\/p>\n<p id=\"par-11_64\">\u00ab Je veux que Jenny commence \u00e0 \u00eatre trait\u00e9e \u00bb, ajouta Sumit. \u00ab Je veux que Jenny commence \u00e0 se sentir mieux, ou au moins [avoir un] syst\u00e8me de soutien qui fasse en sorte que Jenny ne vive pas chaque jour comme une \u00e9preuve. \u00bb. Cependant, si Sumit ne peut pas obtenir de visa, il ne pourra obtenir cette aide pour Jenny que s\u2019ils \u00ab paient le prix en abandonnant compl\u00e8tement notre relation \u00bb. <\/p>\n<\/p><\/div>\n<p><script async src=\"\/\/www.instagram.com\/embed.js\"><\/script><\/p>\n","protected":false},"excerpt":{"rendered":"<p>Jenny Slatten et Sumit Singh ont partag\u00e9 une mise \u00e0 jour sobre sur le parcours de Jenny face \u00e0 la SLA. Le 30 ao\u00fbt, les stars de 90 Day Fianc\u00e9 ont publi\u00e9 sur Instagram pour parler \u00e0 leurs fans de la suite de leur histoire, alors que Sumit s\u2019emploie \u00e0 obtenir un visa qui lui &#8230; <a title=\"Jenny et Sumit de 90 Day Fianc\u00e9 : mise \u00e0 jour d\u00e9vastatrice sur sa sant\u00e9 \u2014 \u00ab Impossible de parler \u00bb\" class=\"read-more\" href=\"https:\/\/www.jokeme.fr\/actus\/jenny-et-sumit-de-90-day-fiance-mise-a-jour-devastatrice-sur-sa-sante-impossible-de-parler\/\" aria-label=\"Plus sur Jenny et Sumit de 90 Day Fianc\u00e9 : mise \u00e0 jour d\u00e9vastatrice sur sa sant\u00e9 \u2014 \u00ab Impossible de parler \u00bb\">Lire plus<\/a><\/p>\n","protected":false},"author":1,"featured_media":25287,"comment_status":"closed","ping_status":"open","sticky":false,"template":"","format":"standard","meta":{"footnotes":""},"categories":[1],"tags":[4778,17523,1771,7407,17206,1034,3036,960,2981,17208,7],"yoast_head":"<!-- This site is optimized with the Yoast SEO plugin v20.8 - https:\/\/yoast.com\/wordpress\/plugins\/seo\/ -->\n<title>Jenny et Sumit de 90 Day Fianc\u00e9 : mise \u00e0 jour d\u00e9vastatrice sur sa sant\u00e9 \u2014 \u00ab Impossible de parler \u00bb - Actualit\u00e9s - Joke Me<\/title>\n<meta name=\"robots\" content=\"index, follow, max-snippet:-1, max-image-preview:large, max-video-preview:-1\" \/>\n<link rel=\"canonical\" href=\"https:\/\/www.jokeme.fr\/actus\/jenny-et-sumit-de-90-day-fiance-mise-a-jour-devastatrice-sur-sa-sante-impossible-de-parler\/\" \/>\n<meta property=\"og:locale\" content=\"fr_FR\" \/>\n<meta property=\"og:type\" content=\"article\" \/>\n<meta property=\"og:title\" content=\"Jenny et Sumit de 90 Day Fianc\u00e9 : mise \u00e0 jour d\u00e9vastatrice sur sa sant\u00e9 \u2014 \u00ab Impossible de parler \u00bb - Actualit\u00e9s - Joke Me\" \/>\n<meta property=\"og:description\" content=\"Jenny Slatten et Sumit Singh ont partag\u00e9 une mise \u00e0 jour sobre sur le parcours de Jenny face \u00e0 la SLA. Le 30 ao\u00fbt, les stars de 90 Day Fianc\u00e9 ont publi\u00e9 sur Instagram pour parler \u00e0 leurs fans de la suite de leur histoire, alors que Sumit s\u2019emploie \u00e0 obtenir un visa qui lui ... Lire plus\" \/>\n<meta property=\"og:url\" content=\"https:\/\/www.jokeme.fr\/actus\/jenny-et-sumit-de-90-day-fiance-mise-a-jour-devastatrice-sur-sa-sante-impossible-de-parler\/\" \/>\n<meta property=\"og:site_name\" content=\"Actualit\u00e9s - Joke Me\" \/>\n<meta property=\"article:published_time\" content=\"2026-09-02T07:41:37+00:00\" \/>\n<meta property=\"article:modified_time\" content=\"2026-09-02T07:41:40+00:00\" \/>\n<meta property=\"og:image\" content=\"https:\/\/www.jokeme.fr\/actus\/wp-content\/uploads\/2026\/07\/1785109389.webp\" \/>\n\t<meta property=\"og:image:width\" content=\"1200\" \/>\n\t<meta property=\"og:image:height\" content=\"1381\" \/>\n\t<meta property=\"og:image:type\" content=\"image\/webp\" \/>\n<meta name=\"author\" content=\"Didier\" \/>\n<meta name=\"twitter:card\" content=\"summary_large_image\" \/>\n<meta name=\"twitter:label1\" content=\"\u00c9crit par\" \/>\n\t<meta name=\"twitter:data1\" content=\"Didier\" \/>\n\t<meta name=\"twitter:label2\" content=\"Dur\u00e9e de lecture estim\u00e9e\" \/>\n\t<meta name=\"twitter:data2\" content=\"3 minutes\" \/>\n<script type=\"application\/ld+json\" class=\"yoast-schema-graph\">{\"@context\":\"https:\/\/schema.org\",\"@graph\":[{\"@type\":\"Article\",\"@id\":\"https:\/\/www.jokeme.fr\/actus\/jenny-et-sumit-de-90-day-fiance-mise-a-jour-devastatrice-sur-sa-sante-impossible-de-parler\/#article\",\"isPartOf\":{\"@id\":\"https:\/\/www.jokeme.fr\/actus\/jenny-et-sumit-de-90-day-fiance-mise-a-jour-devastatrice-sur-sa-sante-impossible-de-parler\/\"},\"author\":{\"name\":\"Didier\",\"@id\":\"https:\/\/www.jokeme.fr\/actus\/#\/schema\/person\/f0c6ad0d33ca144389e81e45a212928f\"},\"headline\":\"Jenny et Sumit de 90 Day Fianc\u00e9 : mise \u00e0 jour d\u00e9vastatrice sur sa sant\u00e9 \u2014 \u00ab Impossible de parler \u00bb\",\"datePublished\":\"2026-09-02T07:41:37+00:00\",\"dateModified\":\"2026-09-02T07:41:40+00:00\",\"mainEntityOfPage\":{\"@id\":\"https:\/\/www.jokeme.fr\/actus\/jenny-et-sumit-de-90-day-fiance-mise-a-jour-devastatrice-sur-sa-sante-impossible-de-parler\/\"},\"wordCount\":585,\"publisher\":{\"@id\":\"https:\/\/www.jokeme.fr\/actus\/#organization\"},\"keywords\":[\"Day\",\"d\u00e9vastatrice\",\"fianc\u00e9\",\"Impossible\",\"Jenny\",\"jour\",\"mise\",\"parler\",\"sant\u00e9\",\"Sumit\",\"sur\"],\"inLanguage\":\"fr-FR\"},{\"@type\":\"WebPage\",\"@id\":\"https:\/\/www.jokeme.fr\/actus\/jenny-et-sumit-de-90-day-fiance-mise-a-jour-devastatrice-sur-sa-sante-impossible-de-parler\/\",\"url\":\"https:\/\/www.jokeme.fr\/actus\/jenny-et-sumit-de-90-day-fiance-mise-a-jour-devastatrice-sur-sa-sante-impossible-de-parler\/\",\"name\":\"Jenny et Sumit de 90 Day Fianc\u00e9 : mise \u00e0 jour d\u00e9vastatrice sur sa sant\u00e9 \u2014 \u00ab Impossible de parler \u00bb - Actualit\u00e9s - Joke Me\",\"isPartOf\":{\"@id\":\"https:\/\/www.jokeme.fr\/actus\/#website\"},\"datePublished\":\"2026-09-02T07:41:37+00:00\",\"dateModified\":\"2026-09-02T07:41:40+00:00\",\"breadcrumb\":{\"@id\":\"https:\/\/www.jokeme.fr\/actus\/jenny-et-sumit-de-90-day-fiance-mise-a-jour-devastatrice-sur-sa-sante-impossible-de-parler\/#breadcrumb\"},\"inLanguage\":\"fr-FR\",\"potentialAction\":[{\"@type\":\"ReadAction\",\"target\":[\"https:\/\/www.jokeme.fr\/actus\/jenny-et-sumit-de-90-day-fiance-mise-a-jour-devastatrice-sur-sa-sante-impossible-de-parler\/\"]}]},{\"@type\":\"BreadcrumbList\",\"@id\":\"https:\/\/www.jokeme.fr\/actus\/jenny-et-sumit-de-90-day-fiance-mise-a-jour-devastatrice-sur-sa-sante-impossible-de-parler\/#breadcrumb\",\"itemListElement\":[{\"@type\":\"ListItem\",\"position\":1,\"name\":\"Accueil\",\"item\":\"https:\/\/www.jokeme.fr\/actus\/\"},{\"@type\":\"ListItem\",\"position\":2,\"name\":\"Jenny et Sumit de 90 Day Fianc\u00e9 : mise \u00e0 jour d\u00e9vastatrice sur sa sant\u00e9 \u2014 \u00ab Impossible de parler \u00bb\"}]},{\"@type\":\"WebSite\",\"@id\":\"https:\/\/www.jokeme.fr\/actus\/#website\",\"url\":\"https:\/\/www.jokeme.fr\/actus\/\",\"name\":\"Actualit\u00e9s - Joke Me\",\"description\":\"L&#039;actualit\u00e9 du rire\",\"publisher\":{\"@id\":\"https:\/\/www.jokeme.fr\/actus\/#organization\"},\"potentialAction\":[{\"@type\":\"SearchAction\",\"target\":{\"@type\":\"EntryPoint\",\"urlTemplate\":\"https:\/\/www.jokeme.fr\/actus\/?s={search_term_string}\"},\"query-input\":\"required name=search_term_string\"}],\"inLanguage\":\"fr-FR\"},{\"@type\":\"Organization\",\"@id\":\"https:\/\/www.jokeme.fr\/actus\/#organization\",\"name\":\"Actualit\u00e9s - Joke Me\",\"url\":\"https:\/\/www.jokeme.fr\/actus\/\",\"logo\":{\"@type\":\"ImageObject\",\"inLanguage\":\"fr-FR\",\"@id\":\"https:\/\/www.jokeme.fr\/actus\/#\/schema\/logo\/image\/\",\"url\":\"https:\/\/www.jokeme.fr\/actus\/wp-content\/uploads\/2023\/06\/cropped-Logo-Joke-Me.png\",\"contentUrl\":\"https:\/\/www.jokeme.fr\/actus\/wp-content\/uploads\/2023\/06\/cropped-Logo-Joke-Me.png\",\"width\":499,\"height\":363,\"caption\":\"Actualit\u00e9s - Joke Me\"},\"image\":{\"@id\":\"https:\/\/www.jokeme.fr\/actus\/#\/schema\/logo\/image\/\"}},{\"@type\":\"Person\",\"@id\":\"https:\/\/www.jokeme.fr\/actus\/#\/schema\/person\/f0c6ad0d33ca144389e81e45a212928f\",\"name\":\"Didier\",\"image\":{\"@type\":\"ImageObject\",\"inLanguage\":\"fr-FR\",\"@id\":\"https:\/\/www.jokeme.fr\/actus\/#\/schema\/person\/image\/\",\"url\":\"https:\/\/www.jokeme.fr\/actus\/wp-content\/uploads\/2024\/03\/jokeme-didier.jpg\",\"contentUrl\":\"https:\/\/www.jokeme.fr\/actus\/wp-content\/uploads\/2024\/03\/jokeme-didier.jpg\",\"caption\":\"Didier\"},\"description\":\"Didier, passionn\u00e9 de cin\u00e9ma, est un r\u00e9dacteur pour le m\u00e9dia Jokeme, o\u00f9 il partage sa passion \u00e0 travers des articles divertissants et informatifs. Ayant \u00e9tudi\u00e9 le journalisme, il allie sa formation \u00e0 sa passion pour offrir un contenu de qualit\u00e9 sur le monde du cin\u00e9ma.\",\"sameAs\":[\"https:\/\/www.jokeme.fr\/actus\"]}]}<\/script>\n<!-- \/ Yoast SEO plugin. -->","yoast_head_json":{"title":"Jenny et Sumit de 90 Day Fianc\u00e9 : mise \u00e0 jour d\u00e9vastatrice sur sa sant\u00e9 \u2014 \u00ab Impossible de parler \u00bb - Actualit\u00e9s - Joke Me","robots":{"index":"index","follow":"follow","max-snippet":"max-snippet:-1","max-image-preview":"max-image-preview:large","max-video-preview":"max-video-preview:-1"},"canonical":"https:\/\/www.jokeme.fr\/actus\/jenny-et-sumit-de-90-day-fiance-mise-a-jour-devastatrice-sur-sa-sante-impossible-de-parler\/","og_locale":"fr_FR","og_type":"article","og_title":"Jenny et Sumit de 90 Day Fianc\u00e9 : mise \u00e0 jour d\u00e9vastatrice sur sa sant\u00e9 \u2014 \u00ab Impossible de parler \u00bb - Actualit\u00e9s - Joke Me","og_description":"Jenny Slatten et Sumit Singh ont partag\u00e9 une mise \u00e0 jour sobre sur le parcours de Jenny face \u00e0 la SLA. Le 30 ao\u00fbt, les stars de 90 Day Fianc\u00e9 ont publi\u00e9 sur Instagram pour parler \u00e0 leurs fans de la suite de leur histoire, alors que Sumit s\u2019emploie \u00e0 obtenir un visa qui lui ... Lire plus","og_url":"https:\/\/www.jokeme.fr\/actus\/jenny-et-sumit-de-90-day-fiance-mise-a-jour-devastatrice-sur-sa-sante-impossible-de-parler\/","og_site_name":"Actualit\u00e9s - Joke Me","article_published_time":"2026-09-02T07:41:37+00:00","article_modified_time":"2026-09-02T07:41:40+00:00","og_image":[{"width":1200,"height":1381,"url":"https:\/\/www.jokeme.fr\/actus\/wp-content\/uploads\/2026\/07\/1785109389.webp","type":"image\/webp"}],"author":"Didier","twitter_card":"summary_large_image","twitter_misc":{"\u00c9crit par":"Didier","Dur\u00e9e de lecture estim\u00e9e":"3 minutes"},"schema":{"@context":"https:\/\/schema.org","@graph":[{"@type":"Article","@id":"https:\/\/www.jokeme.fr\/actus\/jenny-et-sumit-de-90-day-fiance-mise-a-jour-devastatrice-sur-sa-sante-impossible-de-parler\/#article","isPartOf":{"@id":"https:\/\/www.jokeme.fr\/actus\/jenny-et-sumit-de-90-day-fiance-mise-a-jour-devastatrice-sur-sa-sante-impossible-de-parler\/"},"author":{"name":"Didier","@id":"https:\/\/www.jokeme.fr\/actus\/#\/schema\/person\/f0c6ad0d33ca144389e81e45a212928f"},"headline":"Jenny et Sumit de 90 Day Fianc\u00e9 : mise \u00e0 jour d\u00e9vastatrice sur sa sant\u00e9 \u2014 \u00ab Impossible de parler \u00bb","datePublished":"2026-09-02T07:41:37+00:00","dateModified":"2026-09-02T07:41:40+00:00","mainEntityOfPage":{"@id":"https:\/\/www.jokeme.fr\/actus\/jenny-et-sumit-de-90-day-fiance-mise-a-jour-devastatrice-sur-sa-sante-impossible-de-parler\/"},"wordCount":585,"publisher":{"@id":"https:\/\/www.jokeme.fr\/actus\/#organization"},"keywords":["Day","d\u00e9vastatrice","fianc\u00e9","Impossible","Jenny","jour","mise","parler","sant\u00e9","Sumit","sur"],"inLanguage":"fr-FR"},{"@type":"WebPage","@id":"https:\/\/www.jokeme.fr\/actus\/jenny-et-sumit-de-90-day-fiance-mise-a-jour-devastatrice-sur-sa-sante-impossible-de-parler\/","url":"https:\/\/www.jokeme.fr\/actus\/jenny-et-sumit-de-90-day-fiance-mise-a-jour-devastatrice-sur-sa-sante-impossible-de-parler\/","name":"Jenny et Sumit de 90 Day Fianc\u00e9 : mise \u00e0 jour d\u00e9vastatrice sur sa sant\u00e9 \u2014 \u00ab Impossible de parler \u00bb - Actualit\u00e9s - Joke Me","isPartOf":{"@id":"https:\/\/www.jokeme.fr\/actus\/#website"},"datePublished":"2026-09-02T07:41:37+00:00","dateModified":"2026-09-02T07:41:40+00:00","breadcrumb":{"@id":"https:\/\/www.jokeme.fr\/actus\/jenny-et-sumit-de-90-day-fiance-mise-a-jour-devastatrice-sur-sa-sante-impossible-de-parler\/#breadcrumb"},"inLanguage":"fr-FR","potentialAction":[{"@type":"ReadAction","target":["https:\/\/www.jokeme.fr\/actus\/jenny-et-sumit-de-90-day-fiance-mise-a-jour-devastatrice-sur-sa-sante-impossible-de-parler\/"]}]},{"@type":"BreadcrumbList","@id":"https:\/\/www.jokeme.fr\/actus\/jenny-et-sumit-de-90-day-fiance-mise-a-jour-devastatrice-sur-sa-sante-impossible-de-parler\/#breadcrumb","itemListElement":[{"@type":"ListItem","position":1,"name":"Accueil","item":"https:\/\/www.jokeme.fr\/actus\/"},{"@type":"ListItem","position":2,"name":"Jenny et Sumit de 90 Day Fianc\u00e9 : mise \u00e0 jour d\u00e9vastatrice sur sa sant\u00e9 \u2014 \u00ab Impossible de parler \u00bb"}]},{"@type":"WebSite","@id":"https:\/\/www.jokeme.fr\/actus\/#website","url":"https:\/\/www.jokeme.fr\/actus\/","name":"Actualit\u00e9s - Joke Me","description":"L&#039;actualit\u00e9 du rire","publisher":{"@id":"https:\/\/www.jokeme.fr\/actus\/#organization"},"potentialAction":[{"@type":"SearchAction","target":{"@type":"EntryPoint","urlTemplate":"https:\/\/www.jokeme.fr\/actus\/?s={search_term_string}"},"query-input":"required name=search_term_string"}],"inLanguage":"fr-FR"},{"@type":"Organization","@id":"https:\/\/www.jokeme.fr\/actus\/#organization","name":"Actualit\u00e9s - Joke Me","url":"https:\/\/www.jokeme.fr\/actus\/","logo":{"@type":"ImageObject","inLanguage":"fr-FR","@id":"https:\/\/www.jokeme.fr\/actus\/#\/schema\/logo\/image\/","url":"https:\/\/www.jokeme.fr\/actus\/wp-content\/uploads\/2023\/06\/cropped-Logo-Joke-Me.png","contentUrl":"https:\/\/www.jokeme.fr\/actus\/wp-content\/uploads\/2023\/06\/cropped-Logo-Joke-Me.png","width":499,"height":363,"caption":"Actualit\u00e9s - Joke Me"},"image":{"@id":"https:\/\/www.jokeme.fr\/actus\/#\/schema\/logo\/image\/"}},{"@type":"Person","@id":"https:\/\/www.jokeme.fr\/actus\/#\/schema\/person\/f0c6ad0d33ca144389e81e45a212928f","name":"Didier","image":{"@type":"ImageObject","inLanguage":"fr-FR","@id":"https:\/\/www.jokeme.fr\/actus\/#\/schema\/person\/image\/","url":"https:\/\/www.jokeme.fr\/actus\/wp-content\/uploads\/2024\/03\/jokeme-didier.jpg","contentUrl":"https:\/\/www.jokeme.fr\/actus\/wp-content\/uploads\/2024\/03\/jokeme-didier.jpg","caption":"Didier"},"description":"Didier, passionn\u00e9 de cin\u00e9ma, est un r\u00e9dacteur pour le m\u00e9dia Jokeme, o\u00f9 il partage sa passion \u00e0 travers des articles divertissants et informatifs. Ayant \u00e9tudi\u00e9 le journalisme, il allie sa formation \u00e0 sa passion pour offrir un contenu de qualit\u00e9 sur le monde du cin\u00e9ma.","sameAs":["https:\/\/www.jokeme.fr\/actus"]}]}},"_links":{"self":[{"href":"https:\/\/www.jokeme.fr\/actus\/wp-json\/wp\/v2\/posts\/25759"}],"collection":[{"href":"https:\/\/www.jokeme.fr\/actus\/wp-json\/wp\/v2\/posts"}],"about":[{"href":"https:\/\/www.jokeme.fr\/actus\/wp-json\/wp\/v2\/types\/post"}],"author":[{"embeddable":true,"href":"https:\/\/www.jokeme.fr\/actus\/wp-json\/wp\/v2\/users\/1"}],"replies":[{"embeddable":true,"href":"https:\/\/www.jokeme.fr\/actus\/wp-json\/wp\/v2\/comments?post=25759"}],"version-history":[{"count":1,"href":"https:\/\/www.jokeme.fr\/actus\/wp-json\/wp\/v2\/posts\/25759\/revisions"}],"predecessor-version":[{"id":25760,"href":"https:\/\/www.jokeme.fr\/actus\/wp-json\/wp\/v2\/posts\/25759\/revisions\/25760"}],"wp:featuredmedia":[{"embeddable":true,"href":"https:\/\/www.jokeme.fr\/actus\/wp-json\/wp\/v2\/media\/25287"}],"wp:attachment":[{"href":"https:\/\/www.jokeme.fr\/actus\/wp-json\/wp\/v2\/media?parent=25759"}],"wp:term":[{"taxonomy":"category","embeddable":true,"href":"https:\/\/www.jokeme.fr\/actus\/wp-json\/wp\/v2\/categories?post=25759"},{"taxonomy":"post_tag","embeddable":true,"href":"https:\/\/www.jokeme.fr\/actus\/wp-json\/wp\/v2\/tags?post=25759"}],"curies":[{"name":"wp","href":"https:\/\/api.w.org\/{rel}","templated":true}]}}