{"id":25806,"date":"2026-09-04T11:41:13","date_gmt":"2026-09-04T09:41:13","guid":{"rendered":"https:\/\/www.jokeme.fr\/actus\/beaute-noire-de-tyler-perry-phenomene-mondial-numero-2-dans-le-monde-et-numero-1-dans-30-pays\/"},"modified":"2026-09-04T11:41:14","modified_gmt":"2026-09-04T09:41:14","slug":"beaute-noire-de-tyler-perry-phenomene-mondial-numero-2-dans-le-monde-et-numero-1-dans-30-pays","status":"publish","type":"post","link":"https:\/\/www.jokeme.fr\/actus\/beaute-noire-de-tyler-perry-phenomene-mondial-numero-2-dans-le-monde-et-numero-1-dans-30-pays\/","title":{"rendered":"Beaut\u00e9 Noire de Tyler Perry : ph\u00e9nom\u00e8ne mondial, num\u00e9ro 2 dans le monde et num\u00e9ro 1 dans 30 pays"},"content":{"rendered":"<div class=\"eg-single-article__block-content\">\n<p id=\"par-1_16\">Tyler Perry occupe une place de choix dans le top 10 de Netflix gr\u00e2ce \u00e0 la derni\u00e8re saison de <em>Beauty in Black<\/em>.<\/p>\n<p id=\"par-2_62\">Le 27 ao\u00fbt, la troisi\u00e8me saison de ce drame au rythme soutenu, centr\u00e9 sur une danseuse exotique qui se retrouve m\u00eal\u00e9e \u00e0 la puissante famille derri\u00e8re une dynastie cosm\u00e9tique, a \u00e9t\u00e9 mise en ligne sur le service. Elle a rapidement atteint la premi\u00e8re place dans le classement des programmes les plus regard\u00e9s de Netflix dans 30 pays et a \u00e9t\u00e9 la deuxi\u00e8me s\u00e9rie la plus visionn\u00e9e au niveau mondial dans les jours qui ont suivi sa sortie, selon FlixPatrol.<\/p>\n<h2 class=\"wp-block-heading\" id=\"h-beauty-in-black-season-3-no-1-on-netflix-in-jamaica-hungary-and-kenya\">\u00ab Beauty in Black \u00bb, saison 3 num\u00e9ro 1 sur Netflix en Jama\u00efque, en Hongrie et au Kenya<\/h2>\n<p id=\"par-3_31\">Dans quels pays les t\u00e9l\u00e9spectateurs se sont-ils r\u00e9gal\u00e9s avec <em>Beauty in Black<\/em> ? La s\u00e9rie s\u2019est hiss\u00e9e \u00e0 la premi\u00e8re place aux Bahamas, en Bolivie, au Br\u00e9sil, en Colombie, au Costa Rica, en \u00c9quateur, en Hongrie, en Jama\u00efque, au Kenya, au P\u00e9rou et en Afrique du Sud, parmi d\u2019autres pays.<\/p>\n<p id=\"par-4_32\">Aux \u00c9tats\u2011Unis, <em>Beauty in Black<\/em> a \u00e9t\u00e9 la s\u00e9rie sc\u00e9naris\u00e9e la plus regard\u00e9e ces derniers jours, la seule \u00e0 la d\u00e9passer \u00e9tant la docu-s\u00e9rie crime r\u00e9el <em>Death of the Pastor\u2019s Wife<\/em> dans les classements.<\/p>\n<p id=\"par-5_44\">Le d\u00e9marrage impressionnant de la saison 3 survient quelques semaines apr\u00e8s que Netflix ait, \u00e0 l\u2019impr\u00e9vu, command\u00e9 une quatri\u00e8me saison pour ce drame populaire. \u00c0 l\u2019origine, la s\u00e9rie devait s\u2019achever \u00e0 l\u2019issue de la troisi\u00e8me saison. Mais Perry a d\u00e9clar\u00e9 qu\u2019il restait encore une histoire \u00e0 raconter, et Netflix a accept\u00e9.<\/p>\n<p id=\"par-6_87\">\u00ab <em>Beauty in Black<\/em> est de retour pour la saison 4, et l\u2019histoire de la famille Bellarie est loin d\u2019\u00eatre termin\u00e9e \u00bb, a d\u00e9clar\u00e9 le r\u00e9alisateur de <em>Why Did I Get Married?<\/em> \u2014 qui est aussi le cr\u00e9ateur, l\u2019\u00e9crivain, le r\u00e9alisateur et le producteur ex\u00e9cutif de la s\u00e9rie \u2014 lors d\u2019un entretien avec Tudum. \u00ab Il y avait tellement plus que je voulais explorer, et je suis reconnaissant de pouvoir continuer \u00e0 raconter cette histoire. \u00c0 l\u2019attention du public qui nous suit depuis le premier jour, merci de regarder et de partager cette s\u00e9rie avec le monde. D\u2019autres \u00e9pisodes arrivent ! \u00bb<\/p>\n<h2 class=\"wp-block-heading\" id=\"h-why-netflix-is-bringing-beauty-in-black-back-for-season-4\">Pourquoi Netflix ram\u00e8ne \u00ab Beauty in Black \u00bb pour la saison 4<\/h2>\n<p id=\"par-7_58\">Netflix n\u2019a pas donn\u00e9 de raison pr\u00e9cise pour justifier ce changement d\u2019avis concernant l\u2019avenir de <em>Beauty in Black<\/em>. Mais un coup d\u2019\u0153il aux chiffres r\u00e9cents montre une piste majeure. La s\u00e9rie est clairement appr\u00e9ci\u00e9e par les t\u00e9l\u00e9spectateurs non seulement aux \u00c9tats\u2011Unis mais dans le monde entier. Le planning de production r\u00e9put\u00e9 efficace de Perry aide probablement aussi \u2014 la saison 2 a \u00e9t\u00e9 tourn\u00e9e en seulement six jours.<\/p>\n<p id=\"par-8_44\">En mars dernier, la star de la s\u00e9rie, Taylor Polidore Williams, qui incarne Kimmie, a confi\u00e9 \u00e0 TVLine que, avec le reste du casting, ils ne comprenaient pas la d\u00e9cision de Netflix de mettre fin \u00e0 la s\u00e9rie apr\u00e8s trois saisons. \u00c0 l\u2019\u00e9poque, elle avan\u00e7ait que \u00ab l\u2019algorithme \u00bb pourrait \u00eatre responsable.<\/p>\n<p id=\"par-9_35\">\u00ab Je peux honn\u00eatement dire que lorsque j\u2019ai appris la nouvelle [l\u2019annulation], j\u2019\u00e9tais comme, \u2018Attends, quoi ?\u2019 \u00bb a-t-elle d\u00e9clar\u00e9. \u00ab Nous avons les chiffres qu\u2019il faut et les gens aiment la s\u00e9rie. Ils l\u2019adorent ! \u00bb<\/p>\n<p id=\"par-10_7\"><em>Beauty In Black<\/em> est disponible en streaming sur Netflix.<\/p>\n<\/div>\n","protected":false},"excerpt":{"rendered":"<p>Tyler Perry occupe une place de choix dans le top 10 de Netflix gr\u00e2ce \u00e0 la derni\u00e8re saison de Beauty in Black. Le 27 ao\u00fbt, la troisi\u00e8me saison de ce drame au rythme soutenu, centr\u00e9 sur une danseuse exotique qui se retrouve m\u00eal\u00e9e \u00e0 la puissante famille derri\u00e8re une dynastie cosm\u00e9tique, a \u00e9t\u00e9 mise en &#8230; <a title=\"Beaut\u00e9 Noire de Tyler Perry : ph\u00e9nom\u00e8ne mondial, num\u00e9ro 2 dans le monde et num\u00e9ro 1 dans 30 pays\" class=\"read-more\" href=\"https:\/\/www.jokeme.fr\/actus\/beaute-noire-de-tyler-perry-phenomene-mondial-numero-2-dans-le-monde-et-numero-1-dans-30-pays\/\" aria-label=\"Plus sur Beaut\u00e9 Noire de Tyler Perry : ph\u00e9nom\u00e8ne mondial, num\u00e9ro 2 dans le monde et num\u00e9ro 1 dans 30 pays\">Lire plus<\/a><\/p>\n","protected":false},"author":1,"featured_media":25807,"comment_status":"closed","ping_status":"open","sticky":false,"template":"","format":"standard","meta":{"footnotes":""},"categories":[1],"tags":[4451,52,239,7819,2138,1436,569,5504,805,5001],"yoast_head":"<!-- This site is optimized with the Yoast SEO plugin v20.8 - https:\/\/yoast.com\/wordpress\/plugins\/seo\/ -->\n<title>Beaut\u00e9 Noire de Tyler Perry : ph\u00e9nom\u00e8ne mondial, num\u00e9ro 2 dans le monde et num\u00e9ro 1 dans 30 pays - Actualit\u00e9s - Joke Me<\/title>\n<meta name=\"robots\" content=\"index, follow, max-snippet:-1, max-image-preview:large, max-video-preview:-1\" \/>\n<link rel=\"canonical\" href=\"https:\/\/www.jokeme.fr\/actus\/beaute-noire-de-tyler-perry-phenomene-mondial-numero-2-dans-le-monde-et-numero-1-dans-30-pays\/\" \/>\n<meta property=\"og:locale\" content=\"fr_FR\" \/>\n<meta property=\"og:type\" content=\"article\" \/>\n<meta property=\"og:title\" content=\"Beaut\u00e9 Noire de Tyler Perry : ph\u00e9nom\u00e8ne mondial, num\u00e9ro 2 dans le monde et num\u00e9ro 1 dans 30 pays - Actualit\u00e9s - Joke Me\" \/>\n<meta property=\"og:description\" content=\"Tyler Perry occupe une place de choix dans le top 10 de Netflix gr\u00e2ce \u00e0 la derni\u00e8re saison de Beauty in Black. Le 27 ao\u00fbt, la troisi\u00e8me saison de ce drame au rythme soutenu, centr\u00e9 sur une danseuse exotique qui se retrouve m\u00eal\u00e9e \u00e0 la puissante famille derri\u00e8re une dynastie cosm\u00e9tique, a \u00e9t\u00e9 mise en ... Lire plus\" \/>\n<meta property=\"og:url\" content=\"https:\/\/www.jokeme.fr\/actus\/beaute-noire-de-tyler-perry-phenomene-mondial-numero-2-dans-le-monde-et-numero-1-dans-30-pays\/\" \/>\n<meta property=\"og:site_name\" content=\"Actualit\u00e9s - Joke Me\" \/>\n<meta property=\"article:published_time\" content=\"2026-09-04T09:41:13+00:00\" \/>\n<meta property=\"article:modified_time\" content=\"2026-09-04T09:41:14+00:00\" \/>\n<meta property=\"og:image\" content=\"https:\/\/www.jokeme.fr\/actus\/wp-content\/uploads\/2026\/09\/1788514873.webp\" \/>\n\t<meta property=\"og:image:width\" content=\"1200\" \/>\n\t<meta property=\"og:image:height\" content=\"800\" \/>\n\t<meta property=\"og:image:type\" content=\"image\/webp\" \/>\n<meta name=\"author\" content=\"Didier\" \/>\n<meta name=\"twitter:card\" content=\"summary_large_image\" \/>\n<meta name=\"twitter:label1\" content=\"\u00c9crit par\" \/>\n\t<meta name=\"twitter:data1\" content=\"Didier\" \/>\n\t<meta name=\"twitter:label2\" content=\"Dur\u00e9e de lecture estim\u00e9e\" \/>\n\t<meta name=\"twitter:data2\" content=\"3 minutes\" \/>\n<script type=\"application\/ld+json\" class=\"yoast-schema-graph\">{\"@context\":\"https:\/\/schema.org\",\"@graph\":[{\"@type\":\"Article\",\"@id\":\"https:\/\/www.jokeme.fr\/actus\/beaute-noire-de-tyler-perry-phenomene-mondial-numero-2-dans-le-monde-et-numero-1-dans-30-pays\/#article\",\"isPartOf\":{\"@id\":\"https:\/\/www.jokeme.fr\/actus\/beaute-noire-de-tyler-perry-phenomene-mondial-numero-2-dans-le-monde-et-numero-1-dans-30-pays\/\"},\"author\":{\"name\":\"Didier\",\"@id\":\"https:\/\/www.jokeme.fr\/actus\/#\/schema\/person\/f0c6ad0d33ca144389e81e45a212928f\"},\"headline\":\"Beaut\u00e9 Noire de Tyler Perry : ph\u00e9nom\u00e8ne mondial, num\u00e9ro 2 dans le monde et num\u00e9ro 1 dans 30 pays\",\"datePublished\":\"2026-09-04T09:41:13+00:00\",\"dateModified\":\"2026-09-04T09:41:14+00:00\",\"mainEntityOfPage\":{\"@id\":\"https:\/\/www.jokeme.fr\/actus\/beaute-noire-de-tyler-perry-phenomene-mondial-numero-2-dans-le-monde-et-numero-1-dans-30-pays\/\"},\"wordCount\":602,\"publisher\":{\"@id\":\"https:\/\/www.jokeme.fr\/actus\/#organization\"},\"keywords\":[\"beaut\u00e9\",\"dans\",\"monde\",\"mondial\",\"noire\",\"num\u00e9ro\",\"Pays\",\"Perry\",\"Ph\u00e9nom\u00e8ne\",\"Tyler\"],\"inLanguage\":\"fr-FR\"},{\"@type\":\"WebPage\",\"@id\":\"https:\/\/www.jokeme.fr\/actus\/beaute-noire-de-tyler-perry-phenomene-mondial-numero-2-dans-le-monde-et-numero-1-dans-30-pays\/\",\"url\":\"https:\/\/www.jokeme.fr\/actus\/beaute-noire-de-tyler-perry-phenomene-mondial-numero-2-dans-le-monde-et-numero-1-dans-30-pays\/\",\"name\":\"Beaut\u00e9 Noire de Tyler Perry : ph\u00e9nom\u00e8ne mondial, num\u00e9ro 2 dans le monde et num\u00e9ro 1 dans 30 pays - Actualit\u00e9s - Joke Me\",\"isPartOf\":{\"@id\":\"https:\/\/www.jokeme.fr\/actus\/#website\"},\"datePublished\":\"2026-09-04T09:41:13+00:00\",\"dateModified\":\"2026-09-04T09:41:14+00:00\",\"breadcrumb\":{\"@id\":\"https:\/\/www.jokeme.fr\/actus\/beaute-noire-de-tyler-perry-phenomene-mondial-numero-2-dans-le-monde-et-numero-1-dans-30-pays\/#breadcrumb\"},\"inLanguage\":\"fr-FR\",\"potentialAction\":[{\"@type\":\"ReadAction\",\"target\":[\"https:\/\/www.jokeme.fr\/actus\/beaute-noire-de-tyler-perry-phenomene-mondial-numero-2-dans-le-monde-et-numero-1-dans-30-pays\/\"]}]},{\"@type\":\"BreadcrumbList\",\"@id\":\"https:\/\/www.jokeme.fr\/actus\/beaute-noire-de-tyler-perry-phenomene-mondial-numero-2-dans-le-monde-et-numero-1-dans-30-pays\/#breadcrumb\",\"itemListElement\":[{\"@type\":\"ListItem\",\"position\":1,\"name\":\"Accueil\",\"item\":\"https:\/\/www.jokeme.fr\/actus\/\"},{\"@type\":\"ListItem\",\"position\":2,\"name\":\"Beaut\u00e9 Noire de Tyler Perry : ph\u00e9nom\u00e8ne mondial, num\u00e9ro 2 dans le monde et num\u00e9ro 1 dans 30 pays\"}]},{\"@type\":\"WebSite\",\"@id\":\"https:\/\/www.jokeme.fr\/actus\/#website\",\"url\":\"https:\/\/www.jokeme.fr\/actus\/\",\"name\":\"Actualit\u00e9s - Joke Me\",\"description\":\"L&#039;actualit\u00e9 du rire\",\"publisher\":{\"@id\":\"https:\/\/www.jokeme.fr\/actus\/#organization\"},\"potentialAction\":[{\"@type\":\"SearchAction\",\"target\":{\"@type\":\"EntryPoint\",\"urlTemplate\":\"https:\/\/www.jokeme.fr\/actus\/?s={search_term_string}\"},\"query-input\":\"required name=search_term_string\"}],\"inLanguage\":\"fr-FR\"},{\"@type\":\"Organization\",\"@id\":\"https:\/\/www.jokeme.fr\/actus\/#organization\",\"name\":\"Actualit\u00e9s - Joke Me\",\"url\":\"https:\/\/www.jokeme.fr\/actus\/\",\"logo\":{\"@type\":\"ImageObject\",\"inLanguage\":\"fr-FR\",\"@id\":\"https:\/\/www.jokeme.fr\/actus\/#\/schema\/logo\/image\/\",\"url\":\"https:\/\/www.jokeme.fr\/actus\/wp-content\/uploads\/2023\/06\/cropped-Logo-Joke-Me.png\",\"contentUrl\":\"https:\/\/www.jokeme.fr\/actus\/wp-content\/uploads\/2023\/06\/cropped-Logo-Joke-Me.png\",\"width\":499,\"height\":363,\"caption\":\"Actualit\u00e9s - Joke Me\"},\"image\":{\"@id\":\"https:\/\/www.jokeme.fr\/actus\/#\/schema\/logo\/image\/\"}},{\"@type\":\"Person\",\"@id\":\"https:\/\/www.jokeme.fr\/actus\/#\/schema\/person\/f0c6ad0d33ca144389e81e45a212928f\",\"name\":\"Didier\",\"image\":{\"@type\":\"ImageObject\",\"inLanguage\":\"fr-FR\",\"@id\":\"https:\/\/www.jokeme.fr\/actus\/#\/schema\/person\/image\/\",\"url\":\"https:\/\/www.jokeme.fr\/actus\/wp-content\/uploads\/2024\/03\/jokeme-didier.jpg\",\"contentUrl\":\"https:\/\/www.jokeme.fr\/actus\/wp-content\/uploads\/2024\/03\/jokeme-didier.jpg\",\"caption\":\"Didier\"},\"description\":\"Didier, passionn\u00e9 de cin\u00e9ma, est un r\u00e9dacteur pour le m\u00e9dia Jokeme, o\u00f9 il partage sa passion \u00e0 travers des articles divertissants et informatifs. Ayant \u00e9tudi\u00e9 le journalisme, il allie sa formation \u00e0 sa passion pour offrir un contenu de qualit\u00e9 sur le monde du cin\u00e9ma.\",\"sameAs\":[\"https:\/\/www.jokeme.fr\/actus\"]}]}<\/script>\n<!-- \/ Yoast SEO plugin. -->","yoast_head_json":{"title":"Beaut\u00e9 Noire de Tyler Perry : ph\u00e9nom\u00e8ne mondial, num\u00e9ro 2 dans le monde et num\u00e9ro 1 dans 30 pays - Actualit\u00e9s - Joke Me","robots":{"index":"index","follow":"follow","max-snippet":"max-snippet:-1","max-image-preview":"max-image-preview:large","max-video-preview":"max-video-preview:-1"},"canonical":"https:\/\/www.jokeme.fr\/actus\/beaute-noire-de-tyler-perry-phenomene-mondial-numero-2-dans-le-monde-et-numero-1-dans-30-pays\/","og_locale":"fr_FR","og_type":"article","og_title":"Beaut\u00e9 Noire de Tyler Perry : ph\u00e9nom\u00e8ne mondial, num\u00e9ro 2 dans le monde et num\u00e9ro 1 dans 30 pays - Actualit\u00e9s - Joke Me","og_description":"Tyler Perry occupe une place de choix dans le top 10 de Netflix gr\u00e2ce \u00e0 la derni\u00e8re saison de Beauty in Black. Le 27 ao\u00fbt, la troisi\u00e8me saison de ce drame au rythme soutenu, centr\u00e9 sur une danseuse exotique qui se retrouve m\u00eal\u00e9e \u00e0 la puissante famille derri\u00e8re une dynastie cosm\u00e9tique, a \u00e9t\u00e9 mise en ... Lire plus","og_url":"https:\/\/www.jokeme.fr\/actus\/beaute-noire-de-tyler-perry-phenomene-mondial-numero-2-dans-le-monde-et-numero-1-dans-30-pays\/","og_site_name":"Actualit\u00e9s - Joke Me","article_published_time":"2026-09-04T09:41:13+00:00","article_modified_time":"2026-09-04T09:41:14+00:00","og_image":[{"width":1200,"height":800,"url":"https:\/\/www.jokeme.fr\/actus\/wp-content\/uploads\/2026\/09\/1788514873.webp","type":"image\/webp"}],"author":"Didier","twitter_card":"summary_large_image","twitter_misc":{"\u00c9crit par":"Didier","Dur\u00e9e de lecture estim\u00e9e":"3 minutes"},"schema":{"@context":"https:\/\/schema.org","@graph":[{"@type":"Article","@id":"https:\/\/www.jokeme.fr\/actus\/beaute-noire-de-tyler-perry-phenomene-mondial-numero-2-dans-le-monde-et-numero-1-dans-30-pays\/#article","isPartOf":{"@id":"https:\/\/www.jokeme.fr\/actus\/beaute-noire-de-tyler-perry-phenomene-mondial-numero-2-dans-le-monde-et-numero-1-dans-30-pays\/"},"author":{"name":"Didier","@id":"https:\/\/www.jokeme.fr\/actus\/#\/schema\/person\/f0c6ad0d33ca144389e81e45a212928f"},"headline":"Beaut\u00e9 Noire de Tyler Perry : ph\u00e9nom\u00e8ne mondial, num\u00e9ro 2 dans le monde et num\u00e9ro 1 dans 30 pays","datePublished":"2026-09-04T09:41:13+00:00","dateModified":"2026-09-04T09:41:14+00:00","mainEntityOfPage":{"@id":"https:\/\/www.jokeme.fr\/actus\/beaute-noire-de-tyler-perry-phenomene-mondial-numero-2-dans-le-monde-et-numero-1-dans-30-pays\/"},"wordCount":602,"publisher":{"@id":"https:\/\/www.jokeme.fr\/actus\/#organization"},"keywords":["beaut\u00e9","dans","monde","mondial","noire","num\u00e9ro","Pays","Perry","Ph\u00e9nom\u00e8ne","Tyler"],"inLanguage":"fr-FR"},{"@type":"WebPage","@id":"https:\/\/www.jokeme.fr\/actus\/beaute-noire-de-tyler-perry-phenomene-mondial-numero-2-dans-le-monde-et-numero-1-dans-30-pays\/","url":"https:\/\/www.jokeme.fr\/actus\/beaute-noire-de-tyler-perry-phenomene-mondial-numero-2-dans-le-monde-et-numero-1-dans-30-pays\/","name":"Beaut\u00e9 Noire de Tyler Perry : ph\u00e9nom\u00e8ne mondial, num\u00e9ro 2 dans le monde et num\u00e9ro 1 dans 30 pays - Actualit\u00e9s - Joke Me","isPartOf":{"@id":"https:\/\/www.jokeme.fr\/actus\/#website"},"datePublished":"2026-09-04T09:41:13+00:00","dateModified":"2026-09-04T09:41:14+00:00","breadcrumb":{"@id":"https:\/\/www.jokeme.fr\/actus\/beaute-noire-de-tyler-perry-phenomene-mondial-numero-2-dans-le-monde-et-numero-1-dans-30-pays\/#breadcrumb"},"inLanguage":"fr-FR","potentialAction":[{"@type":"ReadAction","target":["https:\/\/www.jokeme.fr\/actus\/beaute-noire-de-tyler-perry-phenomene-mondial-numero-2-dans-le-monde-et-numero-1-dans-30-pays\/"]}]},{"@type":"BreadcrumbList","@id":"https:\/\/www.jokeme.fr\/actus\/beaute-noire-de-tyler-perry-phenomene-mondial-numero-2-dans-le-monde-et-numero-1-dans-30-pays\/#breadcrumb","itemListElement":[{"@type":"ListItem","position":1,"name":"Accueil","item":"https:\/\/www.jokeme.fr\/actus\/"},{"@type":"ListItem","position":2,"name":"Beaut\u00e9 Noire de Tyler Perry : ph\u00e9nom\u00e8ne mondial, num\u00e9ro 2 dans le monde et num\u00e9ro 1 dans 30 pays"}]},{"@type":"WebSite","@id":"https:\/\/www.jokeme.fr\/actus\/#website","url":"https:\/\/www.jokeme.fr\/actus\/","name":"Actualit\u00e9s - Joke Me","description":"L&#039;actualit\u00e9 du rire","publisher":{"@id":"https:\/\/www.jokeme.fr\/actus\/#organization"},"potentialAction":[{"@type":"SearchAction","target":{"@type":"EntryPoint","urlTemplate":"https:\/\/www.jokeme.fr\/actus\/?s={search_term_string}"},"query-input":"required name=search_term_string"}],"inLanguage":"fr-FR"},{"@type":"Organization","@id":"https:\/\/www.jokeme.fr\/actus\/#organization","name":"Actualit\u00e9s - Joke Me","url":"https:\/\/www.jokeme.fr\/actus\/","logo":{"@type":"ImageObject","inLanguage":"fr-FR","@id":"https:\/\/www.jokeme.fr\/actus\/#\/schema\/logo\/image\/","url":"https:\/\/www.jokeme.fr\/actus\/wp-content\/uploads\/2023\/06\/cropped-Logo-Joke-Me.png","contentUrl":"https:\/\/www.jokeme.fr\/actus\/wp-content\/uploads\/2023\/06\/cropped-Logo-Joke-Me.png","width":499,"height":363,"caption":"Actualit\u00e9s - Joke Me"},"image":{"@id":"https:\/\/www.jokeme.fr\/actus\/#\/schema\/logo\/image\/"}},{"@type":"Person","@id":"https:\/\/www.jokeme.fr\/actus\/#\/schema\/person\/f0c6ad0d33ca144389e81e45a212928f","name":"Didier","image":{"@type":"ImageObject","inLanguage":"fr-FR","@id":"https:\/\/www.jokeme.fr\/actus\/#\/schema\/person\/image\/","url":"https:\/\/www.jokeme.fr\/actus\/wp-content\/uploads\/2024\/03\/jokeme-didier.jpg","contentUrl":"https:\/\/www.jokeme.fr\/actus\/wp-content\/uploads\/2024\/03\/jokeme-didier.jpg","caption":"Didier"},"description":"Didier, passionn\u00e9 de cin\u00e9ma, est un r\u00e9dacteur pour le m\u00e9dia Jokeme, o\u00f9 il partage sa passion \u00e0 travers des articles divertissants et informatifs. Ayant \u00e9tudi\u00e9 le journalisme, il allie sa formation \u00e0 sa passion pour offrir un contenu de qualit\u00e9 sur le monde du cin\u00e9ma.","sameAs":["https:\/\/www.jokeme.fr\/actus"]}]}},"_links":{"self":[{"href":"https:\/\/www.jokeme.fr\/actus\/wp-json\/wp\/v2\/posts\/25806"}],"collection":[{"href":"https:\/\/www.jokeme.fr\/actus\/wp-json\/wp\/v2\/posts"}],"about":[{"href":"https:\/\/www.jokeme.fr\/actus\/wp-json\/wp\/v2\/types\/post"}],"author":[{"embeddable":true,"href":"https:\/\/www.jokeme.fr\/actus\/wp-json\/wp\/v2\/users\/1"}],"replies":[{"embeddable":true,"href":"https:\/\/www.jokeme.fr\/actus\/wp-json\/wp\/v2\/comments?post=25806"}],"version-history":[{"count":1,"href":"https:\/\/www.jokeme.fr\/actus\/wp-json\/wp\/v2\/posts\/25806\/revisions"}],"predecessor-version":[{"id":25808,"href":"https:\/\/www.jokeme.fr\/actus\/wp-json\/wp\/v2\/posts\/25806\/revisions\/25808"}],"wp:featuredmedia":[{"embeddable":true,"href":"https:\/\/www.jokeme.fr\/actus\/wp-json\/wp\/v2\/media\/25807"}],"wp:attachment":[{"href":"https:\/\/www.jokeme.fr\/actus\/wp-json\/wp\/v2\/media?parent=25806"}],"wp:term":[{"taxonomy":"category","embeddable":true,"href":"https:\/\/www.jokeme.fr\/actus\/wp-json\/wp\/v2\/categories?post=25806"},{"taxonomy":"post_tag","embeddable":true,"href":"https:\/\/www.jokeme.fr\/actus\/wp-json\/wp\/v2\/tags?post=25806"}],"curies":[{"name":"wp","href":"https:\/\/api.w.org\/{rel}","templated":true}]}}