{"id":25824,"date":"2026-09-05T15:41:21","date_gmt":"2026-09-05T13:41:21","guid":{"rendered":"https:\/\/www.jokeme.fr\/actus\/pourquoi-ncis-tony-et-ziva-a-ete-annule-le-cout-du-spin-off-navait-pas-de-sens-pour-le-public\/"},"modified":"2026-09-05T15:41:22","modified_gmt":"2026-09-05T13:41:22","slug":"pourquoi-ncis-tony-et-ziva-a-ete-annule-le-cout-du-spin-off-navait-pas-de-sens-pour-le-public","status":"publish","type":"post","link":"https:\/\/www.jokeme.fr\/actus\/pourquoi-ncis-tony-et-ziva-a-ete-annule-le-cout-du-spin-off-navait-pas-de-sens-pour-le-public\/","title":{"rendered":"Pourquoi \u00ab NCIS: Tony et Ziva \u00bb a \u00e9t\u00e9 annul\u00e9 : le co\u00fbt du spin-off n&rsquo;avait pas de sens pour le public"},"content":{"rendered":"<div class=\"eg-single-article__block-content\">\n<p id=\"par-1_21\"><em>NCIS<\/em> les fans ont cri\u00e9 au scandale \u00e0 la fin de 2025 lorsque Paramount+ a annul\u00e9 la s\u00e9rie d\u00e9riv\u00e9e <em>NCIS: Tony &amp; Ziva<\/em> apr\u00e8s seulement une saison.<\/p>\n<p id=\"par-2_67\">Les t\u00e9l\u00e9spectateurs attendaient depuis des ann\u00e9es de revoir Tony DiNozzo (Michael Weatherly) et Ziva David (Cote de Pablo) \u00e0 l\u2019\u00e9cran. Ainsi, l\u2019annulation brutale apr\u00e8s une unique saison de 10 \u00e9pisodes \u00e9tait d\u2019autant plus saisissante. Mais un cadre de la plateforme affirme que, peu importe l\u2019appr\u00e9ciation du public pour la s\u00e9rie \u2014 qui suivait le couple de <em>NCIS<\/em> en fuite \u00e0 travers l\u2019Europe \u2014 les chiffres ne s\u2019additionnaient tout simplement pas.<\/p>\n<h2 class=\"wp-block-heading\" id=\"h-paramount-exec-addresses-tony-amp-ziva-cancellation\">Paramount+ exec addresses \u2018Tony &amp; Ziva\u2019 cancellation<\/h2>\n<p id=\"par-3_38\"><em>\u201cTony &amp; Ziva<\/em>, malheureusement, pour le co\u00fbt, cela n\u2019avait pas de sens au regard des audiences, m\u00eame si nous \u00e9tions tous fans,\u201d a d\u00e9clar\u00e9 Jane Wiseman, vice-pr\u00e9sidente ex\u00e9cutive et responsable des programmes originaux chez Paramount+, \u00e0 Deadline lors d\u2019un entretien d\u2019ao\u00fbt 2025.<\/p>\n<p id=\"par-4_42\"><em>NCIS: Tony &amp; Ziva<\/em> a \u00e9t\u00e9 tourn\u00e9 en Europe, principalement \u00e0 Budapest, en Hongrie, ainsi qu\u2019en Espagne. Les chiffres de salaire des deux acteurs principaux n\u2019ont pas \u00e9t\u00e9 divulgu\u00e9s, mais Weatherly et de Pablo gagnaient chacun un salaire \u00e0 six chiffres par \u00e9pisode avant leur d\u00e9part de <em>NCIS<\/em>.<\/p>\n<p id=\"par-5_63\">Paramount+ n\u2019a pas publi\u00e9 les chiffres d\u2019audience pour <em>Tony &amp; Ziva<\/em>. Selon Nielsen, elle totalisait 371 millions de minutes de visionnage lors de sa premi\u00e8re semaine (du 1er au 7 septembre 2025). Cela la pla\u00e7ait \u00e0 la huiti\u00e8me place de la semaine, note The Hollywood Reporter. Elle n\u2019est pas parvenue \u00e0 figurer dans le top 10 de Nielsen lors des semaines suivantes et rencontrait m\u00eame des difficult\u00e9s pour rester dans le top 10 sur Paramount+ (d\u2019apr\u00e8s ScreenRant).<\/p>\n<h2 class=\"wp-block-heading\" id=\"h-michael-weatherly-returns-to-ncis-in-season-24\">Michael Weatherly returns to \u2018NCIS\u2019 in season 24<\/h2>\n<p id=\"par-6_19\">Bien que <em>Tony &amp; Ziva<\/em> ait fini par \u00eatre une s\u00e9rie \u00e0 saison unique, son influence continuera \u00e0 se faire sentir dans l\u2019univers <em>NCIS<\/em>.<\/p>\n<p id=\"par-7_64\">\u00ab Il va \u00eatre tr\u00e8s int\u00e9ressant de voir ce qui sera r\u00e9v\u00e9l\u00e9 et d\u00e9roul\u00e9, mais voici ce que je peux dire : il existe une connexion certaine entre [<em>Tony &amp; Ziva<\/em>] et le canon qu\u2019elle a engendr\u00e9 \u2014 il ne sera pas question de retconner en disant, par exemple, que <em>Tony &amp; Ziva<\/em> n\u2019ont jamais exist\u00e9 \u00bb, a d\u00e9clar\u00e9 Weatherly lors du Comic Con Midlands \u00e0 Birmingham, au Royaume\u2011Uni, en juillet (via TV Insider).<\/p>\n<p id=\"par-8_20\">Weatherly a formul\u00e9 ces propos peu apr\u00e8s que CBS a annonc\u00e9 son retour dans <em>NCIS<\/em> cet automne, dans un arc narratif qui s\u2019\u00e9tendra sur toute la saison.<\/p>\n<p id=\"par-9_85\">\u00ab Bon sang, j\u2019aimerais pouvoir vous dire une chose extraordinaire\u2026 Je sais juste que ce sera un retour palpitant\u2026 Je suis tr\u00e8s attach\u00e9 au respect de l\u2019\u00e9mission dans laquelle je vais rejoindre et conscient qu\u2019elle a \u00e9tabli une p\u00e9riode de r\u00e9ussite remarquable, mais cela ne signifie pas que ce que nous avons fait ne peut pas coexister et s\u2019int\u00e9grer \u00e0 cette s\u00e9rie \u00bb, a-t-il poursuivi. \u00ab Et si j\u2019en dis trop, je vais commencer \u00e0 dire des choses pr\u00e9cises, alors je vais garder le silence. \u00bb<\/p>\n<p id=\"par-10_36\">Le synopsis de CBS pour le tout premier \u00e9pisode de la saison 24 de <em>NCIS<\/em> r\u00e9v\u00e8le davantage de d\u00e9tails sur le retour de DiNozzo, le d\u00e9crivant comme \u00ab nouvellement arriv\u00e9 \u00e0 Washington, D.C. pour ouvrir un bureau satellite de sa soci\u00e9t\u00e9 de s\u00e9curit\u00e9 priv\u00e9e \u00bb. <\/p>\n<p id=\"par-11_18\"><em>NCIS<\/em> saison 24 d\u00e9bute mardi 6 octobre \u00e0 20 heures, heure de l\u2019Est, sur CBS et sera aussi disponible en streaming sur Paramount+.<\/p>\n<\/div>\n","protected":false},"excerpt":{"rendered":"<p>NCIS les fans ont cri\u00e9 au scandale \u00e0 la fin de 2025 lorsque Paramount+ a annul\u00e9 la s\u00e9rie d\u00e9riv\u00e9e NCIS: Tony &amp; Ziva apr\u00e8s seulement une saison. Les t\u00e9l\u00e9spectateurs attendaient depuis des ann\u00e9es de revoir Tony DiNozzo (Michael Weatherly) et Ziva David (Cote de Pablo) \u00e0 l\u2019\u00e9cran. Ainsi, l\u2019annulation brutale apr\u00e8s une unique saison de &#8230; <a title=\"Pourquoi \u00ab NCIS: Tony et Ziva \u00bb a \u00e9t\u00e9 annul\u00e9 : le co\u00fbt du spin-off n&rsquo;avait pas de sens pour le public\" class=\"read-more\" href=\"https:\/\/www.jokeme.fr\/actus\/pourquoi-ncis-tony-et-ziva-a-ete-annule-le-cout-du-spin-off-navait-pas-de-sens-pour-le-public\/\" aria-label=\"Plus sur Pourquoi \u00ab NCIS: Tony et Ziva \u00bb a \u00e9t\u00e9 annul\u00e9 : le co\u00fbt du spin-off n&rsquo;avait pas de sens pour le public\">Lire plus<\/a><\/p>\n","protected":false},"author":1,"featured_media":25825,"comment_status":"closed","ping_status":"open","sticky":false,"template":"","format":"standard","meta":{"footnotes":""},"categories":[1],"tags":[4259,17567,352,17568,7073,340,221,384,141,149,5189,3615,12072],"yoast_head":"<!-- This site is optimized with the Yoast SEO plugin v20.8 - https:\/\/yoast.com\/wordpress\/plugins\/seo\/ -->\n<title>Pourquoi \u00ab NCIS: Tony et Ziva \u00bb a \u00e9t\u00e9 annul\u00e9 : le co\u00fbt du spin-off n&#039;avait pas de sens pour le public - Actualit\u00e9s - Joke Me<\/title>\n<meta name=\"robots\" content=\"index, follow, max-snippet:-1, max-image-preview:large, max-video-preview:-1\" \/>\n<link rel=\"canonical\" href=\"https:\/\/www.jokeme.fr\/actus\/pourquoi-ncis-tony-et-ziva-a-ete-annule-le-cout-du-spin-off-navait-pas-de-sens-pour-le-public\/\" \/>\n<meta property=\"og:locale\" content=\"fr_FR\" \/>\n<meta property=\"og:type\" content=\"article\" \/>\n<meta property=\"og:title\" content=\"Pourquoi \u00ab NCIS: Tony et Ziva \u00bb a \u00e9t\u00e9 annul\u00e9 : le co\u00fbt du spin-off n&#039;avait pas de sens pour le public - Actualit\u00e9s - Joke Me\" \/>\n<meta property=\"og:description\" content=\"NCIS les fans ont cri\u00e9 au scandale \u00e0 la fin de 2025 lorsque Paramount+ a annul\u00e9 la s\u00e9rie d\u00e9riv\u00e9e NCIS: Tony &amp; Ziva apr\u00e8s seulement une saison. Les t\u00e9l\u00e9spectateurs attendaient depuis des ann\u00e9es de revoir Tony DiNozzo (Michael Weatherly) et Ziva David (Cote de Pablo) \u00e0 l\u2019\u00e9cran. Ainsi, l\u2019annulation brutale apr\u00e8s une unique saison de ... Lire plus\" \/>\n<meta property=\"og:url\" content=\"https:\/\/www.jokeme.fr\/actus\/pourquoi-ncis-tony-et-ziva-a-ete-annule-le-cout-du-spin-off-navait-pas-de-sens-pour-le-public\/\" \/>\n<meta property=\"og:site_name\" content=\"Actualit\u00e9s - Joke Me\" \/>\n<meta property=\"article:published_time\" content=\"2026-09-05T13:41:21+00:00\" \/>\n<meta property=\"article:modified_time\" content=\"2026-09-05T13:41:22+00:00\" \/>\n<meta property=\"og:image\" content=\"https:\/\/www.jokeme.fr\/actus\/wp-content\/uploads\/2026\/09\/1788615681.webp\" \/>\n\t<meta property=\"og:image:width\" content=\"1200\" \/>\n\t<meta property=\"og:image:height\" content=\"675\" \/>\n\t<meta property=\"og:image:type\" content=\"image\/webp\" \/>\n<meta name=\"author\" content=\"Didier\" \/>\n<meta name=\"twitter:card\" content=\"summary_large_image\" \/>\n<meta name=\"twitter:label1\" content=\"\u00c9crit par\" \/>\n\t<meta name=\"twitter:data1\" content=\"Didier\" \/>\n\t<meta name=\"twitter:label2\" content=\"Dur\u00e9e de lecture estim\u00e9e\" \/>\n\t<meta name=\"twitter:data2\" content=\"3 minutes\" \/>\n<script type=\"application\/ld+json\" class=\"yoast-schema-graph\">{\"@context\":\"https:\/\/schema.org\",\"@graph\":[{\"@type\":\"Article\",\"@id\":\"https:\/\/www.jokeme.fr\/actus\/pourquoi-ncis-tony-et-ziva-a-ete-annule-le-cout-du-spin-off-navait-pas-de-sens-pour-le-public\/#article\",\"isPartOf\":{\"@id\":\"https:\/\/www.jokeme.fr\/actus\/pourquoi-ncis-tony-et-ziva-a-ete-annule-le-cout-du-spin-off-navait-pas-de-sens-pour-le-public\/\"},\"author\":{\"name\":\"Didier\",\"@id\":\"https:\/\/www.jokeme.fr\/actus\/#\/schema\/person\/f0c6ad0d33ca144389e81e45a212928f\"},\"headline\":\"Pourquoi \u00ab NCIS: Tony et Ziva \u00bb a \u00e9t\u00e9 annul\u00e9 : le co\u00fbt du spin-off n&rsquo;avait pas de sens pour le public\",\"datePublished\":\"2026-09-05T13:41:21+00:00\",\"dateModified\":\"2026-09-05T13:41:22+00:00\",\"mainEntityOfPage\":{\"@id\":\"https:\/\/www.jokeme.fr\/actus\/pourquoi-ncis-tony-et-ziva-a-ete-annule-le-cout-du-spin-off-navait-pas-de-sens-pour-le-public\/\"},\"wordCount\":611,\"publisher\":{\"@id\":\"https:\/\/www.jokeme.fr\/actus\/#organization\"},\"keywords\":[\"annul\u00e9\",\"co\u00fbt\",\"\u00e9t\u00e9\",\"navait\",\"NCIS\",\"pas\",\"pour\",\"pourquoi\",\"public\",\"sens\",\"spinoff\",\"Tony\",\"Ziva\"],\"inLanguage\":\"fr-FR\"},{\"@type\":\"WebPage\",\"@id\":\"https:\/\/www.jokeme.fr\/actus\/pourquoi-ncis-tony-et-ziva-a-ete-annule-le-cout-du-spin-off-navait-pas-de-sens-pour-le-public\/\",\"url\":\"https:\/\/www.jokeme.fr\/actus\/pourquoi-ncis-tony-et-ziva-a-ete-annule-le-cout-du-spin-off-navait-pas-de-sens-pour-le-public\/\",\"name\":\"Pourquoi \u00ab NCIS: Tony et Ziva \u00bb a \u00e9t\u00e9 annul\u00e9 : le co\u00fbt du spin-off n'avait pas de sens pour le public - Actualit\u00e9s - Joke Me\",\"isPartOf\":{\"@id\":\"https:\/\/www.jokeme.fr\/actus\/#website\"},\"datePublished\":\"2026-09-05T13:41:21+00:00\",\"dateModified\":\"2026-09-05T13:41:22+00:00\",\"breadcrumb\":{\"@id\":\"https:\/\/www.jokeme.fr\/actus\/pourquoi-ncis-tony-et-ziva-a-ete-annule-le-cout-du-spin-off-navait-pas-de-sens-pour-le-public\/#breadcrumb\"},\"inLanguage\":\"fr-FR\",\"potentialAction\":[{\"@type\":\"ReadAction\",\"target\":[\"https:\/\/www.jokeme.fr\/actus\/pourquoi-ncis-tony-et-ziva-a-ete-annule-le-cout-du-spin-off-navait-pas-de-sens-pour-le-public\/\"]}]},{\"@type\":\"BreadcrumbList\",\"@id\":\"https:\/\/www.jokeme.fr\/actus\/pourquoi-ncis-tony-et-ziva-a-ete-annule-le-cout-du-spin-off-navait-pas-de-sens-pour-le-public\/#breadcrumb\",\"itemListElement\":[{\"@type\":\"ListItem\",\"position\":1,\"name\":\"Accueil\",\"item\":\"https:\/\/www.jokeme.fr\/actus\/\"},{\"@type\":\"ListItem\",\"position\":2,\"name\":\"Pourquoi \u00ab NCIS: Tony et Ziva \u00bb a \u00e9t\u00e9 annul\u00e9 : le co\u00fbt du spin-off n&rsquo;avait pas de sens pour le public\"}]},{\"@type\":\"WebSite\",\"@id\":\"https:\/\/www.jokeme.fr\/actus\/#website\",\"url\":\"https:\/\/www.jokeme.fr\/actus\/\",\"name\":\"Actualit\u00e9s - Joke Me\",\"description\":\"L&#039;actualit\u00e9 du rire\",\"publisher\":{\"@id\":\"https:\/\/www.jokeme.fr\/actus\/#organization\"},\"potentialAction\":[{\"@type\":\"SearchAction\",\"target\":{\"@type\":\"EntryPoint\",\"urlTemplate\":\"https:\/\/www.jokeme.fr\/actus\/?s={search_term_string}\"},\"query-input\":\"required name=search_term_string\"}],\"inLanguage\":\"fr-FR\"},{\"@type\":\"Organization\",\"@id\":\"https:\/\/www.jokeme.fr\/actus\/#organization\",\"name\":\"Actualit\u00e9s - Joke Me\",\"url\":\"https:\/\/www.jokeme.fr\/actus\/\",\"logo\":{\"@type\":\"ImageObject\",\"inLanguage\":\"fr-FR\",\"@id\":\"https:\/\/www.jokeme.fr\/actus\/#\/schema\/logo\/image\/\",\"url\":\"https:\/\/www.jokeme.fr\/actus\/wp-content\/uploads\/2023\/06\/cropped-Logo-Joke-Me.png\",\"contentUrl\":\"https:\/\/www.jokeme.fr\/actus\/wp-content\/uploads\/2023\/06\/cropped-Logo-Joke-Me.png\",\"width\":499,\"height\":363,\"caption\":\"Actualit\u00e9s - Joke Me\"},\"image\":{\"@id\":\"https:\/\/www.jokeme.fr\/actus\/#\/schema\/logo\/image\/\"}},{\"@type\":\"Person\",\"@id\":\"https:\/\/www.jokeme.fr\/actus\/#\/schema\/person\/f0c6ad0d33ca144389e81e45a212928f\",\"name\":\"Didier\",\"image\":{\"@type\":\"ImageObject\",\"inLanguage\":\"fr-FR\",\"@id\":\"https:\/\/www.jokeme.fr\/actus\/#\/schema\/person\/image\/\",\"url\":\"https:\/\/www.jokeme.fr\/actus\/wp-content\/uploads\/2024\/03\/jokeme-didier.jpg\",\"contentUrl\":\"https:\/\/www.jokeme.fr\/actus\/wp-content\/uploads\/2024\/03\/jokeme-didier.jpg\",\"caption\":\"Didier\"},\"description\":\"Didier, passionn\u00e9 de cin\u00e9ma, est un r\u00e9dacteur pour le m\u00e9dia Jokeme, o\u00f9 il partage sa passion \u00e0 travers des articles divertissants et informatifs. Ayant \u00e9tudi\u00e9 le journalisme, il allie sa formation \u00e0 sa passion pour offrir un contenu de qualit\u00e9 sur le monde du cin\u00e9ma.\",\"sameAs\":[\"https:\/\/www.jokeme.fr\/actus\"]}]}<\/script>\n<!-- \/ Yoast SEO plugin. -->","yoast_head_json":{"title":"Pourquoi \u00ab NCIS: Tony et Ziva \u00bb a \u00e9t\u00e9 annul\u00e9 : le co\u00fbt du spin-off n'avait pas de sens pour le public - Actualit\u00e9s - Joke Me","robots":{"index":"index","follow":"follow","max-snippet":"max-snippet:-1","max-image-preview":"max-image-preview:large","max-video-preview":"max-video-preview:-1"},"canonical":"https:\/\/www.jokeme.fr\/actus\/pourquoi-ncis-tony-et-ziva-a-ete-annule-le-cout-du-spin-off-navait-pas-de-sens-pour-le-public\/","og_locale":"fr_FR","og_type":"article","og_title":"Pourquoi \u00ab NCIS: Tony et Ziva \u00bb a \u00e9t\u00e9 annul\u00e9 : le co\u00fbt du spin-off n'avait pas de sens pour le public - Actualit\u00e9s - Joke Me","og_description":"NCIS les fans ont cri\u00e9 au scandale \u00e0 la fin de 2025 lorsque Paramount+ a annul\u00e9 la s\u00e9rie d\u00e9riv\u00e9e NCIS: Tony &amp; Ziva apr\u00e8s seulement une saison. Les t\u00e9l\u00e9spectateurs attendaient depuis des ann\u00e9es de revoir Tony DiNozzo (Michael Weatherly) et Ziva David (Cote de Pablo) \u00e0 l\u2019\u00e9cran. Ainsi, l\u2019annulation brutale apr\u00e8s une unique saison de ... Lire plus","og_url":"https:\/\/www.jokeme.fr\/actus\/pourquoi-ncis-tony-et-ziva-a-ete-annule-le-cout-du-spin-off-navait-pas-de-sens-pour-le-public\/","og_site_name":"Actualit\u00e9s - Joke Me","article_published_time":"2026-09-05T13:41:21+00:00","article_modified_time":"2026-09-05T13:41:22+00:00","og_image":[{"width":1200,"height":675,"url":"https:\/\/www.jokeme.fr\/actus\/wp-content\/uploads\/2026\/09\/1788615681.webp","type":"image\/webp"}],"author":"Didier","twitter_card":"summary_large_image","twitter_misc":{"\u00c9crit par":"Didier","Dur\u00e9e de lecture estim\u00e9e":"3 minutes"},"schema":{"@context":"https:\/\/schema.org","@graph":[{"@type":"Article","@id":"https:\/\/www.jokeme.fr\/actus\/pourquoi-ncis-tony-et-ziva-a-ete-annule-le-cout-du-spin-off-navait-pas-de-sens-pour-le-public\/#article","isPartOf":{"@id":"https:\/\/www.jokeme.fr\/actus\/pourquoi-ncis-tony-et-ziva-a-ete-annule-le-cout-du-spin-off-navait-pas-de-sens-pour-le-public\/"},"author":{"name":"Didier","@id":"https:\/\/www.jokeme.fr\/actus\/#\/schema\/person\/f0c6ad0d33ca144389e81e45a212928f"},"headline":"Pourquoi \u00ab NCIS: Tony et Ziva \u00bb a \u00e9t\u00e9 annul\u00e9 : le co\u00fbt du spin-off n&rsquo;avait pas de sens pour le public","datePublished":"2026-09-05T13:41:21+00:00","dateModified":"2026-09-05T13:41:22+00:00","mainEntityOfPage":{"@id":"https:\/\/www.jokeme.fr\/actus\/pourquoi-ncis-tony-et-ziva-a-ete-annule-le-cout-du-spin-off-navait-pas-de-sens-pour-le-public\/"},"wordCount":611,"publisher":{"@id":"https:\/\/www.jokeme.fr\/actus\/#organization"},"keywords":["annul\u00e9","co\u00fbt","\u00e9t\u00e9","navait","NCIS","pas","pour","pourquoi","public","sens","spinoff","Tony","Ziva"],"inLanguage":"fr-FR"},{"@type":"WebPage","@id":"https:\/\/www.jokeme.fr\/actus\/pourquoi-ncis-tony-et-ziva-a-ete-annule-le-cout-du-spin-off-navait-pas-de-sens-pour-le-public\/","url":"https:\/\/www.jokeme.fr\/actus\/pourquoi-ncis-tony-et-ziva-a-ete-annule-le-cout-du-spin-off-navait-pas-de-sens-pour-le-public\/","name":"Pourquoi \u00ab NCIS: Tony et Ziva \u00bb a \u00e9t\u00e9 annul\u00e9 : le co\u00fbt du spin-off n'avait pas de sens pour le public - Actualit\u00e9s - Joke Me","isPartOf":{"@id":"https:\/\/www.jokeme.fr\/actus\/#website"},"datePublished":"2026-09-05T13:41:21+00:00","dateModified":"2026-09-05T13:41:22+00:00","breadcrumb":{"@id":"https:\/\/www.jokeme.fr\/actus\/pourquoi-ncis-tony-et-ziva-a-ete-annule-le-cout-du-spin-off-navait-pas-de-sens-pour-le-public\/#breadcrumb"},"inLanguage":"fr-FR","potentialAction":[{"@type":"ReadAction","target":["https:\/\/www.jokeme.fr\/actus\/pourquoi-ncis-tony-et-ziva-a-ete-annule-le-cout-du-spin-off-navait-pas-de-sens-pour-le-public\/"]}]},{"@type":"BreadcrumbList","@id":"https:\/\/www.jokeme.fr\/actus\/pourquoi-ncis-tony-et-ziva-a-ete-annule-le-cout-du-spin-off-navait-pas-de-sens-pour-le-public\/#breadcrumb","itemListElement":[{"@type":"ListItem","position":1,"name":"Accueil","item":"https:\/\/www.jokeme.fr\/actus\/"},{"@type":"ListItem","position":2,"name":"Pourquoi \u00ab NCIS: Tony et Ziva \u00bb a \u00e9t\u00e9 annul\u00e9 : le co\u00fbt du spin-off n&rsquo;avait pas de sens pour le public"}]},{"@type":"WebSite","@id":"https:\/\/www.jokeme.fr\/actus\/#website","url":"https:\/\/www.jokeme.fr\/actus\/","name":"Actualit\u00e9s - Joke Me","description":"L&#039;actualit\u00e9 du rire","publisher":{"@id":"https:\/\/www.jokeme.fr\/actus\/#organization"},"potentialAction":[{"@type":"SearchAction","target":{"@type":"EntryPoint","urlTemplate":"https:\/\/www.jokeme.fr\/actus\/?s={search_term_string}"},"query-input":"required name=search_term_string"}],"inLanguage":"fr-FR"},{"@type":"Organization","@id":"https:\/\/www.jokeme.fr\/actus\/#organization","name":"Actualit\u00e9s - Joke Me","url":"https:\/\/www.jokeme.fr\/actus\/","logo":{"@type":"ImageObject","inLanguage":"fr-FR","@id":"https:\/\/www.jokeme.fr\/actus\/#\/schema\/logo\/image\/","url":"https:\/\/www.jokeme.fr\/actus\/wp-content\/uploads\/2023\/06\/cropped-Logo-Joke-Me.png","contentUrl":"https:\/\/www.jokeme.fr\/actus\/wp-content\/uploads\/2023\/06\/cropped-Logo-Joke-Me.png","width":499,"height":363,"caption":"Actualit\u00e9s - Joke Me"},"image":{"@id":"https:\/\/www.jokeme.fr\/actus\/#\/schema\/logo\/image\/"}},{"@type":"Person","@id":"https:\/\/www.jokeme.fr\/actus\/#\/schema\/person\/f0c6ad0d33ca144389e81e45a212928f","name":"Didier","image":{"@type":"ImageObject","inLanguage":"fr-FR","@id":"https:\/\/www.jokeme.fr\/actus\/#\/schema\/person\/image\/","url":"https:\/\/www.jokeme.fr\/actus\/wp-content\/uploads\/2024\/03\/jokeme-didier.jpg","contentUrl":"https:\/\/www.jokeme.fr\/actus\/wp-content\/uploads\/2024\/03\/jokeme-didier.jpg","caption":"Didier"},"description":"Didier, passionn\u00e9 de cin\u00e9ma, est un r\u00e9dacteur pour le m\u00e9dia Jokeme, o\u00f9 il partage sa passion \u00e0 travers des articles divertissants et informatifs. Ayant \u00e9tudi\u00e9 le journalisme, il allie sa formation \u00e0 sa passion pour offrir un contenu de qualit\u00e9 sur le monde du cin\u00e9ma.","sameAs":["https:\/\/www.jokeme.fr\/actus"]}]}},"_links":{"self":[{"href":"https:\/\/www.jokeme.fr\/actus\/wp-json\/wp\/v2\/posts\/25824"}],"collection":[{"href":"https:\/\/www.jokeme.fr\/actus\/wp-json\/wp\/v2\/posts"}],"about":[{"href":"https:\/\/www.jokeme.fr\/actus\/wp-json\/wp\/v2\/types\/post"}],"author":[{"embeddable":true,"href":"https:\/\/www.jokeme.fr\/actus\/wp-json\/wp\/v2\/users\/1"}],"replies":[{"embeddable":true,"href":"https:\/\/www.jokeme.fr\/actus\/wp-json\/wp\/v2\/comments?post=25824"}],"version-history":[{"count":1,"href":"https:\/\/www.jokeme.fr\/actus\/wp-json\/wp\/v2\/posts\/25824\/revisions"}],"predecessor-version":[{"id":25826,"href":"https:\/\/www.jokeme.fr\/actus\/wp-json\/wp\/v2\/posts\/25824\/revisions\/25826"}],"wp:featuredmedia":[{"embeddable":true,"href":"https:\/\/www.jokeme.fr\/actus\/wp-json\/wp\/v2\/media\/25825"}],"wp:attachment":[{"href":"https:\/\/www.jokeme.fr\/actus\/wp-json\/wp\/v2\/media?parent=25824"}],"wp:term":[{"taxonomy":"category","embeddable":true,"href":"https:\/\/www.jokeme.fr\/actus\/wp-json\/wp\/v2\/categories?post=25824"},{"taxonomy":"post_tag","embeddable":true,"href":"https:\/\/www.jokeme.fr\/actus\/wp-json\/wp\/v2\/tags?post=25824"}],"curies":[{"name":"wp","href":"https:\/\/api.w.org\/{rel}","templated":true}]}}