{"id":25830,"date":"2026-09-05T19:41:29","date_gmt":"2026-09-05T17:41:29","guid":{"rendered":"https:\/\/www.jokeme.fr\/actus\/la-mort-de-brandon-blackstock-a-t-elle-influence-la-fin-de-the-kelly-clarkson-show\/"},"modified":"2026-09-05T19:41:31","modified_gmt":"2026-09-05T17:41:31","slug":"la-mort-de-brandon-blackstock-a-t-elle-influence-la-fin-de-the-kelly-clarkson-show","status":"publish","type":"post","link":"https:\/\/www.jokeme.fr\/actus\/la-mort-de-brandon-blackstock-a-t-elle-influence-la-fin-de-the-kelly-clarkson-show\/","title":{"rendered":"La mort de Brandon Blackstock a-t-elle influenc\u00e9 la fin de The Kelly Clarkson Show ?"},"content":{"rendered":"<div class=\"eg-single-article__block-content\">\n<p id=\"par-1_69\">Pendant sept saisons, Kelly Clarkson a anim\u00e9 l&rsquo;un des talk-shows de journ\u00e9e les plus aim\u00e9s du public. En f\u00e9vrier 2026, elle a annonc\u00e9 que l&rsquo;\u00e9mission toucherait \u00e0 sa fin. La saison d&rsquo;adieu du programme est officiellement boucl\u00e9e, laissant un vide b\u00e9ant dans le paysage diurne. Depuis l&rsquo;annonce, les fans ont reli\u00e9 la d\u00e9cision \u00e0 la mort de Brandon Blackstock, l&rsquo;ex-mari de Clarkson. Sa disparition est, d&rsquo;une fa\u00e7on ou d&rsquo;une autre, li\u00e9e \u00e0 la d\u00e9cision de Clarkson de mettre fin \u00e0 l&rsquo;\u00e9mission.<\/p>\n<h2 class=\"wp-block-heading\" id=\"h-kelly-clarkson-announced-the-end-of-her-show-six-months-after-brandon-blackstock-s-death\">Kelly Clarkson a annonc\u00e9 la fin de son \u00e9mission six mois apr\u00e8s le d\u00e9c\u00e8s de Brandon Blackstock<\/h2>\n<p id=\"par-2_46\">Brandon Blackstock, ex-mari de Clarkson et ancien manager, est d\u00e9c\u00e9d\u00e9 le 7 ao\u00fbt 2025 apr\u00e8s des ann\u00e9es de lutte contre un m\u00e9lanome. Il avait 48 ans. Sa famille a confirm\u00e9 la nouvelle dans un communiqu\u00e9, d\u00e9clarant qu&rsquo;il \u00ab s&rsquo;\u00e9tait courageusement battu contre le cancer pendant plus de trois ans \u00bb et qu&rsquo;\u00ab il est d\u00e9c\u00e9d\u00e9 paisiblement \u00bb entour\u00e9 de sa famille.<\/p>\n<p id=\"par-3_72\">Clarkson a annonc\u00e9 la fin de <em>The Kelly Clarkson Show<\/em> pr\u00e8s de six mois plus tard, le 2 f\u00e9vrier 2026. Elle a partag\u00e9 la nouvelle via une publication sur Instagram. Dans son message, elle a remerci\u00e9 son \u00e9quipe, NBC et ses fans, \u00e9crivant que \u00ab ce n&rsquo;\u00e9tait pas une d\u00e9cision facile \u00bb, mais que prendre du recul apr\u00e8s le succ\u00e8s de l&rsquo;\u00e9mission lui permettrait de \u00ab privil\u00e9gier mes enfants, ce qui me para\u00eet n\u00e9cessaire et juste pour ce nouveau chapitre de nos vies \u00bb. <\/p>\n<p id=\"par-4_112\">Clarkson avait manqu\u00e9 des \u00e9missions au cours des sept saisons du programme. N\u00e9anmoins, elle avait \u00e9t\u00e9 absente plus souvent lors de la sixi\u00e8me saison, vraisemblablement pendant que la maladie de Blackstock progressait. Dans les semaines pr\u00e9c\u00e9dant le d\u00e9c\u00e8s de Blackstock, Clarkson avait report\u00e9 plusieurs dates de sa r\u00e9sidence \u00e0 Las Vegas, <em>Kelly Clarkson: Studio Sessions<\/em>. Elle a \u00e9t\u00e9 \u00e9tonnamment franche sur la raison. Elle a \u00e9crit sur Instagram que \u00ab le p\u00e8re de mes enfants est malade et, \u00e0 ce moment-l\u00e0, je dois \u00eatre pleinement pr\u00e9sente pour eux \u00bb. Clarkson a \u00e9galement retard\u00e9 le retour de la derni\u00e8re saison de l&rsquo;\u00e9mission de plusieurs semaines alors qu&rsquo;elle g\u00e9rait les suites imm\u00e9diates du d\u00e9c\u00e8s de Blackstock. Bien qu&rsquo;elle ait bri\u00e8vement \u00e9voqu\u00e9 son d\u00e9c\u00e8s lors de la premi\u00e8re de la saison, elle est rest\u00e9e en grande partie silencieuse \u00e0 ce sujet.<\/p>\n<h2 class=\"wp-block-heading\" id=\"h-she-has-been-candid-about-the-decision-along-the-way\">Elle a \u00e9t\u00e9 franche au sujet de la d\u00e9cision au fil du temps<\/h2>\n<p id=\"par-5_81\">Kelly Clarkson n&rsquo;a pas h\u00e9sit\u00e9 \u00e0 relier le d\u00e9c\u00e8s de Blackstock \u00e0 la fin de sa carri\u00e8re de talk-show diurne. Elle en a parl\u00e9 ouvertement lors d&rsquo;une apparition sur <em>Today<\/em> en f\u00e9vrier. Elle a soulign\u00e9 que la dynamique familiale avait chang\u00e9 dans les mois qui pr\u00e9c\u00e9daient la d\u00e9cision, et qu&rsquo;elle supposait que tout le monde comprenait d\u00e9j\u00e0 le moment choisi. Clarkson a pr\u00e9cis\u00e9 qu&rsquo;elle \u00e9tait devenue effectivement une m\u00e8re solo pour ses deux enfants, River Rose et Remington, et qu&rsquo;elle avait d\u00fb restructurer sa vie.<\/p>\n<p id=\"par-6_53\">\u00ab Vous avez des enfants, nous avons tous des enfants, et c&rsquo;est l&rsquo;une de ces situations o\u00f9 l&rsquo;on commence \u00e0 voir la vie telle qu&rsquo;elle est pr\u00e9cieuse \u00bb, a-t-elle d\u00e9clar\u00e9. Prendre cette d\u00e9cision lui permet d\u00e9sormais de disposer de much plus de temps et de se concentrer sur sa famille, tout en travaillant dans une capacit\u00e9 plus flexible.<\/p>\n<h2 class=\"wp-block-heading\" id=\"h-what-will-nbc-fill-the-spot-with\">Que fera NBC pour combler ce cr\u00e9neau ?<\/h2>\n<p id=\"par-7_80\">Lorsque Kelly Clarkson a annonc\u00e9 l&rsquo;arr\u00eat pr\u00e9vu de son \u00e9mission en daytime, les fans ont commenc\u00e9 \u00e0 d\u00e9battre de son \u00e9ventuel rempla\u00e7ant. Pendant un instant, tout le monde \u00e9tait convaincu que Pink comblerait le poste, apr\u00e8s l&rsquo;avoir remplac\u00e9e une semaine. Pink a elle-m\u00eame \u00e9cart\u00e9 cette rumeur, affirmant qu&rsquo;elle ne rejoindrait pas l&rsquo;\u00e9mission. Il y eut aussi un bref moment o\u00f9 les fans pensaient que Tara Lipinski et Johnny Weir pourraient prendre la place; mais ce ne fut pas le cas.<\/p>\n<p id=\"par-8_51\">Au lieu de remplacer l&rsquo;\u00e9mission par un nouvel animateur ou de la rebrander compl\u00e8tement, NBC laisse ce vide tel quel. Il n&rsquo;y aura pas de rempla\u00e7ant officiel, car la cha\u00eene s&rsquo;\u00e9loigne du contenu diurne en syndication en premi\u00e8re diffusion, selon Deadline. \u00c0 la place, les march\u00e9s locaux prendront le cr\u00e9neau avec leur propre contenu.<\/p>\n<\/p><\/div>\n","protected":false},"excerpt":{"rendered":"<p>Pendant sept saisons, Kelly Clarkson a anim\u00e9 l&rsquo;un des talk-shows de journ\u00e9e les plus aim\u00e9s du public. En f\u00e9vrier 2026, elle a annonc\u00e9 que l&rsquo;\u00e9mission toucherait \u00e0 sa fin. La saison d&rsquo;adieu du programme est officiellement boucl\u00e9e, laissant un vide b\u00e9ant dans le paysage diurne. Depuis l&rsquo;annonce, les fans ont reli\u00e9 la d\u00e9cision \u00e0 la &#8230; <a title=\"La mort de Brandon Blackstock a-t-elle influenc\u00e9 la fin de The Kelly Clarkson Show ?\" class=\"read-more\" href=\"https:\/\/www.jokeme.fr\/actus\/la-mort-de-brandon-blackstock-a-t-elle-influence-la-fin-de-the-kelly-clarkson-show\/\" aria-label=\"Plus sur La mort de Brandon Blackstock a-t-elle influenc\u00e9 la fin de The Kelly Clarkson Show ?\">Lire plus<\/a><\/p>\n","protected":false},"author":1,"featured_media":25831,"comment_status":"closed","ping_status":"open","sticky":false,"template":"","format":"standard","meta":{"footnotes":""},"categories":[1],"tags":[6671,17571,4148,1123,954,11598,831,205,3494],"yoast_head":"<!-- This site is optimized with the Yoast SEO plugin v20.8 - https:\/\/yoast.com\/wordpress\/plugins\/seo\/ -->\n<title>La mort de Brandon Blackstock a-t-elle influenc\u00e9 la fin de The Kelly Clarkson Show ? - Actualit\u00e9s - Joke Me<\/title>\n<meta name=\"robots\" content=\"index, follow, max-snippet:-1, max-image-preview:large, max-video-preview:-1\" \/>\n<link rel=\"canonical\" href=\"https:\/\/www.jokeme.fr\/actus\/la-mort-de-brandon-blackstock-a-t-elle-influence-la-fin-de-the-kelly-clarkson-show\/\" \/>\n<meta property=\"og:locale\" content=\"fr_FR\" \/>\n<meta property=\"og:type\" content=\"article\" \/>\n<meta property=\"og:title\" content=\"La mort de Brandon Blackstock a-t-elle influenc\u00e9 la fin de The Kelly Clarkson Show ? - Actualit\u00e9s - Joke Me\" \/>\n<meta property=\"og:description\" content=\"Pendant sept saisons, Kelly Clarkson a anim\u00e9 l&rsquo;un des talk-shows de journ\u00e9e les plus aim\u00e9s du public. En f\u00e9vrier 2026, elle a annonc\u00e9 que l&rsquo;\u00e9mission toucherait \u00e0 sa fin. La saison d&rsquo;adieu du programme est officiellement boucl\u00e9e, laissant un vide b\u00e9ant dans le paysage diurne. Depuis l&rsquo;annonce, les fans ont reli\u00e9 la d\u00e9cision \u00e0 la ... Lire plus\" \/>\n<meta property=\"og:url\" content=\"https:\/\/www.jokeme.fr\/actus\/la-mort-de-brandon-blackstock-a-t-elle-influence-la-fin-de-the-kelly-clarkson-show\/\" \/>\n<meta property=\"og:site_name\" content=\"Actualit\u00e9s - Joke Me\" \/>\n<meta property=\"article:published_time\" content=\"2026-09-05T17:41:29+00:00\" \/>\n<meta property=\"article:modified_time\" content=\"2026-09-05T17:41:31+00:00\" \/>\n<meta property=\"og:image\" content=\"https:\/\/www.jokeme.fr\/actus\/wp-content\/uploads\/2026\/09\/1788630090.webp\" \/>\n\t<meta property=\"og:image:width\" content=\"1200\" \/>\n\t<meta property=\"og:image:height\" content=\"800\" \/>\n\t<meta property=\"og:image:type\" content=\"image\/webp\" \/>\n<meta name=\"author\" content=\"Didier\" \/>\n<meta name=\"twitter:card\" content=\"summary_large_image\" \/>\n<meta name=\"twitter:label1\" content=\"\u00c9crit par\" \/>\n\t<meta name=\"twitter:data1\" content=\"Didier\" \/>\n\t<meta name=\"twitter:label2\" content=\"Dur\u00e9e de lecture estim\u00e9e\" \/>\n\t<meta name=\"twitter:data2\" content=\"4 minutes\" \/>\n<script type=\"application\/ld+json\" class=\"yoast-schema-graph\">{\"@context\":\"https:\/\/schema.org\",\"@graph\":[{\"@type\":\"Article\",\"@id\":\"https:\/\/www.jokeme.fr\/actus\/la-mort-de-brandon-blackstock-a-t-elle-influence-la-fin-de-the-kelly-clarkson-show\/#article\",\"isPartOf\":{\"@id\":\"https:\/\/www.jokeme.fr\/actus\/la-mort-de-brandon-blackstock-a-t-elle-influence-la-fin-de-the-kelly-clarkson-show\/\"},\"author\":{\"name\":\"Didier\",\"@id\":\"https:\/\/www.jokeme.fr\/actus\/#\/schema\/person\/f0c6ad0d33ca144389e81e45a212928f\"},\"headline\":\"La mort de Brandon Blackstock a-t-elle influenc\u00e9 la fin de The Kelly Clarkson Show ?\",\"datePublished\":\"2026-09-05T17:41:29+00:00\",\"dateModified\":\"2026-09-05T17:41:31+00:00\",\"mainEntityOfPage\":{\"@id\":\"https:\/\/www.jokeme.fr\/actus\/la-mort-de-brandon-blackstock-a-t-elle-influence-la-fin-de-the-kelly-clarkson-show\/\"},\"wordCount\":750,\"publisher\":{\"@id\":\"https:\/\/www.jokeme.fr\/actus\/#organization\"},\"keywords\":[\"atelle\",\"Blackstock\",\"Brandon\",\"Clarkson\",\"fin\",\"influenc\u00e9\",\"Kelly\",\"mort\",\"show\"],\"inLanguage\":\"fr-FR\"},{\"@type\":\"WebPage\",\"@id\":\"https:\/\/www.jokeme.fr\/actus\/la-mort-de-brandon-blackstock-a-t-elle-influence-la-fin-de-the-kelly-clarkson-show\/\",\"url\":\"https:\/\/www.jokeme.fr\/actus\/la-mort-de-brandon-blackstock-a-t-elle-influence-la-fin-de-the-kelly-clarkson-show\/\",\"name\":\"La mort de Brandon Blackstock a-t-elle influenc\u00e9 la fin de The Kelly Clarkson Show ? - Actualit\u00e9s - Joke Me\",\"isPartOf\":{\"@id\":\"https:\/\/www.jokeme.fr\/actus\/#website\"},\"datePublished\":\"2026-09-05T17:41:29+00:00\",\"dateModified\":\"2026-09-05T17:41:31+00:00\",\"breadcrumb\":{\"@id\":\"https:\/\/www.jokeme.fr\/actus\/la-mort-de-brandon-blackstock-a-t-elle-influence-la-fin-de-the-kelly-clarkson-show\/#breadcrumb\"},\"inLanguage\":\"fr-FR\",\"potentialAction\":[{\"@type\":\"ReadAction\",\"target\":[\"https:\/\/www.jokeme.fr\/actus\/la-mort-de-brandon-blackstock-a-t-elle-influence-la-fin-de-the-kelly-clarkson-show\/\"]}]},{\"@type\":\"BreadcrumbList\",\"@id\":\"https:\/\/www.jokeme.fr\/actus\/la-mort-de-brandon-blackstock-a-t-elle-influence-la-fin-de-the-kelly-clarkson-show\/#breadcrumb\",\"itemListElement\":[{\"@type\":\"ListItem\",\"position\":1,\"name\":\"Accueil\",\"item\":\"https:\/\/www.jokeme.fr\/actus\/\"},{\"@type\":\"ListItem\",\"position\":2,\"name\":\"La mort de Brandon Blackstock a-t-elle influenc\u00e9 la fin de The Kelly Clarkson Show ?\"}]},{\"@type\":\"WebSite\",\"@id\":\"https:\/\/www.jokeme.fr\/actus\/#website\",\"url\":\"https:\/\/www.jokeme.fr\/actus\/\",\"name\":\"Actualit\u00e9s - Joke Me\",\"description\":\"L&#039;actualit\u00e9 du rire\",\"publisher\":{\"@id\":\"https:\/\/www.jokeme.fr\/actus\/#organization\"},\"potentialAction\":[{\"@type\":\"SearchAction\",\"target\":{\"@type\":\"EntryPoint\",\"urlTemplate\":\"https:\/\/www.jokeme.fr\/actus\/?s={search_term_string}\"},\"query-input\":\"required name=search_term_string\"}],\"inLanguage\":\"fr-FR\"},{\"@type\":\"Organization\",\"@id\":\"https:\/\/www.jokeme.fr\/actus\/#organization\",\"name\":\"Actualit\u00e9s - Joke Me\",\"url\":\"https:\/\/www.jokeme.fr\/actus\/\",\"logo\":{\"@type\":\"ImageObject\",\"inLanguage\":\"fr-FR\",\"@id\":\"https:\/\/www.jokeme.fr\/actus\/#\/schema\/logo\/image\/\",\"url\":\"https:\/\/www.jokeme.fr\/actus\/wp-content\/uploads\/2023\/06\/cropped-Logo-Joke-Me.png\",\"contentUrl\":\"https:\/\/www.jokeme.fr\/actus\/wp-content\/uploads\/2023\/06\/cropped-Logo-Joke-Me.png\",\"width\":499,\"height\":363,\"caption\":\"Actualit\u00e9s - Joke Me\"},\"image\":{\"@id\":\"https:\/\/www.jokeme.fr\/actus\/#\/schema\/logo\/image\/\"}},{\"@type\":\"Person\",\"@id\":\"https:\/\/www.jokeme.fr\/actus\/#\/schema\/person\/f0c6ad0d33ca144389e81e45a212928f\",\"name\":\"Didier\",\"image\":{\"@type\":\"ImageObject\",\"inLanguage\":\"fr-FR\",\"@id\":\"https:\/\/www.jokeme.fr\/actus\/#\/schema\/person\/image\/\",\"url\":\"https:\/\/www.jokeme.fr\/actus\/wp-content\/uploads\/2024\/03\/jokeme-didier.jpg\",\"contentUrl\":\"https:\/\/www.jokeme.fr\/actus\/wp-content\/uploads\/2024\/03\/jokeme-didier.jpg\",\"caption\":\"Didier\"},\"description\":\"Didier, passionn\u00e9 de cin\u00e9ma, est un r\u00e9dacteur pour le m\u00e9dia Jokeme, o\u00f9 il partage sa passion \u00e0 travers des articles divertissants et informatifs. Ayant \u00e9tudi\u00e9 le journalisme, il allie sa formation \u00e0 sa passion pour offrir un contenu de qualit\u00e9 sur le monde du cin\u00e9ma.\",\"sameAs\":[\"https:\/\/www.jokeme.fr\/actus\"]}]}<\/script>\n<!-- \/ Yoast SEO plugin. -->","yoast_head_json":{"title":"La mort de Brandon Blackstock a-t-elle influenc\u00e9 la fin de The Kelly Clarkson Show ? - Actualit\u00e9s - Joke Me","robots":{"index":"index","follow":"follow","max-snippet":"max-snippet:-1","max-image-preview":"max-image-preview:large","max-video-preview":"max-video-preview:-1"},"canonical":"https:\/\/www.jokeme.fr\/actus\/la-mort-de-brandon-blackstock-a-t-elle-influence-la-fin-de-the-kelly-clarkson-show\/","og_locale":"fr_FR","og_type":"article","og_title":"La mort de Brandon Blackstock a-t-elle influenc\u00e9 la fin de The Kelly Clarkson Show ? - Actualit\u00e9s - Joke Me","og_description":"Pendant sept saisons, Kelly Clarkson a anim\u00e9 l&rsquo;un des talk-shows de journ\u00e9e les plus aim\u00e9s du public. En f\u00e9vrier 2026, elle a annonc\u00e9 que l&rsquo;\u00e9mission toucherait \u00e0 sa fin. La saison d&rsquo;adieu du programme est officiellement boucl\u00e9e, laissant un vide b\u00e9ant dans le paysage diurne. Depuis l&rsquo;annonce, les fans ont reli\u00e9 la d\u00e9cision \u00e0 la ... Lire plus","og_url":"https:\/\/www.jokeme.fr\/actus\/la-mort-de-brandon-blackstock-a-t-elle-influence-la-fin-de-the-kelly-clarkson-show\/","og_site_name":"Actualit\u00e9s - Joke Me","article_published_time":"2026-09-05T17:41:29+00:00","article_modified_time":"2026-09-05T17:41:31+00:00","og_image":[{"width":1200,"height":800,"url":"https:\/\/www.jokeme.fr\/actus\/wp-content\/uploads\/2026\/09\/1788630090.webp","type":"image\/webp"}],"author":"Didier","twitter_card":"summary_large_image","twitter_misc":{"\u00c9crit par":"Didier","Dur\u00e9e de lecture estim\u00e9e":"4 minutes"},"schema":{"@context":"https:\/\/schema.org","@graph":[{"@type":"Article","@id":"https:\/\/www.jokeme.fr\/actus\/la-mort-de-brandon-blackstock-a-t-elle-influence-la-fin-de-the-kelly-clarkson-show\/#article","isPartOf":{"@id":"https:\/\/www.jokeme.fr\/actus\/la-mort-de-brandon-blackstock-a-t-elle-influence-la-fin-de-the-kelly-clarkson-show\/"},"author":{"name":"Didier","@id":"https:\/\/www.jokeme.fr\/actus\/#\/schema\/person\/f0c6ad0d33ca144389e81e45a212928f"},"headline":"La mort de Brandon Blackstock a-t-elle influenc\u00e9 la fin de The Kelly Clarkson Show ?","datePublished":"2026-09-05T17:41:29+00:00","dateModified":"2026-09-05T17:41:31+00:00","mainEntityOfPage":{"@id":"https:\/\/www.jokeme.fr\/actus\/la-mort-de-brandon-blackstock-a-t-elle-influence-la-fin-de-the-kelly-clarkson-show\/"},"wordCount":750,"publisher":{"@id":"https:\/\/www.jokeme.fr\/actus\/#organization"},"keywords":["atelle","Blackstock","Brandon","Clarkson","fin","influenc\u00e9","Kelly","mort","show"],"inLanguage":"fr-FR"},{"@type":"WebPage","@id":"https:\/\/www.jokeme.fr\/actus\/la-mort-de-brandon-blackstock-a-t-elle-influence-la-fin-de-the-kelly-clarkson-show\/","url":"https:\/\/www.jokeme.fr\/actus\/la-mort-de-brandon-blackstock-a-t-elle-influence-la-fin-de-the-kelly-clarkson-show\/","name":"La mort de Brandon Blackstock a-t-elle influenc\u00e9 la fin de The Kelly Clarkson Show ? - Actualit\u00e9s - Joke Me","isPartOf":{"@id":"https:\/\/www.jokeme.fr\/actus\/#website"},"datePublished":"2026-09-05T17:41:29+00:00","dateModified":"2026-09-05T17:41:31+00:00","breadcrumb":{"@id":"https:\/\/www.jokeme.fr\/actus\/la-mort-de-brandon-blackstock-a-t-elle-influence-la-fin-de-the-kelly-clarkson-show\/#breadcrumb"},"inLanguage":"fr-FR","potentialAction":[{"@type":"ReadAction","target":["https:\/\/www.jokeme.fr\/actus\/la-mort-de-brandon-blackstock-a-t-elle-influence-la-fin-de-the-kelly-clarkson-show\/"]}]},{"@type":"BreadcrumbList","@id":"https:\/\/www.jokeme.fr\/actus\/la-mort-de-brandon-blackstock-a-t-elle-influence-la-fin-de-the-kelly-clarkson-show\/#breadcrumb","itemListElement":[{"@type":"ListItem","position":1,"name":"Accueil","item":"https:\/\/www.jokeme.fr\/actus\/"},{"@type":"ListItem","position":2,"name":"La mort de Brandon Blackstock a-t-elle influenc\u00e9 la fin de The Kelly Clarkson Show ?"}]},{"@type":"WebSite","@id":"https:\/\/www.jokeme.fr\/actus\/#website","url":"https:\/\/www.jokeme.fr\/actus\/","name":"Actualit\u00e9s - Joke Me","description":"L&#039;actualit\u00e9 du rire","publisher":{"@id":"https:\/\/www.jokeme.fr\/actus\/#organization"},"potentialAction":[{"@type":"SearchAction","target":{"@type":"EntryPoint","urlTemplate":"https:\/\/www.jokeme.fr\/actus\/?s={search_term_string}"},"query-input":"required name=search_term_string"}],"inLanguage":"fr-FR"},{"@type":"Organization","@id":"https:\/\/www.jokeme.fr\/actus\/#organization","name":"Actualit\u00e9s - Joke Me","url":"https:\/\/www.jokeme.fr\/actus\/","logo":{"@type":"ImageObject","inLanguage":"fr-FR","@id":"https:\/\/www.jokeme.fr\/actus\/#\/schema\/logo\/image\/","url":"https:\/\/www.jokeme.fr\/actus\/wp-content\/uploads\/2023\/06\/cropped-Logo-Joke-Me.png","contentUrl":"https:\/\/www.jokeme.fr\/actus\/wp-content\/uploads\/2023\/06\/cropped-Logo-Joke-Me.png","width":499,"height":363,"caption":"Actualit\u00e9s - Joke Me"},"image":{"@id":"https:\/\/www.jokeme.fr\/actus\/#\/schema\/logo\/image\/"}},{"@type":"Person","@id":"https:\/\/www.jokeme.fr\/actus\/#\/schema\/person\/f0c6ad0d33ca144389e81e45a212928f","name":"Didier","image":{"@type":"ImageObject","inLanguage":"fr-FR","@id":"https:\/\/www.jokeme.fr\/actus\/#\/schema\/person\/image\/","url":"https:\/\/www.jokeme.fr\/actus\/wp-content\/uploads\/2024\/03\/jokeme-didier.jpg","contentUrl":"https:\/\/www.jokeme.fr\/actus\/wp-content\/uploads\/2024\/03\/jokeme-didier.jpg","caption":"Didier"},"description":"Didier, passionn\u00e9 de cin\u00e9ma, est un r\u00e9dacteur pour le m\u00e9dia Jokeme, o\u00f9 il partage sa passion \u00e0 travers des articles divertissants et informatifs. Ayant \u00e9tudi\u00e9 le journalisme, il allie sa formation \u00e0 sa passion pour offrir un contenu de qualit\u00e9 sur le monde du cin\u00e9ma.","sameAs":["https:\/\/www.jokeme.fr\/actus"]}]}},"_links":{"self":[{"href":"https:\/\/www.jokeme.fr\/actus\/wp-json\/wp\/v2\/posts\/25830"}],"collection":[{"href":"https:\/\/www.jokeme.fr\/actus\/wp-json\/wp\/v2\/posts"}],"about":[{"href":"https:\/\/www.jokeme.fr\/actus\/wp-json\/wp\/v2\/types\/post"}],"author":[{"embeddable":true,"href":"https:\/\/www.jokeme.fr\/actus\/wp-json\/wp\/v2\/users\/1"}],"replies":[{"embeddable":true,"href":"https:\/\/www.jokeme.fr\/actus\/wp-json\/wp\/v2\/comments?post=25830"}],"version-history":[{"count":1,"href":"https:\/\/www.jokeme.fr\/actus\/wp-json\/wp\/v2\/posts\/25830\/revisions"}],"predecessor-version":[{"id":25832,"href":"https:\/\/www.jokeme.fr\/actus\/wp-json\/wp\/v2\/posts\/25830\/revisions\/25832"}],"wp:featuredmedia":[{"embeddable":true,"href":"https:\/\/www.jokeme.fr\/actus\/wp-json\/wp\/v2\/media\/25831"}],"wp:attachment":[{"href":"https:\/\/www.jokeme.fr\/actus\/wp-json\/wp\/v2\/media?parent=25830"}],"wp:term":[{"taxonomy":"category","embeddable":true,"href":"https:\/\/www.jokeme.fr\/actus\/wp-json\/wp\/v2\/categories?post=25830"},{"taxonomy":"post_tag","embeddable":true,"href":"https:\/\/www.jokeme.fr\/actus\/wp-json\/wp\/v2\/tags?post=25830"}],"curies":[{"name":"wp","href":"https:\/\/api.w.org\/{rel}","templated":true}]}}