{"id":389,"date":"2023-07-12T13:11:06","date_gmt":"2023-07-12T11:11:06","guid":{"rendered":"https:\/\/www.jokeme.fr\/actus\/la-langue-de-lhomme-de-lohio-devient-verte-et-poilue-apres-une-reaction-aux-cigarettes-et-aux-antibiotiques\/"},"modified":"2023-07-12T13:11:08","modified_gmt":"2023-07-12T11:11:08","slug":"la-langue-de-lhomme-de-lohio-devient-verte-et-poilue-apres-une-reaction-aux-cigarettes-et-aux-antibiotiques","status":"publish","type":"post","link":"https:\/\/www.jokeme.fr\/actus\/la-langue-de-lhomme-de-lohio-devient-verte-et-poilue-apres-une-reaction-aux-cigarettes-et-aux-antibiotiques\/","title":{"rendered":"La langue de l&rsquo;homme de l&rsquo;Ohio devient verte et poilue apr\u00e8s une r\u00e9action aux cigarettes et aux antibiotiques"},"content":{"rendered":"<div>\n<div class=\"css-12zje5r\">\n<p>Pendant de nombreuses ann\u00e9es, nous avons \u00e9t\u00e9 avertis des effets n\u00e9fastes que le tabagisme peut avoir sur notre corps.<\/p>\n<\/div>\n<div class=\"css-c2lb2p\">\n<p>Qu&rsquo;il s&rsquo;agisse d&rsquo;endommager les poumons, de rendre les fumeurs plus susceptibles de recevoir un diagnostic de cancer ou d&rsquo;\u00e9l\u00e9ments plus visuels comme les ongles jaunes.<\/p>\n<\/div>\n<div class=\"css-c2lb2p\">\n<p>Cependant, ce sympt\u00f4me particulier est certainement \u00e9trange et l\u00e9g\u00e8rement d\u00e9rangeant, car un homme des \u00c9tats-Unis a remarqu\u00e9 un changement dans la couleur de sa langue apr\u00e8s avoir pris des antibiotiques.<\/p>\n<\/div>\n<div class=\"css-c2lb2p\">\n<p>L&rsquo;homme anonyme de 64 ans de l&rsquo;Ohio est all\u00e9 chez le m\u00e9decin environ deux semaines apr\u00e8s avoir remarqu\u00e9 que sa langue avait commenc\u00e9 \u00e0 changer de couleur.<\/p>\n<\/div>\n<div class=\"css-12zje5r\">\n<p>Mais sa visite dans une clinique de soins primaires est survenue trois semaines seulement apr\u00e8s avoir termin\u00e9 un traitement \u00e0 l&rsquo;antibiotique clindamycine, qu&rsquo;il prenait pour une infection des gencives.<\/p>\n<\/div>\n<figure class=\"css-1ey54xo\"><picture class=\"css-1x72e95\"><source  media=\"(min-width: 0px) and (max-width: 380px) and (max-resolution: 1dppx)\" type=\"image\/webp\"\/><source  media=\"(min-width: 0px) and (max-width: 380px) and (max-resolution: 1dppx)\" type=\"image\/jpeg\"\/><source  media=\"(min-width: 0px) and (max-width: 380px) and (-webkit-max-device-pixel-ratio: 1)\" type=\"image\/webp\"\/><source  media=\"(min-width: 0px) and (max-width: 380px) and (-webkit-max-device-pixel-ratio: 1)\" type=\"image\/jpeg\"\/><source  media=\"(min-width: 0px) and (max-width: 380px) and (max-resolution: 3dppx)\" type=\"image\/webp\"\/><source  media=\"(min-width: 0px) and (max-width: 380px) and (max-resolution: 3dppx)\" type=\"image\/jpeg\"\/><source  media=\"(min-width: 0px) and (max-width: 380px) and (-webkit-max-device-pixel-ratio: 3)\" type=\"image\/webp\"\/><source  media=\"(min-width: 0px) and (max-width: 380px) and (-webkit-max-device-pixel-ratio: 3)\" type=\"image\/jpeg\"\/><source  media=\"(min-width: 380px) and (min-resolution: 2dppx)\" type=\"image\/webp\"\/><source  media=\"(min-width: 380px) and (min-resolution: 2dppx)\" type=\"image\/jpeg\"\/><source  media=\"(min-width: 380px) and (-webkit-min-device-pixel-ratio: 2)\" type=\"image\/webp\"\/><source  media=\"(min-width: 380px) and (-webkit-min-device-pixel-ratio: 2)\" type=\"image\/jpeg\"\/><source  type=\"image\/webp\"\/><source  type=\"image\/jpeg\"\/><\/picture><figcaption class=\"css-1hkjxsv\">La langue de l&rsquo;homme est devenue verte !  Cr\u00e9dit: Le New England Journal of Medicine<\/figcaption><\/figure>\n<div class=\"css-c2lb2p\">\n<p>Les sympt\u00f4mes plut\u00f4t particuliers de l&rsquo;homme ont \u00e9t\u00e9 rapport\u00e9s dans une \u00e9tude de cas du New England Journal of Medicine, o\u00f9 il a \u00e9t\u00e9 r\u00e9v\u00e9l\u00e9 que l&rsquo;homme \u00e9tait fumeur.<\/p>\n<\/div>\n<div class=\"css-12zje5r\">\n<p>Cependant, certains d\u00e9tails de l&rsquo;\u00e9tude restent vagues, sans savoir depuis combien de temps l&rsquo;homme fume et \u00e0 quelle fr\u00e9quence il le fait.<\/p>\n<\/div>\n<div class=\"css-12zje5r\">\n<p>Les auteurs n&rsquo;ont pas non plus indiqu\u00e9 si le changement de couleur \u00e9tait caus\u00e9 sp\u00e9cialement par le tabagisme, les antibiotiques ou une combinaison des deux.<\/p>\n<\/div>\n<div class=\"css-12zje5r\">\n<p>N\u00e9anmoins, les photos publi\u00e9es dans l&rsquo;\u00e9tude montrent que l&rsquo;homme a une langue verte et poilue &#8211; quelque chose qui m&rsquo;a honn\u00eatement d\u00e9courag\u00e9 de mon d\u00e9jeuner.<\/p>\n<\/div>\n<div class=\"css-12zje5r\">\n<p>Les m\u00e9decins ont depuis diagnostiqu\u00e9 chez l&rsquo;homme une langue poilue, qui est \u00abun rev\u00eatement anormal\u00bb de cellules cutan\u00e9es qui se forme sur le dessus de la langue, cr\u00e9ant une accumulation de d\u00e9bris et de bact\u00e9ries.<\/p>\n<\/div>\n<div class=\"css-12zje5r\">\n<p>Ils s&rsquo;accumulent sur la partie de la langue o\u00f9 se trouvent les papilles gustatives, \u00e9galement appel\u00e9es papilles.<\/p>\n<\/div>\n<figure class=\"css-1ey54xo\"><picture class=\"css-1x72e95\"><source  media=\"(min-width: 0px) and (max-width: 380px) and (max-resolution: 1dppx)\" type=\"image\/webp\"\/><source  media=\"(min-width: 0px) and (max-width: 380px) and (max-resolution: 1dppx)\" type=\"image\/jpeg\"\/><source  media=\"(min-width: 0px) and (max-width: 380px) and (-webkit-max-device-pixel-ratio: 1)\" type=\"image\/webp\"\/><source  media=\"(min-width: 0px) and (max-width: 380px) and (-webkit-max-device-pixel-ratio: 1)\" type=\"image\/jpeg\"\/><source  media=\"(min-width: 0px) and (max-width: 380px) and (max-resolution: 3dppx)\" type=\"image\/webp\"\/><source  media=\"(min-width: 0px) and (max-width: 380px) and (max-resolution: 3dppx)\" type=\"image\/jpeg\"\/><source  media=\"(min-width: 0px) and (max-width: 380px) and (-webkit-max-device-pixel-ratio: 3)\" type=\"image\/webp\"\/><source  media=\"(min-width: 0px) and (max-width: 380px) and (-webkit-max-device-pixel-ratio: 3)\" type=\"image\/jpeg\"\/><source  media=\"(min-width: 380px) and (min-resolution: 2dppx)\" type=\"image\/webp\"\/><source  media=\"(min-width: 380px) and (min-resolution: 2dppx)\" type=\"image\/jpeg\"\/><source  media=\"(min-width: 380px) and (-webkit-min-device-pixel-ratio: 2)\" type=\"image\/webp\"\/><source  media=\"(min-width: 380px) and (-webkit-min-device-pixel-ratio: 2)\" type=\"image\/jpeg\"\/><source  type=\"image\/webp\"\/><source  type=\"image\/jpeg\"\/><img decoding=\"async\" src=\"https:\/\/www.jokeme.fr\/actus\/wp-content\/uploads\/2023\/07\/La-langue-de-lhomme-de-lOhio-devient-verte-et-poilue.jpg\" alt=\"De nombreuses recherches ont \u00e9t\u00e9 men\u00e9es sur l'impact du tabagisme sur la sant\u00e9 de vos gencives.  1 cr\u00e9dit \" loading=\"lazy\"\/><\/picture><figcaption class=\"css-1hkjxsv\">De nombreuses recherches ont \u00e9t\u00e9 men\u00e9es sur l&rsquo;impact du tabagisme sur la sant\u00e9 de vos gencives.  1 cr\u00e9dit <\/figcaption><\/figure>\n<div class=\"css-12zje5r\">\n<p>S&rsquo;il y a un manque de stimulation ou d&rsquo;abrasion sur le dessus de la langue, une accumulation de k\u00e9ratine peut se produire, qui est la m\u00eame prot\u00e9ine qui compose les cheveux sur notre t\u00eate.<\/p>\n<\/div>\n<div class=\"css-12zje5r\">\n<p>Les papilles deviennent alors plus longues que d&rsquo;habitude &#8211; donnant \u00e0 la langue un aspect et une sensation \u00ab\u00a0poilus\u00a0\u00bb.<\/p>\n<\/div>\n<div class=\"css-12zje5r\">\n<p>Des choses telles que des bact\u00e9ries et des levures peuvent ainsi \u00eatre pi\u00e9g\u00e9es, ce qui entra\u00eene des couleurs plut\u00f4t bizarres de la langue comme celle de cet homme.<\/p>\n<\/div>\n<div class=\"css-12zje5r\">\n<p>Des recherches ant\u00e9rieures ont montr\u00e9 une corr\u00e9lation entre fumer des cigarettes et une mauvaise sant\u00e9 bucco-dentaire.<\/p>\n<\/div>\n<div class=\"css-12zje5r\">\n<p>Cette recherche a fait prendre conscience aux gens que le tabagisme peut provoquer l&rsquo;accumulation de plaque et de bact\u00e9ries.<\/p>\n<\/div>\n<div class=\"css-12zje5r\">\n<p>Quant aux antibiotiques, ils peuvent avoir un impact sur le microbiome de la bouche, alt\u00e9rant ainsi les bact\u00e9ries et leur permettant de s&rsquo;asseoir sur la langue.<\/p>\n<\/div>\n<\/div>\n","protected":false},"excerpt":{"rendered":"<p>Pendant de nombreuses ann\u00e9es, nous avons \u00e9t\u00e9 avertis des effets n\u00e9fastes que le tabagisme peut avoir sur notre corps. Qu&rsquo;il s&rsquo;agisse d&rsquo;endommager les poumons, de rendre les fumeurs plus susceptibles de recevoir un diagnostic de cancer ou d&rsquo;\u00e9l\u00e9ments plus visuels comme les ongles jaunes. Cependant, ce sympt\u00f4me particulier est certainement \u00e9trange et l\u00e9g\u00e8rement d\u00e9rangeant, car &#8230; <a title=\"La langue de l&rsquo;homme de l&rsquo;Ohio devient verte et poilue apr\u00e8s une r\u00e9action aux cigarettes et aux antibiotiques\" class=\"read-more\" href=\"https:\/\/www.jokeme.fr\/actus\/la-langue-de-lhomme-de-lohio-devient-verte-et-poilue-apres-une-reaction-aux-cigarettes-et-aux-antibiotiques\/\" aria-label=\"Plus sur La langue de l&rsquo;homme de l&rsquo;Ohio devient verte et poilue apr\u00e8s une r\u00e9action aux cigarettes et aux antibiotiques\">Lire plus<\/a><\/p>\n","protected":false},"author":1,"featured_media":390,"comment_status":"closed","ping_status":"open","sticky":false,"template":"","format":"standard","meta":{"footnotes":""},"categories":[1],"tags":[911,152,406,910,907,905,108,906,909,629,33,908],"yoast_head":"<!-- This site is optimized with the Yoast SEO plugin v20.8 - https:\/\/yoast.com\/wordpress\/plugins\/seo\/ -->\n<title>La langue de l&#039;homme de l&#039;Ohio devient verte et poilue apr\u00e8s une r\u00e9action aux cigarettes et aux antibiotiques - Actualit\u00e9s - Joke Me<\/title>\n<meta name=\"robots\" content=\"index, follow, max-snippet:-1, max-image-preview:large, max-video-preview:-1\" \/>\n<link rel=\"canonical\" href=\"https:\/\/www.jokeme.fr\/actus\/la-langue-de-lhomme-de-lohio-devient-verte-et-poilue-apres-une-reaction-aux-cigarettes-et-aux-antibiotiques\/\" \/>\n<meta property=\"og:locale\" content=\"fr_FR\" \/>\n<meta property=\"og:type\" content=\"article\" \/>\n<meta property=\"og:title\" content=\"La langue de l&#039;homme de l&#039;Ohio devient verte et poilue apr\u00e8s une r\u00e9action aux cigarettes et aux antibiotiques - Actualit\u00e9s - Joke Me\" \/>\n<meta property=\"og:description\" content=\"Pendant de nombreuses ann\u00e9es, nous avons \u00e9t\u00e9 avertis des effets n\u00e9fastes que le tabagisme peut avoir sur notre corps. Qu&rsquo;il s&rsquo;agisse d&rsquo;endommager les poumons, de rendre les fumeurs plus susceptibles de recevoir un diagnostic de cancer ou d&rsquo;\u00e9l\u00e9ments plus visuels comme les ongles jaunes. Cependant, ce sympt\u00f4me particulier est certainement \u00e9trange et l\u00e9g\u00e8rement d\u00e9rangeant, car ... Lire plus\" \/>\n<meta property=\"og:url\" content=\"https:\/\/www.jokeme.fr\/actus\/la-langue-de-lhomme-de-lohio-devient-verte-et-poilue-apres-une-reaction-aux-cigarettes-et-aux-antibiotiques\/\" \/>\n<meta property=\"og:site_name\" content=\"Actualit\u00e9s - Joke Me\" \/>\n<meta property=\"article:published_time\" content=\"2023-07-12T11:11:06+00:00\" \/>\n<meta property=\"article:modified_time\" content=\"2023-07-12T11:11:08+00:00\" \/>\n<meta property=\"og:image\" content=\"https:\/\/www.jokeme.fr\/actus\/wp-content\/uploads\/2023\/07\/1689160267_La-langue-de-lhomme-de-lOhio-devient-verte-et-poilue.png\" \/>\n\t<meta property=\"og:image:width\" content=\"1148\" \/>\n\t<meta property=\"og:image:height\" content=\"645\" \/>\n\t<meta property=\"og:image:type\" content=\"image\/png\" \/>\n<meta name=\"author\" content=\"Didier\" \/>\n<meta name=\"twitter:card\" content=\"summary_large_image\" \/>\n<meta name=\"twitter:label1\" content=\"\u00c9crit par\" \/>\n\t<meta name=\"twitter:data1\" content=\"Didier\" \/>\n\t<meta name=\"twitter:label2\" content=\"Dur\u00e9e de lecture estim\u00e9e\" \/>\n\t<meta name=\"twitter:data2\" content=\"3 minutes\" \/>\n<script type=\"application\/ld+json\" class=\"yoast-schema-graph\">{\"@context\":\"https:\/\/schema.org\",\"@graph\":[{\"@type\":\"Article\",\"@id\":\"https:\/\/www.jokeme.fr\/actus\/la-langue-de-lhomme-de-lohio-devient-verte-et-poilue-apres-une-reaction-aux-cigarettes-et-aux-antibiotiques\/#article\",\"isPartOf\":{\"@id\":\"https:\/\/www.jokeme.fr\/actus\/la-langue-de-lhomme-de-lohio-devient-verte-et-poilue-apres-une-reaction-aux-cigarettes-et-aux-antibiotiques\/\"},\"author\":{\"name\":\"Didier\",\"@id\":\"https:\/\/www.jokeme.fr\/actus\/#\/schema\/person\/f0c6ad0d33ca144389e81e45a212928f\"},\"headline\":\"La langue de l&rsquo;homme de l&rsquo;Ohio devient verte et poilue apr\u00e8s une r\u00e9action aux cigarettes et aux antibiotiques\",\"datePublished\":\"2023-07-12T11:11:06+00:00\",\"dateModified\":\"2023-07-12T11:11:08+00:00\",\"mainEntityOfPage\":{\"@id\":\"https:\/\/www.jokeme.fr\/actus\/la-langue-de-lhomme-de-lohio-devient-verte-et-poilue-apres-une-reaction-aux-cigarettes-et-aux-antibiotiques\/\"},\"wordCount\":522,\"publisher\":{\"@id\":\"https:\/\/www.jokeme.fr\/actus\/#organization\"},\"keywords\":[\"antibiotiques\",\"apr\u00e8s\",\"aux\",\"cigarettes\",\"devient\",\"langue\",\"lhomme\",\"lOhio\",\"poilue\",\"r\u00e9action\",\"une\",\"verte\"],\"inLanguage\":\"fr-FR\"},{\"@type\":\"WebPage\",\"@id\":\"https:\/\/www.jokeme.fr\/actus\/la-langue-de-lhomme-de-lohio-devient-verte-et-poilue-apres-une-reaction-aux-cigarettes-et-aux-antibiotiques\/\",\"url\":\"https:\/\/www.jokeme.fr\/actus\/la-langue-de-lhomme-de-lohio-devient-verte-et-poilue-apres-une-reaction-aux-cigarettes-et-aux-antibiotiques\/\",\"name\":\"La langue de l'homme de l'Ohio devient verte et poilue apr\u00e8s une r\u00e9action aux cigarettes et aux antibiotiques - Actualit\u00e9s - Joke Me\",\"isPartOf\":{\"@id\":\"https:\/\/www.jokeme.fr\/actus\/#website\"},\"datePublished\":\"2023-07-12T11:11:06+00:00\",\"dateModified\":\"2023-07-12T11:11:08+00:00\",\"breadcrumb\":{\"@id\":\"https:\/\/www.jokeme.fr\/actus\/la-langue-de-lhomme-de-lohio-devient-verte-et-poilue-apres-une-reaction-aux-cigarettes-et-aux-antibiotiques\/#breadcrumb\"},\"inLanguage\":\"fr-FR\",\"potentialAction\":[{\"@type\":\"ReadAction\",\"target\":[\"https:\/\/www.jokeme.fr\/actus\/la-langue-de-lhomme-de-lohio-devient-verte-et-poilue-apres-une-reaction-aux-cigarettes-et-aux-antibiotiques\/\"]}]},{\"@type\":\"BreadcrumbList\",\"@id\":\"https:\/\/www.jokeme.fr\/actus\/la-langue-de-lhomme-de-lohio-devient-verte-et-poilue-apres-une-reaction-aux-cigarettes-et-aux-antibiotiques\/#breadcrumb\",\"itemListElement\":[{\"@type\":\"ListItem\",\"position\":1,\"name\":\"Accueil\",\"item\":\"https:\/\/www.jokeme.fr\/actus\/\"},{\"@type\":\"ListItem\",\"position\":2,\"name\":\"La langue de l&rsquo;homme de l&rsquo;Ohio devient verte et poilue apr\u00e8s une r\u00e9action aux cigarettes et aux antibiotiques\"}]},{\"@type\":\"WebSite\",\"@id\":\"https:\/\/www.jokeme.fr\/actus\/#website\",\"url\":\"https:\/\/www.jokeme.fr\/actus\/\",\"name\":\"Actualit\u00e9s - Joke Me\",\"description\":\"L&#039;actualit\u00e9 du rire\",\"publisher\":{\"@id\":\"https:\/\/www.jokeme.fr\/actus\/#organization\"},\"potentialAction\":[{\"@type\":\"SearchAction\",\"target\":{\"@type\":\"EntryPoint\",\"urlTemplate\":\"https:\/\/www.jokeme.fr\/actus\/?s={search_term_string}\"},\"query-input\":\"required name=search_term_string\"}],\"inLanguage\":\"fr-FR\"},{\"@type\":\"Organization\",\"@id\":\"https:\/\/www.jokeme.fr\/actus\/#organization\",\"name\":\"Actualit\u00e9s - Joke Me\",\"url\":\"https:\/\/www.jokeme.fr\/actus\/\",\"logo\":{\"@type\":\"ImageObject\",\"inLanguage\":\"fr-FR\",\"@id\":\"https:\/\/www.jokeme.fr\/actus\/#\/schema\/logo\/image\/\",\"url\":\"https:\/\/www.jokeme.fr\/actus\/wp-content\/uploads\/2023\/06\/cropped-Logo-Joke-Me.png\",\"contentUrl\":\"https:\/\/www.jokeme.fr\/actus\/wp-content\/uploads\/2023\/06\/cropped-Logo-Joke-Me.png\",\"width\":499,\"height\":363,\"caption\":\"Actualit\u00e9s - Joke Me\"},\"image\":{\"@id\":\"https:\/\/www.jokeme.fr\/actus\/#\/schema\/logo\/image\/\"}},{\"@type\":\"Person\",\"@id\":\"https:\/\/www.jokeme.fr\/actus\/#\/schema\/person\/f0c6ad0d33ca144389e81e45a212928f\",\"name\":\"Didier\",\"image\":{\"@type\":\"ImageObject\",\"inLanguage\":\"fr-FR\",\"@id\":\"https:\/\/www.jokeme.fr\/actus\/#\/schema\/person\/image\/\",\"url\":\"https:\/\/www.jokeme.fr\/actus\/wp-content\/uploads\/2024\/03\/jokeme-didier.jpg\",\"contentUrl\":\"https:\/\/www.jokeme.fr\/actus\/wp-content\/uploads\/2024\/03\/jokeme-didier.jpg\",\"caption\":\"Didier\"},\"description\":\"Didier, passionn\u00e9 de cin\u00e9ma, est un r\u00e9dacteur pour le m\u00e9dia Jokeme, o\u00f9 il partage sa passion \u00e0 travers des articles divertissants et informatifs. Ayant \u00e9tudi\u00e9 le journalisme, il allie sa formation \u00e0 sa passion pour offrir un contenu de qualit\u00e9 sur le monde du cin\u00e9ma.\",\"sameAs\":[\"https:\/\/www.jokeme.fr\/actus\"]}]}<\/script>\n<!-- \/ Yoast SEO plugin. -->","yoast_head_json":{"title":"La langue de l'homme de l'Ohio devient verte et poilue apr\u00e8s une r\u00e9action aux cigarettes et aux antibiotiques - Actualit\u00e9s - Joke Me","robots":{"index":"index","follow":"follow","max-snippet":"max-snippet:-1","max-image-preview":"max-image-preview:large","max-video-preview":"max-video-preview:-1"},"canonical":"https:\/\/www.jokeme.fr\/actus\/la-langue-de-lhomme-de-lohio-devient-verte-et-poilue-apres-une-reaction-aux-cigarettes-et-aux-antibiotiques\/","og_locale":"fr_FR","og_type":"article","og_title":"La langue de l'homme de l'Ohio devient verte et poilue apr\u00e8s une r\u00e9action aux cigarettes et aux antibiotiques - Actualit\u00e9s - Joke Me","og_description":"Pendant de nombreuses ann\u00e9es, nous avons \u00e9t\u00e9 avertis des effets n\u00e9fastes que le tabagisme peut avoir sur notre corps. Qu&rsquo;il s&rsquo;agisse d&rsquo;endommager les poumons, de rendre les fumeurs plus susceptibles de recevoir un diagnostic de cancer ou d&rsquo;\u00e9l\u00e9ments plus visuels comme les ongles jaunes. Cependant, ce sympt\u00f4me particulier est certainement \u00e9trange et l\u00e9g\u00e8rement d\u00e9rangeant, car ... Lire plus","og_url":"https:\/\/www.jokeme.fr\/actus\/la-langue-de-lhomme-de-lohio-devient-verte-et-poilue-apres-une-reaction-aux-cigarettes-et-aux-antibiotiques\/","og_site_name":"Actualit\u00e9s - Joke Me","article_published_time":"2023-07-12T11:11:06+00:00","article_modified_time":"2023-07-12T11:11:08+00:00","og_image":[{"width":1148,"height":645,"url":"https:\/\/www.jokeme.fr\/actus\/wp-content\/uploads\/2023\/07\/1689160267_La-langue-de-lhomme-de-lOhio-devient-verte-et-poilue.png","type":"image\/png"}],"author":"Didier","twitter_card":"summary_large_image","twitter_misc":{"\u00c9crit par":"Didier","Dur\u00e9e de lecture estim\u00e9e":"3 minutes"},"schema":{"@context":"https:\/\/schema.org","@graph":[{"@type":"Article","@id":"https:\/\/www.jokeme.fr\/actus\/la-langue-de-lhomme-de-lohio-devient-verte-et-poilue-apres-une-reaction-aux-cigarettes-et-aux-antibiotiques\/#article","isPartOf":{"@id":"https:\/\/www.jokeme.fr\/actus\/la-langue-de-lhomme-de-lohio-devient-verte-et-poilue-apres-une-reaction-aux-cigarettes-et-aux-antibiotiques\/"},"author":{"name":"Didier","@id":"https:\/\/www.jokeme.fr\/actus\/#\/schema\/person\/f0c6ad0d33ca144389e81e45a212928f"},"headline":"La langue de l&rsquo;homme de l&rsquo;Ohio devient verte et poilue apr\u00e8s une r\u00e9action aux cigarettes et aux antibiotiques","datePublished":"2023-07-12T11:11:06+00:00","dateModified":"2023-07-12T11:11:08+00:00","mainEntityOfPage":{"@id":"https:\/\/www.jokeme.fr\/actus\/la-langue-de-lhomme-de-lohio-devient-verte-et-poilue-apres-une-reaction-aux-cigarettes-et-aux-antibiotiques\/"},"wordCount":522,"publisher":{"@id":"https:\/\/www.jokeme.fr\/actus\/#organization"},"keywords":["antibiotiques","apr\u00e8s","aux","cigarettes","devient","langue","lhomme","lOhio","poilue","r\u00e9action","une","verte"],"inLanguage":"fr-FR"},{"@type":"WebPage","@id":"https:\/\/www.jokeme.fr\/actus\/la-langue-de-lhomme-de-lohio-devient-verte-et-poilue-apres-une-reaction-aux-cigarettes-et-aux-antibiotiques\/","url":"https:\/\/www.jokeme.fr\/actus\/la-langue-de-lhomme-de-lohio-devient-verte-et-poilue-apres-une-reaction-aux-cigarettes-et-aux-antibiotiques\/","name":"La langue de l'homme de l'Ohio devient verte et poilue apr\u00e8s une r\u00e9action aux cigarettes et aux antibiotiques - Actualit\u00e9s - Joke Me","isPartOf":{"@id":"https:\/\/www.jokeme.fr\/actus\/#website"},"datePublished":"2023-07-12T11:11:06+00:00","dateModified":"2023-07-12T11:11:08+00:00","breadcrumb":{"@id":"https:\/\/www.jokeme.fr\/actus\/la-langue-de-lhomme-de-lohio-devient-verte-et-poilue-apres-une-reaction-aux-cigarettes-et-aux-antibiotiques\/#breadcrumb"},"inLanguage":"fr-FR","potentialAction":[{"@type":"ReadAction","target":["https:\/\/www.jokeme.fr\/actus\/la-langue-de-lhomme-de-lohio-devient-verte-et-poilue-apres-une-reaction-aux-cigarettes-et-aux-antibiotiques\/"]}]},{"@type":"BreadcrumbList","@id":"https:\/\/www.jokeme.fr\/actus\/la-langue-de-lhomme-de-lohio-devient-verte-et-poilue-apres-une-reaction-aux-cigarettes-et-aux-antibiotiques\/#breadcrumb","itemListElement":[{"@type":"ListItem","position":1,"name":"Accueil","item":"https:\/\/www.jokeme.fr\/actus\/"},{"@type":"ListItem","position":2,"name":"La langue de l&rsquo;homme de l&rsquo;Ohio devient verte et poilue apr\u00e8s une r\u00e9action aux cigarettes et aux antibiotiques"}]},{"@type":"WebSite","@id":"https:\/\/www.jokeme.fr\/actus\/#website","url":"https:\/\/www.jokeme.fr\/actus\/","name":"Actualit\u00e9s - Joke Me","description":"L&#039;actualit\u00e9 du rire","publisher":{"@id":"https:\/\/www.jokeme.fr\/actus\/#organization"},"potentialAction":[{"@type":"SearchAction","target":{"@type":"EntryPoint","urlTemplate":"https:\/\/www.jokeme.fr\/actus\/?s={search_term_string}"},"query-input":"required name=search_term_string"}],"inLanguage":"fr-FR"},{"@type":"Organization","@id":"https:\/\/www.jokeme.fr\/actus\/#organization","name":"Actualit\u00e9s - Joke Me","url":"https:\/\/www.jokeme.fr\/actus\/","logo":{"@type":"ImageObject","inLanguage":"fr-FR","@id":"https:\/\/www.jokeme.fr\/actus\/#\/schema\/logo\/image\/","url":"https:\/\/www.jokeme.fr\/actus\/wp-content\/uploads\/2023\/06\/cropped-Logo-Joke-Me.png","contentUrl":"https:\/\/www.jokeme.fr\/actus\/wp-content\/uploads\/2023\/06\/cropped-Logo-Joke-Me.png","width":499,"height":363,"caption":"Actualit\u00e9s - Joke Me"},"image":{"@id":"https:\/\/www.jokeme.fr\/actus\/#\/schema\/logo\/image\/"}},{"@type":"Person","@id":"https:\/\/www.jokeme.fr\/actus\/#\/schema\/person\/f0c6ad0d33ca144389e81e45a212928f","name":"Didier","image":{"@type":"ImageObject","inLanguage":"fr-FR","@id":"https:\/\/www.jokeme.fr\/actus\/#\/schema\/person\/image\/","url":"https:\/\/www.jokeme.fr\/actus\/wp-content\/uploads\/2024\/03\/jokeme-didier.jpg","contentUrl":"https:\/\/www.jokeme.fr\/actus\/wp-content\/uploads\/2024\/03\/jokeme-didier.jpg","caption":"Didier"},"description":"Didier, passionn\u00e9 de cin\u00e9ma, est un r\u00e9dacteur pour le m\u00e9dia Jokeme, o\u00f9 il partage sa passion \u00e0 travers des articles divertissants et informatifs. Ayant \u00e9tudi\u00e9 le journalisme, il allie sa formation \u00e0 sa passion pour offrir un contenu de qualit\u00e9 sur le monde du cin\u00e9ma.","sameAs":["https:\/\/www.jokeme.fr\/actus"]}]}},"_links":{"self":[{"href":"https:\/\/www.jokeme.fr\/actus\/wp-json\/wp\/v2\/posts\/389"}],"collection":[{"href":"https:\/\/www.jokeme.fr\/actus\/wp-json\/wp\/v2\/posts"}],"about":[{"href":"https:\/\/www.jokeme.fr\/actus\/wp-json\/wp\/v2\/types\/post"}],"author":[{"embeddable":true,"href":"https:\/\/www.jokeme.fr\/actus\/wp-json\/wp\/v2\/users\/1"}],"replies":[{"embeddable":true,"href":"https:\/\/www.jokeme.fr\/actus\/wp-json\/wp\/v2\/comments?post=389"}],"version-history":[{"count":1,"href":"https:\/\/www.jokeme.fr\/actus\/wp-json\/wp\/v2\/posts\/389\/revisions"}],"predecessor-version":[{"id":391,"href":"https:\/\/www.jokeme.fr\/actus\/wp-json\/wp\/v2\/posts\/389\/revisions\/391"}],"wp:featuredmedia":[{"embeddable":true,"href":"https:\/\/www.jokeme.fr\/actus\/wp-json\/wp\/v2\/media\/390"}],"wp:attachment":[{"href":"https:\/\/www.jokeme.fr\/actus\/wp-json\/wp\/v2\/media?parent=389"}],"wp:term":[{"taxonomy":"category","embeddable":true,"href":"https:\/\/www.jokeme.fr\/actus\/wp-json\/wp\/v2\/categories?post=389"},{"taxonomy":"post_tag","embeddable":true,"href":"https:\/\/www.jokeme.fr\/actus\/wp-json\/wp\/v2\/tags?post=389"}],"curies":[{"name":"wp","href":"https:\/\/api.w.org\/{rel}","templated":true}]}}