{"id":488,"date":"2023-07-21T11:11:18","date_gmt":"2023-07-21T09:11:18","guid":{"rendered":"https:\/\/www.jokeme.fr\/actus\/le-garcon-le-plus-fort-du-monde-little-hercules-veut-maintenant-travailler-pour-la-nasa\/"},"modified":"2023-07-21T11:11:18","modified_gmt":"2023-07-21T09:11:18","slug":"le-garcon-le-plus-fort-du-monde-little-hercules-veut-maintenant-travailler-pour-la-nasa","status":"publish","type":"post","link":"https:\/\/www.jokeme.fr\/actus\/le-garcon-le-plus-fort-du-monde-little-hercules-veut-maintenant-travailler-pour-la-nasa\/","title":{"rendered":"Le gar\u00e7on le plus fort du monde &lsquo;Little Hercules&rsquo; veut maintenant travailler pour la NASA"},"content":{"rendered":"<div>\n<div class=\"css-12zje5r\">\n<p>L&rsquo;homme qui \u00e9tait autrefois surnomm\u00e9 le \u00abgar\u00e7on le plus fort du monde\u00bb et le \u00abpetit Hercule\u00bb a fini par avoir un r\u00eave tr\u00e8s diff\u00e9rent quand il a grandi.<\/p>\n<\/div>\n<div class=\"css-c2lb2p\">\n<p>Richard Sandrak est un bodybuilder am\u00e9ricain d&rsquo;origine ukrainienne qui est devenu c\u00e9l\u00e8bre au tournant du mill\u00e9naire lorsque ses parents ont montr\u00e9 qu&rsquo;il avait des muscles incroyablement d\u00e9velopp\u00e9s.<\/p>\n<\/div>\n<div class=\"css-c2lb2p\">\n<p>Capable de soulever jusqu&rsquo;\u00e0 trois fois son propre poids corporel, la renomm\u00e9e de Richard s&rsquo;est rapidement transform\u00e9e en une certaine notori\u00e9t\u00e9, car les experts de la sant\u00e9 ont soulign\u00e9 que ce n&rsquo;\u00e9tait pas un physique sain pour un enfant.<\/p>\n<\/div>\n<div class=\"css-12zje5r\">\n<p>Quand il avait 11 ans, Richard a \u00e9t\u00e9 nomm\u00e9 le \u00abgar\u00e7on le plus fort du monde\u00bb, mais en grandissant, il a d\u00e9couvert que ce n&rsquo;\u00e9tait vraiment pas tout ce qu&rsquo;il \u00e9tait cens\u00e9 \u00eatre.<\/p>\n<\/div>\n<div class=\"css-c2lb2p\">\n<p>\u00c0 la suite de sa formation, il a \u00e9t\u00e9 signal\u00e9 que le jeune halt\u00e9rophile ne poss\u00e9dait qu&rsquo;un pour cent de graisse corporelle, ce qui est dangereusement bas.<\/p>\n<\/div>\n<figure class=\"css-1ey54xo\"><picture class=\"css-1x72e95\"><source  media=\"(min-width: 0px) and (max-width: 380px) and (max-resolution: 1dppx)\" type=\"image\/webp\"\/><source  media=\"(min-width: 0px) and (max-width: 380px) and (max-resolution: 1dppx)\" type=\"image\/jpeg\"\/><source  media=\"(min-width: 0px) and (max-width: 380px) and (-webkit-max-device-pixel-ratio: 1)\" type=\"image\/webp\"\/><source  media=\"(min-width: 0px) and (max-width: 380px) and (-webkit-max-device-pixel-ratio: 1)\" type=\"image\/jpeg\"\/><source  media=\"(min-width: 0px) and (max-width: 380px) and (max-resolution: 3dppx)\" type=\"image\/webp\"\/><source  media=\"(min-width: 0px) and (max-width: 380px) and (max-resolution: 3dppx)\" type=\"image\/jpeg\"\/><source  media=\"(min-width: 0px) and (max-width: 380px) and (-webkit-max-device-pixel-ratio: 3)\" type=\"image\/webp\"\/><source  media=\"(min-width: 0px) and (max-width: 380px) and (-webkit-max-device-pixel-ratio: 3)\" type=\"image\/jpeg\"\/><source  media=\"(min-width: 380px) and (min-resolution: 2dppx)\" type=\"image\/webp\"\/><source  media=\"(min-width: 380px) and (min-resolution: 2dppx)\" type=\"image\/jpeg\"\/><source  media=\"(min-width: 380px) and (-webkit-min-device-pixel-ratio: 2)\" type=\"image\/webp\"\/><source  media=\"(min-width: 380px) and (-webkit-min-device-pixel-ratio: 2)\" type=\"image\/jpeg\"\/><source  type=\"image\/webp\"\/><source  type=\"image\/jpeg\"\/><\/picture><figcaption class=\"css-1hkjxsv\">Enfant, il \u00e9tait capable de vivre trois fois son propre poids, m\u00eame si certains s&rsquo;inqui\u00e9taient de son \u00e9tat de sant\u00e9.  Cr\u00e9dit : Inside Edition\/YouTube<\/figcaption><\/figure>\n<div class=\"css-c2lb2p\">\n<p>Selon Men&rsquo;s Journal, une graisse corporelle aussi faible peut entra\u00eener de graves probl\u00e8mes de sant\u00e9, comme \u00eatre sujet \u00e0 de graves probl\u00e8mes cardiaques, tomber souvent malade et les muscles s&rsquo;affaiblir au point que vous avez du mal \u00e0 fonctionner.<\/p>\n<\/div>\n<div class=\"css-12zje5r\">\n<p>Le bodybuilder autrichien Andreas Munzer, d\u00e9c\u00e9d\u00e9 il y a plus de 25 ans, reste le r\u00e9cit \u00e9difiant pour tous les bodybuilders qui perdent de la graisse corporelle.<\/p>\n<\/div>\n<div class=\"css-12zje5r\">\n<p>Il est d\u00e9c\u00e9d\u00e9 \u00e0 seulement 31 ans, une autopsie r\u00e9v\u00e9lant qu&rsquo;il avait 0% de graisse corporelle \u00e0 son d\u00e9c\u00e8s.<\/p>\n<\/div>\n<div class=\"css-12zje5r\">\n<p>Apr\u00e8s la sortie d&rsquo;un documentaire sur le jeune Richard, ses parents ont re\u00e7u de nombreuses critiques, beaucoup affirmant que sa formation horrible \u00e9tait cruelle et contraire \u00e0 l&rsquo;\u00e9thique pour ses parents.<\/p>\n<\/div>\n<div class=\"css-12zje5r\">\n<p>\u00c0 l&rsquo;\u00e9poque, certains professionnels de la sant\u00e9 disaient qu&rsquo;un enfant de l&rsquo;\u00e2ge de Richard ne serait pas capable de produire suffisamment de testost\u00e9rone pour atteindre cette taille.<\/p>\n<\/div>\n<div class=\"css-12zje5r\">\n<p>Ils ont sugg\u00e9r\u00e9 qu&rsquo;il utilisait des st\u00e9ro\u00efdes &#8211; ce qui est fortement d\u00e9conseill\u00e9 aux enfants &#8211; bien que la m\u00e8re de Richard ait continuellement ni\u00e9 ces affirmations.<\/p>\n<\/div>\n<figure class=\"css-1ey54xo\"><picture class=\"css-1x72e95\"><source  media=\"(min-width: 0px) and (max-width: 380px) and (max-resolution: 1dppx)\" type=\"image\/webp\"\/><source  media=\"(min-width: 0px) and (max-width: 380px) and (max-resolution: 1dppx)\" type=\"image\/jpeg\"\/><source  media=\"(min-width: 0px) and (max-width: 380px) and (-webkit-max-device-pixel-ratio: 1)\" type=\"image\/webp\"\/><source  media=\"(min-width: 0px) and (max-width: 380px) and (-webkit-max-device-pixel-ratio: 1)\" type=\"image\/jpeg\"\/><source  media=\"(min-width: 0px) and (max-width: 380px) and (max-resolution: 3dppx)\" type=\"image\/webp\"\/><source  media=\"(min-width: 0px) and (max-width: 380px) and (max-resolution: 3dppx)\" type=\"image\/jpeg\"\/><source  media=\"(min-width: 0px) and (max-width: 380px) and (-webkit-max-device-pixel-ratio: 3)\" type=\"image\/webp\"\/><source  media=\"(min-width: 0px) and (max-width: 380px) and (-webkit-max-device-pixel-ratio: 3)\" type=\"image\/jpeg\"\/><source  media=\"(min-width: 380px) and (min-resolution: 2dppx)\" type=\"image\/webp\"\/><source  media=\"(min-width: 380px) and (min-resolution: 2dppx)\" type=\"image\/jpeg\"\/><source  media=\"(min-width: 380px) and (-webkit-min-device-pixel-ratio: 2)\" type=\"image\/webp\"\/><source  media=\"(min-width: 380px) and (-webkit-min-device-pixel-ratio: 2)\" type=\"image\/jpeg\"\/><source  type=\"image\/webp\"\/><source  type=\"image\/jpeg\"\/><img decoding=\"async\" src=\"https:\/\/www.jokeme.fr\/actus\/wp-content\/uploads\/2023\/07\/1689930678_943_Le-garcon-le-plus-fort-du-monde-Little-Hercules-veut.webp.jpeg\" alt=\"Alors qu'il \u00e9tait un enfant star en tant que bodybuilder, Richard a grandi et a r\u00e9alis\u00e9 le r\u00eave de travailler pour la NASA.  Cr\u00e9dit : Inside Edition\/YouTube\" loading=\"lazy\"\/><\/picture><figcaption class=\"css-1hkjxsv\">Alors qu&rsquo;il \u00e9tait un enfant star en tant que bodybuilder, Richard a grandi et a r\u00e9alis\u00e9 le r\u00eave de travailler pour la NASA.  Cr\u00e9dit : Inside Edition\/YouTube<\/figcaption><\/figure>\n<div class=\"css-12zje5r\">\n<p>Maintenant un homme adulte, Richard a admis qu&rsquo;il n&rsquo;\u00e9tait plus int\u00e9ress\u00e9 par la musculation et \u00e0 la place, il semble que ses r\u00eaves se trouvent dans les \u00e9toiles.<\/p>\n<\/div>\n<div class=\"css-c2lb2p\">\n<p>Dans une interview avec Inside Edition en 2015, il a d\u00e9clar\u00e9 : \u00ab\u00a0Je ne soul\u00e8ve plus de poids.<\/p>\n<\/div>\n<div class=\"css-12zje5r\">\n<p>\u00ab\u00a0Les gens ont essay\u00e9 de me faire passer pour un monstre de la nature &#8211; il y a beaucoup d&rsquo;enfants qui ont un physique similaire.<\/p>\n<\/div>\n<div class=\"css-12zje5r\">\n<p>\u00ab\u00a0Je suis tr\u00e8s fier de mon pass\u00e9. Ce n&rsquo;est pas quelque chose que je ne veux pas que les gens sachent, c&rsquo;est juste que je ne vais pas \u00eatre coinc\u00e9 \u00e0 vivre dedans.\u00a0\u00bb<\/p>\n<\/div>\n<div class=\"css-12zje5r\">\n<p>La carri\u00e8re de Richard s&rsquo;est un peu m\u00e9lang\u00e9e depuis l&rsquo;\u00e9poque du \u00ab\u00a0World&rsquo;s Strongest Boy\u00a0\u00bb. En 2015, il travaillait comme cascadeur au spectacle Universal Studios Hollywood Waterworld.<\/p>\n<\/div>\n<div class=\"css-12zje5r\">\n<p>Alors qu&rsquo;il reste en forme avec des exercices cardio, l&rsquo;ancien bodybuilder a \u00e9galement r\u00e9v\u00e9l\u00e9 que son r\u00eave \u00e9tait de rejoindre la NASA.<\/p>\n<\/div>\n<div class=\"css-12zje5r\">\n<p>Il a dit qu&rsquo;il avait voulu \u00eatre un scientifique quantique et finalement devenir ing\u00e9nieur pour la NASA.<\/p>\n<\/div>\n<div class=\"css-12zje5r\">\n<p>Au moins, vous savez qu&rsquo;il n&rsquo;aurait aucun mal \u00e0 assembler tous les composants lourds d&rsquo;un vaisseau spatial.<\/p>\n<\/div>\n<\/div>\n","protected":false},"excerpt":{"rendered":"<p>L&rsquo;homme qui \u00e9tait autrefois surnomm\u00e9 le \u00abgar\u00e7on le plus fort du monde\u00bb et le \u00abpetit Hercule\u00bb a fini par avoir un r\u00eave tr\u00e8s diff\u00e9rent quand il a grandi. Richard Sandrak est un bodybuilder am\u00e9ricain d&rsquo;origine ukrainienne qui est devenu c\u00e9l\u00e8bre au tournant du mill\u00e9naire lorsque ses parents ont montr\u00e9 qu&rsquo;il avait des muscles incroyablement d\u00e9velopp\u00e9s. &#8230; <a title=\"Le gar\u00e7on le plus fort du monde &lsquo;Little Hercules&rsquo; veut maintenant travailler pour la NASA\" class=\"read-more\" href=\"https:\/\/www.jokeme.fr\/actus\/le-garcon-le-plus-fort-du-monde-little-hercules-veut-maintenant-travailler-pour-la-nasa\/\" aria-label=\"Plus sur Le gar\u00e7on le plus fort du monde &lsquo;Little Hercules&rsquo; veut maintenant travailler pour la NASA\">Lire plus<\/a><\/p>\n","protected":false},"author":1,"featured_media":489,"comment_status":"closed","ping_status":"open","sticky":false,"template":"","format":"standard","meta":{"footnotes":""},"categories":[1],"tags":[1094,30,1095,419,239,138,221,1097,1096],"yoast_head":"<!-- This site is optimized with the Yoast SEO plugin v20.8 - https:\/\/yoast.com\/wordpress\/plugins\/seo\/ -->\n<title>Le gar\u00e7on le plus fort du monde &#039;Little Hercules&#039; veut maintenant travailler pour la NASA - Actualit\u00e9s - Joke Me<\/title>\n<meta name=\"robots\" content=\"index, follow, max-snippet:-1, max-image-preview:large, max-video-preview:-1\" \/>\n<link rel=\"canonical\" href=\"https:\/\/www.jokeme.fr\/actus\/le-garcon-le-plus-fort-du-monde-little-hercules-veut-maintenant-travailler-pour-la-nasa\/\" \/>\n<meta property=\"og:locale\" content=\"fr_FR\" \/>\n<meta property=\"og:type\" content=\"article\" \/>\n<meta property=\"og:title\" content=\"Le gar\u00e7on le plus fort du monde &#039;Little Hercules&#039; veut maintenant travailler pour la NASA - Actualit\u00e9s - Joke Me\" \/>\n<meta property=\"og:description\" content=\"L&rsquo;homme qui \u00e9tait autrefois surnomm\u00e9 le \u00abgar\u00e7on le plus fort du monde\u00bb et le \u00abpetit Hercule\u00bb a fini par avoir un r\u00eave tr\u00e8s diff\u00e9rent quand il a grandi. Richard Sandrak est un bodybuilder am\u00e9ricain d&rsquo;origine ukrainienne qui est devenu c\u00e9l\u00e8bre au tournant du mill\u00e9naire lorsque ses parents ont montr\u00e9 qu&rsquo;il avait des muscles incroyablement d\u00e9velopp\u00e9s. ... Lire plus\" \/>\n<meta property=\"og:url\" content=\"https:\/\/www.jokeme.fr\/actus\/le-garcon-le-plus-fort-du-monde-little-hercules-veut-maintenant-travailler-pour-la-nasa\/\" \/>\n<meta property=\"og:site_name\" content=\"Actualit\u00e9s - Joke Me\" \/>\n<meta property=\"article:published_time\" content=\"2023-07-21T09:11:18+00:00\" \/>\n<meta property=\"og:image\" content=\"https:\/\/www.jokeme.fr\/actus\/wp-content\/uploads\/2023\/07\/Le-garcon-le-plus-fort-du-monde-Little-Hercules-veut.png\" \/>\n\t<meta property=\"og:image:width\" content=\"716\" \/>\n\t<meta property=\"og:image:height\" content=\"403\" \/>\n\t<meta property=\"og:image:type\" content=\"image\/png\" \/>\n<meta name=\"author\" content=\"Didier\" \/>\n<meta name=\"twitter:card\" content=\"summary_large_image\" \/>\n<meta name=\"twitter:label1\" content=\"\u00c9crit par\" \/>\n\t<meta name=\"twitter:data1\" content=\"Didier\" \/>\n\t<meta name=\"twitter:label2\" content=\"Dur\u00e9e de lecture estim\u00e9e\" \/>\n\t<meta name=\"twitter:data2\" content=\"3 minutes\" \/>\n<script type=\"application\/ld+json\" class=\"yoast-schema-graph\">{\"@context\":\"https:\/\/schema.org\",\"@graph\":[{\"@type\":\"Article\",\"@id\":\"https:\/\/www.jokeme.fr\/actus\/le-garcon-le-plus-fort-du-monde-little-hercules-veut-maintenant-travailler-pour-la-nasa\/#article\",\"isPartOf\":{\"@id\":\"https:\/\/www.jokeme.fr\/actus\/le-garcon-le-plus-fort-du-monde-little-hercules-veut-maintenant-travailler-pour-la-nasa\/\"},\"author\":{\"name\":\"Didier\",\"@id\":\"https:\/\/www.jokeme.fr\/actus\/#\/schema\/person\/f0c6ad0d33ca144389e81e45a212928f\"},\"headline\":\"Le gar\u00e7on le plus fort du monde &lsquo;Little Hercules&rsquo; veut maintenant travailler pour la NASA\",\"datePublished\":\"2023-07-21T09:11:18+00:00\",\"dateModified\":\"2023-07-21T09:11:18+00:00\",\"mainEntityOfPage\":{\"@id\":\"https:\/\/www.jokeme.fr\/actus\/le-garcon-le-plus-fort-du-monde-little-hercules-veut-maintenant-travailler-pour-la-nasa\/\"},\"wordCount\":622,\"publisher\":{\"@id\":\"https:\/\/www.jokeme.fr\/actus\/#organization\"},\"keywords\":[\"fort\",\"gar\u00e7on\",\"Hercules\",\"maintenant\",\"monde\",\"NASA\",\"pour\",\"travailler\",\"veut\"],\"inLanguage\":\"fr-FR\"},{\"@type\":\"WebPage\",\"@id\":\"https:\/\/www.jokeme.fr\/actus\/le-garcon-le-plus-fort-du-monde-little-hercules-veut-maintenant-travailler-pour-la-nasa\/\",\"url\":\"https:\/\/www.jokeme.fr\/actus\/le-garcon-le-plus-fort-du-monde-little-hercules-veut-maintenant-travailler-pour-la-nasa\/\",\"name\":\"Le gar\u00e7on le plus fort du monde 'Little Hercules' veut maintenant travailler pour la NASA - Actualit\u00e9s - Joke Me\",\"isPartOf\":{\"@id\":\"https:\/\/www.jokeme.fr\/actus\/#website\"},\"datePublished\":\"2023-07-21T09:11:18+00:00\",\"dateModified\":\"2023-07-21T09:11:18+00:00\",\"breadcrumb\":{\"@id\":\"https:\/\/www.jokeme.fr\/actus\/le-garcon-le-plus-fort-du-monde-little-hercules-veut-maintenant-travailler-pour-la-nasa\/#breadcrumb\"},\"inLanguage\":\"fr-FR\",\"potentialAction\":[{\"@type\":\"ReadAction\",\"target\":[\"https:\/\/www.jokeme.fr\/actus\/le-garcon-le-plus-fort-du-monde-little-hercules-veut-maintenant-travailler-pour-la-nasa\/\"]}]},{\"@type\":\"BreadcrumbList\",\"@id\":\"https:\/\/www.jokeme.fr\/actus\/le-garcon-le-plus-fort-du-monde-little-hercules-veut-maintenant-travailler-pour-la-nasa\/#breadcrumb\",\"itemListElement\":[{\"@type\":\"ListItem\",\"position\":1,\"name\":\"Accueil\",\"item\":\"https:\/\/www.jokeme.fr\/actus\/\"},{\"@type\":\"ListItem\",\"position\":2,\"name\":\"Le gar\u00e7on le plus fort du monde &lsquo;Little Hercules&rsquo; veut maintenant travailler pour la NASA\"}]},{\"@type\":\"WebSite\",\"@id\":\"https:\/\/www.jokeme.fr\/actus\/#website\",\"url\":\"https:\/\/www.jokeme.fr\/actus\/\",\"name\":\"Actualit\u00e9s - Joke Me\",\"description\":\"L&#039;actualit\u00e9 du rire\",\"publisher\":{\"@id\":\"https:\/\/www.jokeme.fr\/actus\/#organization\"},\"potentialAction\":[{\"@type\":\"SearchAction\",\"target\":{\"@type\":\"EntryPoint\",\"urlTemplate\":\"https:\/\/www.jokeme.fr\/actus\/?s={search_term_string}\"},\"query-input\":\"required name=search_term_string\"}],\"inLanguage\":\"fr-FR\"},{\"@type\":\"Organization\",\"@id\":\"https:\/\/www.jokeme.fr\/actus\/#organization\",\"name\":\"Actualit\u00e9s - Joke Me\",\"url\":\"https:\/\/www.jokeme.fr\/actus\/\",\"logo\":{\"@type\":\"ImageObject\",\"inLanguage\":\"fr-FR\",\"@id\":\"https:\/\/www.jokeme.fr\/actus\/#\/schema\/logo\/image\/\",\"url\":\"https:\/\/www.jokeme.fr\/actus\/wp-content\/uploads\/2023\/06\/cropped-Logo-Joke-Me.png\",\"contentUrl\":\"https:\/\/www.jokeme.fr\/actus\/wp-content\/uploads\/2023\/06\/cropped-Logo-Joke-Me.png\",\"width\":499,\"height\":363,\"caption\":\"Actualit\u00e9s - Joke Me\"},\"image\":{\"@id\":\"https:\/\/www.jokeme.fr\/actus\/#\/schema\/logo\/image\/\"}},{\"@type\":\"Person\",\"@id\":\"https:\/\/www.jokeme.fr\/actus\/#\/schema\/person\/f0c6ad0d33ca144389e81e45a212928f\",\"name\":\"Didier\",\"image\":{\"@type\":\"ImageObject\",\"inLanguage\":\"fr-FR\",\"@id\":\"https:\/\/www.jokeme.fr\/actus\/#\/schema\/person\/image\/\",\"url\":\"https:\/\/www.jokeme.fr\/actus\/wp-content\/uploads\/2024\/03\/jokeme-didier.jpg\",\"contentUrl\":\"https:\/\/www.jokeme.fr\/actus\/wp-content\/uploads\/2024\/03\/jokeme-didier.jpg\",\"caption\":\"Didier\"},\"description\":\"Didier, passionn\u00e9 de cin\u00e9ma, est un r\u00e9dacteur pour le m\u00e9dia Jokeme, o\u00f9 il partage sa passion \u00e0 travers des articles divertissants et informatifs. Ayant \u00e9tudi\u00e9 le journalisme, il allie sa formation \u00e0 sa passion pour offrir un contenu de qualit\u00e9 sur le monde du cin\u00e9ma.\",\"sameAs\":[\"https:\/\/www.jokeme.fr\/actus\"]}]}<\/script>\n<!-- \/ Yoast SEO plugin. -->","yoast_head_json":{"title":"Le gar\u00e7on le plus fort du monde 'Little Hercules' veut maintenant travailler pour la NASA - Actualit\u00e9s - Joke Me","robots":{"index":"index","follow":"follow","max-snippet":"max-snippet:-1","max-image-preview":"max-image-preview:large","max-video-preview":"max-video-preview:-1"},"canonical":"https:\/\/www.jokeme.fr\/actus\/le-garcon-le-plus-fort-du-monde-little-hercules-veut-maintenant-travailler-pour-la-nasa\/","og_locale":"fr_FR","og_type":"article","og_title":"Le gar\u00e7on le plus fort du monde 'Little Hercules' veut maintenant travailler pour la NASA - Actualit\u00e9s - Joke Me","og_description":"L&rsquo;homme qui \u00e9tait autrefois surnomm\u00e9 le \u00abgar\u00e7on le plus fort du monde\u00bb et le \u00abpetit Hercule\u00bb a fini par avoir un r\u00eave tr\u00e8s diff\u00e9rent quand il a grandi. Richard Sandrak est un bodybuilder am\u00e9ricain d&rsquo;origine ukrainienne qui est devenu c\u00e9l\u00e8bre au tournant du mill\u00e9naire lorsque ses parents ont montr\u00e9 qu&rsquo;il avait des muscles incroyablement d\u00e9velopp\u00e9s. ... Lire plus","og_url":"https:\/\/www.jokeme.fr\/actus\/le-garcon-le-plus-fort-du-monde-little-hercules-veut-maintenant-travailler-pour-la-nasa\/","og_site_name":"Actualit\u00e9s - Joke Me","article_published_time":"2023-07-21T09:11:18+00:00","og_image":[{"width":716,"height":403,"url":"https:\/\/www.jokeme.fr\/actus\/wp-content\/uploads\/2023\/07\/Le-garcon-le-plus-fort-du-monde-Little-Hercules-veut.png","type":"image\/png"}],"author":"Didier","twitter_card":"summary_large_image","twitter_misc":{"\u00c9crit par":"Didier","Dur\u00e9e de lecture estim\u00e9e":"3 minutes"},"schema":{"@context":"https:\/\/schema.org","@graph":[{"@type":"Article","@id":"https:\/\/www.jokeme.fr\/actus\/le-garcon-le-plus-fort-du-monde-little-hercules-veut-maintenant-travailler-pour-la-nasa\/#article","isPartOf":{"@id":"https:\/\/www.jokeme.fr\/actus\/le-garcon-le-plus-fort-du-monde-little-hercules-veut-maintenant-travailler-pour-la-nasa\/"},"author":{"name":"Didier","@id":"https:\/\/www.jokeme.fr\/actus\/#\/schema\/person\/f0c6ad0d33ca144389e81e45a212928f"},"headline":"Le gar\u00e7on le plus fort du monde &lsquo;Little Hercules&rsquo; veut maintenant travailler pour la NASA","datePublished":"2023-07-21T09:11:18+00:00","dateModified":"2023-07-21T09:11:18+00:00","mainEntityOfPage":{"@id":"https:\/\/www.jokeme.fr\/actus\/le-garcon-le-plus-fort-du-monde-little-hercules-veut-maintenant-travailler-pour-la-nasa\/"},"wordCount":622,"publisher":{"@id":"https:\/\/www.jokeme.fr\/actus\/#organization"},"keywords":["fort","gar\u00e7on","Hercules","maintenant","monde","NASA","pour","travailler","veut"],"inLanguage":"fr-FR"},{"@type":"WebPage","@id":"https:\/\/www.jokeme.fr\/actus\/le-garcon-le-plus-fort-du-monde-little-hercules-veut-maintenant-travailler-pour-la-nasa\/","url":"https:\/\/www.jokeme.fr\/actus\/le-garcon-le-plus-fort-du-monde-little-hercules-veut-maintenant-travailler-pour-la-nasa\/","name":"Le gar\u00e7on le plus fort du monde 'Little Hercules' veut maintenant travailler pour la NASA - Actualit\u00e9s - Joke Me","isPartOf":{"@id":"https:\/\/www.jokeme.fr\/actus\/#website"},"datePublished":"2023-07-21T09:11:18+00:00","dateModified":"2023-07-21T09:11:18+00:00","breadcrumb":{"@id":"https:\/\/www.jokeme.fr\/actus\/le-garcon-le-plus-fort-du-monde-little-hercules-veut-maintenant-travailler-pour-la-nasa\/#breadcrumb"},"inLanguage":"fr-FR","potentialAction":[{"@type":"ReadAction","target":["https:\/\/www.jokeme.fr\/actus\/le-garcon-le-plus-fort-du-monde-little-hercules-veut-maintenant-travailler-pour-la-nasa\/"]}]},{"@type":"BreadcrumbList","@id":"https:\/\/www.jokeme.fr\/actus\/le-garcon-le-plus-fort-du-monde-little-hercules-veut-maintenant-travailler-pour-la-nasa\/#breadcrumb","itemListElement":[{"@type":"ListItem","position":1,"name":"Accueil","item":"https:\/\/www.jokeme.fr\/actus\/"},{"@type":"ListItem","position":2,"name":"Le gar\u00e7on le plus fort du monde &lsquo;Little Hercules&rsquo; veut maintenant travailler pour la NASA"}]},{"@type":"WebSite","@id":"https:\/\/www.jokeme.fr\/actus\/#website","url":"https:\/\/www.jokeme.fr\/actus\/","name":"Actualit\u00e9s - Joke Me","description":"L&#039;actualit\u00e9 du rire","publisher":{"@id":"https:\/\/www.jokeme.fr\/actus\/#organization"},"potentialAction":[{"@type":"SearchAction","target":{"@type":"EntryPoint","urlTemplate":"https:\/\/www.jokeme.fr\/actus\/?s={search_term_string}"},"query-input":"required name=search_term_string"}],"inLanguage":"fr-FR"},{"@type":"Organization","@id":"https:\/\/www.jokeme.fr\/actus\/#organization","name":"Actualit\u00e9s - Joke Me","url":"https:\/\/www.jokeme.fr\/actus\/","logo":{"@type":"ImageObject","inLanguage":"fr-FR","@id":"https:\/\/www.jokeme.fr\/actus\/#\/schema\/logo\/image\/","url":"https:\/\/www.jokeme.fr\/actus\/wp-content\/uploads\/2023\/06\/cropped-Logo-Joke-Me.png","contentUrl":"https:\/\/www.jokeme.fr\/actus\/wp-content\/uploads\/2023\/06\/cropped-Logo-Joke-Me.png","width":499,"height":363,"caption":"Actualit\u00e9s - Joke Me"},"image":{"@id":"https:\/\/www.jokeme.fr\/actus\/#\/schema\/logo\/image\/"}},{"@type":"Person","@id":"https:\/\/www.jokeme.fr\/actus\/#\/schema\/person\/f0c6ad0d33ca144389e81e45a212928f","name":"Didier","image":{"@type":"ImageObject","inLanguage":"fr-FR","@id":"https:\/\/www.jokeme.fr\/actus\/#\/schema\/person\/image\/","url":"https:\/\/www.jokeme.fr\/actus\/wp-content\/uploads\/2024\/03\/jokeme-didier.jpg","contentUrl":"https:\/\/www.jokeme.fr\/actus\/wp-content\/uploads\/2024\/03\/jokeme-didier.jpg","caption":"Didier"},"description":"Didier, passionn\u00e9 de cin\u00e9ma, est un r\u00e9dacteur pour le m\u00e9dia Jokeme, o\u00f9 il partage sa passion \u00e0 travers des articles divertissants et informatifs. Ayant \u00e9tudi\u00e9 le journalisme, il allie sa formation \u00e0 sa passion pour offrir un contenu de qualit\u00e9 sur le monde du cin\u00e9ma.","sameAs":["https:\/\/www.jokeme.fr\/actus"]}]}},"_links":{"self":[{"href":"https:\/\/www.jokeme.fr\/actus\/wp-json\/wp\/v2\/posts\/488"}],"collection":[{"href":"https:\/\/www.jokeme.fr\/actus\/wp-json\/wp\/v2\/posts"}],"about":[{"href":"https:\/\/www.jokeme.fr\/actus\/wp-json\/wp\/v2\/types\/post"}],"author":[{"embeddable":true,"href":"https:\/\/www.jokeme.fr\/actus\/wp-json\/wp\/v2\/users\/1"}],"replies":[{"embeddable":true,"href":"https:\/\/www.jokeme.fr\/actus\/wp-json\/wp\/v2\/comments?post=488"}],"version-history":[{"count":1,"href":"https:\/\/www.jokeme.fr\/actus\/wp-json\/wp\/v2\/posts\/488\/revisions"}],"predecessor-version":[{"id":490,"href":"https:\/\/www.jokeme.fr\/actus\/wp-json\/wp\/v2\/posts\/488\/revisions\/490"}],"wp:featuredmedia":[{"embeddable":true,"href":"https:\/\/www.jokeme.fr\/actus\/wp-json\/wp\/v2\/media\/489"}],"wp:attachment":[{"href":"https:\/\/www.jokeme.fr\/actus\/wp-json\/wp\/v2\/media?parent=488"}],"wp:term":[{"taxonomy":"category","embeddable":true,"href":"https:\/\/www.jokeme.fr\/actus\/wp-json\/wp\/v2\/categories?post=488"},{"taxonomy":"post_tag","embeddable":true,"href":"https:\/\/www.jokeme.fr\/actus\/wp-json\/wp\/v2\/tags?post=488"}],"curies":[{"name":"wp","href":"https:\/\/api.w.org\/{rel}","templated":true}]}}