{"id":6092,"date":"2024-06-04T02:42:00","date_gmt":"2024-06-04T00:42:00","guid":{"rendered":"https:\/\/www.jokeme.fr\/actus\/le-nouvel-album-de-tems-born-in-the-wild-tout-ce-quil-faut-savoir-y-compris-la-date-de-sortie-la-tracklist-et-plus-encore\/"},"modified":"2024-06-04T02:42:00","modified_gmt":"2024-06-04T00:42:00","slug":"le-nouvel-album-de-tems-born-in-the-wild-tout-ce-quil-faut-savoir-y-compris-la-date-de-sortie-la-tracklist-et-plus-encore","status":"publish","type":"post","link":"https:\/\/www.jokeme.fr\/actus\/le-nouvel-album-de-tems-born-in-the-wild-tout-ce-quil-faut-savoir-y-compris-la-date-de-sortie-la-tracklist-et-plus-encore\/","title":{"rendered":"Le nouvel album de Tems \u00ab Born In The Wild \u00bb : tout ce qu&#39;il faut savoir, y compris la date de sortie, la tracklist et plus encore"},"content":{"rendered":"<div class=\"entry-content\">\n<div id=\"upx-mm-player-wrap\"><\/div>\n<div class=\"post-page\" data-page=\"1\">\n<p>Avec son premier album <em>N\u00e9 dans la nature<\/em> Bient\u00f4t, le chanteur nig\u00e9rian Tems acc\u00e8dera bient\u00f4t au statut de superstar mondiale.  Apr\u00e8s \u00eatre devenu le premier artiste d&#39;origine africaine \u00e0 faire ses d\u00e9buts au num\u00e9ro 1 du <em>Panneau d&#39;affichage<\/em> Hot 100 (en partie gr\u00e2ce \u00e0 Future et Drake) et auteur de Beyonc\u00e9 et Rihanna, elle est pr\u00eate \u00e0 franchir la prochaine \u00e9tape de son parcours d&#39;artiste avec <em>N\u00e9 dans la nature<\/em>.  Voici tout ce qu&#39;il faut savoir sur le prochain album. <\/p>\n<\/p><\/div>\n<div class=\"htlad-footer_article upx-ad-lazy footer_article\" data-ad-unit=\"footer_article\" data-ad-provider=\"htlbid\" data-unit=\"\/23101112908\/uproxx\/music\/article\/footer\"><\/div>\n<div class=\"post-page\" data-page=\"2\">\n<h2>Date de sortie<\/h2>\n<p><em>N\u00e9 dans la nature<\/em> est attendu le 6\/7 via RCA \/ Depuis &#39;93.  Vous pouvez trouver plus d\u2019informations ici.<\/p>\n<h2>Liste des pistes<\/h2>\n<p>1. \u00ab\u00a0N\u00e9 dans la nature\u00a0\u00bb<br \/>\n2. \u00ab\u00a0Sp\u00e9cial b\u00e9b\u00e9 (Interm\u00e8de)\u00a0\u00bb<br \/>\n3. \u00ab Br\u00fbler \u00bb<br \/>\n4. \u00ab Le plus m\u00e9chant \u00bb<br \/>\n5. \u00abAime-moi JeJe\u00bb<br \/>\n6. \u00ab Faites les choses correctement \u00bb Feat.  Asak\u00e9<br \/>\n7. \u00ab\u00a0Pr\u00eat\u00a0\u00bb<br \/>\n8. \u00ab\u00a0Gangsta\u00a0\u00bb<br \/>\n9. \u00ab\u00a0Malheureux\u00a0\u00bb<br \/>\n10. \u00ab\u00a0Gar\u00e7on, \u00f4 gar\u00e7on\u00a0\u00bb<br \/>\n11. \u00ab Pour toujours \u00bb<br \/>\n12. Exploit \u00ab Chute libre \u00bb.  J. Cole<br \/>\n13. \u00abVoix dans ma t\u00eate (interm\u00e8de)\u00bb<br \/>\n14. \u00ab\u00a0Montez-moi\u00a0\u00bb<br \/>\n15. \u00abMoi et toi\u00bb<br \/>\n16. \u00ab\u00a0Unit\u00e9 T\u00a0\u00bb<br \/>\n17. \u00ab\u00a0Toi devant mon visage\u00a0\u00bb<br \/>\n18. \u00abAttendez\u00bb<\/p>\n<\/p><\/div>\n<div class=\"htlad-footer_article upx-ad-lazy footer_article\" data-ad-unit=\"footer_article\" data-ad-provider=\"htlbid\" data-unit=\"\/23101112908\/uproxx\/music\/article\/footer\"><\/div>\n<div class=\"post-page\" data-page=\"3\">\n<h2>Caract\u00e9ristiques<\/h2>\n<p>Fonctionnalit\u00e9s sur <em>N\u00e9 dans la nature<\/em> Parmi eux, le rappeur de Caroline du Nord J. Cole et l&#39;artiste nig\u00e9rian en plein essor d&#39;Afrobeats Asake.<\/p>\n<h2>Ouvrages d&#39;art<\/h2>\n<figure id=\"attachment_404142206\" class=\"wp-caption alignnone\"><figcaption class=\"wp-caption-text\"><span class=\"wp-media-credit\">Dossiers RCA<\/span><\/figcaption><\/figure>\n<\/p><\/div>\n<div class=\"htlad-footer_article upx-ad-lazy footer_article\" data-ad-unit=\"footer_article\" data-ad-provider=\"htlbid\" data-unit=\"\/23101112908\/uproxx\/music\/article\/footer\"><\/div>\n<div class=\"post-page\" data-page=\"4\">\n<h2>Simple<\/h2>\n<p>Jusqu&#39;\u00e0 pr\u00e9sent, Tems a sorti deux singles, \u00ab\u00a0Me &#038; U\u00a0\u00bb et \u00ab\u00a0Love Me JeJe\u00a0\u00bb.<\/p>\n<h2>Des dates de tourn\u00e9e<\/h2>\n<p><strong>L&#39;Europe \uf0d7<\/strong>:<\/p>\n<p>6\/12 \u2014 Londres, Royaume-Uni @ Eventim Apollo<br \/>\n15\/06 \u2014 Paris, France @ L&#39;Olympia<br \/>\n7\/4 \u2014 Oslo, Norv\u00e8ge @ Sentrum Scene<br \/>\n7\/8 \u2014 Berlin, Allemagne @ Tempodrom<br \/>\n7\/10 \u2014 Cologne, Allemagne @ Carlswerk Victoria<br \/>\n7\/12 \u2014 Amsterdam, Pays-Bas @ Paradiso<br \/>\n7\/16 \u2014 Montreux, Suisse @ Montreux<\/p>\n<p><strong>Am\u00e9rique du Nord<\/strong><\/p>\n<p>22\/08 \u2014 Miami Beach, Floride @ The Fillmore<br \/>\n24\/08 \u2014 Orlando, Floride au Hard Rock Caf\u00e9<br \/>\n26\/08 \u2014 Dallas, Texas @ Gilley&#39;s South Side Ballroom<br \/>\n28\/08 \u2014 Houston, Texas au 713 Music Hall<br \/>\n30\/08 \u2014 Atlanta, G\u00e9orgie @ Coca-Cola Roxy<br \/>\n9\/01 \u2014 Washington, DC @ L&#39;hymne<br \/>\n9\/03 \u2014 Philadelphie, PA @ The Met Philadelphia<br \/>\n9\/05 \u2014 New York, NY au Radio City Music Hall<br \/>\n9\/07 \u2014 Toronto, ON, Canada @ Histoire<br \/>\n11\/09 \u2014 Boston, MA @ Agganis Arena<br \/>\n9\/13 \u2014 Montr\u00e9al, QC, Canada @ L&#39;Olympia<br \/>\n15\/09 \u2014 Chicago, Illinois @ Byline Bank Aragon Ballroom<br \/>\n17\/09 \u2014 Denver, CO @ The Mission Ballroom<br \/>\n22\/09 \u2014 Vancouver, Colombie-Britannique, Canada @ The Queen Elizabeth Theatre<br \/>\n25\/09 \u2014 Seattle, Washington @ Showbox SODO<br \/>\n27\/09 \u2014 San Francisco, Californie @ The Warfield<br \/>\n29\/09 \u2014 Las Vegas, NV au th\u00e9\u00e2tre du Virgin Hotel<br \/>\n10\/1 \u2013 Los Angeles, Californie @ The Greek Theatre<\/p>\n<p><strong>Afrique<\/strong><\/p>\n<p>19\/10 et 25 \u2014 \u00e0 d\u00e9terminer<\/p>\n<p><strong>Asie<\/strong><\/p>\n<p>11\/5 \u2013 \u00e0 d\u00e9terminer<\/p>\n<p><strong>Australie<\/strong><\/p>\n<p>11\/09 \u2013 Melbourne @ Margaret Court Arena<br \/>\n11\/12 \u2013 Brisbane au Fortitude Music Hall<br \/>\n15\/11 \u2014 Sydney @ Le Pavillon Hordern<\/p>\n<\/p><\/div>\n<\/p><\/div>\n","protected":false},"excerpt":{"rendered":"<p>Avec son premier album N\u00e9 dans la nature Bient\u00f4t, le chanteur nig\u00e9rian Tems acc\u00e8dera bient\u00f4t au statut de superstar mondiale. Apr\u00e8s \u00eatre devenu le premier artiste d&#39;origine africaine \u00e0 faire ses d\u00e9buts au num\u00e9ro 1 du Panneau d&#39;affichage Hot 100 (en partie gr\u00e2ce \u00e0 Future et Drake) et auteur de Beyonc\u00e9 et Rihanna, elle est &#8230; <a title=\"Le nouvel album de Tems \u00ab Born In The Wild \u00bb : tout ce qu&#039;il faut savoir, y compris la date de sortie, la tracklist et plus encore\" class=\"read-more\" href=\"https:\/\/www.jokeme.fr\/actus\/le-nouvel-album-de-tems-born-in-the-wild-tout-ce-quil-faut-savoir-y-compris-la-date-de-sortie-la-tracklist-et-plus-encore\/\" aria-label=\"Plus sur Le nouvel album de Tems \u00ab Born In The Wild \u00bb : tout ce qu&#039;il faut savoir, y compris la date de sortie, la tracklist et plus encore\">Lire plus<\/a><\/p>\n","protected":false},"author":1,"featured_media":6093,"comment_status":"closed","ping_status":"open","sticky":false,"template":"","format":"standard","meta":{"footnotes":""},"categories":[1],"tags":[3484,6035,3488,2590,2877,385,3307,4527,1438,3489,6125,532,3490,6679],"yoast_head":"<!-- This site is optimized with the Yoast SEO plugin v20.8 - https:\/\/yoast.com\/wordpress\/plugins\/seo\/ -->\n<title>Le nouvel album de Tems \u00ab Born In The Wild \u00bb : tout ce qu&#039;il faut savoir, y compris la date de sortie, la tracklist et plus encore - Actualit\u00e9s - Joke Me<\/title>\n<meta name=\"robots\" content=\"index, follow, max-snippet:-1, max-image-preview:large, max-video-preview:-1\" \/>\n<link rel=\"canonical\" href=\"https:\/\/www.jokeme.fr\/actus\/le-nouvel-album-de-tems-born-in-the-wild-tout-ce-quil-faut-savoir-y-compris-la-date-de-sortie-la-tracklist-et-plus-encore\/\" \/>\n<meta property=\"og:locale\" content=\"fr_FR\" \/>\n<meta property=\"og:type\" content=\"article\" \/>\n<meta property=\"og:title\" content=\"Le nouvel album de Tems \u00ab Born In The Wild \u00bb : tout ce qu&#039;il faut savoir, y compris la date de sortie, la tracklist et plus encore - Actualit\u00e9s - Joke Me\" \/>\n<meta property=\"og:description\" content=\"Avec son premier album N\u00e9 dans la nature Bient\u00f4t, le chanteur nig\u00e9rian Tems acc\u00e8dera bient\u00f4t au statut de superstar mondiale. Apr\u00e8s \u00eatre devenu le premier artiste d&#039;origine africaine \u00e0 faire ses d\u00e9buts au num\u00e9ro 1 du Panneau d&#039;affichage Hot 100 (en partie gr\u00e2ce \u00e0 Future et Drake) et auteur de Beyonc\u00e9 et Rihanna, elle est ... Lire plus\" \/>\n<meta property=\"og:url\" content=\"https:\/\/www.jokeme.fr\/actus\/le-nouvel-album-de-tems-born-in-the-wild-tout-ce-quil-faut-savoir-y-compris-la-date-de-sortie-la-tracklist-et-plus-encore\/\" \/>\n<meta property=\"og:site_name\" content=\"Actualit\u00e9s - Joke Me\" \/>\n<meta property=\"article:published_time\" content=\"2024-06-04T00:42:00+00:00\" \/>\n<meta property=\"og:image\" content=\"https:\/\/www.jokeme.fr\/actus\/wp-content\/uploads\/2024\/06\/Le-nouvel-album-de-Tems-Born-In-The-Wild.jpeg\" \/>\n\t<meta property=\"og:image:width\" content=\"710\" \/>\n\t<meta property=\"og:image:height\" content=\"400\" \/>\n\t<meta property=\"og:image:type\" content=\"image\/jpeg\" \/>\n<meta name=\"author\" content=\"Didier\" \/>\n<meta name=\"twitter:card\" content=\"summary_large_image\" \/>\n<meta name=\"twitter:label1\" content=\"\u00c9crit par\" \/>\n\t<meta name=\"twitter:data1\" content=\"Didier\" \/>\n\t<meta name=\"twitter:label2\" content=\"Dur\u00e9e de lecture estim\u00e9e\" \/>\n\t<meta name=\"twitter:data2\" content=\"2 minutes\" \/>\n<script type=\"application\/ld+json\" class=\"yoast-schema-graph\">{\"@context\":\"https:\/\/schema.org\",\"@graph\":[{\"@type\":\"Article\",\"@id\":\"https:\/\/www.jokeme.fr\/actus\/le-nouvel-album-de-tems-born-in-the-wild-tout-ce-quil-faut-savoir-y-compris-la-date-de-sortie-la-tracklist-et-plus-encore\/#article\",\"isPartOf\":{\"@id\":\"https:\/\/www.jokeme.fr\/actus\/le-nouvel-album-de-tems-born-in-the-wild-tout-ce-quil-faut-savoir-y-compris-la-date-de-sortie-la-tracklist-et-plus-encore\/\"},\"author\":{\"name\":\"Didier\",\"@id\":\"https:\/\/www.jokeme.fr\/actus\/#\/schema\/person\/f0c6ad0d33ca144389e81e45a212928f\"},\"headline\":\"Le nouvel album de Tems \u00ab Born In The Wild \u00bb : tout ce qu&#39;il faut savoir, y compris la date de sortie, la tracklist et plus encore\",\"datePublished\":\"2024-06-04T00:42:00+00:00\",\"dateModified\":\"2024-06-04T00:42:00+00:00\",\"mainEntityOfPage\":{\"@id\":\"https:\/\/www.jokeme.fr\/actus\/le-nouvel-album-de-tems-born-in-the-wild-tout-ce-quil-faut-savoir-y-compris-la-date-de-sortie-la-tracklist-et-plus-encore\/\"},\"wordCount\":403,\"publisher\":{\"@id\":\"https:\/\/www.jokeme.fr\/actus\/#organization\"},\"keywords\":[\"album\",\"Born\",\"compris\",\"date\",\"encore\",\"faut\",\"nouvel\",\"qu39il\",\"savoir\",\"sortie\",\"Tems\",\"tout\",\"tracklist\",\"Wild\"],\"inLanguage\":\"fr-FR\"},{\"@type\":\"WebPage\",\"@id\":\"https:\/\/www.jokeme.fr\/actus\/le-nouvel-album-de-tems-born-in-the-wild-tout-ce-quil-faut-savoir-y-compris-la-date-de-sortie-la-tracklist-et-plus-encore\/\",\"url\":\"https:\/\/www.jokeme.fr\/actus\/le-nouvel-album-de-tems-born-in-the-wild-tout-ce-quil-faut-savoir-y-compris-la-date-de-sortie-la-tracklist-et-plus-encore\/\",\"name\":\"Le nouvel album de Tems \u00ab Born In The Wild \u00bb : tout ce qu&#39;il faut savoir, y compris la date de sortie, la tracklist et plus encore - Actualit\u00e9s - Joke Me\",\"isPartOf\":{\"@id\":\"https:\/\/www.jokeme.fr\/actus\/#website\"},\"datePublished\":\"2024-06-04T00:42:00+00:00\",\"dateModified\":\"2024-06-04T00:42:00+00:00\",\"breadcrumb\":{\"@id\":\"https:\/\/www.jokeme.fr\/actus\/le-nouvel-album-de-tems-born-in-the-wild-tout-ce-quil-faut-savoir-y-compris-la-date-de-sortie-la-tracklist-et-plus-encore\/#breadcrumb\"},\"inLanguage\":\"fr-FR\",\"potentialAction\":[{\"@type\":\"ReadAction\",\"target\":[\"https:\/\/www.jokeme.fr\/actus\/le-nouvel-album-de-tems-born-in-the-wild-tout-ce-quil-faut-savoir-y-compris-la-date-de-sortie-la-tracklist-et-plus-encore\/\"]}]},{\"@type\":\"BreadcrumbList\",\"@id\":\"https:\/\/www.jokeme.fr\/actus\/le-nouvel-album-de-tems-born-in-the-wild-tout-ce-quil-faut-savoir-y-compris-la-date-de-sortie-la-tracklist-et-plus-encore\/#breadcrumb\",\"itemListElement\":[{\"@type\":\"ListItem\",\"position\":1,\"name\":\"Accueil\",\"item\":\"https:\/\/www.jokeme.fr\/actus\/\"},{\"@type\":\"ListItem\",\"position\":2,\"name\":\"Le nouvel album de Tems \u00ab Born In The Wild \u00bb : tout ce qu&#39;il faut savoir, y compris la date de sortie, la tracklist et plus encore\"}]},{\"@type\":\"WebSite\",\"@id\":\"https:\/\/www.jokeme.fr\/actus\/#website\",\"url\":\"https:\/\/www.jokeme.fr\/actus\/\",\"name\":\"Actualit\u00e9s - Joke Me\",\"description\":\"L&#039;actualit\u00e9 du rire\",\"publisher\":{\"@id\":\"https:\/\/www.jokeme.fr\/actus\/#organization\"},\"potentialAction\":[{\"@type\":\"SearchAction\",\"target\":{\"@type\":\"EntryPoint\",\"urlTemplate\":\"https:\/\/www.jokeme.fr\/actus\/?s={search_term_string}\"},\"query-input\":\"required name=search_term_string\"}],\"inLanguage\":\"fr-FR\"},{\"@type\":\"Organization\",\"@id\":\"https:\/\/www.jokeme.fr\/actus\/#organization\",\"name\":\"Actualit\u00e9s - Joke Me\",\"url\":\"https:\/\/www.jokeme.fr\/actus\/\",\"logo\":{\"@type\":\"ImageObject\",\"inLanguage\":\"fr-FR\",\"@id\":\"https:\/\/www.jokeme.fr\/actus\/#\/schema\/logo\/image\/\",\"url\":\"https:\/\/www.jokeme.fr\/actus\/wp-content\/uploads\/2023\/06\/cropped-Logo-Joke-Me.png\",\"contentUrl\":\"https:\/\/www.jokeme.fr\/actus\/wp-content\/uploads\/2023\/06\/cropped-Logo-Joke-Me.png\",\"width\":499,\"height\":363,\"caption\":\"Actualit\u00e9s - Joke Me\"},\"image\":{\"@id\":\"https:\/\/www.jokeme.fr\/actus\/#\/schema\/logo\/image\/\"}},{\"@type\":\"Person\",\"@id\":\"https:\/\/www.jokeme.fr\/actus\/#\/schema\/person\/f0c6ad0d33ca144389e81e45a212928f\",\"name\":\"Didier\",\"image\":{\"@type\":\"ImageObject\",\"inLanguage\":\"fr-FR\",\"@id\":\"https:\/\/www.jokeme.fr\/actus\/#\/schema\/person\/image\/\",\"url\":\"https:\/\/www.jokeme.fr\/actus\/wp-content\/uploads\/2024\/03\/jokeme-didier.jpg\",\"contentUrl\":\"https:\/\/www.jokeme.fr\/actus\/wp-content\/uploads\/2024\/03\/jokeme-didier.jpg\",\"caption\":\"Didier\"},\"description\":\"Didier, passionn\u00e9 de cin\u00e9ma, est un r\u00e9dacteur pour le m\u00e9dia Jokeme, o\u00f9 il partage sa passion \u00e0 travers des articles divertissants et informatifs. Ayant \u00e9tudi\u00e9 le journalisme, il allie sa formation \u00e0 sa passion pour offrir un contenu de qualit\u00e9 sur le monde du cin\u00e9ma.\",\"sameAs\":[\"https:\/\/www.jokeme.fr\/actus\"]}]}<\/script>\n<!-- \/ Yoast SEO plugin. -->","yoast_head_json":{"title":"Le nouvel album de Tems \u00ab Born In The Wild \u00bb : tout ce qu&#39;il faut savoir, y compris la date de sortie, la tracklist et plus encore - Actualit\u00e9s - Joke Me","robots":{"index":"index","follow":"follow","max-snippet":"max-snippet:-1","max-image-preview":"max-image-preview:large","max-video-preview":"max-video-preview:-1"},"canonical":"https:\/\/www.jokeme.fr\/actus\/le-nouvel-album-de-tems-born-in-the-wild-tout-ce-quil-faut-savoir-y-compris-la-date-de-sortie-la-tracklist-et-plus-encore\/","og_locale":"fr_FR","og_type":"article","og_title":"Le nouvel album de Tems \u00ab Born In The Wild \u00bb : tout ce qu&#39;il faut savoir, y compris la date de sortie, la tracklist et plus encore - Actualit\u00e9s - Joke Me","og_description":"Avec son premier album N\u00e9 dans la nature Bient\u00f4t, le chanteur nig\u00e9rian Tems acc\u00e8dera bient\u00f4t au statut de superstar mondiale. Apr\u00e8s \u00eatre devenu le premier artiste d&#39;origine africaine \u00e0 faire ses d\u00e9buts au num\u00e9ro 1 du Panneau d&#39;affichage Hot 100 (en partie gr\u00e2ce \u00e0 Future et Drake) et auteur de Beyonc\u00e9 et Rihanna, elle est ... Lire plus","og_url":"https:\/\/www.jokeme.fr\/actus\/le-nouvel-album-de-tems-born-in-the-wild-tout-ce-quil-faut-savoir-y-compris-la-date-de-sortie-la-tracklist-et-plus-encore\/","og_site_name":"Actualit\u00e9s - Joke Me","article_published_time":"2024-06-04T00:42:00+00:00","og_image":[{"width":710,"height":400,"url":"https:\/\/www.jokeme.fr\/actus\/wp-content\/uploads\/2024\/06\/Le-nouvel-album-de-Tems-Born-In-The-Wild.jpeg","type":"image\/jpeg"}],"author":"Didier","twitter_card":"summary_large_image","twitter_misc":{"\u00c9crit par":"Didier","Dur\u00e9e de lecture estim\u00e9e":"2 minutes"},"schema":{"@context":"https:\/\/schema.org","@graph":[{"@type":"Article","@id":"https:\/\/www.jokeme.fr\/actus\/le-nouvel-album-de-tems-born-in-the-wild-tout-ce-quil-faut-savoir-y-compris-la-date-de-sortie-la-tracklist-et-plus-encore\/#article","isPartOf":{"@id":"https:\/\/www.jokeme.fr\/actus\/le-nouvel-album-de-tems-born-in-the-wild-tout-ce-quil-faut-savoir-y-compris-la-date-de-sortie-la-tracklist-et-plus-encore\/"},"author":{"name":"Didier","@id":"https:\/\/www.jokeme.fr\/actus\/#\/schema\/person\/f0c6ad0d33ca144389e81e45a212928f"},"headline":"Le nouvel album de Tems \u00ab Born In The Wild \u00bb : tout ce qu&#39;il faut savoir, y compris la date de sortie, la tracklist et plus encore","datePublished":"2024-06-04T00:42:00+00:00","dateModified":"2024-06-04T00:42:00+00:00","mainEntityOfPage":{"@id":"https:\/\/www.jokeme.fr\/actus\/le-nouvel-album-de-tems-born-in-the-wild-tout-ce-quil-faut-savoir-y-compris-la-date-de-sortie-la-tracklist-et-plus-encore\/"},"wordCount":403,"publisher":{"@id":"https:\/\/www.jokeme.fr\/actus\/#organization"},"keywords":["album","Born","compris","date","encore","faut","nouvel","qu39il","savoir","sortie","Tems","tout","tracklist","Wild"],"inLanguage":"fr-FR"},{"@type":"WebPage","@id":"https:\/\/www.jokeme.fr\/actus\/le-nouvel-album-de-tems-born-in-the-wild-tout-ce-quil-faut-savoir-y-compris-la-date-de-sortie-la-tracklist-et-plus-encore\/","url":"https:\/\/www.jokeme.fr\/actus\/le-nouvel-album-de-tems-born-in-the-wild-tout-ce-quil-faut-savoir-y-compris-la-date-de-sortie-la-tracklist-et-plus-encore\/","name":"Le nouvel album de Tems \u00ab Born In The Wild \u00bb : tout ce qu&#39;il faut savoir, y compris la date de sortie, la tracklist et plus encore - Actualit\u00e9s - Joke Me","isPartOf":{"@id":"https:\/\/www.jokeme.fr\/actus\/#website"},"datePublished":"2024-06-04T00:42:00+00:00","dateModified":"2024-06-04T00:42:00+00:00","breadcrumb":{"@id":"https:\/\/www.jokeme.fr\/actus\/le-nouvel-album-de-tems-born-in-the-wild-tout-ce-quil-faut-savoir-y-compris-la-date-de-sortie-la-tracklist-et-plus-encore\/#breadcrumb"},"inLanguage":"fr-FR","potentialAction":[{"@type":"ReadAction","target":["https:\/\/www.jokeme.fr\/actus\/le-nouvel-album-de-tems-born-in-the-wild-tout-ce-quil-faut-savoir-y-compris-la-date-de-sortie-la-tracklist-et-plus-encore\/"]}]},{"@type":"BreadcrumbList","@id":"https:\/\/www.jokeme.fr\/actus\/le-nouvel-album-de-tems-born-in-the-wild-tout-ce-quil-faut-savoir-y-compris-la-date-de-sortie-la-tracklist-et-plus-encore\/#breadcrumb","itemListElement":[{"@type":"ListItem","position":1,"name":"Accueil","item":"https:\/\/www.jokeme.fr\/actus\/"},{"@type":"ListItem","position":2,"name":"Le nouvel album de Tems \u00ab Born In The Wild \u00bb : tout ce qu&#39;il faut savoir, y compris la date de sortie, la tracklist et plus encore"}]},{"@type":"WebSite","@id":"https:\/\/www.jokeme.fr\/actus\/#website","url":"https:\/\/www.jokeme.fr\/actus\/","name":"Actualit\u00e9s - Joke Me","description":"L&#039;actualit\u00e9 du rire","publisher":{"@id":"https:\/\/www.jokeme.fr\/actus\/#organization"},"potentialAction":[{"@type":"SearchAction","target":{"@type":"EntryPoint","urlTemplate":"https:\/\/www.jokeme.fr\/actus\/?s={search_term_string}"},"query-input":"required name=search_term_string"}],"inLanguage":"fr-FR"},{"@type":"Organization","@id":"https:\/\/www.jokeme.fr\/actus\/#organization","name":"Actualit\u00e9s - Joke Me","url":"https:\/\/www.jokeme.fr\/actus\/","logo":{"@type":"ImageObject","inLanguage":"fr-FR","@id":"https:\/\/www.jokeme.fr\/actus\/#\/schema\/logo\/image\/","url":"https:\/\/www.jokeme.fr\/actus\/wp-content\/uploads\/2023\/06\/cropped-Logo-Joke-Me.png","contentUrl":"https:\/\/www.jokeme.fr\/actus\/wp-content\/uploads\/2023\/06\/cropped-Logo-Joke-Me.png","width":499,"height":363,"caption":"Actualit\u00e9s - Joke Me"},"image":{"@id":"https:\/\/www.jokeme.fr\/actus\/#\/schema\/logo\/image\/"}},{"@type":"Person","@id":"https:\/\/www.jokeme.fr\/actus\/#\/schema\/person\/f0c6ad0d33ca144389e81e45a212928f","name":"Didier","image":{"@type":"ImageObject","inLanguage":"fr-FR","@id":"https:\/\/www.jokeme.fr\/actus\/#\/schema\/person\/image\/","url":"https:\/\/www.jokeme.fr\/actus\/wp-content\/uploads\/2024\/03\/jokeme-didier.jpg","contentUrl":"https:\/\/www.jokeme.fr\/actus\/wp-content\/uploads\/2024\/03\/jokeme-didier.jpg","caption":"Didier"},"description":"Didier, passionn\u00e9 de cin\u00e9ma, est un r\u00e9dacteur pour le m\u00e9dia Jokeme, o\u00f9 il partage sa passion \u00e0 travers des articles divertissants et informatifs. Ayant \u00e9tudi\u00e9 le journalisme, il allie sa formation \u00e0 sa passion pour offrir un contenu de qualit\u00e9 sur le monde du cin\u00e9ma.","sameAs":["https:\/\/www.jokeme.fr\/actus"]}]}},"_links":{"self":[{"href":"https:\/\/www.jokeme.fr\/actus\/wp-json\/wp\/v2\/posts\/6092"}],"collection":[{"href":"https:\/\/www.jokeme.fr\/actus\/wp-json\/wp\/v2\/posts"}],"about":[{"href":"https:\/\/www.jokeme.fr\/actus\/wp-json\/wp\/v2\/types\/post"}],"author":[{"embeddable":true,"href":"https:\/\/www.jokeme.fr\/actus\/wp-json\/wp\/v2\/users\/1"}],"replies":[{"embeddable":true,"href":"https:\/\/www.jokeme.fr\/actus\/wp-json\/wp\/v2\/comments?post=6092"}],"version-history":[{"count":1,"href":"https:\/\/www.jokeme.fr\/actus\/wp-json\/wp\/v2\/posts\/6092\/revisions"}],"predecessor-version":[{"id":6094,"href":"https:\/\/www.jokeme.fr\/actus\/wp-json\/wp\/v2\/posts\/6092\/revisions\/6094"}],"wp:featuredmedia":[{"embeddable":true,"href":"https:\/\/www.jokeme.fr\/actus\/wp-json\/wp\/v2\/media\/6093"}],"wp:attachment":[{"href":"https:\/\/www.jokeme.fr\/actus\/wp-json\/wp\/v2\/media?parent=6092"}],"wp:term":[{"taxonomy":"category","embeddable":true,"href":"https:\/\/www.jokeme.fr\/actus\/wp-json\/wp\/v2\/categories?post=6092"},{"taxonomy":"post_tag","embeddable":true,"href":"https:\/\/www.jokeme.fr\/actus\/wp-json\/wp\/v2\/tags?post=6092"}],"curies":[{"name":"wp","href":"https:\/\/api.w.org\/{rel}","templated":true}]}}