{"id":646,"date":"2023-08-05T16:16:20","date_gmt":"2023-08-05T14:16:20","guid":{"rendered":"https:\/\/www.jokeme.fr\/actus\/lhomme-qui-a-pris-la-photo-la-plus-vue-de-tous-les-temps-a-ete-tellement-paye-que-limage-a-du-etre-remise-en-main-propre\/"},"modified":"2023-08-05T16:16:22","modified_gmt":"2023-08-05T14:16:22","slug":"lhomme-qui-a-pris-la-photo-la-plus-vue-de-tous-les-temps-a-ete-tellement-paye-que-limage-a-du-etre-remise-en-main-propre","status":"publish","type":"post","link":"https:\/\/www.jokeme.fr\/actus\/lhomme-qui-a-pris-la-photo-la-plus-vue-de-tous-les-temps-a-ete-tellement-paye-que-limage-a-du-etre-remise-en-main-propre\/","title":{"rendered":"L&rsquo;homme qui a pris \u00ab\u00a0la photo la plus vue de tous les temps\u00a0\u00bb a \u00e9t\u00e9 tellement pay\u00e9 que l&rsquo;image a d\u00fb \u00eatre remise en main propre"},"content":{"rendered":"<div>\n<div class=\"css-12zje5r\">\n<p>L&rsquo;homme \u00e0 l&rsquo;origine de la \u00ab\u00a0photo la plus vue au monde\u00a0\u00bb a parl\u00e9 des longueurs stup\u00e9fiantes qu&rsquo;il a d\u00fb parcourir pour la livrer apr\u00e8s qu&rsquo;elle ait atterri sur les genoux d&rsquo;un acheteur tr\u00e8s c\u00e9l\u00e8bre.<\/p>\n<\/div>\n<div class=\"css-c2lb2p\">\n<p>Il ne fait aucun doute que vous avez vu la tristement c\u00e9l\u00e8bre image de Chuck O&rsquo;Rear, 81 ans, prise en 1996 lors d&rsquo;un voyage de routine \u00e0 travers la Californie.<\/p>\n<\/div>\n<div class=\"css-12zje5r\">\n<p>C&rsquo;\u00e9tait un simple cas de bon endroit au bon moment, le photographe n&rsquo;ayant aucune id\u00e9e de ce qui l&rsquo;attendait pour la photo qui n&rsquo;\u00e9tait \u00abqu&rsquo;une autre photo\u00bb pour lui.<\/p>\n<\/div>\n<figure class=\"css-1ey54xo\"><picture class=\"css-1x72e95\"><source  media=\"(min-width: 0px) and (max-width: 380px) and (max-resolution: 1dppx)\" type=\"image\/webp\"\/><source  media=\"(min-width: 0px) and (max-width: 380px) and (max-resolution: 1dppx)\" type=\"image\/jpeg\"\/><source  media=\"(min-width: 0px) and (max-width: 380px) and (-webkit-max-device-pixel-ratio: 1)\" type=\"image\/webp\"\/><source  media=\"(min-width: 0px) and (max-width: 380px) and (-webkit-max-device-pixel-ratio: 1)\" type=\"image\/jpeg\"\/><source  media=\"(min-width: 0px) and (max-width: 380px) and (max-resolution: 3dppx)\" type=\"image\/webp\"\/><source  media=\"(min-width: 0px) and (max-width: 380px) and (max-resolution: 3dppx)\" type=\"image\/jpeg\"\/><source  media=\"(min-width: 0px) and (max-width: 380px) and (-webkit-max-device-pixel-ratio: 3)\" type=\"image\/webp\"\/><source  media=\"(min-width: 0px) and (max-width: 380px) and (-webkit-max-device-pixel-ratio: 3)\" type=\"image\/jpeg\"\/><source  media=\"(min-width: 380px) and (min-resolution: 2dppx)\" type=\"image\/webp\"\/><source  media=\"(min-width: 380px) and (min-resolution: 2dppx)\" type=\"image\/jpeg\"\/><source  media=\"(min-width: 380px) and (-webkit-min-device-pixel-ratio: 2)\" type=\"image\/webp\"\/><source  media=\"(min-width: 380px) and (-webkit-min-device-pixel-ratio: 2)\" type=\"image\/jpeg\"\/><source  type=\"image\/webp\"\/><source  type=\"image\/jpeg\"\/><\/picture><figcaption class=\"css-1hkjxsv\">La photographie de Chuck O&rsquo;Rear est en effet devenue tr\u00e8s c\u00e9l\u00e8bre.  Cr\u00e9dit : Ardoise\/YouTube<\/figcaption><\/figure>\n<div class=\"css-12zje5r\">\n<p>Dans une interview avec People, O&rsquo;Rear a expliqu\u00e9 : \u00ab\u00a0Je porte toujours un appareil photo avec moi, parce qu&rsquo;on ne sait jamais.<\/p>\n<\/div>\n<div class=\"css-12zje5r\">\n<p>\u00ab\u00a0J&rsquo;avais l&rsquo;habitude de m&rsquo;arr\u00eater souvent pour prendre des photos. Je pense que le paysage l\u00e0-bas \u00e9tait si beau.\u00a0\u00bb<\/p>\n<\/div>\n<div class=\"css-12zje5r\">\n<p>La photo en question &#8211; intitul\u00e9e Bliss &#8211; a \u00e9t\u00e9 prise lors d&rsquo;un arr\u00eat au stand alors qu&rsquo;il se rendait \u00e0 sa future \u00e9pouse Daphne Larkin dans le comt\u00e9 de Marin, en Californie, ce qui rend toute l&rsquo;histoire encore plus saine, si vous me le demandez.<\/p>\n<\/div>\n<div class=\"css-12zje5r\">\n<p>Vous n&rsquo;y avez peut-\u00eatre pas pens\u00e9 depuis, mais l&rsquo;image sonnera probablement une cloche pour tous les utilisateurs d&rsquo;ordinateurs Windows.<\/p>\n<\/div>\n<div class=\"css-c2lb2p\">\n<p>C&rsquo;est vrai, l&rsquo;instantan\u00e9 d\u00e9contract\u00e9 d&rsquo;O&rsquo;Rear a ensuite \u00e9t\u00e9 pris par Microsoft apr\u00e8s que le groupe Corbis de Bill Gates a achet\u00e9 l&rsquo;agence de photos Westlight en 1998, la photo devenant l&rsquo;image de bureau par d\u00e9faut embl\u00e9matique sur Windows XP &#8211; une image avec laquelle nous avons tous \u00e9t\u00e9 accueillis apr\u00e8s l&rsquo;\u00e9cole en attendant le chargement de MSN.<\/p>\n<\/div>\n<div class=\"css-12zje5r\">\n<p>Je ne peux pas mentir, j&rsquo;\u00e9tais convaincu que l&rsquo;image \u00e9tait soit g\u00e9n\u00e9r\u00e9e par ordinateur, soit au moins photoshopp\u00e9e, mais \u00e9tonnamment, ce n&rsquo;est pas le cas.<\/p>\n<\/div>\n<figure class=\"css-1ey54xo\"><picture class=\"css-1x72e95\"><source  media=\"(min-width: 0px) and (max-width: 380px) and (max-resolution: 1dppx)\" type=\"image\/webp\"\/><source  media=\"(min-width: 0px) and (max-width: 380px) and (max-resolution: 1dppx)\" type=\"image\/jpeg\"\/><source  media=\"(min-width: 0px) and (max-width: 380px) and (-webkit-max-device-pixel-ratio: 1)\" type=\"image\/webp\"\/><source  media=\"(min-width: 0px) and (max-width: 380px) and (-webkit-max-device-pixel-ratio: 1)\" type=\"image\/jpeg\"\/><source  media=\"(min-width: 0px) and (max-width: 380px) and (max-resolution: 3dppx)\" type=\"image\/webp\"\/><source  media=\"(min-width: 0px) and (max-width: 380px) and (max-resolution: 3dppx)\" type=\"image\/jpeg\"\/><source  media=\"(min-width: 0px) and (max-width: 380px) and (-webkit-max-device-pixel-ratio: 3)\" type=\"image\/webp\"\/><source  media=\"(min-width: 0px) and (max-width: 380px) and (-webkit-max-device-pixel-ratio: 3)\" type=\"image\/jpeg\"\/><source  media=\"(min-width: 380px) and (min-resolution: 2dppx)\" type=\"image\/webp\"\/><source  media=\"(min-width: 380px) and (min-resolution: 2dppx)\" type=\"image\/jpeg\"\/><source  media=\"(min-width: 380px) and (-webkit-min-device-pixel-ratio: 2)\" type=\"image\/webp\"\/><source  media=\"(min-width: 380px) and (-webkit-min-device-pixel-ratio: 2)\" type=\"image\/jpeg\"\/><source  type=\"image\/webp\"\/><source  type=\"image\/jpeg\"\/><img decoding=\"async\" src=\"https:\/\/www.jokeme.fr\/actus\/wp-content\/uploads\/2023\/08\/1691244980_207_Lhomme-qui-a-pris-la-photo-la-plus-vue-de.webp.jpeg\" alt=\"\"Bliss\" de Chuck O'Rear.  Cr\u00e9dit : Microsoft Windows XP\" loading=\"lazy\"\/><\/picture><figcaption class=\"css-1hkjxsv\">\u00ab\u00a0Bliss\u00a0\u00bb de Chuck O&rsquo;Rear.  Cr\u00e9dit : Microsoft Windows XP<\/figcaption><\/figure>\n<div class=\"css-12zje5r\">\n<p>\u00ab\u00a0Quand c&rsquo;est sur film, ce que vous voyez est ce que vous obtenez\u00a0\u00bb, a d\u00e9clar\u00e9 O&rsquo;Rear, expliquant qu&rsquo;il a pris l&rsquo;image \u00e0 l&rsquo;aide d&rsquo;un appareil photo Mamiya RZ67 avec Fuji Film couleur et d&rsquo;un tr\u00e9pied.<\/p>\n<\/div>\n<div class=\"css-12zje5r\">\n<p>\u00ab\u00a0Il n&rsquo;y avait rien d&rsquo;anormal. J&rsquo;utilisais une pellicule qui avait des couleurs plus brillantes, la Fuji Film \u00e0 l&rsquo;\u00e9poque, et les objectifs du RZ67 \u00e9taient tout simplement remarquables.<\/p>\n<\/div>\n<div class=\"css-12zje5r\">\n<p>\u00ab La taille de l&rsquo;appareil photo et de la pellicule a fait la diff\u00e9rence et je pense que la photo de Bliss s&rsquo;est encore plus d\u00e9marqu\u00e9e. Je pense que si je l&rsquo;avais prise en 35 millim\u00e8tres, cela n&rsquo;aurait pas eu \u00e0 peu pr\u00e8s le m\u00eame effet.<\/p>\n<\/div>\n<div class=\"css-12zje5r\">\n<p>Bien s\u00fbr, avec un acheteur aussi important que Microsoft, vous vous attendriez \u00e0 une belle somme en retour &#8211; et c&rsquo;est certainement ce que O&rsquo;Rear a mis en sac.<\/p>\n<\/div>\n<div class=\"css-c2lb2p\">\n<p>Le chiffre exact est inconnu, mais ce que nous savons, c&rsquo;est que Bliss a \u00e9t\u00e9 achet\u00e9 par le g\u00e9ant de la technologie pour une somme \u00ab\u00a0faible \u00e0 six chiffres\u00a0\u00bb de plus de 100 000 dollars.<\/p>\n<\/div>\n<div class=\"css-12zje5r\">\n<p>Cependant, la transaction n&rsquo;a pas \u00e9t\u00e9 tout \u00e0 fait simple.<\/p>\n<\/div>\n<div class=\"css-c2lb2p\">\n<p>O&rsquo;Rear a re\u00e7u une somme si \u00e9lev\u00e9e pour l&rsquo;image que FedEx \u00ab\u00a0n&rsquo;y toucherait pas\u00a0\u00bb en raison de la lourdeur de l&rsquo;assurance.  Cela signifiait que O&rsquo;Rear devait sauter dans un avion et remettre en personne le clich\u00e9 original au bureau de Microsoft \u00e0 Seattle.<\/p>\n<\/div>\n<figure class=\"css-1ey54xo\"><picture class=\"css-1x72e95\"><source  media=\"(min-width: 0px) and (max-width: 380px) and (max-resolution: 1dppx)\" type=\"image\/webp\"\/><source  media=\"(min-width: 0px) and (max-width: 380px) and (max-resolution: 1dppx)\" type=\"image\/jpeg\"\/><source  media=\"(min-width: 0px) and (max-width: 380px) and (-webkit-max-device-pixel-ratio: 1)\" type=\"image\/webp\"\/><source  media=\"(min-width: 0px) and (max-width: 380px) and (-webkit-max-device-pixel-ratio: 1)\" type=\"image\/jpeg\"\/><source  media=\"(min-width: 0px) and (max-width: 380px) and (max-resolution: 3dppx)\" type=\"image\/webp\"\/><source  media=\"(min-width: 0px) and (max-width: 380px) and (max-resolution: 3dppx)\" type=\"image\/jpeg\"\/><source  media=\"(min-width: 0px) and (max-width: 380px) and (-webkit-max-device-pixel-ratio: 3)\" type=\"image\/webp\"\/><source  media=\"(min-width: 0px) and (max-width: 380px) and (-webkit-max-device-pixel-ratio: 3)\" type=\"image\/jpeg\"\/><source  media=\"(min-width: 380px) and (min-resolution: 2dppx)\" type=\"image\/webp\"\/><source  media=\"(min-width: 380px) and (min-resolution: 2dppx)\" type=\"image\/jpeg\"\/><source  media=\"(min-width: 380px) and (-webkit-min-device-pixel-ratio: 2)\" type=\"image\/webp\"\/><source  media=\"(min-width: 380px) and (-webkit-min-device-pixel-ratio: 2)\" type=\"image\/jpeg\"\/><source  type=\"image\/webp\"\/><source  type=\"image\/jpeg\"\/><img decoding=\"async\" src=\"https:\/\/www.jokeme.fr\/actus\/wp-content\/uploads\/2023\/08\/Lhomme-qui-a-pris-la-photo-la-plus-vue-de.png\" alt=\"O'Rear a pass\u00e9 25 ans comme photographe chez National Geographic.  Cr\u00e9dit : Lufthansa\/YouTube\" loading=\"lazy\"\/><\/picture><figcaption class=\"css-1hkjxsv\">O&rsquo;Rear a pass\u00e9 25 ans comme photographe chez National Geographic.  Cr\u00e9dit : Lufthansa\/YouTube<\/figcaption><\/figure>\n<div class=\"css-12zje5r\">\n<p>Bien que cela en valait la peine pour le ch\u00e8que de paie et le trajet en avion gratuit, O&rsquo;Rear a fini par \u00eatre pay\u00e9 plus qu&rsquo;un autre photographe dont l&rsquo;image a \u00e9galement fini par \u00eatre utilis\u00e9e par Microsoft.<\/p>\n<\/div>\n<div class=\"css-12zje5r\">\n<p>Peter Burin a re\u00e7u une r\u00e9duction de 45 $ en comparaison pour le papier peint &lsquo;Autumn&rsquo;.  Tu dois l&rsquo;admettre, tu serais assez vid\u00e9, n&rsquo;est-ce pas ?<\/p>\n<\/div>\n<div class=\"css-12zje5r\">\n<p>Quoi qu&rsquo;il en soit, alors que O&rsquo;Rear a pass\u00e9 plus de deux d\u00e9cennies en tant que photographe chez National Geographic, il ne fait aucun doute que Bliss est l&rsquo;image la plus c\u00e9l\u00e8bre qu&rsquo;il ait captur\u00e9e &#8211; et elle le suit encore \u00e0 ce jour.<\/p>\n<\/div>\n<div class=\"css-12zje5r\">\n<p>\u00ab\u00a0Je re\u00e7ois des e-mails peut-\u00eatre toutes les semaines ou toutes les deux semaines, quelque chose li\u00e9 \u00e0 la photo\u00a0\u00bb Bliss \u00ab\u00a0\u00a0\u00bb, a-t-il d\u00e9clar\u00e9.<\/p>\n<\/div>\n<div class=\"css-12zje5r\">\n<p>\u00ab\u00a0L&rsquo;image est partout comme nous le savons tous. [&#8230;] L&rsquo;image, peu importe o\u00f9 nous avons \u00e9t\u00e9 dans le monde &#8211; Inde, Tha\u00eflande, Gr\u00e8ce &#8211; cette image est toujours l\u00e0, soit sur un vieil ordinateur dans un h\u00f4tel haut de gamme qui n&rsquo;a pas \u00e9t\u00e9 mis \u00e0 jour depuis 30 ans dans le hall o\u00f9 les gens sont vous enregistrer sur, ou, nous avons vu cette image sur les panneaux d&rsquo;affichage, les avions, dans les a\u00e9roports.<\/p>\n<\/div>\n<div class=\"css-12zje5r\">\n<p>\u00ab\u00a0J&rsquo;ai une th\u00e9orie selon laquelle n&rsquo;importe qui maintenant \u00e0 partir de 15 ans pour le reste de sa vie se souviendra de cette photo.\u00a0\u00bb<\/p>\n<\/div>\n<\/div>\n","protected":false},"excerpt":{"rendered":"<p>L&rsquo;homme \u00e0 l&rsquo;origine de la \u00ab\u00a0photo la plus vue au monde\u00a0\u00bb a parl\u00e9 des longueurs stup\u00e9fiantes qu&rsquo;il a d\u00fb parcourir pour la livrer apr\u00e8s qu&rsquo;elle ait atterri sur les genoux d&rsquo;un acheteur tr\u00e8s c\u00e9l\u00e8bre. Il ne fait aucun doute que vous avez vu la tristement c\u00e9l\u00e8bre image de Chuck O&rsquo;Rear, 81 ans, prise en 1996 &#8230; <a title=\"L&rsquo;homme qui a pris \u00ab\u00a0la photo la plus vue de tous les temps\u00a0\u00bb a \u00e9t\u00e9 tellement pay\u00e9 que l&rsquo;image a d\u00fb \u00eatre remise en main propre\" class=\"read-more\" href=\"https:\/\/www.jokeme.fr\/actus\/lhomme-qui-a-pris-la-photo-la-plus-vue-de-tous-les-temps-a-ete-tellement-paye-que-limage-a-du-etre-remise-en-main-propre\/\" aria-label=\"Plus sur L&rsquo;homme qui a pris \u00ab\u00a0la photo la plus vue de tous les temps\u00a0\u00bb a \u00e9t\u00e9 tellement pay\u00e9 que l&rsquo;image a d\u00fb \u00eatre remise en main propre\">Lire plus<\/a><\/p>\n","protected":false},"author":1,"featured_media":647,"comment_status":"closed","ping_status":"open","sticky":false,"template":"","format":"standard","meta":{"footnotes":""},"categories":[1],"tags":[156,352,346,66,108,1415,1417,862,381,1104,1418,293,1416,1414,401,400,1413],"yoast_head":"<!-- This site is optimized with the Yoast SEO plugin v20.8 - https:\/\/yoast.com\/wordpress\/plugins\/seo\/ -->\n<title>L&#039;homme qui a pris &quot;la photo la plus vue de tous les temps&quot; a \u00e9t\u00e9 tellement pay\u00e9 que l&#039;image a d\u00fb \u00eatre remise en main propre - Actualit\u00e9s - Joke Me<\/title>\n<meta name=\"robots\" content=\"index, follow, max-snippet:-1, max-image-preview:large, max-video-preview:-1\" \/>\n<link rel=\"canonical\" href=\"https:\/\/www.jokeme.fr\/actus\/lhomme-qui-a-pris-la-photo-la-plus-vue-de-tous-les-temps-a-ete-tellement-paye-que-limage-a-du-etre-remise-en-main-propre\/\" \/>\n<meta property=\"og:locale\" content=\"fr_FR\" \/>\n<meta property=\"og:type\" content=\"article\" \/>\n<meta property=\"og:title\" content=\"L&#039;homme qui a pris &quot;la photo la plus vue de tous les temps&quot; a \u00e9t\u00e9 tellement pay\u00e9 que l&#039;image a d\u00fb \u00eatre remise en main propre - Actualit\u00e9s - Joke Me\" \/>\n<meta property=\"og:description\" content=\"L&rsquo;homme \u00e0 l&rsquo;origine de la \u00ab\u00a0photo la plus vue au monde\u00a0\u00bb a parl\u00e9 des longueurs stup\u00e9fiantes qu&rsquo;il a d\u00fb parcourir pour la livrer apr\u00e8s qu&rsquo;elle ait atterri sur les genoux d&rsquo;un acheteur tr\u00e8s c\u00e9l\u00e8bre. Il ne fait aucun doute que vous avez vu la tristement c\u00e9l\u00e8bre image de Chuck O&rsquo;Rear, 81 ans, prise en 1996 ... Lire plus\" \/>\n<meta property=\"og:url\" content=\"https:\/\/www.jokeme.fr\/actus\/lhomme-qui-a-pris-la-photo-la-plus-vue-de-tous-les-temps-a-ete-tellement-paye-que-limage-a-du-etre-remise-en-main-propre\/\" \/>\n<meta property=\"og:site_name\" content=\"Actualit\u00e9s - Joke Me\" \/>\n<meta property=\"article:published_time\" content=\"2023-08-05T14:16:20+00:00\" \/>\n<meta property=\"article:modified_time\" content=\"2023-08-05T14:16:22+00:00\" \/>\n<meta property=\"og:image\" content=\"https:\/\/www.jokeme.fr\/actus\/wp-content\/uploads\/2023\/08\/1691244981_Lhomme-qui-a-pris-la-photo-la-plus-vue-de.png\" \/>\n\t<meta property=\"og:image:width\" content=\"849\" \/>\n\t<meta property=\"og:image:height\" content=\"477\" \/>\n\t<meta property=\"og:image:type\" content=\"image\/png\" \/>\n<meta name=\"author\" content=\"Didier\" \/>\n<meta name=\"twitter:card\" content=\"summary_large_image\" \/>\n<meta name=\"twitter:label1\" content=\"\u00c9crit par\" \/>\n\t<meta name=\"twitter:data1\" content=\"Didier\" \/>\n\t<meta name=\"twitter:label2\" content=\"Dur\u00e9e de lecture estim\u00e9e\" \/>\n\t<meta name=\"twitter:data2\" content=\"4 minutes\" \/>\n<script type=\"application\/ld+json\" class=\"yoast-schema-graph\">{\"@context\":\"https:\/\/schema.org\",\"@graph\":[{\"@type\":\"Article\",\"@id\":\"https:\/\/www.jokeme.fr\/actus\/lhomme-qui-a-pris-la-photo-la-plus-vue-de-tous-les-temps-a-ete-tellement-paye-que-limage-a-du-etre-remise-en-main-propre\/#article\",\"isPartOf\":{\"@id\":\"https:\/\/www.jokeme.fr\/actus\/lhomme-qui-a-pris-la-photo-la-plus-vue-de-tous-les-temps-a-ete-tellement-paye-que-limage-a-du-etre-remise-en-main-propre\/\"},\"author\":{\"name\":\"Didier\",\"@id\":\"https:\/\/www.jokeme.fr\/actus\/#\/schema\/person\/f0c6ad0d33ca144389e81e45a212928f\"},\"headline\":\"L&rsquo;homme qui a pris \u00ab\u00a0la photo la plus vue de tous les temps\u00a0\u00bb a \u00e9t\u00e9 tellement pay\u00e9 que l&rsquo;image a d\u00fb \u00eatre remise en main propre\",\"datePublished\":\"2023-08-05T14:16:20+00:00\",\"dateModified\":\"2023-08-05T14:16:22+00:00\",\"mainEntityOfPage\":{\"@id\":\"https:\/\/www.jokeme.fr\/actus\/lhomme-qui-a-pris-la-photo-la-plus-vue-de-tous-les-temps-a-ete-tellement-paye-que-limage-a-du-etre-remise-en-main-propre\/\"},\"wordCount\":828,\"publisher\":{\"@id\":\"https:\/\/www.jokeme.fr\/actus\/#organization\"},\"keywords\":[\"d\u00fb\",\"\u00e9t\u00e9\",\"\u00eatre\",\"les\",\"lhomme\",\"limage\",\"main\",\"pay\u00e9\",\"photo\",\"pris\",\"propre\",\"qui\",\"remise\",\"tellement\",\"temps\",\"tous\",\"vue\"],\"inLanguage\":\"fr-FR\"},{\"@type\":\"WebPage\",\"@id\":\"https:\/\/www.jokeme.fr\/actus\/lhomme-qui-a-pris-la-photo-la-plus-vue-de-tous-les-temps-a-ete-tellement-paye-que-limage-a-du-etre-remise-en-main-propre\/\",\"url\":\"https:\/\/www.jokeme.fr\/actus\/lhomme-qui-a-pris-la-photo-la-plus-vue-de-tous-les-temps-a-ete-tellement-paye-que-limage-a-du-etre-remise-en-main-propre\/\",\"name\":\"L'homme qui a pris \\\"la photo la plus vue de tous les temps\\\" a \u00e9t\u00e9 tellement pay\u00e9 que l'image a d\u00fb \u00eatre remise en main propre - Actualit\u00e9s - Joke Me\",\"isPartOf\":{\"@id\":\"https:\/\/www.jokeme.fr\/actus\/#website\"},\"datePublished\":\"2023-08-05T14:16:20+00:00\",\"dateModified\":\"2023-08-05T14:16:22+00:00\",\"breadcrumb\":{\"@id\":\"https:\/\/www.jokeme.fr\/actus\/lhomme-qui-a-pris-la-photo-la-plus-vue-de-tous-les-temps-a-ete-tellement-paye-que-limage-a-du-etre-remise-en-main-propre\/#breadcrumb\"},\"inLanguage\":\"fr-FR\",\"potentialAction\":[{\"@type\":\"ReadAction\",\"target\":[\"https:\/\/www.jokeme.fr\/actus\/lhomme-qui-a-pris-la-photo-la-plus-vue-de-tous-les-temps-a-ete-tellement-paye-que-limage-a-du-etre-remise-en-main-propre\/\"]}]},{\"@type\":\"BreadcrumbList\",\"@id\":\"https:\/\/www.jokeme.fr\/actus\/lhomme-qui-a-pris-la-photo-la-plus-vue-de-tous-les-temps-a-ete-tellement-paye-que-limage-a-du-etre-remise-en-main-propre\/#breadcrumb\",\"itemListElement\":[{\"@type\":\"ListItem\",\"position\":1,\"name\":\"Accueil\",\"item\":\"https:\/\/www.jokeme.fr\/actus\/\"},{\"@type\":\"ListItem\",\"position\":2,\"name\":\"L&rsquo;homme qui a pris \u00ab\u00a0la photo la plus vue de tous les temps\u00a0\u00bb a \u00e9t\u00e9 tellement pay\u00e9 que l&rsquo;image a d\u00fb \u00eatre remise en main propre\"}]},{\"@type\":\"WebSite\",\"@id\":\"https:\/\/www.jokeme.fr\/actus\/#website\",\"url\":\"https:\/\/www.jokeme.fr\/actus\/\",\"name\":\"Actualit\u00e9s - Joke Me\",\"description\":\"L&#039;actualit\u00e9 du rire\",\"publisher\":{\"@id\":\"https:\/\/www.jokeme.fr\/actus\/#organization\"},\"potentialAction\":[{\"@type\":\"SearchAction\",\"target\":{\"@type\":\"EntryPoint\",\"urlTemplate\":\"https:\/\/www.jokeme.fr\/actus\/?s={search_term_string}\"},\"query-input\":\"required name=search_term_string\"}],\"inLanguage\":\"fr-FR\"},{\"@type\":\"Organization\",\"@id\":\"https:\/\/www.jokeme.fr\/actus\/#organization\",\"name\":\"Actualit\u00e9s - Joke Me\",\"url\":\"https:\/\/www.jokeme.fr\/actus\/\",\"logo\":{\"@type\":\"ImageObject\",\"inLanguage\":\"fr-FR\",\"@id\":\"https:\/\/www.jokeme.fr\/actus\/#\/schema\/logo\/image\/\",\"url\":\"https:\/\/www.jokeme.fr\/actus\/wp-content\/uploads\/2023\/06\/cropped-Logo-Joke-Me.png\",\"contentUrl\":\"https:\/\/www.jokeme.fr\/actus\/wp-content\/uploads\/2023\/06\/cropped-Logo-Joke-Me.png\",\"width\":499,\"height\":363,\"caption\":\"Actualit\u00e9s - Joke Me\"},\"image\":{\"@id\":\"https:\/\/www.jokeme.fr\/actus\/#\/schema\/logo\/image\/\"}},{\"@type\":\"Person\",\"@id\":\"https:\/\/www.jokeme.fr\/actus\/#\/schema\/person\/f0c6ad0d33ca144389e81e45a212928f\",\"name\":\"Didier\",\"image\":{\"@type\":\"ImageObject\",\"inLanguage\":\"fr-FR\",\"@id\":\"https:\/\/www.jokeme.fr\/actus\/#\/schema\/person\/image\/\",\"url\":\"https:\/\/www.jokeme.fr\/actus\/wp-content\/uploads\/2024\/03\/jokeme-didier.jpg\",\"contentUrl\":\"https:\/\/www.jokeme.fr\/actus\/wp-content\/uploads\/2024\/03\/jokeme-didier.jpg\",\"caption\":\"Didier\"},\"description\":\"Didier, passionn\u00e9 de cin\u00e9ma, est un r\u00e9dacteur pour le m\u00e9dia Jokeme, o\u00f9 il partage sa passion \u00e0 travers des articles divertissants et informatifs. Ayant \u00e9tudi\u00e9 le journalisme, il allie sa formation \u00e0 sa passion pour offrir un contenu de qualit\u00e9 sur le monde du cin\u00e9ma.\",\"sameAs\":[\"https:\/\/www.jokeme.fr\/actus\"]}]}<\/script>\n<!-- \/ Yoast SEO plugin. -->","yoast_head_json":{"title":"L'homme qui a pris \"la photo la plus vue de tous les temps\" a \u00e9t\u00e9 tellement pay\u00e9 que l'image a d\u00fb \u00eatre remise en main propre - Actualit\u00e9s - Joke Me","robots":{"index":"index","follow":"follow","max-snippet":"max-snippet:-1","max-image-preview":"max-image-preview:large","max-video-preview":"max-video-preview:-1"},"canonical":"https:\/\/www.jokeme.fr\/actus\/lhomme-qui-a-pris-la-photo-la-plus-vue-de-tous-les-temps-a-ete-tellement-paye-que-limage-a-du-etre-remise-en-main-propre\/","og_locale":"fr_FR","og_type":"article","og_title":"L'homme qui a pris \"la photo la plus vue de tous les temps\" a \u00e9t\u00e9 tellement pay\u00e9 que l'image a d\u00fb \u00eatre remise en main propre - Actualit\u00e9s - Joke Me","og_description":"L&rsquo;homme \u00e0 l&rsquo;origine de la \u00ab\u00a0photo la plus vue au monde\u00a0\u00bb a parl\u00e9 des longueurs stup\u00e9fiantes qu&rsquo;il a d\u00fb parcourir pour la livrer apr\u00e8s qu&rsquo;elle ait atterri sur les genoux d&rsquo;un acheteur tr\u00e8s c\u00e9l\u00e8bre. Il ne fait aucun doute que vous avez vu la tristement c\u00e9l\u00e8bre image de Chuck O&rsquo;Rear, 81 ans, prise en 1996 ... Lire plus","og_url":"https:\/\/www.jokeme.fr\/actus\/lhomme-qui-a-pris-la-photo-la-plus-vue-de-tous-les-temps-a-ete-tellement-paye-que-limage-a-du-etre-remise-en-main-propre\/","og_site_name":"Actualit\u00e9s - Joke Me","article_published_time":"2023-08-05T14:16:20+00:00","article_modified_time":"2023-08-05T14:16:22+00:00","og_image":[{"width":849,"height":477,"url":"https:\/\/www.jokeme.fr\/actus\/wp-content\/uploads\/2023\/08\/1691244981_Lhomme-qui-a-pris-la-photo-la-plus-vue-de.png","type":"image\/png"}],"author":"Didier","twitter_card":"summary_large_image","twitter_misc":{"\u00c9crit par":"Didier","Dur\u00e9e de lecture estim\u00e9e":"4 minutes"},"schema":{"@context":"https:\/\/schema.org","@graph":[{"@type":"Article","@id":"https:\/\/www.jokeme.fr\/actus\/lhomme-qui-a-pris-la-photo-la-plus-vue-de-tous-les-temps-a-ete-tellement-paye-que-limage-a-du-etre-remise-en-main-propre\/#article","isPartOf":{"@id":"https:\/\/www.jokeme.fr\/actus\/lhomme-qui-a-pris-la-photo-la-plus-vue-de-tous-les-temps-a-ete-tellement-paye-que-limage-a-du-etre-remise-en-main-propre\/"},"author":{"name":"Didier","@id":"https:\/\/www.jokeme.fr\/actus\/#\/schema\/person\/f0c6ad0d33ca144389e81e45a212928f"},"headline":"L&rsquo;homme qui a pris \u00ab\u00a0la photo la plus vue de tous les temps\u00a0\u00bb a \u00e9t\u00e9 tellement pay\u00e9 que l&rsquo;image a d\u00fb \u00eatre remise en main propre","datePublished":"2023-08-05T14:16:20+00:00","dateModified":"2023-08-05T14:16:22+00:00","mainEntityOfPage":{"@id":"https:\/\/www.jokeme.fr\/actus\/lhomme-qui-a-pris-la-photo-la-plus-vue-de-tous-les-temps-a-ete-tellement-paye-que-limage-a-du-etre-remise-en-main-propre\/"},"wordCount":828,"publisher":{"@id":"https:\/\/www.jokeme.fr\/actus\/#organization"},"keywords":["d\u00fb","\u00e9t\u00e9","\u00eatre","les","lhomme","limage","main","pay\u00e9","photo","pris","propre","qui","remise","tellement","temps","tous","vue"],"inLanguage":"fr-FR"},{"@type":"WebPage","@id":"https:\/\/www.jokeme.fr\/actus\/lhomme-qui-a-pris-la-photo-la-plus-vue-de-tous-les-temps-a-ete-tellement-paye-que-limage-a-du-etre-remise-en-main-propre\/","url":"https:\/\/www.jokeme.fr\/actus\/lhomme-qui-a-pris-la-photo-la-plus-vue-de-tous-les-temps-a-ete-tellement-paye-que-limage-a-du-etre-remise-en-main-propre\/","name":"L'homme qui a pris \"la photo la plus vue de tous les temps\" a \u00e9t\u00e9 tellement pay\u00e9 que l'image a d\u00fb \u00eatre remise en main propre - Actualit\u00e9s - Joke Me","isPartOf":{"@id":"https:\/\/www.jokeme.fr\/actus\/#website"},"datePublished":"2023-08-05T14:16:20+00:00","dateModified":"2023-08-05T14:16:22+00:00","breadcrumb":{"@id":"https:\/\/www.jokeme.fr\/actus\/lhomme-qui-a-pris-la-photo-la-plus-vue-de-tous-les-temps-a-ete-tellement-paye-que-limage-a-du-etre-remise-en-main-propre\/#breadcrumb"},"inLanguage":"fr-FR","potentialAction":[{"@type":"ReadAction","target":["https:\/\/www.jokeme.fr\/actus\/lhomme-qui-a-pris-la-photo-la-plus-vue-de-tous-les-temps-a-ete-tellement-paye-que-limage-a-du-etre-remise-en-main-propre\/"]}]},{"@type":"BreadcrumbList","@id":"https:\/\/www.jokeme.fr\/actus\/lhomme-qui-a-pris-la-photo-la-plus-vue-de-tous-les-temps-a-ete-tellement-paye-que-limage-a-du-etre-remise-en-main-propre\/#breadcrumb","itemListElement":[{"@type":"ListItem","position":1,"name":"Accueil","item":"https:\/\/www.jokeme.fr\/actus\/"},{"@type":"ListItem","position":2,"name":"L&rsquo;homme qui a pris \u00ab\u00a0la photo la plus vue de tous les temps\u00a0\u00bb a \u00e9t\u00e9 tellement pay\u00e9 que l&rsquo;image a d\u00fb \u00eatre remise en main propre"}]},{"@type":"WebSite","@id":"https:\/\/www.jokeme.fr\/actus\/#website","url":"https:\/\/www.jokeme.fr\/actus\/","name":"Actualit\u00e9s - Joke Me","description":"L&#039;actualit\u00e9 du rire","publisher":{"@id":"https:\/\/www.jokeme.fr\/actus\/#organization"},"potentialAction":[{"@type":"SearchAction","target":{"@type":"EntryPoint","urlTemplate":"https:\/\/www.jokeme.fr\/actus\/?s={search_term_string}"},"query-input":"required name=search_term_string"}],"inLanguage":"fr-FR"},{"@type":"Organization","@id":"https:\/\/www.jokeme.fr\/actus\/#organization","name":"Actualit\u00e9s - Joke Me","url":"https:\/\/www.jokeme.fr\/actus\/","logo":{"@type":"ImageObject","inLanguage":"fr-FR","@id":"https:\/\/www.jokeme.fr\/actus\/#\/schema\/logo\/image\/","url":"https:\/\/www.jokeme.fr\/actus\/wp-content\/uploads\/2023\/06\/cropped-Logo-Joke-Me.png","contentUrl":"https:\/\/www.jokeme.fr\/actus\/wp-content\/uploads\/2023\/06\/cropped-Logo-Joke-Me.png","width":499,"height":363,"caption":"Actualit\u00e9s - Joke Me"},"image":{"@id":"https:\/\/www.jokeme.fr\/actus\/#\/schema\/logo\/image\/"}},{"@type":"Person","@id":"https:\/\/www.jokeme.fr\/actus\/#\/schema\/person\/f0c6ad0d33ca144389e81e45a212928f","name":"Didier","image":{"@type":"ImageObject","inLanguage":"fr-FR","@id":"https:\/\/www.jokeme.fr\/actus\/#\/schema\/person\/image\/","url":"https:\/\/www.jokeme.fr\/actus\/wp-content\/uploads\/2024\/03\/jokeme-didier.jpg","contentUrl":"https:\/\/www.jokeme.fr\/actus\/wp-content\/uploads\/2024\/03\/jokeme-didier.jpg","caption":"Didier"},"description":"Didier, passionn\u00e9 de cin\u00e9ma, est un r\u00e9dacteur pour le m\u00e9dia Jokeme, o\u00f9 il partage sa passion \u00e0 travers des articles divertissants et informatifs. Ayant \u00e9tudi\u00e9 le journalisme, il allie sa formation \u00e0 sa passion pour offrir un contenu de qualit\u00e9 sur le monde du cin\u00e9ma.","sameAs":["https:\/\/www.jokeme.fr\/actus"]}]}},"_links":{"self":[{"href":"https:\/\/www.jokeme.fr\/actus\/wp-json\/wp\/v2\/posts\/646"}],"collection":[{"href":"https:\/\/www.jokeme.fr\/actus\/wp-json\/wp\/v2\/posts"}],"about":[{"href":"https:\/\/www.jokeme.fr\/actus\/wp-json\/wp\/v2\/types\/post"}],"author":[{"embeddable":true,"href":"https:\/\/www.jokeme.fr\/actus\/wp-json\/wp\/v2\/users\/1"}],"replies":[{"embeddable":true,"href":"https:\/\/www.jokeme.fr\/actus\/wp-json\/wp\/v2\/comments?post=646"}],"version-history":[{"count":1,"href":"https:\/\/www.jokeme.fr\/actus\/wp-json\/wp\/v2\/posts\/646\/revisions"}],"predecessor-version":[{"id":648,"href":"https:\/\/www.jokeme.fr\/actus\/wp-json\/wp\/v2\/posts\/646\/revisions\/648"}],"wp:featuredmedia":[{"embeddable":true,"href":"https:\/\/www.jokeme.fr\/actus\/wp-json\/wp\/v2\/media\/647"}],"wp:attachment":[{"href":"https:\/\/www.jokeme.fr\/actus\/wp-json\/wp\/v2\/media?parent=646"}],"wp:term":[{"taxonomy":"category","embeddable":true,"href":"https:\/\/www.jokeme.fr\/actus\/wp-json\/wp\/v2\/categories?post=646"},{"taxonomy":"post_tag","embeddable":true,"href":"https:\/\/www.jokeme.fr\/actus\/wp-json\/wp\/v2\/tags?post=646"}],"curies":[{"name":"wp","href":"https:\/\/api.w.org\/{rel}","templated":true}]}}