{"id":69,"date":"2023-06-05T19:02:18","date_gmt":"2023-06-05T17:02:18","guid":{"rendered":"https:\/\/www.jokeme.fr\/actus\/les-fans-de-bgt-se-sont-sentis-malades-a-cause-dactes-degoutants-alors-que-la-foule-huait-pendant-la-demi-finale-en-direct\/"},"modified":"2023-06-05T19:02:19","modified_gmt":"2023-06-05T17:02:19","slug":"les-fans-de-bgt-se-sont-sentis-malades-a-cause-dactes-degoutants-alors-que-la-foule-huait-pendant-la-demi-finale-en-direct","status":"publish","type":"post","link":"https:\/\/www.jokeme.fr\/actus\/les-fans-de-bgt-se-sont-sentis-malades-a-cause-dactes-degoutants-alors-que-la-foule-huait-pendant-la-demi-finale-en-direct\/","title":{"rendered":"Les fans de BGT \u00ab\u00a0se sont sentis malades\u00a0\u00bb \u00e0 cause d&rsquo;actes \u00ab\u00a0d\u00e9go\u00fbtants\u00a0\u00bb alors que la foule huait pendant la demi-finale en direct"},"content":{"rendered":"<div>\n<div class=\"css-12zje5r\">\n<p><em>L&rsquo;Angleterre a un incroyable talent <\/em>les fans r\u00e9v\u00e8lent qu&rsquo;ils se sont \u00ab sentis malades \u00bb \u00e0 cause d&rsquo;un acte \u00ab d\u00e9go\u00fbtant \u00bb alors que la foule huait un concurrent lors de la demi-finale en direct.<\/p>\n<\/div>\n<div class=\"css-c2lb2p\">\n<p>L&rsquo;\u00e9mission de vari\u00e9t\u00e9s bien-aim\u00e9e d&rsquo;ITV est revenue sur nos \u00e9crans hier soir (29 mai) pour la demi-finale tant attendue, mais le public a \u00e9t\u00e9 compl\u00e8tement choqu\u00e9 par la performance piquante du com\u00e9dien Ichikawa Koikuchi.<\/p>\n<\/div>\n<div class=\"css-12zje5r\">\n<p>Disons que les gens \u00e9taient loin d&rsquo;\u00eatre gaz\u00e9s de voir sa performance&#8230;<\/p>\n<\/div>\n<figure class=\"css-1ey54xo\"><picture class=\"css-1x72e95\"><source  media=\"(min-width: 0px) and (max-width: 380px) and (max-resolution: 1dppx)\" type=\"image\/webp\"\/><source  media=\"(min-width: 0px) and (max-width: 380px) and (max-resolution: 1dppx)\" type=\"image\/jpeg\"\/><source  media=\"(min-width: 0px) and (max-width: 380px) and (-webkit-max-device-pixel-ratio: 1)\" type=\"image\/webp\"\/><source  media=\"(min-width: 0px) and (max-width: 380px) and (-webkit-max-device-pixel-ratio: 1)\" type=\"image\/jpeg\"\/><source  media=\"(min-width: 0px) and (max-width: 380px) and (max-resolution: 3dppx)\" type=\"image\/webp\"\/><source  media=\"(min-width: 0px) and (max-width: 380px) and (max-resolution: 3dppx)\" type=\"image\/jpeg\"\/><source  media=\"(min-width: 0px) and (max-width: 380px) and (-webkit-max-device-pixel-ratio: 3)\" type=\"image\/webp\"\/><source  media=\"(min-width: 0px) and (max-width: 380px) and (-webkit-max-device-pixel-ratio: 3)\" type=\"image\/jpeg\"\/><source  media=\"(min-width: 380px) and (min-resolution: 2dppx)\" type=\"image\/webp\"\/><source  media=\"(min-width: 380px) and (min-resolution: 2dppx)\" type=\"image\/jpeg\"\/><source  media=\"(min-width: 380px) and (-webkit-min-device-pixel-ratio: 2)\" type=\"image\/webp\"\/><source  media=\"(min-width: 380px) and (-webkit-min-device-pixel-ratio: 2)\" type=\"image\/jpeg\"\/><source  type=\"image\/webp\"\/><source  type=\"image\/jpeg\"\/><\/picture><figcaption class=\"css-1hkjxsv\">Les gens ont \u00e9t\u00e9 totalement choqu\u00e9s par l&rsquo;acte de com\u00e9die \u00ab\u00a0d\u00e9go\u00fbtant\u00a0\u00bb.  1 cr\u00e9dit<\/figcaption><\/figure>\n<div class=\"css-c2lb2p\">\n<p>L&rsquo;humoriste s&rsquo;est rendu au <em>BGT<\/em> \u00e9tape hier soir dans l&rsquo;espoir de gagner la foule et de gagner une place en tant que finaliste, mais c&rsquo;\u00e9tait la chose la plus \u00e9loign\u00e9e du cas.<\/p>\n<\/div>\n<div class=\"css-12zje5r\">\n<p>L&rsquo;acte en question a vu Ichikawa s&rsquo;asseoir sur une table devant un public bond\u00e9 avant de commencer \u00e0 ajuster et \u00e0 jouer avec son pantalon.<\/p>\n<\/div>\n<div class=\"css-12zje5r\">\n<p>Ne prenant pas le temps de se mettre litt\u00e9ralement au travail, Ichikawa positionne son arri\u00e8re-train vers un microphone et commence \u00e0 l\u00e2cher toute une s\u00e9rie de pets.<\/p>\n<\/div>\n<div class=\"css-c2lb2p\">\n<p>Alors que la foule rit un peu au d\u00e9but, les choses prennent rapidement une tournure pour eux \u2013 ainsi que pour les juges et Ant et Dec \u2013 qui commencent clairement \u00e0 se sentir visiblement mal \u00e0 l&rsquo;aise et carr\u00e9ment repouss\u00e9s par toute l&rsquo;\u00e9preuve.<\/p>\n<\/div>\n<figure class=\"css-1ey54xo\"><picture class=\"css-1x72e95\"><source  media=\"(min-width: 0px) and (max-width: 380px) and (max-resolution: 1dppx)\" type=\"image\/webp\"\/><source  media=\"(min-width: 0px) and (max-width: 380px) and (max-resolution: 1dppx)\" type=\"image\/jpeg\"\/><source  media=\"(min-width: 0px) and (max-width: 380px) and (-webkit-max-device-pixel-ratio: 1)\" type=\"image\/webp\"\/><source  media=\"(min-width: 0px) and (max-width: 380px) and (-webkit-max-device-pixel-ratio: 1)\" type=\"image\/jpeg\"\/><source  media=\"(min-width: 0px) and (max-width: 380px) and (max-resolution: 3dppx)\" type=\"image\/webp\"\/><source  media=\"(min-width: 0px) and (max-width: 380px) and (max-resolution: 3dppx)\" type=\"image\/jpeg\"\/><source  media=\"(min-width: 0px) and (max-width: 380px) and (-webkit-max-device-pixel-ratio: 3)\" type=\"image\/webp\"\/><source  media=\"(min-width: 0px) and (max-width: 380px) and (-webkit-max-device-pixel-ratio: 3)\" type=\"image\/jpeg\"\/><source  media=\"(min-width: 380px) and (min-resolution: 2dppx)\" type=\"image\/webp\"\/><source  media=\"(min-width: 380px) and (min-resolution: 2dppx)\" type=\"image\/jpeg\"\/><source  media=\"(min-width: 380px) and (-webkit-min-device-pixel-ratio: 2)\" type=\"image\/webp\"\/><source  media=\"(min-width: 380px) and (-webkit-min-device-pixel-ratio: 2)\" type=\"image\/jpeg\"\/><source  type=\"image\/webp\"\/><source  type=\"image\/jpeg\"\/><img decoding=\"async\" src=\"https:\/\/www.jokeme.fr\/actus\/wp-content\/uploads\/2023\/06\/Les-fans-de-BGT-se-sont-sentis-malades-a-cause.png\" alt=\"Le com\u00e9dien a interpr\u00e9t\u00e9 une interpr\u00e9tation extr\u00eamement unique de Canon en D. Cr\u00e9dit\u00a0: ITV\" loading=\"lazy\"\/><\/picture><figcaption class=\"css-1hkjxsv\">Le com\u00e9dien a interpr\u00e9t\u00e9 une interpr\u00e9tation extr\u00eamement unique de Canon en D. Cr\u00e9dit\u00a0: ITV<\/figcaption><\/figure>\n<div class=\"css-12zje5r\">\n<p>Puis, pour rendre les choses encore plus bizarres, le com\u00e9dien proc\u00e8de \u00e0 un &lsquo;sym-FART-ny&rsquo; de Canon en D &#8211; quatuor \u00e0 cordes et tout compris.<\/p>\n<\/div>\n<div class=\"css-12zje5r\">\n<p>Oui, tu l&rsquo;as bien lu.<\/p>\n<\/div>\n<div class=\"css-12zje5r\">\n<p>Le public a \u00e9clat\u00e9 dans un ch\u0153ur de rires et d&rsquo;acclamations devant l&rsquo;absurdit\u00e9 de tout cela avant qu&rsquo;Alesha Dixon ne fasse claquer son buzzer rouge.<\/p>\n<\/div>\n<div class=\"css-12zje5r\">\n<p>Bruno Tonioli suit peu de temps apr\u00e8s avec le buzzer rouge, suivi d&rsquo;Amanda Holden &#8211; qui soit dit en passant se tenait le nez tout le temps &#8211; avant d&rsquo;atteindre le bout de son attache et de lui embo\u00eeter le pas.<\/p>\n<\/div>\n<div class=\"css-c2lb2p\">\n<p>Pour rendre les choses encore plus bizarres &#8211; deux ballerines sortent alors pour danser sur les percussions particuli\u00e8res d&rsquo;Ichikawa.<\/p>\n<\/div>\n<div class=\"css-12zje5r\">\n<p>\u00c9tonnamment, Simon Cowell \u00e9tait le dernier soir \u00e0 appuyer sur son buzzer rouge, \u00e0 quel point la foule peut \u00eatre entendue huer et se moquer du concurrent.<\/p>\n<\/div>\n<figure class=\"css-1ey54xo\"><picture class=\"css-1x72e95\"><source  media=\"(min-width: 0px) and (max-width: 380px) and (max-resolution: 1dppx)\" type=\"image\/webp\"\/><source  media=\"(min-width: 0px) and (max-width: 380px) and (max-resolution: 1dppx)\" type=\"image\/jpeg\"\/><source  media=\"(min-width: 0px) and (max-width: 380px) and (-webkit-max-device-pixel-ratio: 1)\" type=\"image\/webp\"\/><source  media=\"(min-width: 0px) and (max-width: 380px) and (-webkit-max-device-pixel-ratio: 1)\" type=\"image\/jpeg\"\/><source  media=\"(min-width: 0px) and (max-width: 380px) and (max-resolution: 3dppx)\" type=\"image\/webp\"\/><source  media=\"(min-width: 0px) and (max-width: 380px) and (max-resolution: 3dppx)\" type=\"image\/jpeg\"\/><source  media=\"(min-width: 0px) and (max-width: 380px) and (-webkit-max-device-pixel-ratio: 3)\" type=\"image\/webp\"\/><source  media=\"(min-width: 0px) and (max-width: 380px) and (-webkit-max-device-pixel-ratio: 3)\" type=\"image\/jpeg\"\/><source  media=\"(min-width: 380px) and (min-resolution: 2dppx)\" type=\"image\/webp\"\/><source  media=\"(min-width: 380px) and (min-resolution: 2dppx)\" type=\"image\/jpeg\"\/><source  media=\"(min-width: 380px) and (-webkit-min-device-pixel-ratio: 2)\" type=\"image\/webp\"\/><source  media=\"(min-width: 380px) and (-webkit-min-device-pixel-ratio: 2)\" type=\"image\/jpeg\"\/><source  type=\"image\/webp\"\/><source  type=\"image\/jpeg\"\/><img decoding=\"async\" src=\"https:\/\/www.jokeme.fr\/actus\/wp-content\/uploads\/2023\/06\/1685984538_940_Les-fans-de-BGT-se-sont-sentis-malades-a-cause.png\" alt=\"Les t\u00e9l\u00e9spectateurs se sont pr\u00e9cipit\u00e9s sur Twitter pour partager leur indignation.  Cr\u00e9dit : Twitter\/@SHADESOFTAEMIN\" loading=\"lazy\"\/><\/picture><figcaption class=\"css-1hkjxsv\">Les t\u00e9l\u00e9spectateurs se sont pr\u00e9cipit\u00e9s sur Twitter pour partager leur indignation.  Cr\u00e9dit : Twitter\/@SHADESOFTAEMIN<\/figcaption><\/figure>\n<div class=\"css-c2lb2p\">\n<p>Les t\u00e9l\u00e9spectateurs indign\u00e9s ont depuis afflu\u00e9 sur Twitter pour partager leurs r\u00e9actions \u00e0 cet acte extr\u00eamement particulier.<\/p>\n<\/div>\n<div class=\"css-12zje5r\">\n<p>Un utilisateur de Twitter a \u00e9crit : \u00ab\u00a0C&rsquo;est horrible et incroyablement g\u00eanant \u00e0 regarder, j&rsquo;ai envie de pleurer.\u00a0\u00bb<\/p>\n<\/div>\n<div class=\"css-12zje5r\">\n<p>Un deuxi\u00e8me a \u00e9crit: \u00ab\u00a0Vraiment atteint un niveau record avec celui-ci, comment diable cet acte peut-il \u00eatre autoris\u00e9 \u00e0 se qualifier pour les demi-finales? Un peu \u00e9c\u0153urant pour tous les actes qui ne passent pas.\u00a0\u00bb<\/p>\n<\/div>\n<div class=\"css-12zje5r\">\n<p>\u00ab\u00a0C&rsquo;est peut-\u00eatre la pire chose que j&rsquo;aie jamais vue <em>L&rsquo;Angleterre a un incroyable talent<\/em>!\u00a0\u00bb, a r\u00e9clam\u00e9 un troisi\u00e8me.<\/p>\n<\/div>\n<div class=\"css-12zje5r\">\n<p>Un quatri\u00e8me a ajout\u00e9: \u00ab\u00a0L&rsquo;acte le plus d\u00e9go\u00fbtant, je pense que si j&rsquo;auditionnais cette ann\u00e9e et que je voyais cela battre mon acte, je serais ennuy\u00e9, comment ose-t-il prendre la place de quelqu&rsquo;un qui le m\u00e9rite vraiment.\u00a0\u00bb<\/p>\n<\/div>\n<div class=\"css-12zje5r\">\n<p>\u00ab\u00a0Cet acte de p\u00e9ter m&rsquo;a rendu malade !!\u00a0\u00bb  a r\u00e9v\u00e9l\u00e9 un dernier visualiseur BGT.<\/p>\n<\/div>\n<div class=\"css-12zje5r\">\n<p>Sans surprise, Ichikawa n&rsquo;a pas \u00e9t\u00e9 finaliste.<\/p>\n<\/div>\n<div class=\"css-12zje5r\">\n<p>La deuxi\u00e8me demi-finale en direct de <em>BGT<\/em> revient \u00e0 ITV ce soir (30 mai) \u00e0 20h.<\/p>\n<\/div>\n<\/div>\n","protected":false},"excerpt":{"rendered":"<p>L&rsquo;Angleterre a un incroyable talent les fans r\u00e9v\u00e8lent qu&rsquo;ils se sont \u00ab sentis malades \u00bb \u00e0 cause d&rsquo;un acte \u00ab d\u00e9go\u00fbtant \u00bb alors que la foule huait un concurrent lors de la demi-finale en direct. L&rsquo;\u00e9mission de vari\u00e9t\u00e9s bien-aim\u00e9e d&rsquo;ITV est revenue sur nos \u00e9crans hier soir (29 mai) pour la demi-finale tant attendue, mais &#8230; <a title=\"Les fans de BGT \u00ab\u00a0se sont sentis malades\u00a0\u00bb \u00e0 cause d&rsquo;actes \u00ab\u00a0d\u00e9go\u00fbtants\u00a0\u00bb alors que la foule huait pendant la demi-finale en direct\" class=\"read-more\" href=\"https:\/\/www.jokeme.fr\/actus\/les-fans-de-bgt-se-sont-sentis-malades-a-cause-dactes-degoutants-alors-que-la-foule-huait-pendant-la-demi-finale-en-direct\/\" aria-label=\"Plus sur Les fans de BGT \u00ab\u00a0se sont sentis malades\u00a0\u00bb \u00e0 cause d&rsquo;actes \u00ab\u00a0d\u00e9go\u00fbtants\u00a0\u00bb alors que la foule huait pendant la demi-finale en direct\">Lire plus<\/a><\/p>\n","protected":false},"author":1,"featured_media":70,"comment_status":"closed","ping_status":"open","sticky":false,"template":"","format":"standard","meta":{"footnotes":""},"categories":[1],"tags":[131,125,129,130,135,136,124,132,133,66,128,134,127,126],"yoast_head":"<!-- This site is optimized with the Yoast SEO plugin v20.8 - https:\/\/yoast.com\/wordpress\/plugins\/seo\/ -->\n<title>Les fans de BGT &quot;se sont sentis malades&quot; \u00e0 cause d&#039;actes &quot;d\u00e9go\u00fbtants&quot; alors que la foule huait pendant la demi-finale en direct - Actualit\u00e9s - Joke Me<\/title>\n<meta name=\"robots\" content=\"index, follow, max-snippet:-1, max-image-preview:large, max-video-preview:-1\" \/>\n<link rel=\"canonical\" href=\"https:\/\/www.jokeme.fr\/actus\/les-fans-de-bgt-se-sont-sentis-malades-a-cause-dactes-degoutants-alors-que-la-foule-huait-pendant-la-demi-finale-en-direct\/\" \/>\n<meta property=\"og:locale\" content=\"fr_FR\" \/>\n<meta property=\"og:type\" content=\"article\" \/>\n<meta property=\"og:title\" content=\"Les fans de BGT &quot;se sont sentis malades&quot; \u00e0 cause d&#039;actes &quot;d\u00e9go\u00fbtants&quot; alors que la foule huait pendant la demi-finale en direct - Actualit\u00e9s - Joke Me\" \/>\n<meta property=\"og:description\" content=\"L&rsquo;Angleterre a un incroyable talent les fans r\u00e9v\u00e8lent qu&rsquo;ils se sont \u00ab sentis malades \u00bb \u00e0 cause d&rsquo;un acte \u00ab d\u00e9go\u00fbtant \u00bb alors que la foule huait un concurrent lors de la demi-finale en direct. L&rsquo;\u00e9mission de vari\u00e9t\u00e9s bien-aim\u00e9e d&rsquo;ITV est revenue sur nos \u00e9crans hier soir (29 mai) pour la demi-finale tant attendue, mais ... Lire plus\" \/>\n<meta property=\"og:url\" content=\"https:\/\/www.jokeme.fr\/actus\/les-fans-de-bgt-se-sont-sentis-malades-a-cause-dactes-degoutants-alors-que-la-foule-huait-pendant-la-demi-finale-en-direct\/\" \/>\n<meta property=\"og:site_name\" content=\"Actualit\u00e9s - Joke Me\" \/>\n<meta property=\"article:published_time\" content=\"2023-06-05T17:02:18+00:00\" \/>\n<meta property=\"article:modified_time\" content=\"2023-06-05T17:02:19+00:00\" \/>\n<meta property=\"og:image\" content=\"https:\/\/www.jokeme.fr\/actus\/wp-content\/uploads\/2023\/06\/1685984538_Les-fans-de-BGT-se-sont-sentis-malades-a-cause.png\" \/>\n\t<meta property=\"og:image:width\" content=\"1200\" \/>\n\t<meta property=\"og:image:height\" content=\"674\" \/>\n\t<meta property=\"og:image:type\" content=\"image\/png\" \/>\n<meta name=\"author\" content=\"Didier\" \/>\n<meta name=\"twitter:card\" content=\"summary_large_image\" \/>\n<meta name=\"twitter:label1\" content=\"\u00c9crit par\" \/>\n\t<meta name=\"twitter:data1\" content=\"Didier\" \/>\n\t<meta name=\"twitter:label2\" content=\"Dur\u00e9e de lecture estim\u00e9e\" \/>\n\t<meta name=\"twitter:data2\" content=\"3 minutes\" \/>\n<script type=\"application\/ld+json\" class=\"yoast-schema-graph\">{\"@context\":\"https:\/\/schema.org\",\"@graph\":[{\"@type\":\"Article\",\"@id\":\"https:\/\/www.jokeme.fr\/actus\/les-fans-de-bgt-se-sont-sentis-malades-a-cause-dactes-degoutants-alors-que-la-foule-huait-pendant-la-demi-finale-en-direct\/#article\",\"isPartOf\":{\"@id\":\"https:\/\/www.jokeme.fr\/actus\/les-fans-de-bgt-se-sont-sentis-malades-a-cause-dactes-degoutants-alors-que-la-foule-huait-pendant-la-demi-finale-en-direct\/\"},\"author\":{\"name\":\"Didier\",\"@id\":\"https:\/\/www.jokeme.fr\/actus\/#\/schema\/person\/f0c6ad0d33ca144389e81e45a212928f\"},\"headline\":\"Les fans de BGT \u00ab\u00a0se sont sentis malades\u00a0\u00bb \u00e0 cause d&rsquo;actes \u00ab\u00a0d\u00e9go\u00fbtants\u00a0\u00bb alors que la foule huait pendant la demi-finale en direct\",\"datePublished\":\"2023-06-05T17:02:18+00:00\",\"dateModified\":\"2023-06-05T17:02:19+00:00\",\"mainEntityOfPage\":{\"@id\":\"https:\/\/www.jokeme.fr\/actus\/les-fans-de-bgt-se-sont-sentis-malades-a-cause-dactes-degoutants-alors-que-la-foule-huait-pendant-la-demi-finale-en-direct\/\"},\"wordCount\":614,\"publisher\":{\"@id\":\"https:\/\/www.jokeme.fr\/actus\/#organization\"},\"keywords\":[\"alors\",\"BGT\",\"dactes\",\"d\u00e9go\u00fbtants\",\"demifinale\",\"direct\",\"fans\",\"foule\",\"huait\",\"les\",\"malades\",\"pendant\",\"sentis\",\"sont\"],\"inLanguage\":\"fr-FR\"},{\"@type\":\"WebPage\",\"@id\":\"https:\/\/www.jokeme.fr\/actus\/les-fans-de-bgt-se-sont-sentis-malades-a-cause-dactes-degoutants-alors-que-la-foule-huait-pendant-la-demi-finale-en-direct\/\",\"url\":\"https:\/\/www.jokeme.fr\/actus\/les-fans-de-bgt-se-sont-sentis-malades-a-cause-dactes-degoutants-alors-que-la-foule-huait-pendant-la-demi-finale-en-direct\/\",\"name\":\"Les fans de BGT \\\"se sont sentis malades\\\" \u00e0 cause d'actes \\\"d\u00e9go\u00fbtants\\\" alors que la foule huait pendant la demi-finale en direct - Actualit\u00e9s - Joke Me\",\"isPartOf\":{\"@id\":\"https:\/\/www.jokeme.fr\/actus\/#website\"},\"datePublished\":\"2023-06-05T17:02:18+00:00\",\"dateModified\":\"2023-06-05T17:02:19+00:00\",\"breadcrumb\":{\"@id\":\"https:\/\/www.jokeme.fr\/actus\/les-fans-de-bgt-se-sont-sentis-malades-a-cause-dactes-degoutants-alors-que-la-foule-huait-pendant-la-demi-finale-en-direct\/#breadcrumb\"},\"inLanguage\":\"fr-FR\",\"potentialAction\":[{\"@type\":\"ReadAction\",\"target\":[\"https:\/\/www.jokeme.fr\/actus\/les-fans-de-bgt-se-sont-sentis-malades-a-cause-dactes-degoutants-alors-que-la-foule-huait-pendant-la-demi-finale-en-direct\/\"]}]},{\"@type\":\"BreadcrumbList\",\"@id\":\"https:\/\/www.jokeme.fr\/actus\/les-fans-de-bgt-se-sont-sentis-malades-a-cause-dactes-degoutants-alors-que-la-foule-huait-pendant-la-demi-finale-en-direct\/#breadcrumb\",\"itemListElement\":[{\"@type\":\"ListItem\",\"position\":1,\"name\":\"Accueil\",\"item\":\"https:\/\/www.jokeme.fr\/actus\/\"},{\"@type\":\"ListItem\",\"position\":2,\"name\":\"Les fans de BGT \u00ab\u00a0se sont sentis malades\u00a0\u00bb \u00e0 cause d&rsquo;actes \u00ab\u00a0d\u00e9go\u00fbtants\u00a0\u00bb alors que la foule huait pendant la demi-finale en direct\"}]},{\"@type\":\"WebSite\",\"@id\":\"https:\/\/www.jokeme.fr\/actus\/#website\",\"url\":\"https:\/\/www.jokeme.fr\/actus\/\",\"name\":\"Actualit\u00e9s - Joke Me\",\"description\":\"L&#039;actualit\u00e9 du rire\",\"publisher\":{\"@id\":\"https:\/\/www.jokeme.fr\/actus\/#organization\"},\"potentialAction\":[{\"@type\":\"SearchAction\",\"target\":{\"@type\":\"EntryPoint\",\"urlTemplate\":\"https:\/\/www.jokeme.fr\/actus\/?s={search_term_string}\"},\"query-input\":\"required name=search_term_string\"}],\"inLanguage\":\"fr-FR\"},{\"@type\":\"Organization\",\"@id\":\"https:\/\/www.jokeme.fr\/actus\/#organization\",\"name\":\"Actualit\u00e9s - Joke Me\",\"url\":\"https:\/\/www.jokeme.fr\/actus\/\",\"logo\":{\"@type\":\"ImageObject\",\"inLanguage\":\"fr-FR\",\"@id\":\"https:\/\/www.jokeme.fr\/actus\/#\/schema\/logo\/image\/\",\"url\":\"https:\/\/www.jokeme.fr\/actus\/wp-content\/uploads\/2023\/06\/cropped-Logo-Joke-Me.png\",\"contentUrl\":\"https:\/\/www.jokeme.fr\/actus\/wp-content\/uploads\/2023\/06\/cropped-Logo-Joke-Me.png\",\"width\":499,\"height\":363,\"caption\":\"Actualit\u00e9s - Joke Me\"},\"image\":{\"@id\":\"https:\/\/www.jokeme.fr\/actus\/#\/schema\/logo\/image\/\"}},{\"@type\":\"Person\",\"@id\":\"https:\/\/www.jokeme.fr\/actus\/#\/schema\/person\/f0c6ad0d33ca144389e81e45a212928f\",\"name\":\"Didier\",\"image\":{\"@type\":\"ImageObject\",\"inLanguage\":\"fr-FR\",\"@id\":\"https:\/\/www.jokeme.fr\/actus\/#\/schema\/person\/image\/\",\"url\":\"https:\/\/www.jokeme.fr\/actus\/wp-content\/uploads\/2024\/03\/jokeme-didier.jpg\",\"contentUrl\":\"https:\/\/www.jokeme.fr\/actus\/wp-content\/uploads\/2024\/03\/jokeme-didier.jpg\",\"caption\":\"Didier\"},\"description\":\"Didier, passionn\u00e9 de cin\u00e9ma, est un r\u00e9dacteur pour le m\u00e9dia Jokeme, o\u00f9 il partage sa passion \u00e0 travers des articles divertissants et informatifs. Ayant \u00e9tudi\u00e9 le journalisme, il allie sa formation \u00e0 sa passion pour offrir un contenu de qualit\u00e9 sur le monde du cin\u00e9ma.\",\"sameAs\":[\"https:\/\/www.jokeme.fr\/actus\"]}]}<\/script>\n<!-- \/ Yoast SEO plugin. -->","yoast_head_json":{"title":"Les fans de BGT \"se sont sentis malades\" \u00e0 cause d'actes \"d\u00e9go\u00fbtants\" alors que la foule huait pendant la demi-finale en direct - Actualit\u00e9s - Joke Me","robots":{"index":"index","follow":"follow","max-snippet":"max-snippet:-1","max-image-preview":"max-image-preview:large","max-video-preview":"max-video-preview:-1"},"canonical":"https:\/\/www.jokeme.fr\/actus\/les-fans-de-bgt-se-sont-sentis-malades-a-cause-dactes-degoutants-alors-que-la-foule-huait-pendant-la-demi-finale-en-direct\/","og_locale":"fr_FR","og_type":"article","og_title":"Les fans de BGT \"se sont sentis malades\" \u00e0 cause d'actes \"d\u00e9go\u00fbtants\" alors que la foule huait pendant la demi-finale en direct - Actualit\u00e9s - Joke Me","og_description":"L&rsquo;Angleterre a un incroyable talent les fans r\u00e9v\u00e8lent qu&rsquo;ils se sont \u00ab sentis malades \u00bb \u00e0 cause d&rsquo;un acte \u00ab d\u00e9go\u00fbtant \u00bb alors que la foule huait un concurrent lors de la demi-finale en direct. L&rsquo;\u00e9mission de vari\u00e9t\u00e9s bien-aim\u00e9e d&rsquo;ITV est revenue sur nos \u00e9crans hier soir (29 mai) pour la demi-finale tant attendue, mais ... Lire plus","og_url":"https:\/\/www.jokeme.fr\/actus\/les-fans-de-bgt-se-sont-sentis-malades-a-cause-dactes-degoutants-alors-que-la-foule-huait-pendant-la-demi-finale-en-direct\/","og_site_name":"Actualit\u00e9s - Joke Me","article_published_time":"2023-06-05T17:02:18+00:00","article_modified_time":"2023-06-05T17:02:19+00:00","og_image":[{"width":1200,"height":674,"url":"https:\/\/www.jokeme.fr\/actus\/wp-content\/uploads\/2023\/06\/1685984538_Les-fans-de-BGT-se-sont-sentis-malades-a-cause.png","type":"image\/png"}],"author":"Didier","twitter_card":"summary_large_image","twitter_misc":{"\u00c9crit par":"Didier","Dur\u00e9e de lecture estim\u00e9e":"3 minutes"},"schema":{"@context":"https:\/\/schema.org","@graph":[{"@type":"Article","@id":"https:\/\/www.jokeme.fr\/actus\/les-fans-de-bgt-se-sont-sentis-malades-a-cause-dactes-degoutants-alors-que-la-foule-huait-pendant-la-demi-finale-en-direct\/#article","isPartOf":{"@id":"https:\/\/www.jokeme.fr\/actus\/les-fans-de-bgt-se-sont-sentis-malades-a-cause-dactes-degoutants-alors-que-la-foule-huait-pendant-la-demi-finale-en-direct\/"},"author":{"name":"Didier","@id":"https:\/\/www.jokeme.fr\/actus\/#\/schema\/person\/f0c6ad0d33ca144389e81e45a212928f"},"headline":"Les fans de BGT \u00ab\u00a0se sont sentis malades\u00a0\u00bb \u00e0 cause d&rsquo;actes \u00ab\u00a0d\u00e9go\u00fbtants\u00a0\u00bb alors que la foule huait pendant la demi-finale en direct","datePublished":"2023-06-05T17:02:18+00:00","dateModified":"2023-06-05T17:02:19+00:00","mainEntityOfPage":{"@id":"https:\/\/www.jokeme.fr\/actus\/les-fans-de-bgt-se-sont-sentis-malades-a-cause-dactes-degoutants-alors-que-la-foule-huait-pendant-la-demi-finale-en-direct\/"},"wordCount":614,"publisher":{"@id":"https:\/\/www.jokeme.fr\/actus\/#organization"},"keywords":["alors","BGT","dactes","d\u00e9go\u00fbtants","demifinale","direct","fans","foule","huait","les","malades","pendant","sentis","sont"],"inLanguage":"fr-FR"},{"@type":"WebPage","@id":"https:\/\/www.jokeme.fr\/actus\/les-fans-de-bgt-se-sont-sentis-malades-a-cause-dactes-degoutants-alors-que-la-foule-huait-pendant-la-demi-finale-en-direct\/","url":"https:\/\/www.jokeme.fr\/actus\/les-fans-de-bgt-se-sont-sentis-malades-a-cause-dactes-degoutants-alors-que-la-foule-huait-pendant-la-demi-finale-en-direct\/","name":"Les fans de BGT \"se sont sentis malades\" \u00e0 cause d'actes \"d\u00e9go\u00fbtants\" alors que la foule huait pendant la demi-finale en direct - Actualit\u00e9s - Joke Me","isPartOf":{"@id":"https:\/\/www.jokeme.fr\/actus\/#website"},"datePublished":"2023-06-05T17:02:18+00:00","dateModified":"2023-06-05T17:02:19+00:00","breadcrumb":{"@id":"https:\/\/www.jokeme.fr\/actus\/les-fans-de-bgt-se-sont-sentis-malades-a-cause-dactes-degoutants-alors-que-la-foule-huait-pendant-la-demi-finale-en-direct\/#breadcrumb"},"inLanguage":"fr-FR","potentialAction":[{"@type":"ReadAction","target":["https:\/\/www.jokeme.fr\/actus\/les-fans-de-bgt-se-sont-sentis-malades-a-cause-dactes-degoutants-alors-que-la-foule-huait-pendant-la-demi-finale-en-direct\/"]}]},{"@type":"BreadcrumbList","@id":"https:\/\/www.jokeme.fr\/actus\/les-fans-de-bgt-se-sont-sentis-malades-a-cause-dactes-degoutants-alors-que-la-foule-huait-pendant-la-demi-finale-en-direct\/#breadcrumb","itemListElement":[{"@type":"ListItem","position":1,"name":"Accueil","item":"https:\/\/www.jokeme.fr\/actus\/"},{"@type":"ListItem","position":2,"name":"Les fans de BGT \u00ab\u00a0se sont sentis malades\u00a0\u00bb \u00e0 cause d&rsquo;actes \u00ab\u00a0d\u00e9go\u00fbtants\u00a0\u00bb alors que la foule huait pendant la demi-finale en direct"}]},{"@type":"WebSite","@id":"https:\/\/www.jokeme.fr\/actus\/#website","url":"https:\/\/www.jokeme.fr\/actus\/","name":"Actualit\u00e9s - Joke Me","description":"L&#039;actualit\u00e9 du rire","publisher":{"@id":"https:\/\/www.jokeme.fr\/actus\/#organization"},"potentialAction":[{"@type":"SearchAction","target":{"@type":"EntryPoint","urlTemplate":"https:\/\/www.jokeme.fr\/actus\/?s={search_term_string}"},"query-input":"required name=search_term_string"}],"inLanguage":"fr-FR"},{"@type":"Organization","@id":"https:\/\/www.jokeme.fr\/actus\/#organization","name":"Actualit\u00e9s - Joke Me","url":"https:\/\/www.jokeme.fr\/actus\/","logo":{"@type":"ImageObject","inLanguage":"fr-FR","@id":"https:\/\/www.jokeme.fr\/actus\/#\/schema\/logo\/image\/","url":"https:\/\/www.jokeme.fr\/actus\/wp-content\/uploads\/2023\/06\/cropped-Logo-Joke-Me.png","contentUrl":"https:\/\/www.jokeme.fr\/actus\/wp-content\/uploads\/2023\/06\/cropped-Logo-Joke-Me.png","width":499,"height":363,"caption":"Actualit\u00e9s - Joke Me"},"image":{"@id":"https:\/\/www.jokeme.fr\/actus\/#\/schema\/logo\/image\/"}},{"@type":"Person","@id":"https:\/\/www.jokeme.fr\/actus\/#\/schema\/person\/f0c6ad0d33ca144389e81e45a212928f","name":"Didier","image":{"@type":"ImageObject","inLanguage":"fr-FR","@id":"https:\/\/www.jokeme.fr\/actus\/#\/schema\/person\/image\/","url":"https:\/\/www.jokeme.fr\/actus\/wp-content\/uploads\/2024\/03\/jokeme-didier.jpg","contentUrl":"https:\/\/www.jokeme.fr\/actus\/wp-content\/uploads\/2024\/03\/jokeme-didier.jpg","caption":"Didier"},"description":"Didier, passionn\u00e9 de cin\u00e9ma, est un r\u00e9dacteur pour le m\u00e9dia Jokeme, o\u00f9 il partage sa passion \u00e0 travers des articles divertissants et informatifs. Ayant \u00e9tudi\u00e9 le journalisme, il allie sa formation \u00e0 sa passion pour offrir un contenu de qualit\u00e9 sur le monde du cin\u00e9ma.","sameAs":["https:\/\/www.jokeme.fr\/actus"]}]}},"_links":{"self":[{"href":"https:\/\/www.jokeme.fr\/actus\/wp-json\/wp\/v2\/posts\/69"}],"collection":[{"href":"https:\/\/www.jokeme.fr\/actus\/wp-json\/wp\/v2\/posts"}],"about":[{"href":"https:\/\/www.jokeme.fr\/actus\/wp-json\/wp\/v2\/types\/post"}],"author":[{"embeddable":true,"href":"https:\/\/www.jokeme.fr\/actus\/wp-json\/wp\/v2\/users\/1"}],"replies":[{"embeddable":true,"href":"https:\/\/www.jokeme.fr\/actus\/wp-json\/wp\/v2\/comments?post=69"}],"version-history":[{"count":1,"href":"https:\/\/www.jokeme.fr\/actus\/wp-json\/wp\/v2\/posts\/69\/revisions"}],"predecessor-version":[{"id":71,"href":"https:\/\/www.jokeme.fr\/actus\/wp-json\/wp\/v2\/posts\/69\/revisions\/71"}],"wp:featuredmedia":[{"embeddable":true,"href":"https:\/\/www.jokeme.fr\/actus\/wp-json\/wp\/v2\/media\/70"}],"wp:attachment":[{"href":"https:\/\/www.jokeme.fr\/actus\/wp-json\/wp\/v2\/media?parent=69"}],"wp:term":[{"taxonomy":"category","embeddable":true,"href":"https:\/\/www.jokeme.fr\/actus\/wp-json\/wp\/v2\/categories?post=69"},{"taxonomy":"post_tag","embeddable":true,"href":"https:\/\/www.jokeme.fr\/actus\/wp-json\/wp\/v2\/tags?post=69"}],"curies":[{"name":"wp","href":"https:\/\/api.w.org\/{rel}","templated":true}]}}