{"id":87,"date":"2023-06-06T22:27:10","date_gmt":"2023-06-06T20:27:10","guid":{"rendered":"https:\/\/www.jokeme.fr\/actus\/le-conducteur-de-bmw-fait-un-cauchemar-alors-que-la-voiture-se-lave-avec-la-maree-apres-lavoir-garee-sur-la-plage\/"},"modified":"2023-06-06T22:27:12","modified_gmt":"2023-06-06T20:27:12","slug":"le-conducteur-de-bmw-fait-un-cauchemar-alors-que-la-voiture-se-lave-avec-la-maree-apres-lavoir-garee-sur-la-plage","status":"publish","type":"post","link":"https:\/\/www.jokeme.fr\/actus\/le-conducteur-de-bmw-fait-un-cauchemar-alors-que-la-voiture-se-lave-avec-la-maree-apres-lavoir-garee-sur-la-plage\/","title":{"rendered":"Le conducteur de BMW fait un cauchemar alors que la voiture se lave avec la mar\u00e9e apr\u00e8s l&rsquo;avoir gar\u00e9e sur la plage"},"content":{"rendered":"<div>\n<div class=\"css-12zje5r\">\n<p>Un conducteur de BMW a \u00e9t\u00e9 d\u00e9vast\u00e9 apr\u00e8s que sa voiture a \u00e9t\u00e9 emport\u00e9e par la mer.<\/p>\n<\/div>\n<div class=\"css-12zje5r\">\n<p>Mais alors que la plupart ont appr\u00e9ci\u00e9 une glace et une pagaie, un conducteur s&rsquo;est retrouv\u00e9 \u00e0 p\u00eacher son moteur hors de l&rsquo;eau.<\/p>\n<\/div>\n<div class=\"css-c2lb2p\">\n<p>Oui, un voyage \u00e0 Trevaunance Beach \u00e0 Cornwall s&rsquo;est transform\u00e9 en cauchemar apr\u00e8s avoir laiss\u00e9 leur voiture sur le sable.<\/p>\n<\/div>\n<div class=\"css-12zje5r\">\n<p>Les garde-c\u00f4tes ont \u00e9t\u00e9 appel\u00e9s hier matin (28 mai) apr\u00e8s que quelqu&rsquo;un a signal\u00e9 que la BMW noire flottait en mer.<\/p>\n<\/div>\n<div class=\"css-12zje5r\">\n<p>Selon l&rsquo;\u00e9quipe de recherche et de sauvetage des garde-c\u00f4tes de St Agnes, ils ont \u00e9t\u00e9 alert\u00e9s de l&rsquo;incident vers 8h30.<\/p>\n<\/div>\n<figure class=\"css-1ey54xo\"><picture class=\"css-1x72e95\"><source  media=\"(min-width: 0px) and (max-width: 380px) and (max-resolution: 1dppx)\" type=\"image\/webp\"\/><source  media=\"(min-width: 0px) and (max-width: 380px) and (max-resolution: 1dppx)\" type=\"image\/jpeg\"\/><source  media=\"(min-width: 0px) and (max-width: 380px) and (-webkit-max-device-pixel-ratio: 1)\" type=\"image\/webp\"\/><source  media=\"(min-width: 0px) and (max-width: 380px) and (-webkit-max-device-pixel-ratio: 1)\" type=\"image\/jpeg\"\/><source  media=\"(min-width: 0px) and (max-width: 380px) and (max-resolution: 3dppx)\" type=\"image\/webp\"\/><source  media=\"(min-width: 0px) and (max-width: 380px) and (max-resolution: 3dppx)\" type=\"image\/jpeg\"\/><source  media=\"(min-width: 0px) and (max-width: 380px) and (-webkit-max-device-pixel-ratio: 3)\" type=\"image\/webp\"\/><source  media=\"(min-width: 0px) and (max-width: 380px) and (-webkit-max-device-pixel-ratio: 3)\" type=\"image\/jpeg\"\/><source  media=\"(min-width: 380px) and (min-resolution: 2dppx)\" type=\"image\/webp\"\/><source  media=\"(min-width: 380px) and (min-resolution: 2dppx)\" type=\"image\/jpeg\"\/><source  media=\"(min-width: 380px) and (-webkit-min-device-pixel-ratio: 2)\" type=\"image\/webp\"\/><source  media=\"(min-width: 380px) and (-webkit-min-device-pixel-ratio: 2)\" type=\"image\/jpeg\"\/><source  type=\"image\/webp\"\/><source  type=\"image\/jpeg\"\/><\/picture><figcaption class=\"css-1hkjxsv\">Tu ne peux pas te garer l\u00e0, mon pote\u00a0!  Cr\u00e9dit : Facebook\/St Agnes Coastguard Search and Rescue<\/figcaption><\/figure>\n<div class=\"css-12zje5r\">\n<p>Dans une publication sur la page Facebook de l&rsquo;\u00e9quipe, ils ont expliqu\u00e9 qu&rsquo;ils \u00e9taient arriv\u00e9s sur les lieux t\u00f4t ce matin-l\u00e0 pour s&rsquo;assurer que la situation \u00e9tait correctement g\u00e9r\u00e9e et que le moteur avait \u00e9t\u00e9 r\u00e9cup\u00e9r\u00e9 en toute s\u00e9curit\u00e9.<\/p>\n<\/div>\n<div class=\"css-12zje5r\">\n<p>Partageant une vid\u00e9o et quelques photos, l&rsquo;\u00e9quipe de recherche et de sauvetage des garde-c\u00f4tes de St Agnes a d\u00e9clar\u00e9: \u00ab\u00a0Le v\u00e9hicule a finalement \u00e9t\u00e9 retir\u00e9. L&rsquo;\u00e9quipe s&rsquo;est retir\u00e9e et est revenue \u00e0 la station \u00e0 10h19.\u00a0\u00bb<\/p>\n<\/div>\n<div class=\"css-c2lb2p\">\n<p>Et si l&#8217;embarras d&rsquo;avoir votre voiture partout sur Internet &#8211; et les milliers de livres de d\u00e9g\u00e2ts pour d\u00e9marrer &#8211; n&rsquo;\u00e9tait pas suffisant, celui qui a partag\u00e9 la mise \u00e0 jour ne pouvait s&#8217;emp\u00eacher d&rsquo;ajouter un peu plus de sel aux blessures.<\/p>\n<\/div>\n<div class=\"css-12zje5r\">\n<p>Pour compl\u00e9ter le message, l&rsquo;\u00e9quipe a plaisant\u00e9: \u00ab\u00a0Vous ne pouvez pas vous garer l\u00e0-bas, monsieur!\u00a0\u00bb<\/p>\n<\/div>\n<div class=\"css-12zje5r\">\n<p>Comme vous pouvez l&rsquo;imaginer, il y avait peu &#8211; voire z\u00e9ro &#8211; de sympathie pour le propri\u00e9taire de la voiture.<\/p>\n<\/div>\n<div class=\"css-12zje5r\">\n<p>Beaucoup ont critiqu\u00e9 le conducteur pour avoir apparemment laiss\u00e9 la voiture sur la plage en premier lieu et ont d\u00e9clar\u00e9 qu&rsquo;ils devraient \u00eatre oblig\u00e9s de payer le co\u00fbt de l&rsquo;appel.<\/p>\n<\/div>\n<figure class=\"css-1ey54xo\"><picture class=\"css-1x72e95\"><source  media=\"(min-width: 0px) and (max-width: 380px) and (max-resolution: 1dppx)\" type=\"image\/webp\"\/><source  media=\"(min-width: 0px) and (max-width: 380px) and (max-resolution: 1dppx)\" type=\"image\/jpeg\"\/><source  media=\"(min-width: 0px) and (max-width: 380px) and (-webkit-max-device-pixel-ratio: 1)\" type=\"image\/webp\"\/><source  media=\"(min-width: 0px) and (max-width: 380px) and (-webkit-max-device-pixel-ratio: 1)\" type=\"image\/jpeg\"\/><source  media=\"(min-width: 0px) and (max-width: 380px) and (max-resolution: 3dppx)\" type=\"image\/webp\"\/><source  media=\"(min-width: 0px) and (max-width: 380px) and (max-resolution: 3dppx)\" type=\"image\/jpeg\"\/><source  media=\"(min-width: 0px) and (max-width: 380px) and (-webkit-max-device-pixel-ratio: 3)\" type=\"image\/webp\"\/><source  media=\"(min-width: 0px) and (max-width: 380px) and (-webkit-max-device-pixel-ratio: 3)\" type=\"image\/jpeg\"\/><source  media=\"(min-width: 380px) and (min-resolution: 2dppx)\" type=\"image\/webp\"\/><source  media=\"(min-width: 380px) and (min-resolution: 2dppx)\" type=\"image\/jpeg\"\/><source  media=\"(min-width: 380px) and (-webkit-min-device-pixel-ratio: 2)\" type=\"image\/webp\"\/><source  media=\"(min-width: 380px) and (-webkit-min-device-pixel-ratio: 2)\" type=\"image\/jpeg\"\/><source  type=\"image\/webp\"\/><source  type=\"image\/jpeg\"\/><img decoding=\"async\" src=\"https:\/\/www.jokeme.fr\/actus\/wp-content\/uploads\/2023\/06\/1686083230_132_Le-conducteur-de-BMW-fait-un-cauchemar-alors-que-la.jpg\" alt=\"La BMW a d\u00fb \u00eatre retir\u00e9e de la mer.  Cr\u00e9dit : Facebook\/St Agnes Coastguard Search and Rescue\" loading=\"lazy\"\/><\/picture><figcaption class=\"css-1hkjxsv\">La BMW a d\u00fb \u00eatre retir\u00e9e de la mer.  Cr\u00e9dit : Facebook\/St Agnes Coastguard Search and Rescue<\/figcaption><\/figure>\n<div class=\"css-12zje5r\">\n<p>\u00ab\u00a0J&rsquo;esp\u00e8re qu&rsquo;ils seront factur\u00e9s pour les efforts et les co\u00fbts associ\u00e9s \u00e0 cette stupidit\u00e9\u00a0\u00bb, a comment\u00e9 un utilisateur.<\/p>\n<\/div>\n<div class=\"css-12zje5r\">\n<p>\u00ab\u00a0Gardez votre budget pour le moment o\u00f9 les gens ont r\u00e9ellement besoin d&rsquo;aide.<\/p>\n<\/div>\n<div class=\"css-12zje5r\">\n<p>\u00ab\u00a0La honte absolue n&rsquo;est plus dr\u00f4le. Pourquoi les habitants devraient-ils le supporter.\u00a0\u00bb<\/p>\n<\/div>\n<div class=\"css-12zje5r\">\n<p>D&rsquo;accord, un autre a fait remarquer: \u00ab\u00a0Je ne peux pas croire que cela se produise chaque ann\u00e9e! Comment ?? Vous devriez recevoir une amende si votre voiture se retrouve \u00e0 la mer, c&rsquo;est ridicule.\u00a0\u00bb<\/p>\n<\/div>\n<div class=\"css-12zje5r\">\n<p>\u00ab\u00a0Vous vous demandez \u00e0 quel moment votre compagnie d&rsquo;assurance dit que vous n&rsquo;\u00eates pas couvert\u00a0\u00bb, a d\u00e9clar\u00e9 un troisi\u00e8me.<\/p>\n<\/div>\n<div class=\"css-12zje5r\">\n<p>Tandis que quelqu&rsquo;un d&rsquo;autre ajoutait : \u00ab\u00a0Pourquoi ? Pourquoi ? Pourquoi ??? Une telle perte de temps et de ressources, \u00e7a me met tellement en col\u00e8re !\u00a0\u00bb<\/p>\n<\/div>\n<div class=\"css-12zje5r\">\n<p>Mais, comme le sugg\u00e8rent les commentaires, ce n&rsquo;est pas la premi\u00e8re fois que quelqu&rsquo;un voit sa voiture emport\u00e9e par la boisson.<\/p>\n<\/div>\n<div class=\"css-c2lb2p\">\n<p>Et une camionnette a \u00e9t\u00e9 vue engloutie par le sable sur le front de mer de Weston-Super-Mare dans le Somerset apr\u00e8s que son propri\u00e9taire se soit promen\u00e9.<\/p>\n<\/div>\n<div class=\"css-12zje5r\">\n<p>Alors peut-\u00eatre qu&rsquo;il y a une le\u00e7on ici, les amis.<\/p>\n<\/div>\n<\/div>\n","protected":false},"excerpt":{"rendered":"<p>Un conducteur de BMW a \u00e9t\u00e9 d\u00e9vast\u00e9 apr\u00e8s que sa voiture a \u00e9t\u00e9 emport\u00e9e par la mer. Mais alors que la plupart ont appr\u00e9ci\u00e9 une glace et une pagaie, un conducteur s&rsquo;est retrouv\u00e9 \u00e0 p\u00eacher son moteur hors de l&rsquo;eau. Oui, un voyage \u00e0 Trevaunance Beach \u00e0 Cornwall s&rsquo;est transform\u00e9 en cauchemar apr\u00e8s avoir laiss\u00e9 &#8230; <a title=\"Le conducteur de BMW fait un cauchemar alors que la voiture se lave avec la mar\u00e9e apr\u00e8s l&rsquo;avoir gar\u00e9e sur la plage\" class=\"read-more\" href=\"https:\/\/www.jokeme.fr\/actus\/le-conducteur-de-bmw-fait-un-cauchemar-alors-que-la-voiture-se-lave-avec-la-maree-apres-lavoir-garee-sur-la-plage\/\" aria-label=\"Plus sur Le conducteur de BMW fait un cauchemar alors que la voiture se lave avec la mar\u00e9e apr\u00e8s l&rsquo;avoir gar\u00e9e sur la plage\">Lire plus<\/a><\/p>\n","protected":false},"author":1,"featured_media":88,"comment_status":"closed","ping_status":"open","sticky":false,"template":"","format":"standard","meta":{"footnotes":""},"categories":[1],"tags":[131,152,193,189,190,144,119,196,192,195,194,197,7,191],"yoast_head":"<!-- This site is optimized with the Yoast SEO plugin v20.8 - https:\/\/yoast.com\/wordpress\/plugins\/seo\/ -->\n<title>Le conducteur de BMW fait un cauchemar alors que la voiture se lave avec la mar\u00e9e apr\u00e8s l&#039;avoir gar\u00e9e sur la plage - Actualit\u00e9s - Joke Me<\/title>\n<meta name=\"robots\" content=\"index, follow, max-snippet:-1, max-image-preview:large, max-video-preview:-1\" \/>\n<link rel=\"canonical\" href=\"https:\/\/www.jokeme.fr\/actus\/le-conducteur-de-bmw-fait-un-cauchemar-alors-que-la-voiture-se-lave-avec-la-maree-apres-lavoir-garee-sur-la-plage\/\" \/>\n<meta property=\"og:locale\" content=\"fr_FR\" \/>\n<meta property=\"og:type\" content=\"article\" \/>\n<meta property=\"og:title\" content=\"Le conducteur de BMW fait un cauchemar alors que la voiture se lave avec la mar\u00e9e apr\u00e8s l&#039;avoir gar\u00e9e sur la plage - Actualit\u00e9s - Joke Me\" \/>\n<meta property=\"og:description\" content=\"Un conducteur de BMW a \u00e9t\u00e9 d\u00e9vast\u00e9 apr\u00e8s que sa voiture a \u00e9t\u00e9 emport\u00e9e par la mer. Mais alors que la plupart ont appr\u00e9ci\u00e9 une glace et une pagaie, un conducteur s&rsquo;est retrouv\u00e9 \u00e0 p\u00eacher son moteur hors de l&rsquo;eau. Oui, un voyage \u00e0 Trevaunance Beach \u00e0 Cornwall s&rsquo;est transform\u00e9 en cauchemar apr\u00e8s avoir laiss\u00e9 ... Lire plus\" \/>\n<meta property=\"og:url\" content=\"https:\/\/www.jokeme.fr\/actus\/le-conducteur-de-bmw-fait-un-cauchemar-alors-que-la-voiture-se-lave-avec-la-maree-apres-lavoir-garee-sur-la-plage\/\" \/>\n<meta property=\"og:site_name\" content=\"Actualit\u00e9s - Joke Me\" \/>\n<meta property=\"article:published_time\" content=\"2023-06-06T20:27:10+00:00\" \/>\n<meta property=\"article:modified_time\" content=\"2023-06-06T20:27:12+00:00\" \/>\n<meta property=\"og:image\" content=\"https:\/\/www.jokeme.fr\/actus\/wp-content\/uploads\/2023\/06\/Le-conducteur-de-BMW-fait-un-cauchemar-alors-que-la.png\" \/>\n\t<meta property=\"og:image:width\" content=\"1200\" \/>\n\t<meta property=\"og:image:height\" content=\"675\" \/>\n\t<meta property=\"og:image:type\" content=\"image\/png\" \/>\n<meta name=\"author\" content=\"Didier\" \/>\n<meta name=\"twitter:card\" content=\"summary_large_image\" \/>\n<meta name=\"twitter:label1\" content=\"\u00c9crit par\" \/>\n\t<meta name=\"twitter:data1\" content=\"Didier\" \/>\n\t<meta name=\"twitter:label2\" content=\"Dur\u00e9e de lecture estim\u00e9e\" \/>\n\t<meta name=\"twitter:data2\" content=\"3 minutes\" \/>\n<script type=\"application\/ld+json\" class=\"yoast-schema-graph\">{\"@context\":\"https:\/\/schema.org\",\"@graph\":[{\"@type\":\"Article\",\"@id\":\"https:\/\/www.jokeme.fr\/actus\/le-conducteur-de-bmw-fait-un-cauchemar-alors-que-la-voiture-se-lave-avec-la-maree-apres-lavoir-garee-sur-la-plage\/#article\",\"isPartOf\":{\"@id\":\"https:\/\/www.jokeme.fr\/actus\/le-conducteur-de-bmw-fait-un-cauchemar-alors-que-la-voiture-se-lave-avec-la-maree-apres-lavoir-garee-sur-la-plage\/\"},\"author\":{\"name\":\"Didier\",\"@id\":\"https:\/\/www.jokeme.fr\/actus\/#\/schema\/person\/f0c6ad0d33ca144389e81e45a212928f\"},\"headline\":\"Le conducteur de BMW fait un cauchemar alors que la voiture se lave avec la mar\u00e9e apr\u00e8s l&rsquo;avoir gar\u00e9e sur la plage\",\"datePublished\":\"2023-06-06T20:27:10+00:00\",\"dateModified\":\"2023-06-06T20:27:12+00:00\",\"mainEntityOfPage\":{\"@id\":\"https:\/\/www.jokeme.fr\/actus\/le-conducteur-de-bmw-fait-un-cauchemar-alors-que-la-voiture-se-lave-avec-la-maree-apres-lavoir-garee-sur-la-plage\/\"},\"wordCount\":568,\"publisher\":{\"@id\":\"https:\/\/www.jokeme.fr\/actus\/#organization\"},\"keywords\":[\"alors\",\"apr\u00e8s\",\"avec\",\"BMW\",\"cauchemar\",\"conducteur\",\"fait\",\"gar\u00e9e\",\"lave\",\"lavoir\",\"mar\u00e9e\",\"plage\",\"sur\",\"voiture\"],\"inLanguage\":\"fr-FR\"},{\"@type\":\"WebPage\",\"@id\":\"https:\/\/www.jokeme.fr\/actus\/le-conducteur-de-bmw-fait-un-cauchemar-alors-que-la-voiture-se-lave-avec-la-maree-apres-lavoir-garee-sur-la-plage\/\",\"url\":\"https:\/\/www.jokeme.fr\/actus\/le-conducteur-de-bmw-fait-un-cauchemar-alors-que-la-voiture-se-lave-avec-la-maree-apres-lavoir-garee-sur-la-plage\/\",\"name\":\"Le conducteur de BMW fait un cauchemar alors que la voiture se lave avec la mar\u00e9e apr\u00e8s l'avoir gar\u00e9e sur la plage - Actualit\u00e9s - Joke Me\",\"isPartOf\":{\"@id\":\"https:\/\/www.jokeme.fr\/actus\/#website\"},\"datePublished\":\"2023-06-06T20:27:10+00:00\",\"dateModified\":\"2023-06-06T20:27:12+00:00\",\"breadcrumb\":{\"@id\":\"https:\/\/www.jokeme.fr\/actus\/le-conducteur-de-bmw-fait-un-cauchemar-alors-que-la-voiture-se-lave-avec-la-maree-apres-lavoir-garee-sur-la-plage\/#breadcrumb\"},\"inLanguage\":\"fr-FR\",\"potentialAction\":[{\"@type\":\"ReadAction\",\"target\":[\"https:\/\/www.jokeme.fr\/actus\/le-conducteur-de-bmw-fait-un-cauchemar-alors-que-la-voiture-se-lave-avec-la-maree-apres-lavoir-garee-sur-la-plage\/\"]}]},{\"@type\":\"BreadcrumbList\",\"@id\":\"https:\/\/www.jokeme.fr\/actus\/le-conducteur-de-bmw-fait-un-cauchemar-alors-que-la-voiture-se-lave-avec-la-maree-apres-lavoir-garee-sur-la-plage\/#breadcrumb\",\"itemListElement\":[{\"@type\":\"ListItem\",\"position\":1,\"name\":\"Accueil\",\"item\":\"https:\/\/www.jokeme.fr\/actus\/\"},{\"@type\":\"ListItem\",\"position\":2,\"name\":\"Le conducteur de BMW fait un cauchemar alors que la voiture se lave avec la mar\u00e9e apr\u00e8s l&rsquo;avoir gar\u00e9e sur la plage\"}]},{\"@type\":\"WebSite\",\"@id\":\"https:\/\/www.jokeme.fr\/actus\/#website\",\"url\":\"https:\/\/www.jokeme.fr\/actus\/\",\"name\":\"Actualit\u00e9s - Joke Me\",\"description\":\"L&#039;actualit\u00e9 du rire\",\"publisher\":{\"@id\":\"https:\/\/www.jokeme.fr\/actus\/#organization\"},\"potentialAction\":[{\"@type\":\"SearchAction\",\"target\":{\"@type\":\"EntryPoint\",\"urlTemplate\":\"https:\/\/www.jokeme.fr\/actus\/?s={search_term_string}\"},\"query-input\":\"required name=search_term_string\"}],\"inLanguage\":\"fr-FR\"},{\"@type\":\"Organization\",\"@id\":\"https:\/\/www.jokeme.fr\/actus\/#organization\",\"name\":\"Actualit\u00e9s - Joke Me\",\"url\":\"https:\/\/www.jokeme.fr\/actus\/\",\"logo\":{\"@type\":\"ImageObject\",\"inLanguage\":\"fr-FR\",\"@id\":\"https:\/\/www.jokeme.fr\/actus\/#\/schema\/logo\/image\/\",\"url\":\"https:\/\/www.jokeme.fr\/actus\/wp-content\/uploads\/2023\/06\/cropped-Logo-Joke-Me.png\",\"contentUrl\":\"https:\/\/www.jokeme.fr\/actus\/wp-content\/uploads\/2023\/06\/cropped-Logo-Joke-Me.png\",\"width\":499,\"height\":363,\"caption\":\"Actualit\u00e9s - Joke Me\"},\"image\":{\"@id\":\"https:\/\/www.jokeme.fr\/actus\/#\/schema\/logo\/image\/\"}},{\"@type\":\"Person\",\"@id\":\"https:\/\/www.jokeme.fr\/actus\/#\/schema\/person\/f0c6ad0d33ca144389e81e45a212928f\",\"name\":\"Didier\",\"image\":{\"@type\":\"ImageObject\",\"inLanguage\":\"fr-FR\",\"@id\":\"https:\/\/www.jokeme.fr\/actus\/#\/schema\/person\/image\/\",\"url\":\"https:\/\/www.jokeme.fr\/actus\/wp-content\/uploads\/2024\/03\/jokeme-didier.jpg\",\"contentUrl\":\"https:\/\/www.jokeme.fr\/actus\/wp-content\/uploads\/2024\/03\/jokeme-didier.jpg\",\"caption\":\"Didier\"},\"description\":\"Didier, passionn\u00e9 de cin\u00e9ma, est un r\u00e9dacteur pour le m\u00e9dia Jokeme, o\u00f9 il partage sa passion \u00e0 travers des articles divertissants et informatifs. Ayant \u00e9tudi\u00e9 le journalisme, il allie sa formation \u00e0 sa passion pour offrir un contenu de qualit\u00e9 sur le monde du cin\u00e9ma.\",\"sameAs\":[\"https:\/\/www.jokeme.fr\/actus\"]}]}<\/script>\n<!-- \/ Yoast SEO plugin. -->","yoast_head_json":{"title":"Le conducteur de BMW fait un cauchemar alors que la voiture se lave avec la mar\u00e9e apr\u00e8s l'avoir gar\u00e9e sur la plage - Actualit\u00e9s - Joke Me","robots":{"index":"index","follow":"follow","max-snippet":"max-snippet:-1","max-image-preview":"max-image-preview:large","max-video-preview":"max-video-preview:-1"},"canonical":"https:\/\/www.jokeme.fr\/actus\/le-conducteur-de-bmw-fait-un-cauchemar-alors-que-la-voiture-se-lave-avec-la-maree-apres-lavoir-garee-sur-la-plage\/","og_locale":"fr_FR","og_type":"article","og_title":"Le conducteur de BMW fait un cauchemar alors que la voiture se lave avec la mar\u00e9e apr\u00e8s l'avoir gar\u00e9e sur la plage - Actualit\u00e9s - Joke Me","og_description":"Un conducteur de BMW a \u00e9t\u00e9 d\u00e9vast\u00e9 apr\u00e8s que sa voiture a \u00e9t\u00e9 emport\u00e9e par la mer. Mais alors que la plupart ont appr\u00e9ci\u00e9 une glace et une pagaie, un conducteur s&rsquo;est retrouv\u00e9 \u00e0 p\u00eacher son moteur hors de l&rsquo;eau. Oui, un voyage \u00e0 Trevaunance Beach \u00e0 Cornwall s&rsquo;est transform\u00e9 en cauchemar apr\u00e8s avoir laiss\u00e9 ... Lire plus","og_url":"https:\/\/www.jokeme.fr\/actus\/le-conducteur-de-bmw-fait-un-cauchemar-alors-que-la-voiture-se-lave-avec-la-maree-apres-lavoir-garee-sur-la-plage\/","og_site_name":"Actualit\u00e9s - Joke Me","article_published_time":"2023-06-06T20:27:10+00:00","article_modified_time":"2023-06-06T20:27:12+00:00","og_image":[{"width":1200,"height":675,"url":"https:\/\/www.jokeme.fr\/actus\/wp-content\/uploads\/2023\/06\/Le-conducteur-de-BMW-fait-un-cauchemar-alors-que-la.png","type":"image\/png"}],"author":"Didier","twitter_card":"summary_large_image","twitter_misc":{"\u00c9crit par":"Didier","Dur\u00e9e de lecture estim\u00e9e":"3 minutes"},"schema":{"@context":"https:\/\/schema.org","@graph":[{"@type":"Article","@id":"https:\/\/www.jokeme.fr\/actus\/le-conducteur-de-bmw-fait-un-cauchemar-alors-que-la-voiture-se-lave-avec-la-maree-apres-lavoir-garee-sur-la-plage\/#article","isPartOf":{"@id":"https:\/\/www.jokeme.fr\/actus\/le-conducteur-de-bmw-fait-un-cauchemar-alors-que-la-voiture-se-lave-avec-la-maree-apres-lavoir-garee-sur-la-plage\/"},"author":{"name":"Didier","@id":"https:\/\/www.jokeme.fr\/actus\/#\/schema\/person\/f0c6ad0d33ca144389e81e45a212928f"},"headline":"Le conducteur de BMW fait un cauchemar alors que la voiture se lave avec la mar\u00e9e apr\u00e8s l&rsquo;avoir gar\u00e9e sur la plage","datePublished":"2023-06-06T20:27:10+00:00","dateModified":"2023-06-06T20:27:12+00:00","mainEntityOfPage":{"@id":"https:\/\/www.jokeme.fr\/actus\/le-conducteur-de-bmw-fait-un-cauchemar-alors-que-la-voiture-se-lave-avec-la-maree-apres-lavoir-garee-sur-la-plage\/"},"wordCount":568,"publisher":{"@id":"https:\/\/www.jokeme.fr\/actus\/#organization"},"keywords":["alors","apr\u00e8s","avec","BMW","cauchemar","conducteur","fait","gar\u00e9e","lave","lavoir","mar\u00e9e","plage","sur","voiture"],"inLanguage":"fr-FR"},{"@type":"WebPage","@id":"https:\/\/www.jokeme.fr\/actus\/le-conducteur-de-bmw-fait-un-cauchemar-alors-que-la-voiture-se-lave-avec-la-maree-apres-lavoir-garee-sur-la-plage\/","url":"https:\/\/www.jokeme.fr\/actus\/le-conducteur-de-bmw-fait-un-cauchemar-alors-que-la-voiture-se-lave-avec-la-maree-apres-lavoir-garee-sur-la-plage\/","name":"Le conducteur de BMW fait un cauchemar alors que la voiture se lave avec la mar\u00e9e apr\u00e8s l'avoir gar\u00e9e sur la plage - Actualit\u00e9s - Joke Me","isPartOf":{"@id":"https:\/\/www.jokeme.fr\/actus\/#website"},"datePublished":"2023-06-06T20:27:10+00:00","dateModified":"2023-06-06T20:27:12+00:00","breadcrumb":{"@id":"https:\/\/www.jokeme.fr\/actus\/le-conducteur-de-bmw-fait-un-cauchemar-alors-que-la-voiture-se-lave-avec-la-maree-apres-lavoir-garee-sur-la-plage\/#breadcrumb"},"inLanguage":"fr-FR","potentialAction":[{"@type":"ReadAction","target":["https:\/\/www.jokeme.fr\/actus\/le-conducteur-de-bmw-fait-un-cauchemar-alors-que-la-voiture-se-lave-avec-la-maree-apres-lavoir-garee-sur-la-plage\/"]}]},{"@type":"BreadcrumbList","@id":"https:\/\/www.jokeme.fr\/actus\/le-conducteur-de-bmw-fait-un-cauchemar-alors-que-la-voiture-se-lave-avec-la-maree-apres-lavoir-garee-sur-la-plage\/#breadcrumb","itemListElement":[{"@type":"ListItem","position":1,"name":"Accueil","item":"https:\/\/www.jokeme.fr\/actus\/"},{"@type":"ListItem","position":2,"name":"Le conducteur de BMW fait un cauchemar alors que la voiture se lave avec la mar\u00e9e apr\u00e8s l&rsquo;avoir gar\u00e9e sur la plage"}]},{"@type":"WebSite","@id":"https:\/\/www.jokeme.fr\/actus\/#website","url":"https:\/\/www.jokeme.fr\/actus\/","name":"Actualit\u00e9s - Joke Me","description":"L&#039;actualit\u00e9 du rire","publisher":{"@id":"https:\/\/www.jokeme.fr\/actus\/#organization"},"potentialAction":[{"@type":"SearchAction","target":{"@type":"EntryPoint","urlTemplate":"https:\/\/www.jokeme.fr\/actus\/?s={search_term_string}"},"query-input":"required name=search_term_string"}],"inLanguage":"fr-FR"},{"@type":"Organization","@id":"https:\/\/www.jokeme.fr\/actus\/#organization","name":"Actualit\u00e9s - Joke Me","url":"https:\/\/www.jokeme.fr\/actus\/","logo":{"@type":"ImageObject","inLanguage":"fr-FR","@id":"https:\/\/www.jokeme.fr\/actus\/#\/schema\/logo\/image\/","url":"https:\/\/www.jokeme.fr\/actus\/wp-content\/uploads\/2023\/06\/cropped-Logo-Joke-Me.png","contentUrl":"https:\/\/www.jokeme.fr\/actus\/wp-content\/uploads\/2023\/06\/cropped-Logo-Joke-Me.png","width":499,"height":363,"caption":"Actualit\u00e9s - Joke Me"},"image":{"@id":"https:\/\/www.jokeme.fr\/actus\/#\/schema\/logo\/image\/"}},{"@type":"Person","@id":"https:\/\/www.jokeme.fr\/actus\/#\/schema\/person\/f0c6ad0d33ca144389e81e45a212928f","name":"Didier","image":{"@type":"ImageObject","inLanguage":"fr-FR","@id":"https:\/\/www.jokeme.fr\/actus\/#\/schema\/person\/image\/","url":"https:\/\/www.jokeme.fr\/actus\/wp-content\/uploads\/2024\/03\/jokeme-didier.jpg","contentUrl":"https:\/\/www.jokeme.fr\/actus\/wp-content\/uploads\/2024\/03\/jokeme-didier.jpg","caption":"Didier"},"description":"Didier, passionn\u00e9 de cin\u00e9ma, est un r\u00e9dacteur pour le m\u00e9dia Jokeme, o\u00f9 il partage sa passion \u00e0 travers des articles divertissants et informatifs. Ayant \u00e9tudi\u00e9 le journalisme, il allie sa formation \u00e0 sa passion pour offrir un contenu de qualit\u00e9 sur le monde du cin\u00e9ma.","sameAs":["https:\/\/www.jokeme.fr\/actus"]}]}},"_links":{"self":[{"href":"https:\/\/www.jokeme.fr\/actus\/wp-json\/wp\/v2\/posts\/87"}],"collection":[{"href":"https:\/\/www.jokeme.fr\/actus\/wp-json\/wp\/v2\/posts"}],"about":[{"href":"https:\/\/www.jokeme.fr\/actus\/wp-json\/wp\/v2\/types\/post"}],"author":[{"embeddable":true,"href":"https:\/\/www.jokeme.fr\/actus\/wp-json\/wp\/v2\/users\/1"}],"replies":[{"embeddable":true,"href":"https:\/\/www.jokeme.fr\/actus\/wp-json\/wp\/v2\/comments?post=87"}],"version-history":[{"count":1,"href":"https:\/\/www.jokeme.fr\/actus\/wp-json\/wp\/v2\/posts\/87\/revisions"}],"predecessor-version":[{"id":89,"href":"https:\/\/www.jokeme.fr\/actus\/wp-json\/wp\/v2\/posts\/87\/revisions\/89"}],"wp:featuredmedia":[{"embeddable":true,"href":"https:\/\/www.jokeme.fr\/actus\/wp-json\/wp\/v2\/media\/88"}],"wp:attachment":[{"href":"https:\/\/www.jokeme.fr\/actus\/wp-json\/wp\/v2\/media?parent=87"}],"wp:term":[{"taxonomy":"category","embeddable":true,"href":"https:\/\/www.jokeme.fr\/actus\/wp-json\/wp\/v2\/categories?post=87"},{"taxonomy":"post_tag","embeddable":true,"href":"https:\/\/www.jokeme.fr\/actus\/wp-json\/wp\/v2\/tags?post=87"}],"curies":[{"name":"wp","href":"https:\/\/api.w.org\/{rel}","templated":true}]}}