{"id":966,"date":"2023-09-13T20:08:02","date_gmt":"2023-09-13T18:08:02","guid":{"rendered":"https:\/\/www.jokeme.fr\/actus\/le-gouvernement-mexicain-a-publie-des-radiographies-de-deux-corps-extraterrestres-decouverts-au-perou\/"},"modified":"2023-09-13T20:08:03","modified_gmt":"2023-09-13T18:08:03","slug":"le-gouvernement-mexicain-a-publie-des-radiographies-de-deux-corps-extraterrestres-decouverts-au-perou","status":"publish","type":"post","link":"https:\/\/www.jokeme.fr\/actus\/le-gouvernement-mexicain-a-publie-des-radiographies-de-deux-corps-extraterrestres-decouverts-au-perou\/","title":{"rendered":"Le gouvernement mexicain a publi\u00e9 des \u00ab radiographies \u00bb de deux \u00ab corps extraterrestres \u00bb d\u00e9couverts au P\u00e9rou"},"content":{"rendered":"<div>\n<div class=\"css-12zje5r\">\n<p>Des radiographies des deux \u00ab\u00a0corps extraterrestres\u00a0\u00bb qui ont \u00e9t\u00e9 expos\u00e9s lors d&rsquo;une audience publique au congr\u00e8s cette semaine ont \u00e9t\u00e9 publi\u00e9es par le gouvernement mexicain.<\/p>\n<\/div>\n<div class=\"css-c2lb2p\">\n<p>Des \u00ab scans aux rayons X \u00bb des cadavres \u2013 qui auraient entre 700 et 1\u00a0800 ans apr\u00e8s avoir \u00e9t\u00e9 d\u00e9couverts \u00e0 Cusco, au P\u00e9rou \u2013 ont depuis \u00e9t\u00e9 rendus publics et ont certainement suscit\u00e9 un buzz consid\u00e9rable au sein de la communaut\u00e9 des th\u00e9oriciens du complot sur les ovnis.<\/p>\n<\/div>\n<div class=\"css-c2lb2p\">\n<p>Les corps non identifi\u00e9s n&rsquo;avaient \u00e9galement que trois doigts \u00e0 chaque main, des t\u00eates allong\u00e9es, des os l\u00e9gers et pas de dents.<\/p>\n<\/div>\n<div class=\"css-12zje5r\">\n<p>Le journaliste et ufologue Jaime Maussan \u00e9tait pr\u00e9sent au congr\u00e8s lors de la r\u00e9v\u00e9lation explosive et a annonc\u00e9 sur Facebook : \u00ab\u00a0En ce moment, les deux corps d\u00e9couverts au P\u00e9rou sont montr\u00e9s au public et appartiennent \u00e0 des \u00eatres tridactyles.\u00a0\u00bb<\/p>\n<\/div>\n<div class=\"css-12zje5r\">\n<p>Tridactyle signifie simplement avoir trois orteils ou doigts.<\/p>\n<\/div>\n<figure class=\"css-1ey54xo\"><picture class=\"css-1x72e95\"><source  media=\"(min-width: 0px) and (max-width: 380px) and (max-resolution: 1dppx)\" type=\"image\/webp\"\/><source  media=\"(min-width: 0px) and (max-width: 380px) and (max-resolution: 1dppx)\" type=\"image\/jpeg\"\/><source  media=\"(min-width: 0px) and (max-width: 380px) and (-webkit-max-device-pixel-ratio: 1)\" type=\"image\/webp\"\/><source  media=\"(min-width: 0px) and (max-width: 380px) and (-webkit-max-device-pixel-ratio: 1)\" type=\"image\/jpeg\"\/><source  media=\"(min-width: 0px) and (max-width: 380px) and (max-resolution: 3dppx)\" type=\"image\/webp\"\/><source  media=\"(min-width: 0px) and (max-width: 380px) and (max-resolution: 3dppx)\" type=\"image\/jpeg\"\/><source  media=\"(min-width: 0px) and (max-width: 380px) and (-webkit-max-device-pixel-ratio: 3)\" type=\"image\/webp\"\/><source  media=\"(min-width: 0px) and (max-width: 380px) and (-webkit-max-device-pixel-ratio: 3)\" type=\"image\/jpeg\"\/><source  media=\"(min-width: 380px) and (min-resolution: 2dppx)\" type=\"image\/webp\"\/><source  media=\"(min-width: 380px) and (min-resolution: 2dppx)\" type=\"image\/jpeg\"\/><source  media=\"(min-width: 380px) and (-webkit-min-device-pixel-ratio: 2)\" type=\"image\/webp\"\/><source  media=\"(min-width: 380px) and (-webkit-min-device-pixel-ratio: 2)\" type=\"image\/jpeg\"\/><source  type=\"image\/webp\"\/><source  type=\"image\/jpeg\"\/><\/picture><figcaption class=\"css-1hkjxsv\">Deux \u00ab corps non humains \u00bb ont \u00e9t\u00e9 d\u00e9voil\u00e9s par le gouvernement mexicain.  Cr\u00e9dit : Canal del Congreso M\u00e9xico<\/figcaption><\/figure>\n<div class=\"css-12zje5r\">\n<p>Les corps pr\u00e9sentaient une forme quelque peu humano\u00efde avec un cou r\u00e9tractable et des traits du visage distinctifs.<\/p>\n<\/div>\n<div class=\"css-12zje5r\">\n<p>Il a \u00e9galement t\u00e9moign\u00e9 sous serment que les corps ne font pas partie de \u00ab notre \u00e9volution terrestre \u00bb.<\/p>\n<\/div>\n<div class=\"css-12zje5r\">\n<p>Maussan, qui a d\u00e9j\u00e0 \u00e9t\u00e9 associ\u00e9 \u00e0 un certain nombre de all\u00e9gations d\u00e9mystifi\u00e9es sur les extraterrestres, a poursuivi en expliquant : \u00ab Ces sp\u00e9cimens ne font pas partie de notre \u00e9volution terrestre.<\/p>\n<\/div>\n<div class=\"css-12zje5r\">\n<p>\u00ab\u00a0Ce ne sont pas des \u00eatres trouv\u00e9s apr\u00e8s l&rsquo;\u00e9pave d&rsquo;un OVNI. Ils ont \u00e9t\u00e9 trouv\u00e9s dans des mines de diatom\u00e9es (algues), et ont ensuite \u00e9t\u00e9 fossilis\u00e9s.\u00a0\u00bb<\/p>\n<\/div>\n<figure class=\"css-1ey54xo\"><picture class=\"css-1x72e95\"><source  media=\"(min-width: 0px) and (max-width: 380px) and (max-resolution: 1dppx)\" type=\"image\/webp\"\/><source  media=\"(min-width: 0px) and (max-width: 380px) and (max-resolution: 1dppx)\" type=\"image\/jpeg\"\/><source  media=\"(min-width: 0px) and (max-width: 380px) and (-webkit-max-device-pixel-ratio: 1)\" type=\"image\/webp\"\/><source  media=\"(min-width: 0px) and (max-width: 380px) and (-webkit-max-device-pixel-ratio: 1)\" type=\"image\/jpeg\"\/><source  media=\"(min-width: 0px) and (max-width: 380px) and (max-resolution: 3dppx)\" type=\"image\/webp\"\/><source  media=\"(min-width: 0px) and (max-width: 380px) and (max-resolution: 3dppx)\" type=\"image\/jpeg\"\/><source  media=\"(min-width: 0px) and (max-width: 380px) and (-webkit-max-device-pixel-ratio: 3)\" type=\"image\/webp\"\/><source  media=\"(min-width: 0px) and (max-width: 380px) and (-webkit-max-device-pixel-ratio: 3)\" type=\"image\/jpeg\"\/><source  media=\"(min-width: 380px) and (min-resolution: 2dppx)\" type=\"image\/webp\"\/><source  media=\"(min-width: 380px) and (min-resolution: 2dppx)\" type=\"image\/jpeg\"\/><source  media=\"(min-width: 380px) and (-webkit-min-device-pixel-ratio: 2)\" type=\"image\/webp\"\/><source  media=\"(min-width: 380px) and (-webkit-min-device-pixel-ratio: 2)\" type=\"image\/jpeg\"\/><source  type=\"image\/webp\"\/><source  type=\"image\/jpeg\"\/><img decoding=\"async\" src=\"https:\/\/www.jokeme.fr\/actus\/wp-content\/uploads\/2023\/09\/Le-gouvernement-mexicain-a-publie-des-radiographies-de.png\" alt=\"Plus de 30 pour cent de l\u2019ADN des sp\u00e9cimens serait \u00ab inconnu \u00bb.  Cr\u00e9dit : Canal del Congreso M\u00e9xico\" loading=\"lazy\"\/><\/picture><figcaption class=\"css-1hkjxsv\">Plus de 30 pour cent de l\u2019ADN des sp\u00e9cimens serait \u00ab inconnu \u00bb.  Cr\u00e9dit : Canal del Congreso M\u00e9xico<\/figcaption><\/figure>\n<div class=\"css-c2lb2p\">\n<p>Au cours de l&rsquo;audience publique, Maussan a montr\u00e9 \u00e0 des responsables am\u00e9ricains et \u00e0 des membres du gouvernement mexicain des vid\u00e9os d&rsquo;\u00ab ovnis et de ph\u00e9nom\u00e8nes anormaux non identifi\u00e9s \u00bb avant de d\u00e9voiler les pr\u00e9tendus cadavres d&rsquo;extraterrestres.<\/p>\n<\/div>\n<div class=\"css-c2lb2p\">\n<p>Le journaliste a \u00e9galement d\u00e9clar\u00e9 que des scientifiques de l&rsquo;Universit\u00e9 nationale autonome du Mexique (UNAM) \u00e9taient parvenus \u00e0 collecter des preuves ADN gr\u00e2ce \u00e0 la datation au radiocarbone.<\/p>\n<\/div>\n<div class=\"css-12zje5r\">\n<p>Plus de 30 pour cent de leur ADN serait \u00ab inconnu \u00bb.<\/p>\n<\/div>\n<div class=\"css-12zje5r\">\n<p>Il a ensuite ajout\u00e9 : \u00ab\u00a0Qu&rsquo;ils soient extraterrestres ou non, nous ne le savons pas, mais ils \u00e9taient intelligents et ils vivaient avec nous. Ils devraient r\u00e9\u00e9crire l&rsquo;histoire.\u00a0\u00bb<\/p>\n<\/div>\n<figure class=\"css-1ey54xo\"><picture class=\"css-1x72e95\"><source  media=\"(min-width: 0px) and (max-width: 380px) and (max-resolution: 1dppx)\" type=\"image\/webp\"\/><source  media=\"(min-width: 0px) and (max-width: 380px) and (max-resolution: 1dppx)\" type=\"image\/jpeg\"\/><source  media=\"(min-width: 0px) and (max-width: 380px) and (-webkit-max-device-pixel-ratio: 1)\" type=\"image\/webp\"\/><source  media=\"(min-width: 0px) and (max-width: 380px) and (-webkit-max-device-pixel-ratio: 1)\" type=\"image\/jpeg\"\/><source  media=\"(min-width: 0px) and (max-width: 380px) and (max-resolution: 3dppx)\" type=\"image\/webp\"\/><source  media=\"(min-width: 0px) and (max-width: 380px) and (max-resolution: 3dppx)\" type=\"image\/jpeg\"\/><source  media=\"(min-width: 0px) and (max-width: 380px) and (-webkit-max-device-pixel-ratio: 3)\" type=\"image\/webp\"\/><source  media=\"(min-width: 0px) and (max-width: 380px) and (-webkit-max-device-pixel-ratio: 3)\" type=\"image\/jpeg\"\/><source  media=\"(min-width: 380px) and (min-resolution: 2dppx)\" type=\"image\/webp\"\/><source  media=\"(min-width: 380px) and (min-resolution: 2dppx)\" type=\"image\/jpeg\"\/><source  media=\"(min-width: 380px) and (-webkit-min-device-pixel-ratio: 2)\" type=\"image\/webp\"\/><source  media=\"(min-width: 380px) and (-webkit-min-device-pixel-ratio: 2)\" type=\"image\/jpeg\"\/><source  type=\"image\/webp\"\/><source  type=\"image\/jpeg\"\/><img decoding=\"async\" src=\"https:\/\/www.jokeme.fr\/actus\/wp-content\/uploads\/2023\/09\/1694628482_400_Le-gouvernement-mexicain-a-publie-des-radiographies-de.png\" alt=\"Des \u00ab radiographies \u00bb des deux pr\u00e9tendus \u00ab corps extraterrestres \u00bb ont \u00e9t\u00e9 pr\u00e9sent\u00e9es au congr\u00e8s mexicain.  Cr\u00e9dit : Canal del Congreso M\u00e9xico\" loading=\"lazy\"\/><\/picture><figcaption class=\"css-1hkjxsv\">Des \u00ab radiographies \u00bb des deux pr\u00e9tendus \u00ab corps extraterrestres \u00bb ont \u00e9t\u00e9 pr\u00e9sent\u00e9es au congr\u00e8s mexicain.  Cr\u00e9dit : Canal del Congreso M\u00e9xico<\/figcaption><\/figure>\n<div class=\"css-12zje5r\">\n<p>Des radiographies des deux extraterrestres pr\u00e9sum\u00e9s ont \u00e9galement \u00e9t\u00e9 montr\u00e9es, des experts t\u00e9moignant sous serment que l&rsquo;un d&rsquo;eux contenait des \u00ab \u0153ufs \u00bb \u00e0 l&rsquo;int\u00e9rieur.<\/p>\n<\/div>\n<div class=\"css-12zje5r\">\n<p>Les deux sp\u00e9cimens auraient \u00e9galement des implants constitu\u00e9s de m\u00e9taux tr\u00e8s rares comme le cadmium et l\u2019osmium.<\/p>\n<\/div>\n<div class=\"css-12zje5r\">\n<p>Sans surprise, la pr\u00e9sentation a attir\u00e9 une attention assez importante.<\/p>\n<\/div>\n<div class=\"css-12zje5r\">\n<p>Plusieurs responsables mexicains et am\u00e9ricains \u00e9taient pr\u00e9sents, notamment Ryan Graves, directeur aujourd&rsquo;hui \u00e0 la retraite de la marine am\u00e9ricaine et ancien pilote de la marine.<\/p>\n<\/div>\n<div class=\"css-12zje5r\">\n<p>Graves avait d\u00e9j\u00e0 t\u00e9moign\u00e9 sur les observations (UAP) et la classification gouvernementale.<\/p>\n<\/div>\n<\/div>\n","protected":false},"excerpt":{"rendered":"<p>Des radiographies des deux \u00ab\u00a0corps extraterrestres\u00a0\u00bb qui ont \u00e9t\u00e9 expos\u00e9s lors d&rsquo;une audience publique au congr\u00e8s cette semaine ont \u00e9t\u00e9 publi\u00e9es par le gouvernement mexicain. Des \u00ab scans aux rayons X \u00bb des cadavres \u2013 qui auraient entre 700 et 1\u00a0800 ans apr\u00e8s avoir \u00e9t\u00e9 d\u00e9couverts \u00e0 Cusco, au P\u00e9rou \u2013 ont depuis \u00e9t\u00e9 rendus &#8230; <a title=\"Le gouvernement mexicain a publi\u00e9 des \u00ab radiographies \u00bb de deux \u00ab corps extraterrestres \u00bb d\u00e9couverts au P\u00e9rou\" class=\"read-more\" href=\"https:\/\/www.jokeme.fr\/actus\/le-gouvernement-mexicain-a-publie-des-radiographies-de-deux-corps-extraterrestres-decouverts-au-perou\/\" aria-label=\"Plus sur Le gouvernement mexicain a publi\u00e9 des \u00ab radiographies \u00bb de deux \u00ab corps extraterrestres \u00bb d\u00e9couverts au P\u00e9rou\">Lire plus<\/a><\/p>\n","protected":false},"author":1,"featured_media":967,"comment_status":"closed","ping_status":"open","sticky":false,"template":"","format":"standard","meta":{"footnotes":""},"categories":[1],"tags":[337,1902,20,377,599,1383,1899,1903,1900,1901],"yoast_head":"<!-- This site is optimized with the Yoast SEO plugin v20.8 - https:\/\/yoast.com\/wordpress\/plugins\/seo\/ -->\n<title>Le gouvernement mexicain a publi\u00e9 des \u00ab radiographies \u00bb de deux \u00ab corps extraterrestres \u00bb d\u00e9couverts au P\u00e9rou - Actualit\u00e9s - Joke Me<\/title>\n<meta name=\"robots\" content=\"index, follow, max-snippet:-1, max-image-preview:large, max-video-preview:-1\" \/>\n<link rel=\"canonical\" href=\"https:\/\/www.jokeme.fr\/actus\/le-gouvernement-mexicain-a-publie-des-radiographies-de-deux-corps-extraterrestres-decouverts-au-perou\/\" \/>\n<meta property=\"og:locale\" content=\"fr_FR\" \/>\n<meta property=\"og:type\" content=\"article\" \/>\n<meta property=\"og:title\" content=\"Le gouvernement mexicain a publi\u00e9 des \u00ab radiographies \u00bb de deux \u00ab corps extraterrestres \u00bb d\u00e9couverts au P\u00e9rou - Actualit\u00e9s - Joke Me\" \/>\n<meta property=\"og:description\" content=\"Des radiographies des deux \u00ab\u00a0corps extraterrestres\u00a0\u00bb qui ont \u00e9t\u00e9 expos\u00e9s lors d&rsquo;une audience publique au congr\u00e8s cette semaine ont \u00e9t\u00e9 publi\u00e9es par le gouvernement mexicain. Des \u00ab scans aux rayons X \u00bb des cadavres \u2013 qui auraient entre 700 et 1\u00a0800 ans apr\u00e8s avoir \u00e9t\u00e9 d\u00e9couverts \u00e0 Cusco, au P\u00e9rou \u2013 ont depuis \u00e9t\u00e9 rendus ... Lire plus\" \/>\n<meta property=\"og:url\" content=\"https:\/\/www.jokeme.fr\/actus\/le-gouvernement-mexicain-a-publie-des-radiographies-de-deux-corps-extraterrestres-decouverts-au-perou\/\" \/>\n<meta property=\"og:site_name\" content=\"Actualit\u00e9s - Joke Me\" \/>\n<meta property=\"article:published_time\" content=\"2023-09-13T18:08:02+00:00\" \/>\n<meta property=\"article:modified_time\" content=\"2023-09-13T18:08:03+00:00\" \/>\n<meta property=\"og:image\" content=\"https:\/\/www.jokeme.fr\/actus\/wp-content\/uploads\/2023\/09\/1694628482_Le-gouvernement-mexicain-a-publie-des-radiographies-de.png\" \/>\n\t<meta property=\"og:image:width\" content=\"1200\" \/>\n\t<meta property=\"og:image:height\" content=\"675\" \/>\n\t<meta property=\"og:image:type\" content=\"image\/png\" \/>\n<meta name=\"author\" content=\"Didier\" \/>\n<meta name=\"twitter:card\" content=\"summary_large_image\" \/>\n<meta name=\"twitter:label1\" content=\"\u00c9crit par\" \/>\n\t<meta name=\"twitter:data1\" content=\"Didier\" \/>\n\t<meta name=\"twitter:label2\" content=\"Dur\u00e9e de lecture estim\u00e9e\" \/>\n\t<meta name=\"twitter:data2\" content=\"3 minutes\" \/>\n<script type=\"application\/ld+json\" class=\"yoast-schema-graph\">{\"@context\":\"https:\/\/schema.org\",\"@graph\":[{\"@type\":\"Article\",\"@id\":\"https:\/\/www.jokeme.fr\/actus\/le-gouvernement-mexicain-a-publie-des-radiographies-de-deux-corps-extraterrestres-decouverts-au-perou\/#article\",\"isPartOf\":{\"@id\":\"https:\/\/www.jokeme.fr\/actus\/le-gouvernement-mexicain-a-publie-des-radiographies-de-deux-corps-extraterrestres-decouverts-au-perou\/\"},\"author\":{\"name\":\"Didier\",\"@id\":\"https:\/\/www.jokeme.fr\/actus\/#\/schema\/person\/f0c6ad0d33ca144389e81e45a212928f\"},\"headline\":\"Le gouvernement mexicain a publi\u00e9 des \u00ab radiographies \u00bb de deux \u00ab corps extraterrestres \u00bb d\u00e9couverts au P\u00e9rou\",\"datePublished\":\"2023-09-13T18:08:02+00:00\",\"dateModified\":\"2023-09-13T18:08:03+00:00\",\"mainEntityOfPage\":{\"@id\":\"https:\/\/www.jokeme.fr\/actus\/le-gouvernement-mexicain-a-publie-des-radiographies-de-deux-corps-extraterrestres-decouverts-au-perou\/\"},\"wordCount\":545,\"publisher\":{\"@id\":\"https:\/\/www.jokeme.fr\/actus\/#organization\"},\"keywords\":[\"corps\",\"d\u00e9couverts\",\"des\",\"deux\",\"extraterrestres\",\"gouvernement\",\"mexicain\",\"P\u00e9rou\",\"publi\u00e9\",\"radiographies\"],\"inLanguage\":\"fr-FR\"},{\"@type\":\"WebPage\",\"@id\":\"https:\/\/www.jokeme.fr\/actus\/le-gouvernement-mexicain-a-publie-des-radiographies-de-deux-corps-extraterrestres-decouverts-au-perou\/\",\"url\":\"https:\/\/www.jokeme.fr\/actus\/le-gouvernement-mexicain-a-publie-des-radiographies-de-deux-corps-extraterrestres-decouverts-au-perou\/\",\"name\":\"Le gouvernement mexicain a publi\u00e9 des \u00ab radiographies \u00bb de deux \u00ab corps extraterrestres \u00bb d\u00e9couverts au P\u00e9rou - Actualit\u00e9s - Joke Me\",\"isPartOf\":{\"@id\":\"https:\/\/www.jokeme.fr\/actus\/#website\"},\"datePublished\":\"2023-09-13T18:08:02+00:00\",\"dateModified\":\"2023-09-13T18:08:03+00:00\",\"breadcrumb\":{\"@id\":\"https:\/\/www.jokeme.fr\/actus\/le-gouvernement-mexicain-a-publie-des-radiographies-de-deux-corps-extraterrestres-decouverts-au-perou\/#breadcrumb\"},\"inLanguage\":\"fr-FR\",\"potentialAction\":[{\"@type\":\"ReadAction\",\"target\":[\"https:\/\/www.jokeme.fr\/actus\/le-gouvernement-mexicain-a-publie-des-radiographies-de-deux-corps-extraterrestres-decouverts-au-perou\/\"]}]},{\"@type\":\"BreadcrumbList\",\"@id\":\"https:\/\/www.jokeme.fr\/actus\/le-gouvernement-mexicain-a-publie-des-radiographies-de-deux-corps-extraterrestres-decouverts-au-perou\/#breadcrumb\",\"itemListElement\":[{\"@type\":\"ListItem\",\"position\":1,\"name\":\"Accueil\",\"item\":\"https:\/\/www.jokeme.fr\/actus\/\"},{\"@type\":\"ListItem\",\"position\":2,\"name\":\"Le gouvernement mexicain a publi\u00e9 des \u00ab radiographies \u00bb de deux \u00ab corps extraterrestres \u00bb d\u00e9couverts au P\u00e9rou\"}]},{\"@type\":\"WebSite\",\"@id\":\"https:\/\/www.jokeme.fr\/actus\/#website\",\"url\":\"https:\/\/www.jokeme.fr\/actus\/\",\"name\":\"Actualit\u00e9s - Joke Me\",\"description\":\"L&#039;actualit\u00e9 du rire\",\"publisher\":{\"@id\":\"https:\/\/www.jokeme.fr\/actus\/#organization\"},\"potentialAction\":[{\"@type\":\"SearchAction\",\"target\":{\"@type\":\"EntryPoint\",\"urlTemplate\":\"https:\/\/www.jokeme.fr\/actus\/?s={search_term_string}\"},\"query-input\":\"required name=search_term_string\"}],\"inLanguage\":\"fr-FR\"},{\"@type\":\"Organization\",\"@id\":\"https:\/\/www.jokeme.fr\/actus\/#organization\",\"name\":\"Actualit\u00e9s - Joke Me\",\"url\":\"https:\/\/www.jokeme.fr\/actus\/\",\"logo\":{\"@type\":\"ImageObject\",\"inLanguage\":\"fr-FR\",\"@id\":\"https:\/\/www.jokeme.fr\/actus\/#\/schema\/logo\/image\/\",\"url\":\"https:\/\/www.jokeme.fr\/actus\/wp-content\/uploads\/2023\/06\/cropped-Logo-Joke-Me.png\",\"contentUrl\":\"https:\/\/www.jokeme.fr\/actus\/wp-content\/uploads\/2023\/06\/cropped-Logo-Joke-Me.png\",\"width\":499,\"height\":363,\"caption\":\"Actualit\u00e9s - Joke Me\"},\"image\":{\"@id\":\"https:\/\/www.jokeme.fr\/actus\/#\/schema\/logo\/image\/\"}},{\"@type\":\"Person\",\"@id\":\"https:\/\/www.jokeme.fr\/actus\/#\/schema\/person\/f0c6ad0d33ca144389e81e45a212928f\",\"name\":\"Didier\",\"image\":{\"@type\":\"ImageObject\",\"inLanguage\":\"fr-FR\",\"@id\":\"https:\/\/www.jokeme.fr\/actus\/#\/schema\/person\/image\/\",\"url\":\"https:\/\/www.jokeme.fr\/actus\/wp-content\/uploads\/2024\/03\/jokeme-didier.jpg\",\"contentUrl\":\"https:\/\/www.jokeme.fr\/actus\/wp-content\/uploads\/2024\/03\/jokeme-didier.jpg\",\"caption\":\"Didier\"},\"description\":\"Didier, passionn\u00e9 de cin\u00e9ma, est un r\u00e9dacteur pour le m\u00e9dia Jokeme, o\u00f9 il partage sa passion \u00e0 travers des articles divertissants et informatifs. Ayant \u00e9tudi\u00e9 le journalisme, il allie sa formation \u00e0 sa passion pour offrir un contenu de qualit\u00e9 sur le monde du cin\u00e9ma.\",\"sameAs\":[\"https:\/\/www.jokeme.fr\/actus\"]}]}<\/script>\n<!-- \/ Yoast SEO plugin. -->","yoast_head_json":{"title":"Le gouvernement mexicain a publi\u00e9 des \u00ab radiographies \u00bb de deux \u00ab corps extraterrestres \u00bb d\u00e9couverts au P\u00e9rou - Actualit\u00e9s - Joke Me","robots":{"index":"index","follow":"follow","max-snippet":"max-snippet:-1","max-image-preview":"max-image-preview:large","max-video-preview":"max-video-preview:-1"},"canonical":"https:\/\/www.jokeme.fr\/actus\/le-gouvernement-mexicain-a-publie-des-radiographies-de-deux-corps-extraterrestres-decouverts-au-perou\/","og_locale":"fr_FR","og_type":"article","og_title":"Le gouvernement mexicain a publi\u00e9 des \u00ab radiographies \u00bb de deux \u00ab corps extraterrestres \u00bb d\u00e9couverts au P\u00e9rou - Actualit\u00e9s - Joke Me","og_description":"Des radiographies des deux \u00ab\u00a0corps extraterrestres\u00a0\u00bb qui ont \u00e9t\u00e9 expos\u00e9s lors d&rsquo;une audience publique au congr\u00e8s cette semaine ont \u00e9t\u00e9 publi\u00e9es par le gouvernement mexicain. Des \u00ab scans aux rayons X \u00bb des cadavres \u2013 qui auraient entre 700 et 1\u00a0800 ans apr\u00e8s avoir \u00e9t\u00e9 d\u00e9couverts \u00e0 Cusco, au P\u00e9rou \u2013 ont depuis \u00e9t\u00e9 rendus ... Lire plus","og_url":"https:\/\/www.jokeme.fr\/actus\/le-gouvernement-mexicain-a-publie-des-radiographies-de-deux-corps-extraterrestres-decouverts-au-perou\/","og_site_name":"Actualit\u00e9s - Joke Me","article_published_time":"2023-09-13T18:08:02+00:00","article_modified_time":"2023-09-13T18:08:03+00:00","og_image":[{"width":1200,"height":675,"url":"https:\/\/www.jokeme.fr\/actus\/wp-content\/uploads\/2023\/09\/1694628482_Le-gouvernement-mexicain-a-publie-des-radiographies-de.png","type":"image\/png"}],"author":"Didier","twitter_card":"summary_large_image","twitter_misc":{"\u00c9crit par":"Didier","Dur\u00e9e de lecture estim\u00e9e":"3 minutes"},"schema":{"@context":"https:\/\/schema.org","@graph":[{"@type":"Article","@id":"https:\/\/www.jokeme.fr\/actus\/le-gouvernement-mexicain-a-publie-des-radiographies-de-deux-corps-extraterrestres-decouverts-au-perou\/#article","isPartOf":{"@id":"https:\/\/www.jokeme.fr\/actus\/le-gouvernement-mexicain-a-publie-des-radiographies-de-deux-corps-extraterrestres-decouverts-au-perou\/"},"author":{"name":"Didier","@id":"https:\/\/www.jokeme.fr\/actus\/#\/schema\/person\/f0c6ad0d33ca144389e81e45a212928f"},"headline":"Le gouvernement mexicain a publi\u00e9 des \u00ab radiographies \u00bb de deux \u00ab corps extraterrestres \u00bb d\u00e9couverts au P\u00e9rou","datePublished":"2023-09-13T18:08:02+00:00","dateModified":"2023-09-13T18:08:03+00:00","mainEntityOfPage":{"@id":"https:\/\/www.jokeme.fr\/actus\/le-gouvernement-mexicain-a-publie-des-radiographies-de-deux-corps-extraterrestres-decouverts-au-perou\/"},"wordCount":545,"publisher":{"@id":"https:\/\/www.jokeme.fr\/actus\/#organization"},"keywords":["corps","d\u00e9couverts","des","deux","extraterrestres","gouvernement","mexicain","P\u00e9rou","publi\u00e9","radiographies"],"inLanguage":"fr-FR"},{"@type":"WebPage","@id":"https:\/\/www.jokeme.fr\/actus\/le-gouvernement-mexicain-a-publie-des-radiographies-de-deux-corps-extraterrestres-decouverts-au-perou\/","url":"https:\/\/www.jokeme.fr\/actus\/le-gouvernement-mexicain-a-publie-des-radiographies-de-deux-corps-extraterrestres-decouverts-au-perou\/","name":"Le gouvernement mexicain a publi\u00e9 des \u00ab radiographies \u00bb de deux \u00ab corps extraterrestres \u00bb d\u00e9couverts au P\u00e9rou - Actualit\u00e9s - Joke Me","isPartOf":{"@id":"https:\/\/www.jokeme.fr\/actus\/#website"},"datePublished":"2023-09-13T18:08:02+00:00","dateModified":"2023-09-13T18:08:03+00:00","breadcrumb":{"@id":"https:\/\/www.jokeme.fr\/actus\/le-gouvernement-mexicain-a-publie-des-radiographies-de-deux-corps-extraterrestres-decouverts-au-perou\/#breadcrumb"},"inLanguage":"fr-FR","potentialAction":[{"@type":"ReadAction","target":["https:\/\/www.jokeme.fr\/actus\/le-gouvernement-mexicain-a-publie-des-radiographies-de-deux-corps-extraterrestres-decouverts-au-perou\/"]}]},{"@type":"BreadcrumbList","@id":"https:\/\/www.jokeme.fr\/actus\/le-gouvernement-mexicain-a-publie-des-radiographies-de-deux-corps-extraterrestres-decouverts-au-perou\/#breadcrumb","itemListElement":[{"@type":"ListItem","position":1,"name":"Accueil","item":"https:\/\/www.jokeme.fr\/actus\/"},{"@type":"ListItem","position":2,"name":"Le gouvernement mexicain a publi\u00e9 des \u00ab radiographies \u00bb de deux \u00ab corps extraterrestres \u00bb d\u00e9couverts au P\u00e9rou"}]},{"@type":"WebSite","@id":"https:\/\/www.jokeme.fr\/actus\/#website","url":"https:\/\/www.jokeme.fr\/actus\/","name":"Actualit\u00e9s - Joke Me","description":"L&#039;actualit\u00e9 du rire","publisher":{"@id":"https:\/\/www.jokeme.fr\/actus\/#organization"},"potentialAction":[{"@type":"SearchAction","target":{"@type":"EntryPoint","urlTemplate":"https:\/\/www.jokeme.fr\/actus\/?s={search_term_string}"},"query-input":"required name=search_term_string"}],"inLanguage":"fr-FR"},{"@type":"Organization","@id":"https:\/\/www.jokeme.fr\/actus\/#organization","name":"Actualit\u00e9s - Joke Me","url":"https:\/\/www.jokeme.fr\/actus\/","logo":{"@type":"ImageObject","inLanguage":"fr-FR","@id":"https:\/\/www.jokeme.fr\/actus\/#\/schema\/logo\/image\/","url":"https:\/\/www.jokeme.fr\/actus\/wp-content\/uploads\/2023\/06\/cropped-Logo-Joke-Me.png","contentUrl":"https:\/\/www.jokeme.fr\/actus\/wp-content\/uploads\/2023\/06\/cropped-Logo-Joke-Me.png","width":499,"height":363,"caption":"Actualit\u00e9s - Joke Me"},"image":{"@id":"https:\/\/www.jokeme.fr\/actus\/#\/schema\/logo\/image\/"}},{"@type":"Person","@id":"https:\/\/www.jokeme.fr\/actus\/#\/schema\/person\/f0c6ad0d33ca144389e81e45a212928f","name":"Didier","image":{"@type":"ImageObject","inLanguage":"fr-FR","@id":"https:\/\/www.jokeme.fr\/actus\/#\/schema\/person\/image\/","url":"https:\/\/www.jokeme.fr\/actus\/wp-content\/uploads\/2024\/03\/jokeme-didier.jpg","contentUrl":"https:\/\/www.jokeme.fr\/actus\/wp-content\/uploads\/2024\/03\/jokeme-didier.jpg","caption":"Didier"},"description":"Didier, passionn\u00e9 de cin\u00e9ma, est un r\u00e9dacteur pour le m\u00e9dia Jokeme, o\u00f9 il partage sa passion \u00e0 travers des articles divertissants et informatifs. Ayant \u00e9tudi\u00e9 le journalisme, il allie sa formation \u00e0 sa passion pour offrir un contenu de qualit\u00e9 sur le monde du cin\u00e9ma.","sameAs":["https:\/\/www.jokeme.fr\/actus"]}]}},"_links":{"self":[{"href":"https:\/\/www.jokeme.fr\/actus\/wp-json\/wp\/v2\/posts\/966"}],"collection":[{"href":"https:\/\/www.jokeme.fr\/actus\/wp-json\/wp\/v2\/posts"}],"about":[{"href":"https:\/\/www.jokeme.fr\/actus\/wp-json\/wp\/v2\/types\/post"}],"author":[{"embeddable":true,"href":"https:\/\/www.jokeme.fr\/actus\/wp-json\/wp\/v2\/users\/1"}],"replies":[{"embeddable":true,"href":"https:\/\/www.jokeme.fr\/actus\/wp-json\/wp\/v2\/comments?post=966"}],"version-history":[{"count":1,"href":"https:\/\/www.jokeme.fr\/actus\/wp-json\/wp\/v2\/posts\/966\/revisions"}],"predecessor-version":[{"id":968,"href":"https:\/\/www.jokeme.fr\/actus\/wp-json\/wp\/v2\/posts\/966\/revisions\/968"}],"wp:featuredmedia":[{"embeddable":true,"href":"https:\/\/www.jokeme.fr\/actus\/wp-json\/wp\/v2\/media\/967"}],"wp:attachment":[{"href":"https:\/\/www.jokeme.fr\/actus\/wp-json\/wp\/v2\/media?parent=966"}],"wp:term":[{"taxonomy":"category","embeddable":true,"href":"https:\/\/www.jokeme.fr\/actus\/wp-json\/wp\/v2\/categories?post=966"},{"taxonomy":"post_tag","embeddable":true,"href":"https:\/\/www.jokeme.fr\/actus\/wp-json\/wp\/v2\/tags?post=966"}],"curies":[{"name":"wp","href":"https:\/\/api.w.org\/{rel}","templated":true}]}}