{"id":978,"date":"2023-09-14T02:22:08","date_gmt":"2023-09-14T00:22:08","guid":{"rendered":"https:\/\/www.jokeme.fr\/actus\/les-lumieres-observees-dans-le-ciel-marocain-laissent-les-scientifiques-perplexes\/"},"modified":"2023-09-14T02:22:09","modified_gmt":"2023-09-14T00:22:09","slug":"les-lumieres-observees-dans-le-ciel-marocain-laissent-les-scientifiques-perplexes","status":"publish","type":"post","link":"https:\/\/www.jokeme.fr\/actus\/les-lumieres-observees-dans-le-ciel-marocain-laissent-les-scientifiques-perplexes\/","title":{"rendered":"Les lumi\u00e8res observ\u00e9es dans le ciel marocain laissent les scientifiques perplexes"},"content":{"rendered":"<div>\n<div class=\"css-12zje5r\">\n<p>Les vid\u00e9os montrant des lumi\u00e8res vives dans le ciel marocain laissent les gens perplexes apr\u00e8s que les clips ont \u00e9t\u00e9 film\u00e9s peu avant le tremblement de terre d\u00e9vastateur qui a frapp\u00e9 le pays.<\/p>\n<\/div>\n<div class=\"css-c2lb2p\">\n<p>Le Maroc a \u00e9t\u00e9 frapp\u00e9 vendredi 8 septembre par un s\u00e9isme de magnitude 6,8 et, au moment de la r\u00e9daction de cet article, pr\u00e8s de 3 000 personnes sont mortes.<\/p>\n<\/div>\n<div class=\"css-12zje5r\">\n<p>5 500 autres personnes ont \u00e9t\u00e9 bless\u00e9es.<\/p>\n<\/div>\n<figure class=\"css-1ey54xo\"><picture class=\"css-1x72e95\"><source  media=\"(min-width: 0px) and (max-width: 380px) and (max-resolution: 1dppx)\" type=\"image\/webp\"\/><source  media=\"(min-width: 0px) and (max-width: 380px) and (max-resolution: 1dppx)\" type=\"image\/jpeg\"\/><source  media=\"(min-width: 0px) and (max-width: 380px) and (-webkit-max-device-pixel-ratio: 1)\" type=\"image\/webp\"\/><source  media=\"(min-width: 0px) and (max-width: 380px) and (-webkit-max-device-pixel-ratio: 1)\" type=\"image\/jpeg\"\/><source  media=\"(min-width: 0px) and (max-width: 380px) and (max-resolution: 3dppx)\" type=\"image\/webp\"\/><source  media=\"(min-width: 0px) and (max-width: 380px) and (max-resolution: 3dppx)\" type=\"image\/jpeg\"\/><source  media=\"(min-width: 0px) and (max-width: 380px) and (-webkit-max-device-pixel-ratio: 3)\" type=\"image\/webp\"\/><source  media=\"(min-width: 0px) and (max-width: 380px) and (-webkit-max-device-pixel-ratio: 3)\" type=\"image\/jpeg\"\/><source  media=\"(min-width: 380px) and (min-resolution: 2dppx)\" type=\"image\/webp\"\/><source  media=\"(min-width: 380px) and (min-resolution: 2dppx)\" type=\"image\/jpeg\"\/><source  media=\"(min-width: 380px) and (-webkit-min-device-pixel-ratio: 2)\" type=\"image\/webp\"\/><source  media=\"(min-width: 380px) and (-webkit-min-device-pixel-ratio: 2)\" type=\"image\/jpeg\"\/><source  type=\"image\/webp\"\/><source  type=\"image\/jpeg\"\/><\/picture><figcaption class=\"css-1hkjxsv\">La c\u00e9l\u00e8bre mosqu\u00e9e Koutoubia de Marrakech a \u00e9t\u00e9 endommag\u00e9e par le s\u00e9isme.  Cr\u00e9dits : Getty\/Malcolm P Chapman<\/figcaption><\/figure>\n<div class=\"css-12zje5r\">\n<p>La catastrophe a \u00e9t\u00e9 qualifi\u00e9e de tremblement de terre le plus meurtrier que le pays ait connu depuis des d\u00e9cennies, et les experts pensent qu&rsquo;elle pourrait \u00eatre due au d\u00e9placement de la plaque tectonique africaine vers le nord et \u00e0 sa collision avec la plaque eurasienne.<\/p>\n<\/div>\n<div class=\"css-c2lb2p\">\n<p>Dans un clip partag\u00e9 en ligne, une lumi\u00e8re semblable \u00e0 un ast\u00e9ro\u00efde traverse le ciel.  D\u2019autres vid\u00e9os montrent ce qui semble \u00eatre un \u00e9clair.<\/p>\n<\/div>\n<div class=\"css-12zje5r\">\n<p>Bien que ces feux soient rares, ils ne sont pas rares et sont appel\u00e9s \u00ab feux sismiques \u00bb.<\/p>\n<\/div>\n<div class=\"css-obptq2-SocialEmbed-padding\">\n<blockquote class=\"twitter-tweet\">\n<p lang=\"ar\" dir=\"rtl\">\u0623\u062d\u062f \u0627\u0644\u0623\u062e\u0648\u0627\u0646 \u0645\u0646 \u0627\u0644\u0645\u063a\u0631\u0628 \u0627\u0644\u0634\u0642\u064a\u0642 \u0623\u0631\u0633\u0644 \u0644\u064a \u0647\u0630\u0627 \u0627\u0644\u0645\u0642\u0637\u0639 \u0627\u0644\u063a\u0631\u064a\u0628 \u0645\u0646 \u0643\u0627\u0645\u064a\u0631\u0627 \u0645\u0631\u0627\u0642\u0628\u0629 \u0644\u0645\u0646\u0632\u0644\u0647 \u0641\u064a \u0645\u062f\u064a\u0646\u0629 \u0623\u063a\u0627\u062f\u064a\u0631 \u0644\u062d\u0638\u0629 \u0648\u0642 \u0648\u0639 \u0627\u0644\u0632\u0644\u0632\u0627\u0644\u2026<\/p>\n<p>\u0638\u0647\u0631\u062a \u0648\u0645\u0636\u0627\u062a \u0636\u0648\u0621 \u0632\u0631\u0642\u0627\u0621 \u063a\u0627\u0645\u0636\u0629 \u0641\u064a \u0627\u0644\u0623\u0641\u0642 \u0648\u0644\u0627 \u0623\u062d\u062f \u064a\u0639\u0631\u0641 \u0645\u0627\u0647\u064a.<\/p>\n<p>\u0645\u0639 \u0627\u0644\u0639\u0644\u0645 \u0623\u0646 \u0647\u0630\u0647 \u0627\u0644\u0623\u0636\u0648\u0627\u0621 \u0638\u0647\u0631\u062a \u0646\u0641\u0633\u0647\u0627 \u0644\u062d\u0638\u0629 \u0648\u0642\u0648\u0639 \u0632\u0644\u0632\u0627\u0644 \u062a\u0631\u0643\u064a\u0627 \u0648\u0633\u0648\u0631\u064a\u0627 \u0642\u0628\u0644 7 \u0623\u0634\u0647\u0631.<\/p>\n<p>\u0647\u0644 \u064a\u0648\u062c\u062f \u0644\u062f\u0649 \u0623\u062d\u062f \u062a\u0641\u0633\u064a\u0631\u061f <a rel=\"nofollow\" href=\"https:\/\/t.co\/q845XXSlYu\">pic.twitter.com\/q845XXSlYu<\/a><\/p>\n<p>\u2013 \u0625\u064a\u0627\u062f \u0627\u0644\u062d\u0645\u0648\u062f (@Eyaaaad) <a rel=\"nofollow\" href=\"https:\/\/twitter.com\/Eyaaaad\/status\/1700621598456234148?ref_src=twsrc%5Etfw\">9 septembre 2023<\/a><\/p><\/blockquote>\n<\/div>\n<div class=\"css-c2lb2p\">\n<p>Expliquant le ph\u00e9nom\u00e8ne, le g\u00e9ophysicien Friedemann Freund a d\u00e9clar\u00e9 au Washington Post : \u00ab Le [Morocco] le tremblement de terre s&rsquo;est produit pendant la nuit.<\/p>\n<\/div>\n<div class=\"css-12zje5r\">\n<p>\u00ab\u00a0Les conditions pour que les lumi\u00e8res sismiques soient vues par les gens et peut-\u00eatre m\u00eame enregistr\u00e9es par des cam\u00e9ras seraient relativement \u00e9lev\u00e9es.\u00a0\u00bb<\/p>\n<\/div>\n<div class=\"css-c2lb2p\">\n<p>Les lumi\u00e8res dites sismiques sont diff\u00e9rentes des \u00e9clairs habituels que vous pourriez voir pendant une temp\u00eate.  Ils voyageraient du sol aux nuages \u200b\u200bet seraient activ\u00e9s par des charges \u00e9lectriques li\u00e9es \u00e0 l\u2019activit\u00e9 sismique au sein de la Terre.<\/p>\n<\/div>\n<div class=\"css-12zje5r\">\n<p>Quant aux raisons pour lesquelles les gens ont vu diff\u00e9rents types de lumi\u00e8res vives, les lumi\u00e8res sismiques peuvent prendre diff\u00e9rentes formes.<\/p>\n<\/div>\n<div class=\"css-c2lb2p\">\n<p>Selon l&rsquo;United States Geological Survey (USGS), les lumi\u00e8res peuvent se pr\u00e9senter sous la forme d&rsquo;\u00e9clairs en nappe, de boules de lumi\u00e8re, de banderoles et de lueurs constantes.<\/p>\n<\/div>\n<figure class=\"css-1ey54xo\"><picture class=\"css-1x72e95\"><source  media=\"(min-width: 0px) and (max-width: 380px) and (max-resolution: 1dppx)\" type=\"image\/webp\"\/><source  media=\"(min-width: 0px) and (max-width: 380px) and (max-resolution: 1dppx)\" type=\"image\/jpeg\"\/><source  media=\"(min-width: 0px) and (max-width: 380px) and (-webkit-max-device-pixel-ratio: 1)\" type=\"image\/webp\"\/><source  media=\"(min-width: 0px) and (max-width: 380px) and (-webkit-max-device-pixel-ratio: 1)\" type=\"image\/jpeg\"\/><source  media=\"(min-width: 0px) and (max-width: 380px) and (max-resolution: 3dppx)\" type=\"image\/webp\"\/><source  media=\"(min-width: 0px) and (max-width: 380px) and (max-resolution: 3dppx)\" type=\"image\/jpeg\"\/><source  media=\"(min-width: 0px) and (max-width: 380px) and (-webkit-max-device-pixel-ratio: 3)\" type=\"image\/webp\"\/><source  media=\"(min-width: 0px) and (max-width: 380px) and (-webkit-max-device-pixel-ratio: 3)\" type=\"image\/jpeg\"\/><source  media=\"(min-width: 380px) and (min-resolution: 2dppx)\" type=\"image\/webp\"\/><source  media=\"(min-width: 380px) and (min-resolution: 2dppx)\" type=\"image\/jpeg\"\/><source  media=\"(min-width: 380px) and (-webkit-min-device-pixel-ratio: 2)\" type=\"image\/webp\"\/><source  media=\"(min-width: 380px) and (-webkit-min-device-pixel-ratio: 2)\" type=\"image\/jpeg\"\/><source  type=\"image\/webp\"\/><source  type=\"image\/jpeg\"\/><img decoding=\"async\" src=\"https:\/\/www.jokeme.fr\/actus\/wp-content\/uploads\/2023\/09\/Les-lumieres-observees-dans-le-ciel-marocain-laissent-les-scientifiques.png\" alt=\"Les \u00e9tranges lumi\u00e8res observ\u00e9es au Maroc sont connues sous le nom de \u00ab lumi\u00e8res sismiques \u00bb.  Cr\u00e9dits : X\/@Eyaaaad\" loading=\"lazy\"\/><\/picture><figcaption class=\"css-1hkjxsv\">Les \u00e9tranges lumi\u00e8res observ\u00e9es au Maroc sont connues sous le nom de \u00ab lumi\u00e8res sismiques \u00bb.  Cr\u00e9dits : X\/@Eyaaaad<\/figcaption><\/figure>\n<div class=\"css-12zje5r\">\n<p>Alors que Freund pense que le ph\u00e9nom\u00e8ne est g\u00e9n\u00e9r\u00e9 par le mouvement tectonique des plaques d&rsquo;un tremblement de terre, d&rsquo;autres fois, des lumi\u00e8res sismiques ont \u00e9t\u00e9 observ\u00e9es comme le r\u00e9sultat d&rsquo;arcs \u00e9lectriques provenant des secousses des lignes \u00e9lectriques.<\/p>\n<\/div>\n<div class=\"css-12zje5r\">\n<p>Les feux sismiques, appel\u00e9s EQL par l&rsquo;USGS, semblent \u00eatre un d\u00e9bat en cours dans la profession g\u00e9ologique.<\/p>\n<\/div>\n<div class=\"css-12zje5r\">\n<p>Alors que des pays comme le Japon, Ha\u00efti, la Turquie et l&rsquo;Indon\u00e9sie sont class\u00e9s comme \u00ab sujets aux tremblements de terre \u00bb, il est apparemment \u00ab rare \u00bb pour un pays comme le Maroc de conna\u00eetre un s\u00e9isme aussi d\u00e9vastateur \u2013 mais pas impossible.<\/p>\n<\/div>\n<div class=\"css-12zje5r\">\n<p>Florent Brenguier, sismologue \u00e0 l&rsquo;Institut des Sciences de la Terre de l&rsquo;Universit\u00e9 de Grenoble, explique \u00e0 FRANCE 24 : \u00ab\u00a0Il est important de rappeler que l&rsquo;ensemble du Maroc, et toute la r\u00e9gion m\u00e9diterran\u00e9enne en g\u00e9n\u00e9ral, est sensible aux s\u00e9ismes majeurs.\u00a0\u00bb<\/p>\n<\/div>\n<div class=\"css-12zje5r\">\n<p>Bien que les s\u00e9ismes soient rares, Brenguier a ajout\u00e9 que lorsqu&rsquo;ils se produisent, \u00ab leur ampleur peut \u00eatre importante \u00bb.<\/p>\n<\/div>\n<div class=\"css-12zje5r\">\n<p>\u00ab\u00a0L&rsquo;exemple le plus frappant est le tremblement de terre d&rsquo;Agadir en 1960, qui a tu\u00e9 12 000 personnes et pratiquement d\u00e9truit la ville enti\u00e8re\u00a0\u00bb, a-t-il ajout\u00e9.<\/p>\n<\/div>\n<\/div>\n<p><script async src=\"https:\/\/platform.twitter.com\/widgets.js\" charset=\"utf-8\"><\/script><\/p>\n","protected":false},"excerpt":{"rendered":"<p>Les vid\u00e9os montrant des lumi\u00e8res vives dans le ciel marocain laissent les gens perplexes apr\u00e8s que les clips ont \u00e9t\u00e9 film\u00e9s peu avant le tremblement de terre d\u00e9vastateur qui a frapp\u00e9 le pays. Le Maroc a \u00e9t\u00e9 frapp\u00e9 vendredi 8 septembre par un s\u00e9isme de magnitude 6,8 et, au moment de la r\u00e9daction de cet &#8230; <a title=\"Les lumi\u00e8res observ\u00e9es dans le ciel marocain laissent les scientifiques perplexes\" class=\"read-more\" href=\"https:\/\/www.jokeme.fr\/actus\/les-lumieres-observees-dans-le-ciel-marocain-laissent-les-scientifiques-perplexes\/\" aria-label=\"Plus sur Les lumi\u00e8res observ\u00e9es dans le ciel marocain laissent les scientifiques perplexes\">Lire plus<\/a><\/p>\n","protected":false},"author":1,"featured_media":979,"comment_status":"closed","ping_status":"open","sticky":false,"template":"","format":"standard","meta":{"footnotes":""},"categories":[1],"tags":[1917,52,1919,66,1915,1918,1916,1920,523],"yoast_head":"<!-- This site is optimized with the Yoast SEO plugin v20.8 - https:\/\/yoast.com\/wordpress\/plugins\/seo\/ -->\n<title>Les lumi\u00e8res observ\u00e9es dans le ciel marocain laissent les scientifiques perplexes - Actualit\u00e9s - Joke Me<\/title>\n<meta name=\"robots\" content=\"index, follow, max-snippet:-1, max-image-preview:large, max-video-preview:-1\" \/>\n<link rel=\"canonical\" href=\"https:\/\/www.jokeme.fr\/actus\/les-lumieres-observees-dans-le-ciel-marocain-laissent-les-scientifiques-perplexes\/\" \/>\n<meta property=\"og:locale\" content=\"fr_FR\" \/>\n<meta property=\"og:type\" content=\"article\" \/>\n<meta property=\"og:title\" content=\"Les lumi\u00e8res observ\u00e9es dans le ciel marocain laissent les scientifiques perplexes - Actualit\u00e9s - Joke Me\" \/>\n<meta property=\"og:description\" content=\"Les vid\u00e9os montrant des lumi\u00e8res vives dans le ciel marocain laissent les gens perplexes apr\u00e8s que les clips ont \u00e9t\u00e9 film\u00e9s peu avant le tremblement de terre d\u00e9vastateur qui a frapp\u00e9 le pays. Le Maroc a \u00e9t\u00e9 frapp\u00e9 vendredi 8 septembre par un s\u00e9isme de magnitude 6,8 et, au moment de la r\u00e9daction de cet ... Lire plus\" \/>\n<meta property=\"og:url\" content=\"https:\/\/www.jokeme.fr\/actus\/les-lumieres-observees-dans-le-ciel-marocain-laissent-les-scientifiques-perplexes\/\" \/>\n<meta property=\"og:site_name\" content=\"Actualit\u00e9s - Joke Me\" \/>\n<meta property=\"article:published_time\" content=\"2023-09-14T00:22:08+00:00\" \/>\n<meta property=\"article:modified_time\" content=\"2023-09-14T00:22:09+00:00\" \/>\n<meta property=\"og:image\" content=\"https:\/\/www.jokeme.fr\/actus\/wp-content\/uploads\/2023\/09\/1694650928_Les-lumieres-observees-dans-le-ciel-marocain-laissent-les-scientifiques.png\" \/>\n\t<meta property=\"og:image:width\" content=\"1200\" \/>\n\t<meta property=\"og:image:height\" content=\"674\" \/>\n\t<meta property=\"og:image:type\" content=\"image\/png\" \/>\n<meta name=\"author\" content=\"Didier\" \/>\n<meta name=\"twitter:card\" content=\"summary_large_image\" \/>\n<meta name=\"twitter:label1\" content=\"\u00c9crit par\" \/>\n\t<meta name=\"twitter:data1\" content=\"Didier\" \/>\n\t<meta name=\"twitter:label2\" content=\"Dur\u00e9e de lecture estim\u00e9e\" \/>\n\t<meta name=\"twitter:data2\" content=\"3 minutes\" \/>\n<script type=\"application\/ld+json\" class=\"yoast-schema-graph\">{\"@context\":\"https:\/\/schema.org\",\"@graph\":[{\"@type\":\"Article\",\"@id\":\"https:\/\/www.jokeme.fr\/actus\/les-lumieres-observees-dans-le-ciel-marocain-laissent-les-scientifiques-perplexes\/#article\",\"isPartOf\":{\"@id\":\"https:\/\/www.jokeme.fr\/actus\/les-lumieres-observees-dans-le-ciel-marocain-laissent-les-scientifiques-perplexes\/\"},\"author\":{\"name\":\"Didier\",\"@id\":\"https:\/\/www.jokeme.fr\/actus\/#\/schema\/person\/f0c6ad0d33ca144389e81e45a212928f\"},\"headline\":\"Les lumi\u00e8res observ\u00e9es dans le ciel marocain laissent les scientifiques perplexes\",\"datePublished\":\"2023-09-14T00:22:08+00:00\",\"dateModified\":\"2023-09-14T00:22:09+00:00\",\"mainEntityOfPage\":{\"@id\":\"https:\/\/www.jokeme.fr\/actus\/les-lumieres-observees-dans-le-ciel-marocain-laissent-les-scientifiques-perplexes\/\"},\"wordCount\":580,\"publisher\":{\"@id\":\"https:\/\/www.jokeme.fr\/actus\/#organization\"},\"keywords\":[\"ciel\",\"dans\",\"laissent\",\"les\",\"lumi\u00e8res\",\"marocain\",\"observ\u00e9es\",\"perplexes\",\"scientifiques\"],\"inLanguage\":\"fr-FR\"},{\"@type\":\"WebPage\",\"@id\":\"https:\/\/www.jokeme.fr\/actus\/les-lumieres-observees-dans-le-ciel-marocain-laissent-les-scientifiques-perplexes\/\",\"url\":\"https:\/\/www.jokeme.fr\/actus\/les-lumieres-observees-dans-le-ciel-marocain-laissent-les-scientifiques-perplexes\/\",\"name\":\"Les lumi\u00e8res observ\u00e9es dans le ciel marocain laissent les scientifiques perplexes - Actualit\u00e9s - Joke Me\",\"isPartOf\":{\"@id\":\"https:\/\/www.jokeme.fr\/actus\/#website\"},\"datePublished\":\"2023-09-14T00:22:08+00:00\",\"dateModified\":\"2023-09-14T00:22:09+00:00\",\"breadcrumb\":{\"@id\":\"https:\/\/www.jokeme.fr\/actus\/les-lumieres-observees-dans-le-ciel-marocain-laissent-les-scientifiques-perplexes\/#breadcrumb\"},\"inLanguage\":\"fr-FR\",\"potentialAction\":[{\"@type\":\"ReadAction\",\"target\":[\"https:\/\/www.jokeme.fr\/actus\/les-lumieres-observees-dans-le-ciel-marocain-laissent-les-scientifiques-perplexes\/\"]}]},{\"@type\":\"BreadcrumbList\",\"@id\":\"https:\/\/www.jokeme.fr\/actus\/les-lumieres-observees-dans-le-ciel-marocain-laissent-les-scientifiques-perplexes\/#breadcrumb\",\"itemListElement\":[{\"@type\":\"ListItem\",\"position\":1,\"name\":\"Accueil\",\"item\":\"https:\/\/www.jokeme.fr\/actus\/\"},{\"@type\":\"ListItem\",\"position\":2,\"name\":\"Les lumi\u00e8res observ\u00e9es dans le ciel marocain laissent les scientifiques perplexes\"}]},{\"@type\":\"WebSite\",\"@id\":\"https:\/\/www.jokeme.fr\/actus\/#website\",\"url\":\"https:\/\/www.jokeme.fr\/actus\/\",\"name\":\"Actualit\u00e9s - Joke Me\",\"description\":\"L&#039;actualit\u00e9 du rire\",\"publisher\":{\"@id\":\"https:\/\/www.jokeme.fr\/actus\/#organization\"},\"potentialAction\":[{\"@type\":\"SearchAction\",\"target\":{\"@type\":\"EntryPoint\",\"urlTemplate\":\"https:\/\/www.jokeme.fr\/actus\/?s={search_term_string}\"},\"query-input\":\"required name=search_term_string\"}],\"inLanguage\":\"fr-FR\"},{\"@type\":\"Organization\",\"@id\":\"https:\/\/www.jokeme.fr\/actus\/#organization\",\"name\":\"Actualit\u00e9s - Joke Me\",\"url\":\"https:\/\/www.jokeme.fr\/actus\/\",\"logo\":{\"@type\":\"ImageObject\",\"inLanguage\":\"fr-FR\",\"@id\":\"https:\/\/www.jokeme.fr\/actus\/#\/schema\/logo\/image\/\",\"url\":\"https:\/\/www.jokeme.fr\/actus\/wp-content\/uploads\/2023\/06\/cropped-Logo-Joke-Me.png\",\"contentUrl\":\"https:\/\/www.jokeme.fr\/actus\/wp-content\/uploads\/2023\/06\/cropped-Logo-Joke-Me.png\",\"width\":499,\"height\":363,\"caption\":\"Actualit\u00e9s - Joke Me\"},\"image\":{\"@id\":\"https:\/\/www.jokeme.fr\/actus\/#\/schema\/logo\/image\/\"}},{\"@type\":\"Person\",\"@id\":\"https:\/\/www.jokeme.fr\/actus\/#\/schema\/person\/f0c6ad0d33ca144389e81e45a212928f\",\"name\":\"Didier\",\"image\":{\"@type\":\"ImageObject\",\"inLanguage\":\"fr-FR\",\"@id\":\"https:\/\/www.jokeme.fr\/actus\/#\/schema\/person\/image\/\",\"url\":\"https:\/\/www.jokeme.fr\/actus\/wp-content\/uploads\/2024\/03\/jokeme-didier.jpg\",\"contentUrl\":\"https:\/\/www.jokeme.fr\/actus\/wp-content\/uploads\/2024\/03\/jokeme-didier.jpg\",\"caption\":\"Didier\"},\"description\":\"Didier, passionn\u00e9 de cin\u00e9ma, est un r\u00e9dacteur pour le m\u00e9dia Jokeme, o\u00f9 il partage sa passion \u00e0 travers des articles divertissants et informatifs. Ayant \u00e9tudi\u00e9 le journalisme, il allie sa formation \u00e0 sa passion pour offrir un contenu de qualit\u00e9 sur le monde du cin\u00e9ma.\",\"sameAs\":[\"https:\/\/www.jokeme.fr\/actus\"]}]}<\/script>\n<!-- \/ Yoast SEO plugin. -->","yoast_head_json":{"title":"Les lumi\u00e8res observ\u00e9es dans le ciel marocain laissent les scientifiques perplexes - Actualit\u00e9s - Joke Me","robots":{"index":"index","follow":"follow","max-snippet":"max-snippet:-1","max-image-preview":"max-image-preview:large","max-video-preview":"max-video-preview:-1"},"canonical":"https:\/\/www.jokeme.fr\/actus\/les-lumieres-observees-dans-le-ciel-marocain-laissent-les-scientifiques-perplexes\/","og_locale":"fr_FR","og_type":"article","og_title":"Les lumi\u00e8res observ\u00e9es dans le ciel marocain laissent les scientifiques perplexes - Actualit\u00e9s - Joke Me","og_description":"Les vid\u00e9os montrant des lumi\u00e8res vives dans le ciel marocain laissent les gens perplexes apr\u00e8s que les clips ont \u00e9t\u00e9 film\u00e9s peu avant le tremblement de terre d\u00e9vastateur qui a frapp\u00e9 le pays. Le Maroc a \u00e9t\u00e9 frapp\u00e9 vendredi 8 septembre par un s\u00e9isme de magnitude 6,8 et, au moment de la r\u00e9daction de cet ... Lire plus","og_url":"https:\/\/www.jokeme.fr\/actus\/les-lumieres-observees-dans-le-ciel-marocain-laissent-les-scientifiques-perplexes\/","og_site_name":"Actualit\u00e9s - Joke Me","article_published_time":"2023-09-14T00:22:08+00:00","article_modified_time":"2023-09-14T00:22:09+00:00","og_image":[{"width":1200,"height":674,"url":"https:\/\/www.jokeme.fr\/actus\/wp-content\/uploads\/2023\/09\/1694650928_Les-lumieres-observees-dans-le-ciel-marocain-laissent-les-scientifiques.png","type":"image\/png"}],"author":"Didier","twitter_card":"summary_large_image","twitter_misc":{"\u00c9crit par":"Didier","Dur\u00e9e de lecture estim\u00e9e":"3 minutes"},"schema":{"@context":"https:\/\/schema.org","@graph":[{"@type":"Article","@id":"https:\/\/www.jokeme.fr\/actus\/les-lumieres-observees-dans-le-ciel-marocain-laissent-les-scientifiques-perplexes\/#article","isPartOf":{"@id":"https:\/\/www.jokeme.fr\/actus\/les-lumieres-observees-dans-le-ciel-marocain-laissent-les-scientifiques-perplexes\/"},"author":{"name":"Didier","@id":"https:\/\/www.jokeme.fr\/actus\/#\/schema\/person\/f0c6ad0d33ca144389e81e45a212928f"},"headline":"Les lumi\u00e8res observ\u00e9es dans le ciel marocain laissent les scientifiques perplexes","datePublished":"2023-09-14T00:22:08+00:00","dateModified":"2023-09-14T00:22:09+00:00","mainEntityOfPage":{"@id":"https:\/\/www.jokeme.fr\/actus\/les-lumieres-observees-dans-le-ciel-marocain-laissent-les-scientifiques-perplexes\/"},"wordCount":580,"publisher":{"@id":"https:\/\/www.jokeme.fr\/actus\/#organization"},"keywords":["ciel","dans","laissent","les","lumi\u00e8res","marocain","observ\u00e9es","perplexes","scientifiques"],"inLanguage":"fr-FR"},{"@type":"WebPage","@id":"https:\/\/www.jokeme.fr\/actus\/les-lumieres-observees-dans-le-ciel-marocain-laissent-les-scientifiques-perplexes\/","url":"https:\/\/www.jokeme.fr\/actus\/les-lumieres-observees-dans-le-ciel-marocain-laissent-les-scientifiques-perplexes\/","name":"Les lumi\u00e8res observ\u00e9es dans le ciel marocain laissent les scientifiques perplexes - Actualit\u00e9s - Joke Me","isPartOf":{"@id":"https:\/\/www.jokeme.fr\/actus\/#website"},"datePublished":"2023-09-14T00:22:08+00:00","dateModified":"2023-09-14T00:22:09+00:00","breadcrumb":{"@id":"https:\/\/www.jokeme.fr\/actus\/les-lumieres-observees-dans-le-ciel-marocain-laissent-les-scientifiques-perplexes\/#breadcrumb"},"inLanguage":"fr-FR","potentialAction":[{"@type":"ReadAction","target":["https:\/\/www.jokeme.fr\/actus\/les-lumieres-observees-dans-le-ciel-marocain-laissent-les-scientifiques-perplexes\/"]}]},{"@type":"BreadcrumbList","@id":"https:\/\/www.jokeme.fr\/actus\/les-lumieres-observees-dans-le-ciel-marocain-laissent-les-scientifiques-perplexes\/#breadcrumb","itemListElement":[{"@type":"ListItem","position":1,"name":"Accueil","item":"https:\/\/www.jokeme.fr\/actus\/"},{"@type":"ListItem","position":2,"name":"Les lumi\u00e8res observ\u00e9es dans le ciel marocain laissent les scientifiques perplexes"}]},{"@type":"WebSite","@id":"https:\/\/www.jokeme.fr\/actus\/#website","url":"https:\/\/www.jokeme.fr\/actus\/","name":"Actualit\u00e9s - Joke Me","description":"L&#039;actualit\u00e9 du rire","publisher":{"@id":"https:\/\/www.jokeme.fr\/actus\/#organization"},"potentialAction":[{"@type":"SearchAction","target":{"@type":"EntryPoint","urlTemplate":"https:\/\/www.jokeme.fr\/actus\/?s={search_term_string}"},"query-input":"required name=search_term_string"}],"inLanguage":"fr-FR"},{"@type":"Organization","@id":"https:\/\/www.jokeme.fr\/actus\/#organization","name":"Actualit\u00e9s - Joke Me","url":"https:\/\/www.jokeme.fr\/actus\/","logo":{"@type":"ImageObject","inLanguage":"fr-FR","@id":"https:\/\/www.jokeme.fr\/actus\/#\/schema\/logo\/image\/","url":"https:\/\/www.jokeme.fr\/actus\/wp-content\/uploads\/2023\/06\/cropped-Logo-Joke-Me.png","contentUrl":"https:\/\/www.jokeme.fr\/actus\/wp-content\/uploads\/2023\/06\/cropped-Logo-Joke-Me.png","width":499,"height":363,"caption":"Actualit\u00e9s - Joke Me"},"image":{"@id":"https:\/\/www.jokeme.fr\/actus\/#\/schema\/logo\/image\/"}},{"@type":"Person","@id":"https:\/\/www.jokeme.fr\/actus\/#\/schema\/person\/f0c6ad0d33ca144389e81e45a212928f","name":"Didier","image":{"@type":"ImageObject","inLanguage":"fr-FR","@id":"https:\/\/www.jokeme.fr\/actus\/#\/schema\/person\/image\/","url":"https:\/\/www.jokeme.fr\/actus\/wp-content\/uploads\/2024\/03\/jokeme-didier.jpg","contentUrl":"https:\/\/www.jokeme.fr\/actus\/wp-content\/uploads\/2024\/03\/jokeme-didier.jpg","caption":"Didier"},"description":"Didier, passionn\u00e9 de cin\u00e9ma, est un r\u00e9dacteur pour le m\u00e9dia Jokeme, o\u00f9 il partage sa passion \u00e0 travers des articles divertissants et informatifs. Ayant \u00e9tudi\u00e9 le journalisme, il allie sa formation \u00e0 sa passion pour offrir un contenu de qualit\u00e9 sur le monde du cin\u00e9ma.","sameAs":["https:\/\/www.jokeme.fr\/actus"]}]}},"_links":{"self":[{"href":"https:\/\/www.jokeme.fr\/actus\/wp-json\/wp\/v2\/posts\/978"}],"collection":[{"href":"https:\/\/www.jokeme.fr\/actus\/wp-json\/wp\/v2\/posts"}],"about":[{"href":"https:\/\/www.jokeme.fr\/actus\/wp-json\/wp\/v2\/types\/post"}],"author":[{"embeddable":true,"href":"https:\/\/www.jokeme.fr\/actus\/wp-json\/wp\/v2\/users\/1"}],"replies":[{"embeddable":true,"href":"https:\/\/www.jokeme.fr\/actus\/wp-json\/wp\/v2\/comments?post=978"}],"version-history":[{"count":1,"href":"https:\/\/www.jokeme.fr\/actus\/wp-json\/wp\/v2\/posts\/978\/revisions"}],"predecessor-version":[{"id":980,"href":"https:\/\/www.jokeme.fr\/actus\/wp-json\/wp\/v2\/posts\/978\/revisions\/980"}],"wp:featuredmedia":[{"embeddable":true,"href":"https:\/\/www.jokeme.fr\/actus\/wp-json\/wp\/v2\/media\/979"}],"wp:attachment":[{"href":"https:\/\/www.jokeme.fr\/actus\/wp-json\/wp\/v2\/media?parent=978"}],"wp:term":[{"taxonomy":"category","embeddable":true,"href":"https:\/\/www.jokeme.fr\/actus\/wp-json\/wp\/v2\/categories?post=978"},{"taxonomy":"post_tag","embeddable":true,"href":"https:\/\/www.jokeme.fr\/actus\/wp-json\/wp\/v2\/tags?post=978"}],"curies":[{"name":"wp","href":"https:\/\/api.w.org\/{rel}","templated":true}]}}